{"id":527423,"date":"2025-01-17T11:22:46","date_gmt":"2025-01-17T15:22:46","guid":{"rendered":"https:\/\/diarioelpopular.com\/?p=527423"},"modified":"2025-01-17T11:22:46","modified_gmt":"2025-01-17T15:22:46","slug":"campesinos-bajo-amenaza-una-redada-contra-decenas-de-migrantes-en-california-extiende-el-temor-a-la-era-trump","status":"publish","type":"post","link":"https:\/\/diarioelpopular.com\/index.php\/2025\/01\/17\/campesinos-bajo-amenaza-una-redada-contra-decenas-de-migrantes-en-california-extiende-el-temor-a-la-era-trump\/","title":{"rendered":"Campesinos bajo amenaza: una redada contra decenas de migrantes en California extiende el temor a la era Trump"},"content":{"rendered":"<div id=\"attachment_527424\" style=\"width: 1210px\" class=\"wp-caption alignnone\"><img loading=\"lazy\" decoding=\"async\" aria-describedby=\"caption-attachment-527424\" class=\"wp-image-527424 size-custom-big-size\" src=\"https:\/\/diarioelpopular.com\/wp-content\/uploads\/2025\/01\/Screen-Shot-2025-01-17-at-10.22.08-AM-1200x658.png\" alt=\"\" width=\"1200\" height=\"658\" srcset=\"https:\/\/diarioelpopular.com\/wp-content\/uploads\/2025\/01\/Screen-Shot-2025-01-17-at-10.22.08-AM-1200x658.png 1200w, https:\/\/diarioelpopular.com\/wp-content\/uploads\/2025\/01\/Screen-Shot-2025-01-17-at-10.22.08-AM-300x164.png 300w, https:\/\/diarioelpopular.com\/wp-content\/uploads\/2025\/01\/Screen-Shot-2025-01-17-at-10.22.08-AM-768x421.png 768w, https:\/\/diarioelpopular.com\/wp-content\/uploads\/2025\/01\/Screen-Shot-2025-01-17-at-10.22.08-AM-636x349.png 636w, https:\/\/diarioelpopular.com\/wp-content\/uploads\/2025\/01\/Screen-Shot-2025-01-17-at-10.22.08-AM-133x73.png 133w, https:\/\/diarioelpopular.com\/wp-content\/uploads\/2025\/01\/Screen-Shot-2025-01-17-at-10.22.08-AM.png 1024w\" sizes=\"auto, (max-width: 1200px) 100vw, 1200px\" \/><p id=\"caption-attachment-527424\" class=\"wp-caption-text\">Un grupo de migrantes espera para ser deportados en la zona de Hot Springs, California, en febrero de 2024. Gregory Bull (AP)<\/p><\/div>\n<p>&nbsp;<\/p>\n<p>&nbsp;<\/p>\n<h4 class=\"a_st\"><em>&#8211; Un operativo sorpresa a principios de enero detuvo al menos a 78 personas. El mayor sindicato agr\u00edcola del pa\u00eds denuncia que entre los detenidos hab\u00eda residentes legales y que al menos 50 de los arrestados ya han sido deportados a M\u00e9xico<\/em><\/h4>\n<p>&nbsp;<\/p>\n<p class=\"\">La\u00a0<a href=\"https:\/\/elpais.com\/us\/migracion\/2025-01-03\/una-nueva-ley-entra-en-vigor-para-controlar-el-despilfarro-de-la-seguridad-en-la-frontera.html\" data-link-track-dtm=\"\" data-mrf-link=\"https:\/\/elpais.com\/us\/migracion\/2025-01-03\/una-nueva-ley-entra-en-vigor-para-controlar-el-despilfarro-de-la-seguridad-en-la-frontera.html\">Patrulla Fronteriza<\/a>\u00a0estadounidense realiz\u00f3 la semana pasada una serie de detenciones y deportaciones por sorpresa en Bakersfield, California. Seg\u00fan la\u00a0<a href=\"https:\/\/elpais.com\/mexico\/2024-12-26\/las-medidas-para-cruzar-de-mexico-a-estados-unidos-por-tierra-durante-las-fiestas-decembrinas.html\" data-link-track-dtm=\"\" data-mrf-link=\"https:\/\/elpais.com\/mexico\/2024-12-26\/las-medidas-para-cruzar-de-mexico-a-estados-unidos-por-tierra-durante-las-fiestas-decembrinas.html\">Oficina de Aduanas y Protecci\u00f3n Fronteriza<\/a>, el operativo entre el 6 y el 8 de enero en esta ciudad agr\u00edcola dej\u00f3 un saldo de 78 personas detenidas de siete nacionalidades distintas. Pero el mayor sindicato de trabajadores agr\u00edcolas del pa\u00eds sospecha que la cifra real de personas afectadas puede ser mayor que la reportada oficialmente. La organizaci\u00f3n\u00a0<a href=\"https:\/\/elpais.com\/us\/2024-05-31\/el-verano-de-2024-una-amenaza-de-muerte-para-los-trabajadores-agricolas-de-estados-unidos.html\" data-link-track-dtm=\"\" data-mrf-link=\"https:\/\/elpais.com\/us\/2024-05-31\/el-verano-de-2024-una-amenaza-de-muerte-para-los-trabajadores-agricolas-de-estados-unidos.html\">Trabajadores Agr\u00edcolas Unidos<\/a>\u00a0(UFW, por sus siglas en ingl\u00e9s) considera que la operaci\u00f3n policial, en la que participaron decenas de agentes por tierra y aire, ten\u00eda como objetivo amedrentar a los trabajadores latinos. De hecho, la UFW denuncia que entre los detenidos hab\u00eda incluso ciudadanos estadounidenses y residentes legales, seg\u00fan comunicaron este jueves en una rueda de prensa. Tambi\u00e9n anunciaron que, al menos, 50 de los detenidos han sido deportados a M\u00e9xico.<\/p>\n<p class=\"\">Las redadas ocurren en la antesala de que el presidente electo,\u00a0<a href=\"https:\/\/elpais.com\/us\/2025-01-16\/toma-de-posesion-de-donald-trump-a-que-hora-es-donde-ver-y-todo-lo-que-debe-saber-sobre-el-evento.html\" data-link-track-dtm=\"\" data-mrf-link=\"https:\/\/elpais.com\/us\/2025-01-16\/toma-de-posesion-de-donald-trump-a-que-hora-es-donde-ver-y-todo-lo-que-debe-saber-sobre-el-evento.html\">Donald Trump<\/a>, asuma su cargo este lunes. La promesa de llevar a cabo deportaciones masivas de emigrantes fue uno de los puntos fuertes de la campa\u00f1a del republicano. Esta operaci\u00f3n en una ciudad cuya poblaci\u00f3n es mayormente latina dispara las alarmas sobre lo que puede venir en los pr\u00f3ximos meses.<\/p>\n<p class=\"\">La informaci\u00f3n obtenida por la organizaci\u00f3n UFW por medio de varias fuentes hace pensar en un n\u00famero mayor de detenidos. \u201cNos lleg\u00f3 un reporte de un ranchero que estima que al menos 30 de sus trabajadores fueron detenidos\u201d, dijo durante la rueda de prensa Ambar Tovar, directora de servicios legales la Fundaci\u00f3n UFW. \u201cTambi\u00e9n un individuo coment\u00f3 que fue detenido en una camioneta con al menos 36 personas durante el primer d\u00eda de la operaci\u00f3n\u201d, a\u00f1adi\u00f3.<\/p>\n<p class=\"\">Para Tovar, lo ocurrido \u201cfue una t\u00e1ctica de miedo para aterrorizar a los trabajadores agr\u00edcolas y a la comunidad inmigrante en su camino hacia y desde el trabajo\u201d. Los directivos de UFW explicaron que esta operaci\u00f3n, denominada\u00a0<i>Devolver al remitente<\/i>, fue la primera de esta magnitud que lleva a cabo la Patrulla Fronteriza en el \u00e1rea: \u201cContabilizamos m\u00e1s de 50 agentes movilizados, adem\u00e1s de patrullas, vans y helic\u00f3pteros\u201d.<\/p>\n<p class=\"\">\u201cLa mayor\u00eda de los detenidos eran trabajadores del campo. En menor n\u00famero, tambi\u00e9n contamos trabajadores de la construcci\u00f3n, de las yardas, y otros sin empleo fijo\u201d, afirm\u00f3 Areli Arteaga, directora de Pol\u00edtica y Legislaci\u00f3n del sindicato. La informaci\u00f3n que manejan es que alrededor de 50 personas ya fueron\u00a0<a href=\"https:\/\/elpais.com\/mexico\/2024-12-05\/mexico-se-concentra-en-la-frontera-para-prepararse-ante-las-deportaciones-masivas-de-trump.html\" data-link-track-dtm=\"\" data-mrf-link=\"https:\/\/elpais.com\/mexico\/2024-12-05\/mexico-se-concentra-en-la-frontera-para-prepararse-ante-las-deportaciones-masivas-de-trump.html\">repatriadas a M\u00e9xico<\/a>. \u201cTenemos certeza porque la recibimos de una fuente muy segura. Lo que sabemos y sospechamos es que la mayor\u00eda habr\u00eda firmado su salida voluntaria\u201d, dijo.<\/p>\n<p class=\"\">La UFW est\u00e1 en contacto con algunas de las personas detenidas que fueron liberadas posteriormente, para investigar si sus derechos fueron violados durante el proceso. \u201cA pesar de la afirmaci\u00f3n demostrablemente falsa de la Patrulla Fronteriza de que esta redada estaba dirigida a delincuentes, creemos que fue mucho m\u00e1s all\u00e1 de eso. Nos rompe el coraz\u00f3n compartir que dos miembros de la UFW fueron detenidos y ahora est\u00e1n en M\u00e9xico. Ambos miembros hab\u00edan vivido y trabajado en los Estados Unidos por m\u00e1s de 15 a\u00f1os. Uno deja atr\u00e1s a dos ni\u00f1os menores de 10 a\u00f1os, y el otro deja atr\u00e1s a cuatro ni\u00f1os de entre cuatro y 10 a\u00f1os\u201d.<\/p>\n<p class=\"\">Antonio De Loera-Brust, director de Comunicaciones de UFW, asegur\u00f3 que entre los detenidos inicialmente \u201chubo ciudadanos y residentes legales de origen hispano, lo cual indica que en cierta medida las detenciones estuvieron basadas en la apariencia de las personas\u201d. A\u00f1adi\u00f3 que, en estos momentos, la comunidad se siente asustada: \u201cHay un sentimiento de ansiedad por la posibilidad de estar\u00a0<a href=\"https:\/\/elpais.com\/us\/migracion\/2024-12-17\/asi-opero-la-politica-de-separacion-de-familias-del-primer-gobierno-de-trump-que-espanto-al-mundo.html\" data-link-track-dtm=\"\" data-mrf-link=\"https:\/\/elpais.com\/us\/migracion\/2024-12-17\/asi-opero-la-politica-de-separacion-de-familias-del-primer-gobierno-de-trump-que-espanto-al-mundo.html\">separados de sus familias<\/a>. Pero al mismo tiempo, hay que seguir trabajando. Mientras est\u00e1n alimentando a este pa\u00eds, los campesinos se sienten bajo amenaza\u201d.<\/p>\n","protected":false},"excerpt":{"rendered":"<p>&nbsp; &nbsp; &#8211; Un operativo sorpresa a principios de enero detuvo al menos a 78 personas. El mayor sindicato agr\u00edcola del pa\u00eds denuncia que entre&hellip;<\/p>\n","protected":false},"author":99,"featured_media":527424,"comment_status":"open","ping_status":"open","sticky":false,"template":"","format":"standard","meta":{"footnotes":""},"categories":[23],"tags":[],"class_list":["post-527423","post","type-post","status-publish","format-standard","has-post-thumbnail","hentry","category-latinoamerica"],"_links":{"self":[{"href":"https:\/\/diarioelpopular.com\/index.php\/wp-json\/wp\/v2\/posts\/527423","targetHints":{"allow":["GET"]}}],"collection":[{"href":"https:\/\/diarioelpopular.com\/index.php\/wp-json\/wp\/v2\/posts"}],"about":[{"href":"https:\/\/diarioelpopular.com\/index.php\/wp-json\/wp\/v2\/types\/post"}],"author":[{"embeddable":true,"href":"https:\/\/diarioelpopular.com\/index.php\/wp-json\/wp\/v2\/users\/99"}],"replies":[{"embeddable":true,"href":"https:\/\/diarioelpopular.com\/index.php\/wp-json\/wp\/v2\/comments?post=527423"}],"version-history":[{"count":1,"href":"https:\/\/diarioelpopular.com\/index.php\/wp-json\/wp\/v2\/posts\/527423\/revisions"}],"predecessor-version":[{"id":527425,"href":"https:\/\/diarioelpopular.com\/index.php\/wp-json\/wp\/v2\/posts\/527423\/revisions\/527425"}],"wp:featuredmedia":[{"embeddable":true,"href":"https:\/\/diarioelpopular.com\/index.php\/wp-json\/wp\/v2\/media\/527424"}],"wp:attachment":[{"href":"https:\/\/diarioelpopular.com\/index.php\/wp-json\/wp\/v2\/media?parent=527423"}],"wp:term":[{"taxonomy":"category","embeddable":true,"href":"https:\/\/diarioelpopular.com\/index.php\/wp-json\/wp\/v2\/categories?post=527423"},{"taxonomy":"post_tag","embeddable":true,"href":"https:\/\/diarioelpopular.com\/index.php\/wp-json\/wp\/v2\/tags?post=527423"}],"curies":[{"name":"wp","href":"https:\/\/api.w.org\/{rel}","templated":true}]}}