{"id":527430,"date":"2025-01-17T11:48:21","date_gmt":"2025-01-17T15:48:21","guid":{"rendered":"https:\/\/diarioelpopular.com\/?p=527430"},"modified":"2025-01-17T11:48:21","modified_gmt":"2025-01-17T15:48:21","slug":"esta-mexico-preparado-para-la-deportacion-masiva-que-promete-trump-y-que-medidas-esta-tomando-ya-claudia-sheinbaum","status":"publish","type":"post","link":"https:\/\/diarioelpopular.com\/index.php\/2025\/01\/17\/esta-mexico-preparado-para-la-deportacion-masiva-que-promete-trump-y-que-medidas-esta-tomando-ya-claudia-sheinbaum\/","title":{"rendered":"\u00bfEst\u00e1 M\u00e9xico preparado para la deportaci\u00f3n masiva que promete Trump? (y qu\u00e9 medidas est\u00e1 tomando ya Claudia Sheinbaum)"},"content":{"rendered":"<div id=\"attachment_527431\" style=\"width: 646px\" class=\"wp-caption alignnone\"><img loading=\"lazy\" decoding=\"async\" aria-describedby=\"caption-attachment-527431\" class=\"wp-image-527431 size-custom-full-size\" src=\"https:\/\/diarioelpopular.com\/wp-content\/uploads\/2025\/01\/Screen-Shot-2025-01-17-at-10.47.36-AM-636x357.png\" alt=\"\" width=\"636\" height=\"357\" srcset=\"https:\/\/diarioelpopular.com\/wp-content\/uploads\/2025\/01\/Screen-Shot-2025-01-17-at-10.47.36-AM-636x357.png 636w, https:\/\/diarioelpopular.com\/wp-content\/uploads\/2025\/01\/Screen-Shot-2025-01-17-at-10.47.36-AM-300x168.png 300w, https:\/\/diarioelpopular.com\/wp-content\/uploads\/2025\/01\/Screen-Shot-2025-01-17-at-10.47.36-AM-768x431.png 768w, https:\/\/diarioelpopular.com\/wp-content\/uploads\/2025\/01\/Screen-Shot-2025-01-17-at-10.47.36-AM-130x73.png 130w, https:\/\/diarioelpopular.com\/wp-content\/uploads\/2025\/01\/Screen-Shot-2025-01-17-at-10.47.36-AM.png 1024w\" sizes=\"auto, (max-width: 636px) 100vw, 636px\" \/><p id=\"caption-attachment-527431\" class=\"wp-caption-text\">La migraci\u00f3n fue el principal tema de campa\u00f1a de Donald Trump.<\/p><\/div>\n<p>&nbsp;<\/p>\n<p>&nbsp;<\/p>\n<div class=\"bbc-19j92fr ebmt73l0\" dir=\"ltr\">\n<ul>\n<li class=\"bbc-hhl7in e17g058b0\" dir=\"ltr\"><em><b>Donald Trump ha prometido una &#8220;deportaci\u00f3n masiva&#8221; de migrantes en su nuevo gobierno. Que lo har\u00e1 con la Guardia Nacional. Que llegar\u00e1 &#8220;tan lejos como permita la ley&#8221;. Que su principio es &#8220;promesa hecha, promesa cumplida&#8221;.<\/b><\/em><\/li>\n<\/ul>\n<\/div>\n<div class=\"bbc-19j92fr ebmt73l0\" dir=\"ltr\">\n<p dir=\"ltr\">\n<p dir=\"ltr\">\n<p class=\"bbc-hhl7in e17g058b0\" dir=\"ltr\">La idea, dice, es deportar 20 millones de migrantes indocumentados. O, al menos, un mill\u00f3n al a\u00f1o; m\u00e1s del doble que el a\u00f1o de m\u00e1s deportaciones en la historia: 2012, con Barack Obama en la presidencia.<\/p>\n<\/div>\n<div class=\"bbc-19j92fr ebmt73l0\" dir=\"ltr\">\n<p class=\"bbc-hhl7in e17g058b0\" dir=\"ltr\">Todo indica que cuando este lunes 20 de enero Trump se juramente, sus primeras medidas tendr\u00e1n que ver con la frontera sur que comparte con M\u00e9xico y con la deportaci\u00f3n. Los dos funcionarios que nombr\u00f3 para el tema, Stephen Miller y Thomas Homan, son partidarios radicales de la expulsi\u00f3n de indocumentados.<\/p>\n<\/div>\n<div class=\"bbc-19j92fr ebmt73l0\" dir=\"ltr\">\n<p class=\"bbc-hhl7in e17g058b0\" dir=\"ltr\">Y cuando Trump promete una deportaci\u00f3n masiva, la atenci\u00f3n necesariamente se torna a M\u00e9xico, no solo por ser vecino, sino porque es el pa\u00eds con m\u00e1s migrantes en Estados Unidos.<\/p>\n<p class=\"bbc-hhl7in e17g058b0\" dir=\"ltr\">Se calcula que un tercio de los 45 millones de extranjeros viviendo en EE.UU. son mexicanos. Y, de ellos, un estimado de m\u00e1s de 4 millones est\u00e1n all\u00ed sin estatus migratorio; de un total de 11 millones de indocumentados.<\/p>\n<\/div>\n<div class=\"bbc-19j92fr ebmt73l0\" dir=\"ltr\">\n<p class=\"bbc-hhl7in e17g058b0\" dir=\"ltr\">Entonces: si bien no hay 20 millones de migrantes sin papeles por deportar, es mucha la gente que puede convertirse en una promesa cumplida de Trump.<\/p>\n<\/div>\n<div class=\"bbc-19j92fr ebmt73l0\" dir=\"ltr\">\n<p class=\"bbc-hhl7in e17g058b0\" dir=\"ltr\">Y la pregunta es si M\u00e9xico est\u00e1 preparado para eso.<\/p>\n<\/div>\n<div class=\"bbc-19j92fr ebmt73l0\" dir=\"ltr\">\n<p class=\"bbc-hhl7in e17g058b0\" dir=\"ltr\">Guadalupe Gonz\u00e1lez, una reputada internacionalista mexicana, dice que no: &#8220;Aunque se est\u00e9n haciendo m\u00e1s cosas que nunca, en general no estamos preparados, y hay temas, como la ayuda a mexicanos en EE.UU., en los que estamos mejor preparados que en otros, como en la recepci\u00f3n de migrantes o la mitigaci\u00f3n de una ca\u00edda de las remesas&#8221;.<\/p>\n<p dir=\"ltr\">\n<\/div>\n<figure class=\"bbc-1qn0xuy\">\n<div class=\"bbc-18ywsw9\">\n<div style=\"width: 986px\" class=\"wp-caption alignnone\"><img loading=\"lazy\" decoding=\"async\" class=\"bbc-139onq\" src=\"https:\/\/ichef.bbci.co.uk\/ace\/ws\/640\/cpsprodpb\/2e94\/live\/0a85c8f0-d3a1-11ef-87df-d575b9a434a4.jpg.webp\" alt=\"Claudia Sheinbaum\" width=\"976\" height=\"549\" \/><p class=\"wp-caption-text\">Fuente de la imagen,Getty Images.\u00a0\u00a0Cuando Trump dijo que el Golfo de M\u00e9xico deber\u00eda llamarse Golfo de Am\u00e9rica, Sheinbaum respondi\u00f3 con perspicacia. Pero la migraci\u00f3n es a otro precio.<\/p><\/div>\n<\/div>\n<\/figure>\n<div class=\"bbc-19j92fr ebmt73l0\" dir=\"ltr\">\n<h2 tabindex=\"-1\"><\/h2>\n<h2 id=\"Los-anuncios-de-Sheinbaum\" class=\"bbc-1lgzob2 eglt09e0\" tabindex=\"-1\">Los anuncios de Sheinbaum<\/h2>\n<\/div>\n<div class=\"bbc-19j92fr ebmt73l0\" dir=\"ltr\">\n<p class=\"bbc-hhl7in e17g058b0\" dir=\"ltr\">Tras cumplir 100 d\u00edas en el cargo, la presidente mexicana, Claudia Sheinbaum, ha concentrado parte de su gesti\u00f3n en atender los posibles efectos de un nuevo mandato de Trump, que adem\u00e1s ha prometido aumentar a 25% los aranceles a las importaciones desde M\u00e9xico.<\/p>\n<\/div>\n<div class=\"bbc-19j92fr ebmt73l0\" dir=\"ltr\">\n<p class=\"bbc-hhl7in e17g058b0\" dir=\"ltr\">Adem\u00e1s de anunciar una pol\u00edtica econ\u00f3mica para promover las industrias y atraer las inversiones extranjeras, Sheinbaum sostiene que va a &#8220;recibir a nuestros connacionales de la mejor manera en caso de que sean deportados&#8221;.<\/p>\n<\/div>\n<div class=\"bbc-19j92fr ebmt73l0\" dir=\"ltr\">\n<p class=\"bbc-hhl7in e17g058b0\" dir=\"ltr\">&#8220;Estamos preparados&#8221;, ha dicho.<\/p>\n<\/div>\n<div class=\"bbc-19j92fr ebmt73l0\" dir=\"ltr\">\n<p class=\"bbc-hhl7in e17g058b0\" dir=\"ltr\">Por un lado, M\u00e9xico espera fortalecer los 53 consulados que tiene en EE.UU., una de las redes consulares m\u00e1s grandes del mundo.<\/p>\n<\/div>\n<div class=\"bbc-19j92fr ebmt73l0\" dir=\"ltr\">\n<p class=\"bbc-hhl7in e17g058b0\" dir=\"ltr\">En estas sedes del gobierno en el pa\u00eds vecino lanzaron capacitaciones sobre derechos para funcionarios, abrieron una ventana \u00fanica para consultas y desarrollar\u00e1n charlas y encuentros con la comunidad migrante.<\/p>\n<\/div>\n<div class=\"bbc-19j92fr ebmt73l0\" dir=\"ltr\">\n<p class=\"bbc-hhl7in e17g058b0\" dir=\"ltr\">Adem\u00e1s, se cre\u00f3 una aplicaci\u00f3n de celular, Bot\u00f3n de Alerta, con la que los mexicanos en peligro de ser deportados podr\u00e1n notificar al consulado m\u00e1s cercano y a la Canciller\u00eda.<\/p>\n<\/div>\n<div class=\"bbc-19j92fr ebmt73l0\" dir=\"ltr\">\n<p class=\"bbc-hhl7in e17g058b0\" dir=\"ltr\">Sheinbaum mantiene que la migraci\u00f3n debe ser contenida de manera multilateral entre la comunidad internacional, atendiendo los problemas de pobreza y violencia que la causan. En ese sentido, la mandataria espera colaborar con pa\u00edses como Honduras, Colombia o Ecuador.<\/p>\n<p dir=\"ltr\">\n<\/div>\n<figure class=\"bbc-1qn0xuy\">\n<div class=\"bbc-18ywsw9\">\n<div style=\"width: 986px\" class=\"wp-caption alignnone\"><img loading=\"lazy\" decoding=\"async\" class=\"bbc-139onq\" src=\"https:\/\/ichef.bbci.co.uk\/ace\/ws\/640\/cpsprodpb\/070f\/live\/92ffb910-d3a2-11ef-9fd6-0be88a764111.jpg.webp\" alt=\"Consulado de M\u00e9xico en Los Angeles\" width=\"976\" height=\"549\" \/><p class=\"wp-caption-text\">Fuente de la imagen,Getty Images.\u00a0\u00a0M\u00e9xico tiene la red consular m\u00e1s grande del mundo.<\/p><\/div>\n<\/div>\n<\/figure>\n<div class=\"bbc-19j92fr ebmt73l0\" dir=\"ltr\">\n<p dir=\"ltr\">\n<p dir=\"ltr\">\n<p class=\"bbc-hhl7in e17g058b0\" dir=\"ltr\">Por otro lado, y ya de manera menos medi\u00e1tica, las autoridades se desplegaron en la frontera sur para frenar las caravanas de migrantes que van hacia el norte.<\/p>\n<\/div>\n<div class=\"bbc-19j92fr ebmt73l0\" dir=\"ltr\">\n<p class=\"bbc-hhl7in e17g058b0\" dir=\"ltr\">La pol\u00edtica, denominada por analistas como de &#8220;dispersi\u00f3n y agotamiento&#8221;, ha duplicado las cifras de detenciones a migrantes en M\u00e9xico en los \u00faltimos dos a\u00f1os.<\/p>\n<\/div>\n<div class=\"bbc-19j92fr ebmt73l0\" dir=\"ltr\">\n<p class=\"bbc-hhl7in e17g058b0\" dir=\"ltr\">Desde que Trump gan\u00f3 las elecciones, al menos siete caravanas de migrantes han sido disueltas por el ej\u00e9rcito, principal encargado del control de fronteras en M\u00e9xico.<\/p>\n<\/div>\n<div class=\"bbc-19j92fr ebmt73l0\" dir=\"ltr\">\n<p class=\"bbc-hhl7in e17g058b0\" dir=\"ltr\">Muchos de esos migrantes se dispersaron por estados del sur de M\u00e9xico. Bastantes de los albergues para refugiados est\u00e1n ya en su l\u00edmite de ocupaci\u00f3n.<\/p>\n<\/div>\n<div class=\"bbc-19j92fr ebmt73l0\" dir=\"ltr\">\n<p class=\"bbc-hhl7in e17g058b0\" dir=\"ltr\">Y es en ese aspecto, el del control migratorio, que los expertos empiezan a mostrar preocupaci\u00f3n.<\/p>\n<\/div>\n<div class=\"bbc-19j92fr ebmt73l0\" dir=\"ltr\">\n<p class=\"bbc-hhl7in e17g058b0\" dir=\"ltr\">Porque, a pesar de las medidas anunciadas, ninguno de los consultados ve una pol\u00edtica integral de recepci\u00f3n migratoria que altere un statu quo que durante las \u00faltimas d\u00e9cadas ha resultado en m\u00faltiples violaciones de los derechos humanos de personas de todo el mundo.<\/p>\n<p dir=\"ltr\">\n<\/div>\n<figure class=\"bbc-1qn0xuy\">\n<div class=\"bbc-18ywsw9\">\n<div style=\"width: 986px\" class=\"wp-caption alignnone\"><img loading=\"lazy\" decoding=\"async\" class=\"bbc-139onq\" src=\"https:\/\/ichef.bbci.co.uk\/ace\/ws\/640\/cpsprodpb\/bd89\/live\/4df4d0e0-d3a1-11ef-87df-d575b9a434a4.jpg.webp\" alt=\"Militar y menor migrante\" width=\"976\" height=\"549\" \/><p class=\"wp-caption-text\">Fuente de la imagen,Getty Images.\u00a0\u00a0La militarizaci\u00f3n de la pol\u00edtica migratoria mexicana es una de las grandes preocupaciones.<\/p><\/div>\n<\/div>\n<\/figure>\n<div class=\"bbc-19j92fr ebmt73l0\" dir=\"ltr\">\n<h2 tabindex=\"-1\"><\/h2>\n<h2 id=\"Contenci\u00f3n-m\u00e1s-que-recepci\u00f3n\" class=\"bbc-1lgzob2 eglt09e0\" tabindex=\"-1\">Contenci\u00f3n m\u00e1s que recepci\u00f3n<\/h2>\n<\/div>\n<div class=\"bbc-19j92fr ebmt73l0\" dir=\"ltr\">\n<p class=\"bbc-hhl7in e17g058b0\" dir=\"ltr\">&#8220;La pol\u00edtica migratoria de M\u00e9xico ha estado siempre orientada a la contenci\u00f3n en busca de que la gente no llegue a la frontera norte&#8221;, dice Margarita N\u00fa\u00f1ez, antrop\u00f3loga y coordinadora del programa de Asuntos Migratorios de la Universidad Iberoamericana de M\u00e9xico.<\/p>\n<\/div>\n<div class=\"bbc-19j92fr ebmt73l0\" dir=\"ltr\">\n<p class=\"bbc-hhl7in e17g058b0\" dir=\"ltr\">&#8220;Los mismos funcionarios del INM (el Instituto Nacional de Migraci\u00f3n) nos han dicho que no entienden c\u00f3mo es eso de acoger migrantes, de integrarlos al sistema&#8221;, agrega.<\/p>\n<\/div>\n<div class=\"bbc-19j92fr ebmt73l0\" dir=\"ltr\">\n<p class=\"bbc-hhl7in e17g058b0\" dir=\"ltr\">&#8220;Y eso resulta en una paradoja perversa: quienes realmente quieren quedarse en M\u00e9xico terminan optando por irse, porque no tienen las m\u00ednimas condiciones para hacerlo&#8221;.<\/p>\n<\/div>\n<div class=\"bbc-19j92fr ebmt73l0\" dir=\"ltr\">\n<p class=\"bbc-hhl7in e17g058b0\" dir=\"ltr\">En sus investigaciones, la antrop\u00f3loga ha encontrado que un migrante, para poder regularizarse en M\u00e9xico, &#8220;necesita de muchos recursos, mientras que quienes migran por necesidad u obligaci\u00f3n terminan a la deriva, sometidos al control de la v\u00eda informal para migrar, que est\u00e1 en manos de grupos armados&#8221;.<\/p>\n<\/div>\n<div class=\"bbc-19j92fr ebmt73l0\" dir=\"ltr\">\n<p class=\"bbc-hhl7in e17g058b0\" dir=\"ltr\">M\u00e1s de mil funcionarios del INM fueron despedidos la semana pasada por extorsionar a viajeros.<\/p>\n<\/div>\n<div class=\"bbc-19j92fr ebmt73l0\" dir=\"ltr\">\n<p class=\"bbc-hhl7in e17g058b0\" dir=\"ltr\">El 90% de los migrantes en los albergues estudiados por N\u00fa\u00f1ez en estados del norte del pa\u00eds le dijeron que fueron secuestrados por grupos armados despu\u00e9s de no haber sido admitidos por las autoridades estatales.<\/p>\n<\/div>\n<div class=\"bbc-19j92fr ebmt73l0\" dir=\"ltr\">\n<p class=\"bbc-hhl7in e17g058b0\" dir=\"ltr\">Guadalupe Correa, experta en crimen y migraci\u00f3n, a\u00f1ade: &#8220;Los grandes beneficiados de esta deportaci\u00f3n masiva van a ser los coyotes, las redes de tr\u00e1fico de personas, porque el Estado no tiene la capacidad ni el inter\u00e9s de acogerlos y lo m\u00e1s probable que es quienes sean retornados a M\u00e9xico intenten volver a migrar al norte&#8221;.<\/p>\n<p dir=\"ltr\">\n<\/div>\n<figure class=\"bbc-1qn0xuy\">\n<div class=\"bbc-18ywsw9\">\n<div style=\"width: 986px\" class=\"wp-caption alignnone\"><img loading=\"lazy\" decoding=\"async\" class=\"bbc-139onq\" src=\"https:\/\/ichef.bbci.co.uk\/ace\/ws\/640\/cpsprodpb\/3673\/live\/6d8f54c0-d3a1-11ef-87df-d575b9a434a4.jpg.webp\" alt=\"Caravana migrante en Tapachula\" width=\"976\" height=\"549\" \/><p class=\"wp-caption-text\">Fuente de la imagen,Getty Images.\u00a0\u00a0Las caravanas de migrantes han aumentado desde que Trump fue electo. Todas han sido dispersadas por las autoridades mexicanas.<\/p><\/div>\n<\/div>\n<\/figure>\n<div class=\"bbc-19j92fr ebmt73l0\" dir=\"ltr\">\n<h2 tabindex=\"-1\"><\/h2>\n<h2 id=\"Una-oportunidad\" class=\"bbc-1lgzob2 eglt09e0\" tabindex=\"-1\">\u00bfUna oportunidad?<\/h2>\n<\/div>\n<div class=\"bbc-19j92fr ebmt73l0\" dir=\"ltr\">\n<p class=\"bbc-hhl7in e17g058b0\" dir=\"ltr\">La Constituci\u00f3n mexicana ordena que &#8220;todo hombre tiene derecho para entrar en la Rep\u00fablica, salir de ella, viajar por su territorio y mudar de residencia, sin necesidad de carta de seguridad, pasaporte, salvo-conducto u otros requisitos semejantes&#8221;.<\/p>\n<\/div>\n<div class=\"bbc-19j92fr ebmt73l0\" dir=\"ltr\">\n<p class=\"bbc-hhl7in e17g058b0\" dir=\"ltr\">M\u00e9xico siempre ha sido un lugar de tr\u00e1nsito. Las influencias \u00e1rabe, europea y latina se ven en cada esquina de sus ciudades. Su celebrada y fraterna pol\u00edtica de asilo lo convirti\u00f3 en una sede del pensamiento pol\u00edtico, art\u00edstico y filos\u00f3fico internacional durante el siglo XX.<\/p>\n<\/div>\n<div class=\"bbc-19j92fr ebmt73l0\" dir=\"ltr\">\n<p class=\"bbc-hhl7in e17g058b0\" dir=\"ltr\">Pero esa tradici\u00f3n, seg\u00fan los expertos, no se traduce en una pol\u00edtica robusta de recepci\u00f3n de migrantes.<\/p>\n<\/div>\n<div class=\"bbc-19j92fr ebmt73l0\" dir=\"ltr\">\n<p class=\"bbc-hhl7in e17g058b0\" dir=\"ltr\">&#8220;Es un pa\u00eds m\u00e1s o menos acogedor para migrantes, porque por un lado hay depredaci\u00f3n a los migrantes en tr\u00e1nsito, pero por el otro un migrante que se quiere quedar tiene cierta acogida; no es un pa\u00eds anti-migrante, a los haitianos les ha ido m\u00e1s o menos bien por tener fama de ser buenos trabajadores&#8221;, dice Andrew Selee, presidente del Migration Policy Institute, un centro de estudios.<\/p>\n<\/div>\n<div class=\"bbc-19j92fr ebmt73l0\" dir=\"ltr\">\n<p class=\"bbc-hhl7in e17g058b0\" dir=\"ltr\">La necesidad de M\u00e9xico de concentrar sus esfuerzos migratorios en la contenci\u00f3n, seg\u00fan los expertos, tiene que ver con que su pol\u00edtica est\u00e1 marcada por su relaci\u00f3n con EE.UU., la cual contempla aspectos econ\u00f3micos y pol\u00edticos que condicionan la relaci\u00f3n bilateral.<\/p>\n<p dir=\"ltr\">\n<\/div>\n<figure class=\"bbc-1qn0xuy\">\n<div class=\"bbc-18ywsw9\">\n<div style=\"width: 986px\" class=\"wp-caption alignnone\"><img loading=\"lazy\" decoding=\"async\" class=\"bbc-139onq\" src=\"https:\/\/ichef.bbci.co.uk\/ace\/ws\/640\/cpsprodpb\/d421\/live\/98e032c0-d3a1-11ef-9fd6-0be88a764111.jpg.webp\" alt=\"AMLO y Trump\" width=\"976\" height=\"549\" \/><p class=\"wp-caption-text\">Fuente de la imagen,Getty Images.\u00a0\u00a0El expresidente mexicano Andr\u00e9s Manuel L\u00f3pez Obrador cedi\u00f3 con Trump en el tema migratorio para no ser acorralado econ\u00f3micamente.<\/p><\/div>\n<\/div>\n<\/figure>\n<div class=\"bbc-19j92fr ebmt73l0\" dir=\"ltr\">\n<p dir=\"ltr\">\n<p dir=\"ltr\">\n<p class=\"bbc-hhl7in e17g058b0\" dir=\"ltr\">El INM, el poderoso ente de control migratorio mexicano, surgi\u00f3 de la negociaci\u00f3n del tratado de libre comercio con EE.UU., en los a\u00f1os 90. Y en la Canciller\u00eda el tema migratorio es gestionado por la Subsecretar\u00eda de Am\u00e9rica del Norte.<\/p>\n<\/div>\n<div class=\"bbc-19j92fr ebmt73l0\" dir=\"ltr\">\n<p class=\"bbc-hhl7in e17g058b0\" dir=\"ltr\">&#8220;Y eso te dice mucho \u2014dice Selee\u2014; la pol\u00edtica migratoria est\u00e1 dise\u00f1ada en funci\u00f3n de Washington&#8221;.<\/p>\n<\/div>\n<div class=\"bbc-19j92fr ebmt73l0\" dir=\"ltr\">\n<p class=\"bbc-hhl7in e17g058b0\" dir=\"ltr\">N\u00fa\u00f1ez agrega: &#8220;Las autoridades se excusan en que no pueden hacer nada porque la presi\u00f3n de EE.UU. es enorme, pero eso no les exime en cuanto al trato de los migrantes&#8221;.<\/p>\n<\/div>\n<div class=\"bbc-19j92fr ebmt73l0\" dir=\"ltr\">\n<p class=\"bbc-hhl7in e17g058b0\" dir=\"ltr\">&#8220;Militarizar la migraci\u00f3n, como ha hecho M\u00e9xico en las \u00faltimas d\u00e9cadas y al parecer es lo que quiere continuar Sheinbaum, deshumaniza al migrante, lo coloca como amenaza a la seguridad nacional&#8221;, se\u00f1ala la investigadora.<\/p>\n<\/div>\n<div class=\"bbc-19j92fr ebmt73l0\" dir=\"ltr\">\n<p class=\"bbc-hhl7in e17g058b0\" dir=\"ltr\">Ambos expertos, sin embargo, creen que esta coyuntura podr\u00eda ser una oportunidad para M\u00e9xico de reformular su estrategia y responder a las deportaciones con hospitalidad.<\/p>\n<\/div>\n<div class=\"bbc-19j92fr ebmt73l0\" dir=\"ltr\">\n<p class=\"bbc-hhl7in e17g058b0\" dir=\"ltr\">N\u00fa\u00f1ez concluye: &#8220;Ac\u00e1 hay cultura de cobijo, los estudios han encontrado que la migraci\u00f3n es ben\u00e9fica para la econom\u00eda. Pero para eso hay que cambiar la estructura: pasar de la contenci\u00f3n a la integraci\u00f3n&#8221;.<\/p>\n<\/div>\n","protected":false},"excerpt":{"rendered":"<p>&nbsp; &nbsp; Donald Trump ha prometido una &#8220;deportaci\u00f3n masiva&#8221; de migrantes en su nuevo gobierno. Que lo har\u00e1 con la Guardia Nacional. Que llegar\u00e1 &#8220;tan&hellip;<\/p>\n","protected":false},"author":99,"featured_media":527431,"comment_status":"open","ping_status":"open","sticky":false,"template":"","format":"standard","meta":{"footnotes":""},"categories":[23],"tags":[],"class_list":["post-527430","post","type-post","status-publish","format-standard","has-post-thumbnail","hentry","category-latinoamerica"],"_links":{"self":[{"href":"https:\/\/diarioelpopular.com\/index.php\/wp-json\/wp\/v2\/posts\/527430","targetHints":{"allow":["GET"]}}],"collection":[{"href":"https:\/\/diarioelpopular.com\/index.php\/wp-json\/wp\/v2\/posts"}],"about":[{"href":"https:\/\/diarioelpopular.com\/index.php\/wp-json\/wp\/v2\/types\/post"}],"author":[{"embeddable":true,"href":"https:\/\/diarioelpopular.com\/index.php\/wp-json\/wp\/v2\/users\/99"}],"replies":[{"embeddable":true,"href":"https:\/\/diarioelpopular.com\/index.php\/wp-json\/wp\/v2\/comments?post=527430"}],"version-history":[{"count":1,"href":"https:\/\/diarioelpopular.com\/index.php\/wp-json\/wp\/v2\/posts\/527430\/revisions"}],"predecessor-version":[{"id":527432,"href":"https:\/\/diarioelpopular.com\/index.php\/wp-json\/wp\/v2\/posts\/527430\/revisions\/527432"}],"wp:featuredmedia":[{"embeddable":true,"href":"https:\/\/diarioelpopular.com\/index.php\/wp-json\/wp\/v2\/media\/527431"}],"wp:attachment":[{"href":"https:\/\/diarioelpopular.com\/index.php\/wp-json\/wp\/v2\/media?parent=527430"}],"wp:term":[{"taxonomy":"category","embeddable":true,"href":"https:\/\/diarioelpopular.com\/index.php\/wp-json\/wp\/v2\/categories?post=527430"},{"taxonomy":"post_tag","embeddable":true,"href":"https:\/\/diarioelpopular.com\/index.php\/wp-json\/wp\/v2\/tags?post=527430"}],"curies":[{"name":"wp","href":"https:\/\/api.w.org\/{rel}","templated":true}]}}