{"id":527433,"date":"2025-01-17T11:59:47","date_gmt":"2025-01-17T15:59:47","guid":{"rendered":"https:\/\/diarioelpopular.com\/?p=527433"},"modified":"2025-01-17T11:59:47","modified_gmt":"2025-01-17T15:59:47","slug":"como-milei-y-bukele-se-han-convertido-en-modelos-para-el-nuevo-gobierno-de-trump","status":"publish","type":"post","link":"https:\/\/diarioelpopular.com\/index.php\/2025\/01\/17\/como-milei-y-bukele-se-han-convertido-en-modelos-para-el-nuevo-gobierno-de-trump\/","title":{"rendered":"C\u00f3mo Milei y Bukele se han convertido en modelos para el nuevo gobierno de Trump"},"content":{"rendered":"<div id=\"attachment_527434\" style=\"width: 646px\" class=\"wp-caption alignnone\"><img loading=\"lazy\" decoding=\"async\" aria-describedby=\"caption-attachment-527434\" class=\"wp-image-527434 size-custom-full-size\" src=\"https:\/\/diarioelpopular.com\/wp-content\/uploads\/2025\/01\/Screen-Shot-2025-01-17-at-10.59.06-AM-636x345.png\" alt=\"\" width=\"636\" height=\"345\" srcset=\"https:\/\/diarioelpopular.com\/wp-content\/uploads\/2025\/01\/Screen-Shot-2025-01-17-at-10.59.06-AM-636x345.png 636w, https:\/\/diarioelpopular.com\/wp-content\/uploads\/2025\/01\/Screen-Shot-2025-01-17-at-10.59.06-AM-300x163.png 300w, https:\/\/diarioelpopular.com\/wp-content\/uploads\/2025\/01\/Screen-Shot-2025-01-17-at-10.59.06-AM-768x417.png 768w, https:\/\/diarioelpopular.com\/wp-content\/uploads\/2025\/01\/Screen-Shot-2025-01-17-at-10.59.06-AM-134x73.png 134w, https:\/\/diarioelpopular.com\/wp-content\/uploads\/2025\/01\/Screen-Shot-2025-01-17-at-10.59.06-AM.png 1024w\" sizes=\"auto, (max-width: 636px) 100vw, 636px\" \/><p id=\"caption-attachment-527434\" class=\"wp-caption-text\">Los presidentes de Argentina, Javier Milei (en la imagen, a la izquierda), y el de El Salvador, Nayib Bukele (derecha), tendr\u00e1n una relaci\u00f3n estrecha con Donald Trump una vez este asuma la presidencia de Estados Unidos el 20 de enero, apuntan los expertos.<\/p><\/div>\n<p>&nbsp;<\/p>\n<p>&nbsp;<\/p>\n<div class=\"bbc-19j92fr ebmt73l0\" dir=\"ltr\">\n<ul>\n<li class=\"bbc-hhl7in e17g058b0\" dir=\"ltr\"><em><b>No es un secreto que Donald Trump no es mucho de seguir tradiciones y protocolos.<\/b><\/em><\/li>\n<\/ul>\n<\/div>\n<div class=\"bbc-19j92fr ebmt73l0\" dir=\"ltr\">\n<p dir=\"ltr\">\n<p dir=\"ltr\">\n<p class=\"bbc-hhl7in e17g058b0\" dir=\"ltr\">Por eso, aunque las investiduras presidenciales en Estados Unidos se consideran de car\u00e1cter dom\u00e9stico y no suelen extenderse invitaciones oficiales a otros jefes de Estado, el republicano decidi\u00f3 saltarse la costumbre y convidar a sus figuras internacionales favoritas.<\/p>\n<\/div>\n<div class=\"bbc-19j92fr ebmt73l0\" dir=\"ltr\">\n<p class=\"bbc-hhl7in e17g058b0\" dir=\"ltr\">Entre ellas no pod\u00edan faltar dos mandatarios latinoamericanos que han sido pr\u00f3digamente elogiados por el nuevo presidente, su c\u00edrculo m\u00e1s cercano y, de forma m\u00e1s amplia, por la derecha estadounidense m\u00e1s conservadora: el argentino Javier Milei y el salvadore\u00f1o Bukele.<\/p>\n<\/div>\n<div class=\"bbc-19j92fr ebmt73l0\" dir=\"ltr\">\n<p class=\"bbc-hhl7in e17g058b0\" dir=\"ltr\">Con ello, la lista de los asistentes a la toma de posesi\u00f3n de este lunes 20 de enero revelar\u00e1 no s\u00f3lo qui\u00e9n tendr\u00e1 la atenci\u00f3n (y tal vez el apoyo) de la nueva administraci\u00f3n de EE.UU. con Trump ya instalado en la Casa Blanca, tambi\u00e9n qui\u00e9nes les servir\u00e1n de modelo.<\/p>\n<\/div>\n<div class=\"bbc-19j92fr ebmt73l0\" dir=\"ltr\">\n<p class=\"bbc-hhl7in e17g058b0\" dir=\"ltr\">Aunque no necesariamente en el plano de las pol\u00edticas p\u00fablicas, advierten los expertos.<\/p>\n<\/div>\n<div class=\"bbc-19j92fr ebmt73l0\" dir=\"ltr\">\n<h2 id=\"La-motosierra-de-Milei-el-presidente-favorito\" class=\"bbc-1lgzob2 eglt09e0\" tabindex=\"-1\">La &#8220;motosierra&#8221; de Milei, el presidente favorito<\/h2>\n<\/div>\n<div class=\"bbc-19j92fr ebmt73l0\" dir=\"ltr\">\n<p class=\"bbc-hhl7in e17g058b0\" dir=\"ltr\">Milei fue el primer l\u00edder extranjero en verse cara a cara con Trump despu\u00e9s de que este ganara las elecciones el 5 de noviembre.<\/p>\n<\/div>\n<div class=\"bbc-19j92fr ebmt73l0\" dir=\"ltr\">\n<p class=\"bbc-hhl7in e17g058b0\" dir=\"ltr\">Ocurri\u00f3 durante una reuni\u00f3n informal y posterior cena de gala el 14 de noviembre en Mar-a-Lago, la residencia del republicano en Florida, en la que se intercambiaron alabanzas.<\/p>\n<\/div>\n<div class=\"bbc-19j92fr ebmt73l0\" dir=\"ltr\">\n<div class=\"bbc-1gbu67o e19v6olm0\" data-e2e=\"twitter-embed-https:\/\/twitter.com\/OPRArgentina\/status\/1857242093405487193\"><\/div>\n<\/div>\n<div class=\"bbc-19j92fr ebmt73l0\" dir=\"ltr\">\n<p class=\"bbc-hhl7in e17g058b0\" dir=\"ltr\">&#8220;Javier, te quiero felicitar por el trabajo que has hecho, por hacer Argentina grande de nuevo. Es incre\u00edble c\u00f3mo la est\u00e1s arreglando y es un honor que est\u00e9s aqu\u00ed&#8221;, le dijo Trump a su invitado \u2014su &#8220;presidente favorito&#8221;&#8212;, despu\u00e9s de que este lo elogiara por la que describi\u00f3 como &#8220;la remontada pol\u00edtica m\u00e1s grande de la historia&#8221;.<\/p>\n<\/div>\n<div class=\"bbc-19j92fr ebmt73l0\" dir=\"ltr\">\n<p class=\"bbc-hhl7in e17g058b0\" dir=\"ltr\">Milei, quien se define como &#8220;anarcocapitalista&#8221; y libertario, se encarg\u00f3 \u00e9l mismo de enumerar sus logros y de presentarse como un ejemplo a seguir.<\/p>\n<\/div>\n<div class=\"bbc-19j92fr ebmt73l0\" dir=\"ltr\">\n<p class=\"bbc-hhl7in e17g058b0\" dir=\"ltr\">&#8220;Uno por uno, hemos ido resolviendo problemas que se hab\u00edan barrido bajo la alfombra en Argentina durante d\u00e9cadas. Incluso problemas que el mundo libre tiene poca valent\u00eda para atajar, como el d\u00e9ficit fiscal&#8221;, dijo en un discurso durante la cena.<\/p>\n<\/div>\n<div class=\"bbc-19j92fr ebmt73l0\" dir=\"ltr\">\n<p class=\"bbc-hhl7in e17g058b0\" dir=\"ltr\">&#8220;Solo cinco pa\u00edses en el mundo est\u00e1n sobre la l\u00ednea del equilibrio financiero: Argentina es uno. Con esto quiero decir que Argentina puede y debe ser un faro para el mundo, un faro de faros, incluso ahora que los vientos de la libertad tambi\u00e9n soplan en el norte, porque el mundo hab\u00eda ca\u00eddo en una oscuridad profunda y ruega ser iluminado&#8221;.<\/p>\n<\/div>\n<div class=\"bbc-19j92fr ebmt73l0\" dir=\"ltr\">\n<p class=\"bbc-hhl7in e17g058b0\" dir=\"ltr\">Cuando Milei asumi\u00f3 la presidencia en diciembre de 2023, la inflaci\u00f3n en Argentina alcanzaba casi el 13% mensual, el d\u00e9ficit fiscal era de cinco puntos del Producto Interior Bruto (PIB) y la deuda acumulada del Banco Central equival\u00eda a 10.<\/p>\n<\/div>\n<div class=\"bbc-19j92fr ebmt73l0\" dir=\"ltr\">\n<p class=\"bbc-hhl7in e17g058b0\" dir=\"ltr\">Ya desde su primer mes de gobierno, logr\u00f3 reducir la emisi\u00f3n de deuda \u2014principal causante de la inflaci\u00f3n\u2014 y pas\u00f3 del d\u00e9ficit al super\u00e1vit fiscal, algo que solo se hab\u00eda visto en el pa\u00eds un pu\u00f1ado de veces en el \u00faltimo siglo.<\/p>\n<\/div>\n<div class=\"bbc-19j92fr ebmt73l0\" dir=\"ltr\">\n<p class=\"bbc-hhl7in e17g058b0\" dir=\"ltr\">Y al a\u00f1o de la asunci\u00f3n, consolidado en el poder con importantes triunfos legislativos y con una popularidad por encima del 40%, la inflaci\u00f3n se hab\u00eda reducido al 3,5% mensual, su cifra m\u00e1s baja en tres a\u00f1os.<\/p>\n<p dir=\"ltr\">\n<\/div>\n<figure class=\"bbc-1qn0xuy\">\n<div class=\"bbc-18ywsw9\">\n<div style=\"width: 3858px\" class=\"wp-caption alignnone\"><img loading=\"lazy\" decoding=\"async\" class=\"bbc-139onq\" src=\"https:\/\/ichef.bbci.co.uk\/ace\/ws\/640\/cpsprodpb\/0c56\/live\/cf46ce20-d49e-11ef-87df-d575b9a434a4.jpg.webp\" alt=\"Javier Milei, a\u00fan candidato presidencial, sostiene una motosierra junto a Carolina Piparo, aspirante a gobernadora de la provincia de Buenos Aires, durante un acto de campa\u00f1a en Buenos Aires, Argentina, el 25 de septiembre de 2025. REUTERS\/Cristina Sille\" width=\"3848\" height=\"2454\" \/><p class=\"wp-caption-text\">Fuente de la imagen,Reuters.\u00a0\u00a0Como presidente de Argentina, Javier Milei ech\u00f3 mano de la motosierra, aunque metaf\u00f3rica, para reducir el d\u00e9ficit , la corrupci\u00f3n gubernamentl y eliminar ministerios.<\/p><\/div>\n<\/div>\n<\/figure>\n<div class=\"bbc-19j92fr ebmt73l0\" dir=\"ltr\">\n<p dir=\"ltr\">\n<p dir=\"ltr\">\n<p class=\"bbc-hhl7in e17g058b0\" dir=\"ltr\">Todo ello lo consigui\u00f3 blandiendo la metaf\u00f3rica\u00a0<a class=\"focusIndicatorReducedWidth bbc-n8oauk e1p3sufg0\" href=\"https:\/\/www.bbc.com\/mundo\/articles\/cvg3gn343z4o\">motosierra\u00a0<\/a>que hab\u00eda utilizado como s\u00edmbolo durante su campa\u00f1a \u2014 y tambi\u00e9n a expensas del consumo y de que se registrara el peor salto en la pobreza de la d\u00e9cada\u2014.<\/p>\n<\/div>\n<div class=\"bbc-19j92fr ebmt73l0\" dir=\"ltr\">\n<p class=\"bbc-hhl7in e17g058b0\" dir=\"ltr\">Con ella elimin\u00f3 tambi\u00e9n 12 ministerios, y fusion\u00f3 cuatro de ellos \u2014Educaci\u00f3n, Trabajo, Desarrollo Social y Cultura\u2014 en el megaministerio de Capital Humano.<\/p>\n<\/div>\n<div class=\"bbc-19j92fr ebmt73l0\" dir=\"ltr\">\n<p class=\"bbc-hhl7in e17g058b0\" dir=\"ltr\">Y es eso, en parte, lo que algunas figuras de influencia en el nuevo gobierno de Trump ya han anunciado que querr\u00edan emular.<\/p>\n<\/div>\n<div class=\"bbc-19j92fr ebmt73l0\" dir=\"ltr\">\n<p class=\"bbc-hhl7in e17g058b0\" dir=\"ltr\">&#8220;Una f\u00f3rmula razonable para arreglar el gobierno de EE.UU.: recortes al estilo Milei, pero con esteroides&#8221;, escribi\u00f3 en X a los d\u00edas de la reuni\u00f3n en Mar-a-Lago Vivek Ramaswamy, elegido por Trump para encabezar\u00a0<a class=\"focusIndicatorReducedWidth bbc-n8oauk e1p3sufg0\" href=\"https:\/\/www.bbc.com\/mundo\/articles\/cnvj2z7evp8o\">el nuevo Departamento de Eficiencia Gubernamental (Doge) junto a Elon Musk<\/a>.<\/p>\n<\/div>\n<div class=\"bbc-19j92fr ebmt73l0\" dir=\"ltr\">\n<div class=\"bbc-1gbu67o e19v6olm0\" data-e2e=\"twitter-embed-https:\/\/twitter.com\/VivekGRamaswamy\/status\/1858559544202502250\"><\/div>\n<\/div>\n<div class=\"bbc-19j92fr ebmt73l0\" dir=\"ltr\">\n<p class=\"bbc-hhl7in e17g058b0\" dir=\"ltr\">Musk, due\u00f1o de Tesla y hoy por hoy el hombre m\u00e1s rico del mundo, ya se lo hab\u00eda reconocido antes en esa misma red social, de la tambi\u00e9n es propietario: &#8220;El ejemplo que est\u00e1s sentando en Argentina ser\u00e1 un modelo \u00fatil para el resto del mundo&#8221;.<\/p>\n<\/div>\n<div class=\"bbc-19j92fr ebmt73l0\" dir=\"ltr\">\n<p class=\"bbc-hhl7in e17g058b0\" dir=\"ltr\">La misi\u00f3n de Doge, en palabras del propio presidente, ser\u00e1 &#8220;desmantelar la burocracia gubernamental, reducir el exceso de regulaciones y los gastos innecesarios, y reestructurar las agencias federales, algo esencial para el movimiento &#8216;Salvar a Estados Unidos'&#8221;.<\/p>\n<\/div>\n<div class=\"bbc-19j92fr ebmt73l0\" dir=\"ltr\">\n<p class=\"bbc-hhl7in e17g058b0\" dir=\"ltr\">Sin embargo, los expertos dudan de que se vaya importar el modelo motosierra de Milei.<\/p>\n<\/div>\n<div class=\"bbc-19j92fr ebmt73l0\" dir=\"ltr\">\n<p class=\"bbc-hhl7in e17g058b0\" dir=\"ltr\">&#8220;Hay una cierta admiraci\u00f3n personal por parte de Musk y Ramaswamy hacia la ret\u00f3rica y los s\u00edmbolos de Milei, por la libertad de tomar medidas tan dram\u00e1ticas y por su capacidad de eliminar de una manera muy arbitraria los ministerios&#8221;, le dice a BBC Mundo Christopher Sabatini, investigador s\u00e9nior del Programa de Am\u00e9rica Latina, Estados Unidos y las Am\u00e9ricas de Chatham House, un\u00a0<i class=\"bbc-h1y5j7 eih42320\">think tank\u00a0<\/i>con sede en Londres.<\/p>\n<\/div>\n<div class=\"bbc-19j92fr ebmt73l0\" dir=\"ltr\">\n<p class=\"bbc-hhl7in e17g058b0\" dir=\"ltr\">&#8220;Ellos querr\u00edan ese poder y les gusta esa idea de capturar la frustraci\u00f3n, la antipat\u00eda hacia la clase pol\u00edtica, pero son situaciones muy distintas y su modelo no es aplicable a Estados Unidos a nivel pr\u00e1ctico&#8221;, asegura.<\/p>\n<p dir=\"ltr\">\n<\/div>\n<figure class=\"bbc-1qn0xuy\">\n<div class=\"bbc-18ywsw9\">\n<div style=\"width: 1034px\" class=\"wp-caption alignnone\"><img loading=\"lazy\" decoding=\"async\" class=\"bbc-139onq\" src=\"https:\/\/ichef.bbci.co.uk\/ace\/ws\/640\/cpsprodpb\/9205\/live\/20e87370-d4a2-11ef-94cb-5f844ceb9e30.jpg.webp\" alt=\"El presidente de Argentina, Javier Milei (izquierda) posa junto al cofundador y director de Tesla, Elon Musk, en el Gigafactory de Texas el 12 de abril de 2024.  (Foto: Presidencia de la Naci\u00f3n Argentina\/Cortes\u00eda\/Getty Images)\" width=\"1024\" height=\"654\" \/><p class=\"wp-caption-text\">Fuente de la imagen,Getty Images \/ Cortes\u00eda de la Presidencia de la Naci\u00f3n Argentina.\u00a0\u00a0Admiradores del libre mercado y de limitar el tama\u00f1o del Estado, Elon Musk y Javier Milei se reunieron en Texas abril de 2024.<\/p><\/div>\n<\/div>\n<\/figure>\n<div class=\"bbc-19j92fr ebmt73l0\" dir=\"ltr\">\n<p dir=\"ltr\">\n<p dir=\"ltr\">\n<p class=\"bbc-hhl7in e17g058b0\" dir=\"ltr\">Con \u00e9l coincide Benjamin Geda, director del Programa Am\u00e9rica Latina del Wilson Center, un foro pol\u00edtico no partidario con base en Washington.<\/p>\n<\/div>\n<div class=\"bbc-19j92fr ebmt73l0\" dir=\"ltr\">\n<p class=\"bbc-hhl7in e17g058b0\" dir=\"ltr\">&#8220;Como ha ocurrido con la mayor\u00eda de los presidentes de Estados Unidos, la \u00faltima vez que Trump estuvo en el cargo el d\u00e9ficit se expandi\u00f3, no hubo super\u00e1vits presupuestarios&#8221;, empieza Geda dando contexto.<\/p>\n<\/div>\n<div class=\"bbc-19j92fr ebmt73l0\" dir=\"ltr\">\n<p class=\"bbc-hhl7in e17g058b0\" dir=\"ltr\">&#8220;As\u00ed que hay motivos para ser esc\u00e9pticos y pensar que tampoco habr\u00e1 esfuerzos para reducir el d\u00e9ficit esta vez, ya que eso requerir\u00eda cambios en el sistema de pensiones y en el de atenci\u00f3n m\u00e9dica para los jubilados que tendr\u00edan un alto costo pol\u00edtico&#8221;, explica.<\/p>\n<\/div>\n<div class=\"bbc-19j92fr ebmt73l0\" dir=\"ltr\">\n<p class=\"bbc-hhl7in e17g058b0\" dir=\"ltr\">&#8220;Pero el contexto m\u00e1s importante es que en EE.UU. no hay crisis econ\u00f3mica&#8221;, subraya.<\/p>\n<\/div>\n<div class=\"bbc-19j92fr ebmt73l0\" dir=\"ltr\">\n<p class=\"bbc-hhl7in e17g058b0\" dir=\"ltr\">&#8220;Cuando Milei asumi\u00f3 el cargo en Argentina hab\u00eda riesgo de hiperinflaci\u00f3n, pero la econom\u00eda estadounidense es estable y est\u00e1 creciendo, por lo que la necesidad urgente de un cambio radical en el tama\u00f1o y alcance del gobierno es dif\u00edcil de argumentar&#8221;, explica.<\/p>\n<\/div>\n<div class=\"bbc-19j92fr ebmt73l0\" dir=\"ltr\">\n<p class=\"bbc-hhl7in e17g058b0\" dir=\"ltr\">&#8220;As\u00ed que, sin duda hay gente en la \u00f3rbita de Trump que admira a Milei y le gustar\u00eda replicar sus esfuerzos para reducir el tama\u00f1o del gobierno y su gasto, pero es algo mucho m\u00e1s dif\u00edcil de hacer en Estados Unidos&#8221;.<\/p>\n<p dir=\"ltr\">\n<\/div>\n<figure class=\"bbc-1qn0xuy\">\n<div class=\"bbc-18ywsw9\">\n<div style=\"width: 1034px\" class=\"wp-caption alignnone\"><img loading=\"lazy\" decoding=\"async\" class=\"bbc-139onq\" src=\"https:\/\/ichef.bbci.co.uk\/ace\/ws\/640\/cpsprodpb\/d8a0\/live\/83b8fba0-d4a7-11ef-9fd6-0be88a764111.jpg.webp\" alt=\"El presidente argentino, Javier Milei, pasa junto al presidente electo de Estados Unidos, Donald Trump, mientras asisten a la Gala del America First Policy Institute celebrada en Mar-a-Lago el 14 de noviembre de 2024 en Palm Beach, Florida, Estados Unidos. (Foto de Joe Raedle\/Getty Images)\" width=\"1024\" height=\"697\" \/><p class=\"wp-caption-text\">Fuente de la imagen,Getty Images.\u00a0\u00a0Donald Trump y su &#8220;presidente favorio&#8221;, su hom\u00f3logo argentino, Javier Milei, en Mar-a-Lago.<\/p><\/div>\n<\/div>\n<\/figure>\n<div class=\"bbc-19j92fr ebmt73l0\" dir=\"ltr\">\n<h2 tabindex=\"-1\"><\/h2>\n<h2 id=\"MAGA-en-El-Salvador\" class=\"bbc-1lgzob2 eglt09e0\" tabindex=\"-1\">MAGA en El Salvador<\/h2>\n<\/div>\n<div class=\"bbc-19j92fr ebmt73l0\" dir=\"ltr\">\n<p class=\"bbc-hhl7in e17g058b0\" dir=\"ltr\">Los presidentes de Argentina y El Salvador gozaban de esa admiraci\u00f3n del entorno de Trump y de figuras afines ya antes de que este ganara las elecciones.<\/p>\n<\/div>\n<div class=\"bbc-19j92fr ebmt73l0\" dir=\"ltr\">\n<p class=\"bbc-hhl7in e17g058b0\" dir=\"ltr\">No por nada fueron dos de los invitados estrella de la \u00faltima edici\u00f3n de la Conferencia de Acci\u00f3n Pol\u00edtica Conservadora (CPAC, por sus siglas en ingl\u00e9s), celebrada en Maryland en febrero de 2024.<\/p>\n<\/div>\n<div class=\"bbc-19j92fr ebmt73l0\" dir=\"ltr\">\n<p class=\"bbc-hhl7in e17g058b0\" dir=\"ltr\">Con diferentes arengas y consejos, Bukele y Milei pronunciaron dos discursos aplaudidos en este influyente foro de la derecha, desde el mismo escenario donde Trump habl\u00f3 como protagonista indiscutido.<\/p>\n<\/div>\n<div class=\"bbc-19j92fr ebmt73l0\" dir=\"ltr\">\n<p class=\"bbc-hhl7in e17g058b0\" dir=\"ltr\">Con su alocuci\u00f3n en ingl\u00e9s, el salvadore\u00f1o aprovech\u00f3 para presentarse como una suerte de modelo a seguir para EE.UU.<\/p>\n<p dir=\"ltr\">\n<\/div>\n<figure class=\"bbc-1qn0xuy\">\n<div class=\"bbc-18ywsw9\">\n<div style=\"width: 1034px\" class=\"wp-caption alignnone\"><img loading=\"lazy\" decoding=\"async\" class=\"bbc-139onq\" src=\"https:\/\/ichef.bbci.co.uk\/ace\/ws\/640\/cpsprodpb\/7e02\/live\/2eafddd0-d4a3-11ef-9fd6-0be88a764111.jpg.webp\" alt=\"El presidente de El Salvador, Nayib Bukele, saluda a la audiencia tras su discurso en la Conferencia de Acci\u00f3n Pol\u00edtica Conservadora (CPAC, por sus siglas en ingl\u00e9s), celebrada en National Harbor, Maryland, Estados Unidos, el 22 de febrero de 2024. (Foto: BRENDAN SMIALOWSKI\/AFP v\u00eda Getty Images)\" width=\"1024\" height=\"683\" \/><p class=\"wp-caption-text\">Fuente de la imagen,Getty Images.\u00a0\u00a0El presidente de El Salvador, Nayib Bukele, fue uno de los invitados estrella de la Conferencia de Acci\u00f3n Pol\u00edtica Conservadora (CPAC, por sus siglas en ingl\u00e9s), celebrada en Maryland en febrero de 2024.<\/p><\/div>\n<\/div>\n<\/figure>\n<div class=\"bbc-19j92fr ebmt73l0\" dir=\"ltr\">\n<p dir=\"ltr\">\n<p dir=\"ltr\">\n<p class=\"bbc-hhl7in e17g058b0\" dir=\"ltr\">&#8220;Dicen que el globalismo viene a morir a la CPAC. Estoy aqu\u00ed para decirles que en El Salvador est\u00e1 muerto&#8221;, exclam\u00f3, provocando una ovaci\u00f3n entre la audiencia.<\/p>\n<\/div>\n<div class=\"bbc-19j92fr ebmt73l0\" dir=\"ltr\">\n<p class=\"bbc-hhl7in e17g058b0\" dir=\"ltr\">&#8220;Pero si quieren que el globalismo muera aqu\u00ed tambi\u00e9n, deben estar dispuestos a luchar sin disculpas contra todo y todos los que lo defienden&#8221;, prosigui\u00f3, haciendo alusi\u00f3n a quienes lo tachan de haber desmantelado la democracia de su pa\u00eds y socavado el Estado de derecho.<\/p>\n<\/div>\n<div class=\"bbc-19j92fr ebmt73l0\" dir=\"ltr\">\n<p class=\"bbc-hhl7in e17g058b0\" dir=\"ltr\">&#8220;El pr\u00f3ximo presidente de EE.UU. no solo debe ganar las elecciones. Debe tener la visi\u00f3n, la voluntad y el coraje de hacer lo que sea necesario. Y, sobre todo, debe ser capaz de identificar las fuerzas subyacentes que conspirar\u00e1n contra \u00e9l&#8221;, zanj\u00f3.<\/p>\n<\/div>\n<div class=\"bbc-19j92fr ebmt73l0\" dir=\"ltr\">\n<p class=\"bbc-hhl7in e17g058b0\" dir=\"ltr\">Dos meses despu\u00e9s, una comitiva integrada entre otros por Donald Trump Jr. y Matt Gaetz, entonces congresista por Florida y quien ser\u00eda despu\u00e9s la primera opci\u00f3n de Trump para ocupar el cargo de fiscal general de EE.UU., lleg\u00f3 a El Salvador para la segunda investidura de Bukele como presidente.<\/p>\n<\/div>\n<div class=\"bbc-19j92fr ebmt73l0\" dir=\"ltr\">\n<div class=\"bbc-1gbu67o e19v6olm0\" data-e2e=\"twitter-embed-https:\/\/twitter.com\/SecPrensaSV\/status\/1796908778849198143\"><\/div>\n<\/div>\n<div class=\"bbc-19j92fr ebmt73l0\" dir=\"ltr\">\n<p class=\"bbc-hhl7in e17g058b0\" dir=\"ltr\">Aunque no eran los primeros en visitarlo en El Salvador. En 2023 otro peso pesado del entorno Trump, Marco Rubio, entonces senador por Florida y hoy a punto de convertirse en el secretario de Estado, lo alab\u00f3 por haber &#8220;tra\u00eddo la libertad&#8221; al pa\u00eds centroamericano.<\/p>\n<\/div>\n<div class=\"bbc-19j92fr ebmt73l0\" dir=\"ltr\">\n<p class=\"bbc-hhl7in e17g058b0\" dir=\"ltr\">Se refer\u00eda a c\u00f3mo Bukele logr\u00f3 bajar dr\u00e1sticamente el \u00edndice de homicidios en El Salvador, al tiempo que impon\u00eda un estado de excepci\u00f3n que dura ya m\u00e1s de dos a\u00f1os y lo volv\u00eda el pa\u00eds con la tasa carcelaria m\u00e1s alta del mundo.<\/p>\n<\/div>\n<div class=\"bbc-19j92fr ebmt73l0\" dir=\"ltr\">\n<p class=\"bbc-hhl7in e17g058b0\" dir=\"ltr\">Por todo ello, los expertos consultados por BBC Mundo auguran una relaci\u00f3n muy estrecha entre ambos mandatarios, incluso a pesar del inesperado comentario de Trump durante la Convenci\u00f3n Republicana en agosto.<\/p>\n<\/div>\n<div class=\"bbc-19j92fr ebmt73l0\" dir=\"ltr\">\n<p class=\"bbc-hhl7in e17g058b0\" dir=\"ltr\">&#8220;En Venezuela la criminalidad baj\u00f3 un 72%. En El Salvador, los homicidios se redujeron en un 70%. Los criminales del mundo est\u00e1n viniendo aqu\u00ed, a un pueblo cercano al de ustedes, y est\u00e1n siendo enviados por sus gobiernos, porque sus gobiernos son m\u00e1s inteligentes que el nuestro&#8221;, dijo entonces, durante el discurso con que acept\u00f3 la candidatura presidencial.<\/p>\n<\/div>\n<div class=\"bbc-19j92fr ebmt73l0\" dir=\"ltr\">\n<p class=\"bbc-hhl7in e17g058b0\" dir=\"ltr\">Sobre la relaci\u00f3n del gobierno de Trump con el salvadore\u00f1o, Benjamin Gedan del Wilson Center dice que &#8220;van a ser muy cercanos y se va a escuchar poca cr\u00edtica al modelo de seguridad de Bukele desde EE.UU.; no se va a hablar de la democracia o los derechos humanos en El Salvador, cuestiones que s\u00ed incomodaban a la administraci\u00f3n Biden&#8221;.<\/p>\n<\/div>\n<div class=\"bbc-19j92fr ebmt73l0\" dir=\"ltr\">\n<p class=\"bbc-hhl7in e17g058b0\" dir=\"ltr\">Pero al igual que en el caso de la motosierra de Milei, tanto el experto del Wilson Center como el de Chatham House dudan de que sean exportables a EE.UU.<\/p>\n<p dir=\"ltr\">\n<\/div>\n<figure class=\"bbc-1qn0xuy\">\n<div class=\"bbc-18ywsw9\">\n<div style=\"width: 1034px\" class=\"wp-caption alignnone\"><img loading=\"lazy\" decoding=\"async\" class=\"bbc-139onq\" src=\"https:\/\/ichef.bbci.co.uk\/ace\/ws\/640\/cpsprodpb\/25bd\/live\/6f9fe690-d4a4-11ef-9fd6-0be88a764111.jpg.webp\" alt=\"Guardias vigilan a presos en uno de los pabellones del Centro de Confinamiento del Terrorismo (Cecot) tras haber sido trasladados 2.000 detenidos a la megac\u00e1rcel de Tecoluca, El Salvador, el 11 de junio de 2024. (Foto:  Oortes\u00eda \/Presidencia de El Salvador v\u00eda Getty Images )\" width=\"1024\" height=\"683\" \/><p class=\"wp-caption-text\">Fuente de la imagen,Getty Images \/ Cortes\u00eda de Presidencia de El Salvador<\/p><\/div>\n<\/div>\n<\/figure>\n<div class=\"bbc-19j92fr ebmt73l0\" dir=\"ltr\">\n<p dir=\"ltr\">\n<p class=\"bbc-hhl7in e17g058b0\" dir=\"ltr\">&#8220;La idea de una mano dura como la de El Salvador es atractiva para Trump. A \u00e9l le encantar\u00eda tener algo parecido para los migrantes no autorizados en Estados Unidos, aunque es dif\u00edcilmente aplicable por los contrapesos que existen a nivel federal y estatal&#8221;, subraya Sabatini.<\/p>\n<\/div>\n<div class=\"bbc-19j92fr ebmt73l0\" dir=\"ltr\">\n<p class=\"bbc-hhl7in e17g058b0\" dir=\"ltr\">&#8220;Los arrestos en masa no son la respuesta para ning\u00fan problema de seguridad de Estados Unidos&#8221;, dice Gedan yendo m\u00e1s all\u00e1 y refiri\u00e9ndose a la violencia por la violencia de grupos transnacionales como el\u00a0<a class=\"focusIndicatorReducedWidth bbc-n8oauk e1p3sufg0\" href=\"https:\/\/www.bing.com\/search?pglt=2083&amp;q=bbc+mundo+Tren+de+ARagua+estados+unidos&amp;cvid=7d69ab31434c4544ae36e84f623640fb&amp;gs_lcrp=EgRlZGdlKgYIABBFGDkyBggAEEUYOTIGCAEQABhAMgYIAhAAGEAyBggDEAAYQDIGCAQQABhAMgYIBRAAGEAyBggGEAAYQDIGCAcQABhAMgYICBAAGEDSAQg1Mjc4ajBqMagCALACAA&amp;FORM=ANNTA1&amp;PC=U531\" aria-label=\"Tren de Aragua, externo\">Tren de Aragua<\/a>, los carteles mexicanos o los estragos del fentanilo.<\/p>\n<\/div>\n<div class=\"bbc-19j92fr ebmt73l0\" dir=\"ltr\">\n<p class=\"bbc-hhl7in e17g058b0\" dir=\"ltr\">&#8220;Son desaf\u00edos de seguridad mucho m\u00e1s complejos que la lucha contra unas bandas criminales en El Salvador&#8221;.<\/p>\n<p dir=\"ltr\">\n<\/div>\n<figure class=\"bbc-1qn0xuy\">\n<div class=\"bbc-18ywsw9\">\n<div style=\"width: 1034px\" class=\"wp-caption alignnone\"><img loading=\"lazy\" decoding=\"async\" class=\"bbc-139onq\" src=\"https:\/\/ichef.bbci.co.uk\/ace\/ws\/640\/cpsprodpb\/b4d3\/live\/fc030ce0-d4a7-11ef-9fd6-0be88a764111.jpg.webp\" alt=\"El presidente de Estados Unidos, Donald Trump, y el presidente de El Salvador, Nayib Bukele, sostienen una reuni\u00f3n en Nueva York, el 25 de septiembre de 2019, al margen de la Asamblea General de las Naciones Unidas. (Foto de SAUL LOEB \/ AFP v\u00eda Getty Images)\" width=\"1024\" height=\"683\" \/><p class=\"wp-caption-text\">Fuente de la imagen,Getty Images.\u00a0\u00a0El presidente de El Salvador, Nayib Bukele, ya se reuni\u00f3 con Donald Trump en 2019, durante el primer mandato del estadounidense, en Nueva York, donde coincidieron por la Asamblea General de Naciones Unidas.<\/p><\/div>\n<\/div>\n<\/figure>\n<div class=\"bbc-19j92fr ebmt73l0\" dir=\"ltr\">\n<h2 tabindex=\"-1\"><\/h2>\n<h2 id=\"Pol\u00edtica-personalista-y-red-de-hombres-fuertes\" class=\"bbc-1lgzob2 eglt09e0\" tabindex=\"-1\">Pol\u00edtica &#8220;personalista&#8221; y red de hombres fuertes<\/h2>\n<\/div>\n<div class=\"bbc-19j92fr ebmt73l0\" dir=\"ltr\">\n<p class=\"bbc-hhl7in e17g058b0\" dir=\"ltr\">Sea como fuere, los especialistas s\u00ed creen que Bukele y Milei ser\u00e1n ejemplos a seguir, aunque a otros niveles: como jefes de Estado que abogan por la eficacia, que ofrecen soluciones extremas a problemas graves, una imagen que el mismo Trump cultiva desde su primer mandato.<\/p>\n<\/div>\n<div class=\"bbc-19j92fr ebmt73l0\" dir=\"ltr\">\n<p class=\"bbc-hhl7in e17g058b0\" dir=\"ltr\">&#8220;Es un manual que los l\u00edderes con imagen de hombres fuertes est\u00e1n siguiendo para consolidarse en el poder&#8221;, dice Erica Frantz, una profesora de Ciencia Pol\u00edtica en la Universidad Estatal de Michigan que estudia este tipo de liderazgos.<\/p>\n<\/div>\n<div class=\"bbc-19j92fr ebmt73l0\" dir=\"ltr\">\n<p class=\"bbc-hhl7in e17g058b0\" dir=\"ltr\">&#8220;Lo que Trump y su grupo de asesores admiran es su trayectoria, que llegaron a la pol\u00edtica desde afuera, que tienen una ret\u00f3rica distinta, una red de asesores diferente a los de la clase pol\u00edtica anterior, y ese estilo y esa libertad de decir &#8216;vamos a encarcelar a los culpables, vamos a matar el Estado socialista'&#8221;, apunta Sabatini.<\/p>\n<\/div>\n<div class=\"bbc-19j92fr ebmt73l0\" dir=\"ltr\">\n<p class=\"bbc-hhl7in e17g058b0\" dir=\"ltr\">En ese sentido, prev\u00e9 un gobierno con relaciones exteriores mucho m\u00e1s &#8220;personalistas&#8221;.<\/p>\n<\/div>\n<div class=\"bbc-19j92fr ebmt73l0\" dir=\"ltr\">\n<p class=\"bbc-hhl7in e17g058b0\" dir=\"ltr\">&#8220;Trump va a buscar mini-Trumps y a establecer una red con ellos&#8221;, explica el experto de Chatham House.<\/p>\n<p dir=\"ltr\">\n<\/div>\n<figure class=\"bbc-1qn0xuy\">\n<div class=\"bbc-18ywsw9\">\n<div style=\"width: 1034px\" class=\"wp-caption alignnone\"><img loading=\"lazy\" decoding=\"async\" class=\"bbc-139onq\" src=\"https:\/\/ichef.bbci.co.uk\/ace\/ws\/640\/cpsprodpb\/86ef\/live\/a9e3c130-d4a6-11ef-87df-d575b9a434a4.jpg.webp\" alt=\"Afiches con las im\u00e1genes de Donald Trump (EE.UU.), Jair Bolsonaro (Brasil) y Javier Milei entre los productos en venta del partido La Libertad Avanza durante un evento de cierre de campa\u00f1a en el Parque Lezama el 6 de noviembre de 2021 en Buenos Aires, Argentina.(Foto de Ricardo Ceppi\/Getty Images)\" width=\"1024\" height=\"683\" \/><p class=\"wp-caption-text\">Fuente de la imagen,Getty Images.\u00a0\u00a0Los expertos concuerdan en que se viene un gobierno con relaciones &#8220;personalistas&#8221; entre Trump y otros jefes de Estado y l\u00edderes de ideolog\u00eda af\u00edn.<\/p><\/div>\n<\/div>\n<\/figure>\n<div class=\"bbc-19j92fr ebmt73l0\" dir=\"ltr\">\n<p dir=\"ltr\">\n<p dir=\"ltr\">\n<p class=\"bbc-hhl7in e17g058b0\" dir=\"ltr\">&#8220;Y no se va a limitar al aparato del Estado, de la Casa Blanca, a los canales normales de la pol\u00edtica extranjera&#8221;, advierte. &#8220;Tambi\u00e9n va a utilizar a sus aliados en el sector privado y su familia, como vimos cuando Donald Trump Jr. se fue a Brasil para colaborar con (el expresidente Jair) Bolsonaro y los hijos de este&#8221;.<\/p>\n<\/div>\n<div class=\"bbc-19j92fr ebmt73l0\" dir=\"ltr\">\n<p class=\"bbc-hhl7in e17g058b0\" dir=\"ltr\">&#8220;A medida que comienza su nuevo mandato, es probable que mire a estos l\u00edderes como el punto de apoyo en torno al cual su administraci\u00f3n construya su pol\u00edtica, y es probable que esa red tambi\u00e9n se extienda no solo a los presidentes actuales, sino tambi\u00e9n a pol\u00edticos de oposici\u00f3n o a l\u00edderes y movimientos emergentes formados en el mismo molde de Make America Great Again&#8221;, prosigue.<\/p>\n<\/div>\n<div class=\"bbc-19j92fr ebmt73l0\" dir=\"ltr\">\n<p class=\"bbc-hhl7in e17g058b0\" dir=\"ltr\">Gedan, por su parte, incluye a otro mandatario latinoamericano entre los que tendr\u00e1n una acogida muy c\u00e1lida en Washington: el paraguayo Santiago Pe\u00f1a.<\/p>\n<\/div>\n<div class=\"bbc-19j92fr ebmt73l0\" dir=\"ltr\">\n<p class=\"bbc-hhl7in e17g058b0\" dir=\"ltr\">&#8220;Y lo que sostendr\u00e1 estas relaciones no ser\u00e1n tanto unas pol\u00edticas determinadas, sino los objetivos ideol\u00f3gicos&#8221;, subraya el especialista del Wilson Center.<\/p>\n<\/div>\n<div class=\"bbc-19j92fr ebmt73l0\" dir=\"ltr\">\n<p class=\"bbc-hhl7in e17g058b0\" dir=\"ltr\">&#8220;El v\u00ednculo tendr\u00e1 m\u00e1s que ver con la perspectiva de la guerra cultural antiwoke que con objetivos pol\u00edticos comunes. Ser\u00e1n relaciones muy estrechas, pero con muy poco que ver con la pol\u00edtica de seguridad o la gesti\u00f3n del presupuesto, y mucho con una visi\u00f3n conservadora del mundo compartida&#8221;.<\/p>\n<\/div>\n","protected":false},"excerpt":{"rendered":"<p>&nbsp; &nbsp; No es un secreto que Donald Trump no es mucho de seguir tradiciones y protocolos. Por eso, aunque las investiduras presidenciales en Estados&hellip;<\/p>\n","protected":false},"author":99,"featured_media":527434,"comment_status":"open","ping_status":"open","sticky":false,"template":"","format":"standard","meta":{"footnotes":""},"categories":[23],"tags":[],"class_list":["post-527433","post","type-post","status-publish","format-standard","has-post-thumbnail","hentry","category-latinoamerica"],"_links":{"self":[{"href":"https:\/\/diarioelpopular.com\/index.php\/wp-json\/wp\/v2\/posts\/527433","targetHints":{"allow":["GET"]}}],"collection":[{"href":"https:\/\/diarioelpopular.com\/index.php\/wp-json\/wp\/v2\/posts"}],"about":[{"href":"https:\/\/diarioelpopular.com\/index.php\/wp-json\/wp\/v2\/types\/post"}],"author":[{"embeddable":true,"href":"https:\/\/diarioelpopular.com\/index.php\/wp-json\/wp\/v2\/users\/99"}],"replies":[{"embeddable":true,"href":"https:\/\/diarioelpopular.com\/index.php\/wp-json\/wp\/v2\/comments?post=527433"}],"version-history":[{"count":1,"href":"https:\/\/diarioelpopular.com\/index.php\/wp-json\/wp\/v2\/posts\/527433\/revisions"}],"predecessor-version":[{"id":527435,"href":"https:\/\/diarioelpopular.com\/index.php\/wp-json\/wp\/v2\/posts\/527433\/revisions\/527435"}],"wp:featuredmedia":[{"embeddable":true,"href":"https:\/\/diarioelpopular.com\/index.php\/wp-json\/wp\/v2\/media\/527434"}],"wp:attachment":[{"href":"https:\/\/diarioelpopular.com\/index.php\/wp-json\/wp\/v2\/media?parent=527433"}],"wp:term":[{"taxonomy":"category","embeddable":true,"href":"https:\/\/diarioelpopular.com\/index.php\/wp-json\/wp\/v2\/categories?post=527433"},{"taxonomy":"post_tag","embeddable":true,"href":"https:\/\/diarioelpopular.com\/index.php\/wp-json\/wp\/v2\/tags?post=527433"}],"curies":[{"name":"wp","href":"https:\/\/api.w.org\/{rel}","templated":true}]}}