{"id":527463,"date":"2025-01-18T12:51:34","date_gmt":"2025-01-18T16:51:34","guid":{"rendered":"https:\/\/diarioelpopular.com\/?p=527463"},"modified":"2025-01-18T12:51:34","modified_gmt":"2025-01-18T16:51:34","slug":"un-delincuente-de-18-anos-arrestado-tras-dos-robos-violentos-de-vehiculos-que-involucraron-a-personas-mayores","status":"publish","type":"post","link":"https:\/\/diarioelpopular.com\/index.php\/2025\/01\/18\/un-delincuente-de-18-anos-arrestado-tras-dos-robos-violentos-de-vehiculos-que-involucraron-a-personas-mayores\/","title":{"rendered":"Un delincuente de 18 a\u00f1os arrestado tras dos robos violentos de veh\u00edculos que involucraron a personas mayores"},"content":{"rendered":"<div id=\"attachment_527464\" style=\"width: 646px\" class=\"wp-caption alignnone\"><img loading=\"lazy\" decoding=\"async\" aria-describedby=\"caption-attachment-527464\" class=\"wp-image-527464 size-custom-full-size\" src=\"https:\/\/diarioelpopular.com\/wp-content\/uploads\/2025\/01\/Screen-Shot-2025-01-18-at-11.49.18-AM-636x481.png\" alt=\"\" width=\"636\" height=\"481\" srcset=\"https:\/\/diarioelpopular.com\/wp-content\/uploads\/2025\/01\/Screen-Shot-2025-01-18-at-11.49.18-AM-636x481.png 636w, https:\/\/diarioelpopular.com\/wp-content\/uploads\/2025\/01\/Screen-Shot-2025-01-18-at-11.49.18-AM-300x227.png 300w, https:\/\/diarioelpopular.com\/wp-content\/uploads\/2025\/01\/Screen-Shot-2025-01-18-at-11.49.18-AM-768x581.png 768w, https:\/\/diarioelpopular.com\/wp-content\/uploads\/2025\/01\/Screen-Shot-2025-01-18-at-11.49.18-AM-97x73.png 97w, https:\/\/diarioelpopular.com\/wp-content\/uploads\/2025\/01\/Screen-Shot-2025-01-18-at-11.49.18-AM.png 844w\" sizes=\"auto, (max-width: 636px) 100vw, 636px\" \/><p id=\"caption-attachment-527464\" class=\"wp-caption-text\">Esta lacra es Aqib Aqib, de 18 a\u00f1os, de Mississauga, enfrenta cuatro cargos en relaci\u00f3n con dos robos violentos de veh\u00edculos que involucraron a dos v\u00edctimas mayores de edad.\u00a0 \u00a0 \u00a0 \u00a0 \u00a0 \u00a0 \u00a0 \u00a0 \u00a0 \u00a0 \u00a0 \u00a0 \u00a0 \u00a0 \u00a0 \u00a0 \u00a0 \u00a0 \u00a0 \u00a0 \u00a0 \u00a0 \u00a0 \u00a0 Foto de Handout \/ Peel Regional Police<\/p><\/div>\n<p>&nbsp;<\/p>\n<p>&nbsp;<\/p>\n<ul>\n<li><em><strong>La polic\u00eda regional de Peel ha arrestado a un sujeto de Mississauga de 18 a\u00f1os en relaci\u00f3n con dos robos violentos de veh\u00edculos a principios de este mes<\/strong><\/em><\/li>\n<\/ul>\n<p>&nbsp;<\/p>\n<p>&nbsp;<\/p>\n<p>La polic\u00eda dijo que un hombre de 72 a\u00f1os estaba en la entrada de su casa en el \u00e1rea de Airport Rd. y Morning Star Dr. cuando dos delincuentes se acercaron a \u00e9l, lo agredieron y lo amenazaron mientras le exig\u00edan las llaves de su veh\u00edculo.<\/p>\n<p>La v\u00edctima sufri\u00f3 varias heridas como resultado de la agresi\u00f3n y los atacantes huyeron del \u00e1rea con su veh\u00edculo, dijo la polic\u00eda.<\/p>\n<p>Seg\u00fan la polic\u00eda, los agentes, mediante una acci\u00f3n inmediata y coordinada,\u00a0 encontraron e interceptaron r\u00e1pidamente el veh\u00edculo robado. Tras una persecuci\u00f3n a pie, uno de los ladrones fue arrestado. El segundo sospechoso escap\u00f3, a\u00f1adi\u00f3 la polic\u00eda.<\/p>\n<p>Los investigadores confirmaron que el arrestado tambi\u00e9n es responsable de un robo de veh\u00edculo que tuvo lugar el 9 de enero, en el \u00e1rea de Airport Rd. y Derry Rd. E. en Mississauga.<\/p>\n<p>En ese incidente, la polic\u00eda dijo que cuatro delincuentes se acercaron a un hombre de 75 a\u00f1os que estaba en la entrada de su casa y lo agredieron antes de huir con su veh\u00edculo.<\/p>\n<p>Aqib Aqib ha sido acusado de dos cargos de robo y de disfraz con intenci\u00f3n de cometer un crimen.<\/p>\n<p>La polic\u00eda informa que la investigaci\u00f3n sigue en curso y prev\u00e9 m\u00e1s arrestos y cargos.<\/p>\n<p>La polic\u00eda pide a cualquier persona que tenga informaci\u00f3n sobre esta investigaci\u00f3n que se comunique con los investigadores de la Oficina Central de Robos al 905-453-2121 extensi\u00f3n 3410. Tambi\u00e9n se puede dejar informaci\u00f3n de forma an\u00f3nima llamando a Crime Stoppers al 1-800-222-TIPS (8477) o en l\u00ednea en peelcrimestoppers.ca.<\/p>\n<p>&nbsp;<\/p>\n","protected":false},"excerpt":{"rendered":"<p>&nbsp; &nbsp; La polic\u00eda regional de Peel ha arrestado a un sujeto de Mississauga de 18 a\u00f1os en relaci\u00f3n con dos robos violentos de veh\u00edculos&hellip;<\/p>\n","protected":false},"author":99,"featured_media":527464,"comment_status":"open","ping_status":"open","sticky":false,"template":"","format":"standard","meta":{"footnotes":""},"categories":[11364],"tags":[],"class_list":["post-527463","post","type-post","status-publish","format-standard","has-post-thumbnail","hentry","category-toronto-gta"],"_links":{"self":[{"href":"https:\/\/diarioelpopular.com\/index.php\/wp-json\/wp\/v2\/posts\/527463","targetHints":{"allow":["GET"]}}],"collection":[{"href":"https:\/\/diarioelpopular.com\/index.php\/wp-json\/wp\/v2\/posts"}],"about":[{"href":"https:\/\/diarioelpopular.com\/index.php\/wp-json\/wp\/v2\/types\/post"}],"author":[{"embeddable":true,"href":"https:\/\/diarioelpopular.com\/index.php\/wp-json\/wp\/v2\/users\/99"}],"replies":[{"embeddable":true,"href":"https:\/\/diarioelpopular.com\/index.php\/wp-json\/wp\/v2\/comments?post=527463"}],"version-history":[{"count":1,"href":"https:\/\/diarioelpopular.com\/index.php\/wp-json\/wp\/v2\/posts\/527463\/revisions"}],"predecessor-version":[{"id":527465,"href":"https:\/\/diarioelpopular.com\/index.php\/wp-json\/wp\/v2\/posts\/527463\/revisions\/527465"}],"wp:featuredmedia":[{"embeddable":true,"href":"https:\/\/diarioelpopular.com\/index.php\/wp-json\/wp\/v2\/media\/527464"}],"wp:attachment":[{"href":"https:\/\/diarioelpopular.com\/index.php\/wp-json\/wp\/v2\/media?parent=527463"}],"wp:term":[{"taxonomy":"category","embeddable":true,"href":"https:\/\/diarioelpopular.com\/index.php\/wp-json\/wp\/v2\/categories?post=527463"},{"taxonomy":"post_tag","embeddable":true,"href":"https:\/\/diarioelpopular.com\/index.php\/wp-json\/wp\/v2\/tags?post=527463"}],"curies":[{"name":"wp","href":"https:\/\/api.w.org\/{rel}","templated":true}]}}