{"id":527479,"date":"2025-01-18T13:24:56","date_gmt":"2025-01-18T17:24:56","guid":{"rendered":"https:\/\/diarioelpopular.com\/?p=527479"},"modified":"2025-01-18T13:24:56","modified_gmt":"2025-01-18T17:24:56","slug":"trump-prepara-una-gran-redada-en-chicago-el-martes-para-empezar-a-deportar-inmigrantes","status":"publish","type":"post","link":"https:\/\/diarioelpopular.com\/index.php\/2025\/01\/18\/trump-prepara-una-gran-redada-en-chicago-el-martes-para-empezar-a-deportar-inmigrantes\/","title":{"rendered":"Trump prepara una gran redada en Chicago el martes para empezar a deportar inmigrantes"},"content":{"rendered":"<div id=\"attachment_527480\" style=\"width: 646px\" class=\"wp-caption alignnone\"><img loading=\"lazy\" decoding=\"async\" aria-describedby=\"caption-attachment-527480\" class=\"wp-image-527480 size-custom-full-size\" src=\"https:\/\/diarioelpopular.com\/wp-content\/uploads\/2025\/01\/Screen-Shot-2025-01-18-at-12.24.16-PM-636x426.png\" alt=\"\" width=\"636\" height=\"426\" srcset=\"https:\/\/diarioelpopular.com\/wp-content\/uploads\/2025\/01\/Screen-Shot-2025-01-18-at-12.24.16-PM-636x426.png 636w, https:\/\/diarioelpopular.com\/wp-content\/uploads\/2025\/01\/Screen-Shot-2025-01-18-at-12.24.16-PM-300x201.png 300w, https:\/\/diarioelpopular.com\/wp-content\/uploads\/2025\/01\/Screen-Shot-2025-01-18-at-12.24.16-PM-768x515.png 768w, https:\/\/diarioelpopular.com\/wp-content\/uploads\/2025\/01\/Screen-Shot-2025-01-18-at-12.24.16-PM-1200x805.png 1200w, https:\/\/diarioelpopular.com\/wp-content\/uploads\/2025\/01\/Screen-Shot-2025-01-18-at-12.24.16-PM-80x55.png 80w, https:\/\/diarioelpopular.com\/wp-content\/uploads\/2025\/01\/Screen-Shot-2025-01-18-at-12.24.16-PM-109x73.png 109w, https:\/\/diarioelpopular.com\/wp-content\/uploads\/2025\/01\/Screen-Shot-2025-01-18-at-12.24.16-PM.png 1024w\" sizes=\"auto, (max-width: 636px) 100vw, 636px\" \/><p id=\"caption-attachment-527480\" class=\"wp-caption-text\">Un oficial de deportaciones de la Oficina de Inmigraci\u00f3n y Aduanas de Nueva York esposando a un detenido en el barrio neoyorquino del Bronx en diciembre pasado. Julia Demaree Nikhinson (AP\/LaPresse)<\/p><\/div>\n<p>&nbsp;<\/p>\n<p>&nbsp;<\/p>\n<h4 class=\"a_st\"><em>&#8211; Las detenciones se centrar\u00e1n en los extranjeros sin papeles, los que tengan antecedentes penales y esto se extender\u00e1n al resto del pa\u00eds<\/em><\/h4>\n<p>&nbsp;<\/p>\n<p class=\"\">Donald Trump quiere empezar a detener y deportar inmigrantes a gran escala casi desde el primer d\u00eda. Los cargos designados para formar parte de su Gobierno Trump est\u00e1 preparando ya arrestos de inmigrantes sin papeles en grandes redadas a lo largo de todo el pa\u00eds, seg\u00fan se\u00f1al\u00f3 este viernes\u00a0<a href=\"https:\/\/www.foxnews.com\/politics\/trump-administration-planning-illegal-immigrant-arrests-across-us-day-one\" target=\"_blank\" rel=\"noopener\" data-link-track-dtm=\"\" data-mrf-link=\"https:\/\/www.foxnews.com\/politics\/trump-administration-planning-illegal-immigrant-arrests-across-us-day-one\">en una entrevista en Fox News<\/a>\u00a0el futuro zar de la frontera, Tom Homan.<\/p>\n<p class=\"\">Homan fue preguntado acerca de una informaci\u00f3n sobre los preparativos concretos para una gran redada en Chicago (Illinois) para este martes. Sin confirmar los detalles, el futuro responsable migratorio la dio por segura e incluso fue m\u00e1s all\u00e1.<\/p>\n<p class=\"\">\u201cVa a haber una gran redada en todo el pa\u00eds. Chicago es solo uno de los muchos lugares. Tenemos 24 oficinas en todo el pa\u00eds. El martes, el ICE [Servicio de Inmigraci\u00f3n y Control de Aduanas] saldr\u00e1 por fin a hacer su trabajo. Vamos a quitarle las esposas al ICE y dejar que detenga a extranjeros delincuentes, eso es lo que va a ocurrir\u201d, dijo.<\/p>\n<p class=\"\">\u201cLo que le estamos diciendo al ICE es que va a hacer cumplir la ley de inmigraci\u00f3n sin disculparse. Vais a concentraros primero en lo peor, en las amenazas a la seguridad p\u00fablica, pero nadie est\u00e1 fuera de la mesa. Si est\u00e1n en el pa\u00eds ilegalmente, tienen un problema\u201d, a\u00f1adi\u00f3.<\/p>\n<p class=\"\"><a href=\"https:\/\/www.wsj.com\/politics\/policy\/trump-to-begin-large-scale-deportations-tuesday-e1bd89bd?st=oxWSgi&amp;reflink=article_copyURL_share\" data-link-track-dtm=\"\" data-mrf-link=\"https:\/\/www.wsj.com\/politics\/policy\/trump-to-begin-large-scale-deportations-tuesday-e1bd89bd?st=oxWSgi&amp;reflink=article_copyURL_share\">El\u00a0<i>Wall Street Journal<\/i><\/a>\u00a0inform\u00f3 de que la administraci\u00f3n est\u00e1 planeando una redada a gran escala en Chicago el martes, dirigida en particular a aquellos con antecedentes penales. Seg\u00fan el diario neoyorquino, el equipo de transici\u00f3n hab\u00eda estado contemplando ciudades para lanzar una operaci\u00f3n de un d\u00eda como una forma de dar un ejemplo de las llamadas ciudades santuario, que adoptan pol\u00edticas que limitan la cooperaci\u00f3n con las autoridades federales de inmigraci\u00f3n. Se decidieron por Chicago tanto por el gran n\u00famero de inmigrantes que podr\u00edan ser posibles objetivos como por el enfrentamiento del equipo de Trump con el alcalde dem\u00f3crata de la ciudad, Brandon Johnson.<\/p>\n<p class=\"\"><a href=\"https:\/\/www.nytimes.com\/2025\/01\/17\/us\/politics\/trump-immigration-raids-chicago.html\" target=\"_blank\" rel=\"noopener\" data-link-track-dtm=\"\" data-mrf-link=\"https:\/\/www.nytimes.com\/2025\/01\/17\/us\/politics\/trump-immigration-raids-chicago.html\">Seg\u00fan\u00a0<i>The New York Times,<\/i><\/a>\u00a0que tambi\u00e9n inform\u00f3 de los planes, la operaci\u00f3n de Chicago comenzar\u00eda el martes, al d\u00eda siguiente de la investidura de Trump, y durar\u00eda hasta el lunes siguiente, aunque las fechas a\u00fan se estaban ultimando y podr\u00edan cambiar. Los planes llevan el nombre de Operaci\u00f3n Salvaguardia. El ICE lleva a cabo habitualmente deportaciones en ciudades de todo Estados Unidos, pero seg\u00fan el diario, la agencia est\u00e1 tomando medidas adicionales para intensificar la operaci\u00f3n, que vincul\u00f3 a la toma de posesi\u00f3n de Trump en un mensaje enviado al personal de toda la organizaci\u00f3n.<\/p>\n<p class=\"\">El diario a\u00f1ade que la agencia pidi\u00f3 a cientos de agentes que se ofrecieran voluntarios y participaran en la operaci\u00f3n dirigida contra los inmigrantes que se encuentran ilegalmente en Estados Unidos. El ICE tiene previsto enviar unos 150 agentes a Chicago para las redadas.<\/p>\n<p class=\"\">Tom Homan ya aplic\u00f3 con mano dura las pol\u00edticas migratorias de Trump en su primer mandato, en el que fue responsable del ICE. \u201cTengo un mensaje para los millones de extranjeros ilegales que Joe Biden ha liberado en nuestro pa\u00eds violando la ley federal: ser\u00e1 mejor que empec\u00e9is a hacer las maletas ya\u201d,\u00a0<a href=\"https:\/\/elpais.com\/internacional\/elecciones-usa\/2024-11-12\/trump-prima-la-lealtad-personal-y-la-linea-dura-en-sus-primeros-nombramientos-para-la-nueva-administracion.html\" target=\"_blank\" rel=\"noopener\" data-link-track-dtm=\"\" data-mrf-link=\"https:\/\/elpais.com\/internacional\/elecciones-usa\/2024-11-12\/trump-prima-la-lealtad-personal-y-la-linea-dura-en-sus-primeros-nombramientos-para-la-nueva-administracion.html\">dijo en la convenci\u00f3n republicana de Milwaukee en julio pasado.<\/a><\/p>\n<p class=\"\">Homan defendi\u00f3 las deportaciones masivas\u00a0<a href=\"https:\/\/www.cbsnews.com\/news\/trump-mass-deportation-plan-cost-consequences-60-minutes-transcript\/\" data-link-track-dtm=\"\" data-mrf-link=\"https:\/\/www.cbsnews.com\/news\/trump-mass-deportation-plan-cost-consequences-60-minutes-transcript\/\">en una entrevista de octubre en el programa\u00a0<i>60 Minutes,<\/i>\u00a0de la CBS.<\/a>\u00a0\u201cNo va a ser un barrido masivo de vecindarios. No va a ser construir campos de concentraci\u00f3n. Lo he le\u00eddo todo. Es rid\u00edculo\u201d, indic\u00f3 en esa entrevista. \u201cSer\u00e1n detenciones selectivas. Sabremos a qui\u00e9n vamos a arrestar, d\u00f3nde es m\u00e1s probable que los encontremos, bas\u00e1ndonos en numerosos procesos de investigaci\u00f3n\u201d,\u00a0<a href=\"https:\/\/elpais.com\/internacional\/elecciones-usa\/2024-11-11\/trump-nombra-zar-de-la-frontera-a-tom-homan-para-la-deportacion-masiva-de-inmigrantes.html\" data-link-track-dtm=\"\" data-mrf-link=\"https:\/\/elpais.com\/internacional\/elecciones-usa\/2024-11-11\/trump-nombra-zar-de-la-frontera-a-tom-homan-para-la-deportacion-masiva-de-inmigrantes.html\">a\u00f1adi\u00f3.<\/a>\u00a0En cambio, se mostr\u00f3 a favor de redadas en los centros de trabajo, destinadas, dijo, a evitar la competencia de trabajadores sin papeles con ciudadanos estadounidenses y a combatir el tr\u00e1fico de personas. Tambi\u00e9n afirm\u00f3 que es posible realizar esas deportaciones sin separar a los ni\u00f1os de sus familias. \u201cLas familias pueden ser deportadas juntas\u201d, dijo.<\/p>\n<p class=\"\">\u201cEl primer d\u00eda pondr\u00e9 en marcha el mayor programa de deportaci\u00f3n de la historia de Estados Unidos para echar a los delincuentes\u201d, dijo Trump en campa\u00f1a\u00a0<a href=\"https:\/\/elpais.com\/internacional\/elecciones-usa\/2024-10-28\/donald-trump-se-da-un-bano-de-multitudes-en-nueva-york-en-el-broche-de-oro-de-su-campana.html\" data-link-track-dtm=\"\" data-mrf-link=\"https:\/\/elpais.com\/internacional\/elecciones-usa\/2024-10-28\/donald-trump-se-da-un-bano-de-multitudes-en-nueva-york-en-el-broche-de-oro-de-su-campana.html\">en su mitin de Nueva York.<\/a>\u00a0En su primera gran entrevista tras ganar las elecciones, mantuvo su promesa de\u00a0<a href=\"https:\/\/elpais.com\/us\/2024-11-07\/lo-que-viene-con-trump-para-los-latinos-deportaciones-masivas-no-mas-parole-ni-daca-y-otras-amenazas.html\" data-link-track-dtm=\"\" data-mrf-link=\"https:\/\/elpais.com\/us\/2024-11-07\/lo-que-viene-con-trump-para-los-latinos-deportaciones-masivas-no-mas-parole-ni-daca-y-otras-amenazas.html\">deportar inmigrantes sin papeles,<\/a>\u00a0pero asegur\u00f3 que inicialmente la centrar\u00eda en \u201clos delincuentes\u201d y que luego con el resto ir\u00eda viendo \u201cc\u00f3mo va\u201d, abriendo la puerta a un pacto para que los llamados\u00a0<i>dreamers\u00a0<\/i><a href=\"https:\/\/elpais.com\/us\/2024-06-08\/los-dreamers-de-hace-una-decada-hoy-son-maestros-enfermeras-periodistas-abogados-y-estadounidenses-aun-sin-papeles.html\" data-link-track-dtm=\"\" data-mrf-link=\"https:\/\/elpais.com\/us\/2024-06-08\/los-dreamers-de-hace-una-decada-hoy-son-maestros-enfermeras-periodistas-abogados-y-estadounidenses-aun-sin-papeles.html\">(que llegaron como menores hijos de inmigrantes y han hecho su vida en el pa\u00eds)<\/a>\u00a0se queden en Estados Unidos.<\/p>\n<p class=\"\">El Congreso\u00a0<a href=\"https:\/\/elpais.com\/us\/migracion\/2025-01-13\/el-congreso-se-dispone-a-apoyar-la-primera-ley-de-deportacion-de-la-era-trump-con-apoyo-democrata.html\" target=\"_blank\" rel=\"noopener\" data-link-track-dtm=\"\" data-mrf-link=\"https:\/\/elpais.com\/us\/migracion\/2025-01-13\/el-congreso-se-dispone-a-apoyar-la-primera-ley-de-deportacion-de-la-era-trump-con-apoyo-democrata.html\">ultima la aprobaci\u00f3n de la primera ley de aportaciones de la era Trump.<\/a>\u00a0El Senado dio este viernes un paso decisivo hacia la aprobaci\u00f3n de la norma con apoyo dem\u00f3crata y est\u00e1 previsto que la C\u00e1mara alta apruebe el texto definitivamente el lunes, solo horas despu\u00e9s de la investidura de Trump. La ley volver\u00eda entonces a la C\u00e1mara de Representantes antes de estar lista para ser firmada por el presidente en sus primeros d\u00edas en el cargo.<\/p>\n<p class=\"\">La nueva ley exigir\u00eda al ICE que detenga a los inmigrantes no autorizados que sean acusados, detenidos o condenados por hurtos, robos y atracos no violentos, aunque no est\u00e9n condenados, y ordenar\u00eda que fueran detenidos hasta ser expulsados del pa\u00eds. Con la ley actual hace falta haber sido condenado por dos delitos menores o por uno grave para que los inmigrantes afronten la deportaci\u00f3n.<\/p>\n<p class=\"\">La ley lleva el nombre de Laken Riley, una estudiante de enfermer\u00eda de 22 a\u00f1os, asesinada en febrero pasado en la Universidad de Georgia en Athens por Jos\u00e9 Antonio Ibarra, un venezolano que cruz\u00f3 ilegalmente la frontera en septiembre de 2022 y al que, tras haber sido detenido por un hurto, se le permiti\u00f3 permanecer en libertad tramitando su situaci\u00f3n legal.\u00a0<a href=\"https:\/\/elpais.com\/internacional\/elecciones-usa\/2024-03-03\/el-camino-a-la-casa-blanca-empieza-en-la-frontera.html\" data-link-track-dtm=\"\" data-mrf-link=\"https:\/\/elpais.com\/internacional\/elecciones-usa\/2024-03-03\/el-camino-a-la-casa-blanca-empieza-en-la-frontera.html\">Fue uno de los casos que Trump explot\u00f3 en la campa\u00f1a electoral.<\/a>\u00a0Ibarra fue condenado a\u00a0<a href=\"https:\/\/elpais.com\/us\/2024-11-21\/condenado-a-cadena-perpetua-el-asesino-de-laken-riley-el-caso-que-uso-trump-para-criminalizar-a-los-inmigrantes.html\" data-link-track-dtm=\"\" data-mrf-link=\"https:\/\/elpais.com\/us\/2024-11-21\/condenado-a-cadena-perpetua-el-asesino-de-laken-riley-el-caso-que-uso-trump-para-criminalizar-a-los-inmigrantes.html\">cadena perpetua en noviembre.<\/a><\/p>\n","protected":false},"excerpt":{"rendered":"<p>&nbsp; &nbsp; &#8211; Las detenciones se centrar\u00e1n en los extranjeros sin papeles, los que tengan antecedentes penales y esto se extender\u00e1n al resto del pa\u00eds&hellip;<\/p>\n","protected":false},"author":99,"featured_media":527480,"comment_status":"open","ping_status":"open","sticky":false,"template":"","format":"standard","meta":{"footnotes":""},"categories":[24],"tags":[],"class_list":["post-527479","post","type-post","status-publish","format-standard","has-post-thumbnail","hentry","category-mundo"],"_links":{"self":[{"href":"https:\/\/diarioelpopular.com\/index.php\/wp-json\/wp\/v2\/posts\/527479","targetHints":{"allow":["GET"]}}],"collection":[{"href":"https:\/\/diarioelpopular.com\/index.php\/wp-json\/wp\/v2\/posts"}],"about":[{"href":"https:\/\/diarioelpopular.com\/index.php\/wp-json\/wp\/v2\/types\/post"}],"author":[{"embeddable":true,"href":"https:\/\/diarioelpopular.com\/index.php\/wp-json\/wp\/v2\/users\/99"}],"replies":[{"embeddable":true,"href":"https:\/\/diarioelpopular.com\/index.php\/wp-json\/wp\/v2\/comments?post=527479"}],"version-history":[{"count":1,"href":"https:\/\/diarioelpopular.com\/index.php\/wp-json\/wp\/v2\/posts\/527479\/revisions"}],"predecessor-version":[{"id":527481,"href":"https:\/\/diarioelpopular.com\/index.php\/wp-json\/wp\/v2\/posts\/527479\/revisions\/527481"}],"wp:featuredmedia":[{"embeddable":true,"href":"https:\/\/diarioelpopular.com\/index.php\/wp-json\/wp\/v2\/media\/527480"}],"wp:attachment":[{"href":"https:\/\/diarioelpopular.com\/index.php\/wp-json\/wp\/v2\/media?parent=527479"}],"wp:term":[{"taxonomy":"category","embeddable":true,"href":"https:\/\/diarioelpopular.com\/index.php\/wp-json\/wp\/v2\/categories?post=527479"},{"taxonomy":"post_tag","embeddable":true,"href":"https:\/\/diarioelpopular.com\/index.php\/wp-json\/wp\/v2\/tags?post=527479"}],"curies":[{"name":"wp","href":"https:\/\/api.w.org\/{rel}","templated":true}]}}