{"id":527487,"date":"2025-01-18T13:42:27","date_gmt":"2025-01-18T17:42:27","guid":{"rendered":"https:\/\/diarioelpopular.com\/?p=527487"},"modified":"2025-01-18T13:42:27","modified_gmt":"2025-01-18T17:42:27","slug":"cuales-son-las-teorias-sobre-las-causas-de-los-incendios-en-los-angeles-que-examinan-los-investigadores","status":"publish","type":"post","link":"https:\/\/diarioelpopular.com\/index.php\/2025\/01\/18\/cuales-son-las-teorias-sobre-las-causas-de-los-incendios-en-los-angeles-que-examinan-los-investigadores\/","title":{"rendered":"Cu\u00e1les son las teor\u00edas sobre las causas de los incendios en Los \u00c1ngeles que examinan los investigadores"},"content":{"rendered":"<p><img loading=\"lazy\" decoding=\"async\" class=\"alignnone size-custom-full-size wp-image-527488\" src=\"https:\/\/diarioelpopular.com\/wp-content\/uploads\/2025\/01\/Screen-Shot-2025-01-18-at-12.42.04-PM-636x352.png\" alt=\"\" width=\"636\" height=\"352\" srcset=\"https:\/\/diarioelpopular.com\/wp-content\/uploads\/2025\/01\/Screen-Shot-2025-01-18-at-12.42.04-PM-636x352.png 636w, https:\/\/diarioelpopular.com\/wp-content\/uploads\/2025\/01\/Screen-Shot-2025-01-18-at-12.42.04-PM-300x166.png 300w, https:\/\/diarioelpopular.com\/wp-content\/uploads\/2025\/01\/Screen-Shot-2025-01-18-at-12.42.04-PM-768x425.png 768w, https:\/\/diarioelpopular.com\/wp-content\/uploads\/2025\/01\/Screen-Shot-2025-01-18-at-12.42.04-PM-132x73.png 132w, https:\/\/diarioelpopular.com\/wp-content\/uploads\/2025\/01\/Screen-Shot-2025-01-18-at-12.42.04-PM.png 1024w\" sizes=\"auto, (max-width: 636px) 100vw, 636px\" \/><\/p>\n<p>&nbsp;<\/p>\n<div class=\"bbc-19j92fr ebmt73l0\" dir=\"ltr\">\n<ul>\n<li class=\"bbc-hhl7in e17g058b0\" dir=\"ltr\"><em><b>El sendero que atraviesa el ca\u00f1\u00f3n de Temescal, en el oeste de Los \u00c1ngeles, es uno de los favoritos de los excursionistas de la zona.<\/b><\/em><\/li>\n<\/ul>\n<\/div>\n<div class=\"bbc-19j92fr ebmt73l0\" dir=\"ltr\">\n<p dir=\"ltr\">\n<p dir=\"ltr\">\n<p class=\"bbc-hhl7in e17g058b0\" dir=\"ltr\">Elev\u00e1ndose por encima de las sinuosas carreteras y las cuidadas casas que conforman Pacific Palisades, los residentes urbanos que buscan escapar de la famosa y congestionada ciudad estadounidense tienen all\u00ed una vista clara de las pr\u00edstinas aguas del Pac\u00edfico.<\/p>\n<\/div>\n<div class=\"bbc-19j92fr ebmt73l0\" dir=\"ltr\">\n<p class=\"bbc-hhl7in e17g058b0\" dir=\"ltr\">Ahora, el sendero verde de los ca\u00f1ones est\u00e1 gris y quemado.<\/p>\n<\/div>\n<div class=\"bbc-19j92fr ebmt73l0\" dir=\"ltr\">\n<p class=\"bbc-hhl7in e17g058b0\" dir=\"ltr\">Una cinta policial amarilla rodea el camino hasta el sendero. La polic\u00eda que vigila esta zona la considera una &#8220;escena del crimen&#8221; e impidi\u00f3 que los periodistas de la BBC, incluido yo, nos acerc\u00e1ramos m\u00e1s.<\/p>\n<\/div>\n<div class=\"bbc-19j92fr ebmt73l0\" dir=\"ltr\">\n<p class=\"bbc-hhl7in e17g058b0\" dir=\"ltr\">All\u00ed es donde los investigadores creen que pudo haberse iniciado el incendio mortal que destruy\u00f3 tantas casas en la zona.<\/p>\n<\/div>\n<div class=\"bbc-19j92fr ebmt73l0\" dir=\"ltr\">\n<p class=\"bbc-hhl7in e17g058b0\" dir=\"ltr\">Una escena similar se est\u00e1 desarrollando al otro lado de la ciudad, en el norte de Los \u00c1ngeles.<\/p>\n<\/div>\n<div class=\"bbc-19j92fr ebmt73l0\" dir=\"ltr\">\n<p class=\"bbc-hhl7in e17g058b0\" dir=\"ltr\">All\u00ed,\u00a0la comunidad de Altadena fue arrasada por un incendio diferente que se inici\u00f3 en las monta\u00f1as de San Gabriel.<\/p>\n<\/div>\n<div class=\"bbc-19j92fr ebmt73l0\" dir=\"ltr\">\n<p class=\"bbc-hhl7in e17g058b0\" dir=\"ltr\">Los investigadores de ambos lugares est\u00e1n recorriendo ca\u00f1ones y senderos, y examinando rocas, botellas, latas, cualquier resto que haya quedado y que pueda contener pistas sobre el origen de estos incendios, que a\u00fan se desconoce.<\/p>\n<\/div>\n<div class=\"bbc-19j92fr ebmt73l0\" dir=\"ltr\">\n<p class=\"bbc-hhl7in e17g058b0\" dir=\"ltr\">Es lo \u00fanico que los habitantes de Los \u00c1ngeles, angustiados y devastados, est\u00e1n desesperados por saber: \u00bfc\u00f3mo comenzaron estos incendios?<\/p>\n<\/div>\n<div class=\"bbc-19j92fr ebmt73l0\" dir=\"ltr\">\n<p class=\"bbc-hhl7in e17g058b0\" dir=\"ltr\">Sin tener respuestas, algunos habitantes de California -un estado propenso a los incendios- est\u00e1n llenando los vac\u00edos ellos mismos.<\/p>\n<\/div>\n<div class=\"bbc-19j92fr ebmt73l0\" dir=\"ltr\">\n<p class=\"bbc-hhl7in e17g058b0\" dir=\"ltr\">Se ha se\u00f1alado a pir\u00f3manos, a las compa\u00f1\u00edas el\u00e9ctricas o incluso a un incendio que se produjo d\u00edas antes en Pacific Palisades y que fue sofocado pero que pudo haberse vuelto a encender con los vientos de Santa Ana que soplaron a 128-160 kmph la semana pasada.<\/p>\n<\/div>\n<div class=\"bbc-19j92fr ebmt73l0\" dir=\"ltr\">\n<p class=\"bbc-hhl7in e17g058b0\" dir=\"ltr\">Los investigadores\u00a0examinan todas esas teor\u00edas y m\u00e1s.<\/p>\n<\/div>\n<div class=\"bbc-19j92fr ebmt73l0\" dir=\"ltr\">\n<p class=\"bbc-hhl7in e17g058b0\" dir=\"ltr\">Est\u00e1n siguiendo decenas de pistas con la esperanza de que los indicios en los patrones de propagaci\u00f3n, las im\u00e1genes de vigilancia y los testimonios de los primeros rescatistas y testigos puedan explicar por qu\u00e9 Los \u00c1ngeles fue testigo el 7 de enero de dos de los incendios m\u00e1s destructivos de la historia de Estados Unidos, que hasta ahora han matado a 27 personas y destruido m\u00e1s de 12.000 hogares y negocios.<\/p>\n<\/div>\n<div class=\"bbc-19j92fr ebmt73l0\" dir=\"ltr\">\n<p class=\"bbc-hhl7in e17g058b0\" dir=\"ltr\">Pero resolver este tr\u00e1gico misterio llevar\u00e1 tiempo, posiblemente hasta un a\u00f1o.<\/p>\n<\/div>\n<div class=\"bbc-19j92fr ebmt73l0\" dir=\"ltr\">\n<p class=\"bbc-hhl7in e17g058b0\" dir=\"ltr\">&#8220;Es demasiado pronto&#8221;, dijo Ginger Colbrun, portavoz de la divisi\u00f3n de Los \u00c1ngeles de la Oficina de Alcohol, Tabaco, Armas de Fuego y Explosivos (ATF) de Estados Unidos.<\/p>\n<\/div>\n<div class=\"bbc-19j92fr ebmt73l0\" dir=\"ltr\">\n<p class=\"bbc-hhl7in e17g058b0\" dir=\"ltr\">&#8220;Todo el mundo quiere respuestas, nosotros queremos respuestas, la comunidad quiere respuestas. Se merecen una explicaci\u00f3n. S\u00f3lo que llevar\u00e1 tiempo&#8221;.<\/p>\n<p dir=\"ltr\">\n<\/div>\n<figure class=\"bbc-1qn0xuy\">\n<div class=\"bbc-18ywsw9\">\n<div style=\"width: 986px\" class=\"wp-caption alignnone\"><img loading=\"lazy\" decoding=\"async\" class=\"bbc-139onq\" src=\"https:\/\/ichef.bbci.co.uk\/ace\/ws\/640\/cpsprodpb\/4e09\/live\/c2234ca0-d4e4-11ef-94cb-5f844ceb9e30.jpg.webp\" alt=\"trabajadores en el ca\u00f1\u00f3n de Temescal\" width=\"976\" height=\"549\" \/><p class=\"wp-caption-text\">Se pueden observar trabajadores en lo alto de un \u00e1rea quemada del ca\u00f1\u00f3n de Temescal<\/p><\/div>\n<\/div><figcaption class=\"bbc-15f1ujd\" dir=\"ltr\"><\/figcaption><\/figure>\n<div class=\"bbc-19j92fr ebmt73l0\" dir=\"ltr\">\n<h2 tabindex=\"-1\"><\/h2>\n<h2 id=\"Huele-a-quemado\" class=\"bbc-1lgzob2 eglt09e0\" tabindex=\"-1\">&#8220;Huele a quemado&#8221;<\/h2>\n<\/div>\n<div class=\"bbc-19j92fr ebmt73l0\" dir=\"ltr\">\n<p class=\"bbc-hhl7in e17g058b0\" dir=\"ltr\">El primer rastro del incendio de Palisades puede haber sido visto por Kai Cranmore y sus amigos mientras caminaban por el ca\u00f1\u00f3n de Temescal, en un sendero frecuentado por amantes de la naturaleza y fumadores de marihuana de California.<\/p>\n<\/div>\n<div class=\"bbc-19j92fr ebmt73l0\" dir=\"ltr\">\n<p class=\"bbc-hhl7in e17g058b0\" dir=\"ltr\">No es raro que los visitantes traigan alcohol y m\u00fasica, relaj\u00e1ndose en la naturaleza junto a Skull Rock, una formaci\u00f3n rocosa emblem\u00e1tica a lo largo del sendero.<\/p>\n<\/div>\n<div class=\"bbc-19j92fr ebmt73l0\" dir=\"ltr\">\n<p class=\"bbc-hhl7in e17g058b0\" dir=\"ltr\">En una serie de videos publicados en l\u00ednea, se ve a Cranmore y sus amigos corriendo por el ca\u00f1\u00f3n la ma\u00f1ana del 7 de enero.<\/p>\n<\/div>\n<div class=\"bbc-19j92fr ebmt73l0\" dir=\"ltr\">\n<p class=\"bbc-hhl7in e17g058b0\" dir=\"ltr\">Sus primeros videos muestran una peque\u00f1a nube de humo que se eleva desde una colina mientras avanzan a trav\u00e9s de formaciones rocosas y de maleza en una huida desesperada.<\/p>\n<\/div>\n<div class=\"bbc-19j92fr ebmt73l0\" dir=\"ltr\">\n<p class=\"bbc-hhl7in e17g058b0\" dir=\"ltr\">Sin aliento,\u00a0comentan haber olido a quemado antes de ver el humo que se elevaba.<\/p>\n<\/div>\n<div class=\"bbc-19j92fr ebmt73l0\" dir=\"ltr\">\n<p class=\"bbc-hhl7in e17g058b0\" dir=\"ltr\">En otros videos, esa peque\u00f1a nube se vuelve m\u00e1s oscura y luego se pueden ver llamas que se elevan sobre la cima de la colina.<\/p>\n<\/div>\n<div class=\"bbc-19j92fr ebmt73l0\" dir=\"ltr\">\n<p class=\"bbc-hhl7in e17g058b0\" dir=\"ltr\">&#8220;Amigo, ah\u00ed es justo donde est\u00e1bamos&#8221;, exclama una persona en el video mientras azotan las llamas en la distancia. &#8220;Literalmente est\u00e1bamos all\u00ed&#8221;, agrega otro.<\/p>\n<\/div>\n<div class=\"bbc-19j92fr ebmt73l0\" dir=\"ltr\">\n<p class=\"bbc-hhl7in e17g058b0\" dir=\"ltr\">Los videos de los excursionistas est\u00e1n siendo examinados como parte de la investigaci\u00f3n oficial sobre el origen del incendio de Palisades, confirm\u00f3 Colbrun de la ATF, indicando que esa es solo una de las muchas pistas e indicios potenciales que se han enviado a las autoridades.<\/p>\n<\/div>\n<div class=\"bbc-19j92fr ebmt73l0\" dir=\"ltr\">\n<p class=\"bbc-hhl7in e17g058b0\" dir=\"ltr\">&#8220;Los investigadores est\u00e1n hablando con todo el mundo&#8221;, afirm\u00f3.<\/p>\n<p dir=\"ltr\">\n<\/div>\n<figure class=\"bbc-1qn0xuy\">\n<div class=\"bbc-18ywsw9\">\n<div style=\"width: 1028px\" class=\"wp-caption alignnone\"><img loading=\"lazy\" decoding=\"async\" class=\"bbc-139onq\" src=\"https:\/\/ichef.bbci.co.uk\/ace\/ws\/640\/cpsprodpb\/60ed\/live\/d6461090-d4e5-11ef-9aad-49f5f16e12eb.jpg.webp\" alt=\"Autos destruidos por el incendio en el ca\u00f1\u00f3n de Temescal.\" width=\"1018\" height=\"572\" \/><p class=\"wp-caption-text\">Fuente de la imagen,Getty Images.\u00a0\u00a0Autos destruidos por el incendio en el ca\u00f1\u00f3n de Temescal.<\/p><\/div>\n<\/div>\n<\/figure>\n<div class=\"bbc-19j92fr ebmt73l0\" dir=\"ltr\">\n<p dir=\"ltr\">\n<p dir=\"ltr\">\n<p class=\"bbc-hhl7in e17g058b0\" dir=\"ltr\">Algunos en internet se apresuraron a culpar al grupo de excursionistas por el incendio, se\u00f1alando lo cerca que estaban del fuego cuando estall\u00f3.<\/p>\n<\/div>\n<div class=\"bbc-19j92fr ebmt73l0\" dir=\"ltr\">\n<p class=\"bbc-hhl7in e17g058b0\" dir=\"ltr\">Incluso el actor Rob Schneider en una publicaci\u00f3n pidi\u00f3 a sus seguidores que los ayudaran a identificarlos.<\/p>\n<\/div>\n<div class=\"bbc-19j92fr ebmt73l0\" dir=\"ltr\">\n<p class=\"bbc-hhl7in e17g058b0\" dir=\"ltr\">En entrevistas con medios de comunicaci\u00f3n estadounidenses, los miembros del grupo de excursionistas se\u00f1alaron lo asustados que estaban cuando la gente comenz\u00f3 a atacarlos en l\u00ednea.<\/p>\n<\/div>\n<div class=\"bbc-19j92fr ebmt73l0\" dir=\"ltr\">\n<p class=\"bbc-hhl7in e17g058b0\" dir=\"ltr\">Uno de los j\u00f3venes dijo que borr\u00f3 sus cuentas de redes sociales.<\/p>\n<\/div>\n<div class=\"bbc-19j92fr ebmt73l0\" dir=\"ltr\">\n<p class=\"bbc-hhl7in e17g058b0\" dir=\"ltr\">&#8220;Da miedo&#8221;, declar\u00f3 un miembro del grupo al diario LA Times. &#8220;El solo hecho de saber con certeza que no lo hicimos, pero luego ver la cantidad de personas que tienen diferentes teor\u00edas, es abrumador&#8221;.<\/p>\n<\/div>\n<div class=\"bbc-19j92fr ebmt73l0\" dir=\"ltr\">\n<p class=\"bbc-hhl7in e17g058b0\" dir=\"ltr\">Colbrun indic\u00f3 que los investigadores\u00a0tambi\u00e9n estaban hablando con los bomberos que respondieron d\u00edas antes a un incendio que se desat\u00f3 cerca del mismo ca\u00f1\u00f3n.<\/p>\n<\/div>\n<div class=\"bbc-19j92fr ebmt73l0\" dir=\"ltr\">\n<p class=\"bbc-hhl7in e17g058b0\" dir=\"ltr\">Una teor\u00eda persistente sostiene que un fuego peque\u00f1o el 1 de enero nunca se extingui\u00f3 por completo y se reaviv\u00f3 seis d\u00edas despu\u00e9s cuando los vientos aumentaron.<\/p>\n<\/div>\n<div class=\"bbc-19j92fr ebmt73l0\" dir=\"ltr\">\n<p class=\"bbc-hhl7in e17g058b0\" dir=\"ltr\">Se cree que el incendio de Palisades estall\u00f3 alrededor de las 10:30 hora local del 7 de enero, pero varios excursionistas dijeron a los medios estadounidenses que hab\u00edan olido humo esa ma\u00f1ana mientras caminaban por el sendero.<\/p>\n<\/div>\n<div class=\"bbc-19j92fr ebmt73l0\" dir=\"ltr\">\n<p class=\"bbc-hhl7in e17g058b0\" dir=\"ltr\">Un guardia de seguridad que trabaja cerca del sendero dijo que durante varios d\u00edas hab\u00eda visto humo o polvo en el \u00e1rea.<\/p>\n<\/div>\n<div class=\"bbc-19j92fr ebmt73l0\" dir=\"ltr\">\n<p class=\"bbc-hhl7in e17g058b0\" dir=\"ltr\">La ma\u00f1ana del incendio estaba patrullando el barrio que bordea el ca\u00f1\u00f3n y llam\u00f3 a los bomberos cuando se formaba una columna de humo.<\/p>\n<\/div>\n<div class=\"bbc-19j92fr ebmt73l0\" dir=\"ltr\">\n<p class=\"bbc-hhl7in e17g058b0\" dir=\"ltr\">Pero el jefe de bomberos del condado de Los \u00c1ngeles, Anthony Marrone, descart\u00f3 las especulaciones de que los dos incendios en Palisades, con casi una semana de diferencia, pudieran estar relacionados.<\/p>\n<\/div>\n<div class=\"bbc-19j92fr ebmt73l0\" dir=\"ltr\">\n<p class=\"bbc-hhl7in e17g058b0\" dir=\"ltr\">&#8220;No lo creo. Personalmente, no lo creo&#8221;, le dijo a la BBC. &#8220;Pienso que una semana es demasiado tiempo para que se reactive un incendio que no se contuvo por completo&#8221;.<\/p>\n<\/div>\n<div class=\"bbc-19j92fr ebmt73l0\" dir=\"ltr\">\n<p class=\"bbc-hhl7in e17g058b0\" dir=\"ltr\">Reconoci\u00f3 que este tipo de incidentes ocurren, pero son poco frecuentes.<\/p>\n<p dir=\"ltr\">\n<\/div>\n<figure class=\"bbc-1qn0xuy\">\n<div class=\"bbc-18ywsw9\"><img loading=\"lazy\" decoding=\"async\" class=\"bbc-139onq\" src=\"https:\/\/ichef.bbci.co.uk\/ace\/ws\/640\/cpsprodpb\/15a3\/live\/4de4edb0-d4e6-11ef-94cb-5f844ceb9e30.png.webp\" sizes=\"auto, (min-width: 1008px) 760px, 100vw\" srcset=\"https:\/\/ichef.bbci.co.uk\/ace\/ws\/240\/cpsprodpb\/15a3\/live\/4de4edb0-d4e6-11ef-94cb-5f844ceb9e30.png.webp 240w, https:\/\/ichef.bbci.co.uk\/ace\/ws\/320\/cpsprodpb\/15a3\/live\/4de4edb0-d4e6-11ef-94cb-5f844ceb9e30.png.webp 320w, https:\/\/ichef.bbci.co.uk\/ace\/ws\/480\/cpsprodpb\/15a3\/live\/4de4edb0-d4e6-11ef-94cb-5f844ceb9e30.png.webp 480w, https:\/\/ichef.bbci.co.uk\/ace\/ws\/624\/cpsprodpb\/15a3\/live\/4de4edb0-d4e6-11ef-94cb-5f844ceb9e30.png.webp 624w, https:\/\/ichef.bbci.co.uk\/ace\/ws\/800\/cpsprodpb\/15a3\/live\/4de4edb0-d4e6-11ef-94cb-5f844ceb9e30.png.webp 800w\" alt=\"gr\u00e1fico\" width=\"1280\" height=\"2146\" \/><\/div>\n<\/figure>\n<div class=\"bbc-19j92fr ebmt73l0\" dir=\"ltr\">\n<p dir=\"ltr\">\n<p class=\"bbc-hhl7in e17g058b0\" dir=\"ltr\">Si bien la agencia del jefe de bomberos Marrone no est\u00e1 liderando la investigaci\u00f3n sobre el incendio de Palisades, afirm\u00f3 que los investigadores tambi\u00e9n estaban examinando la posibilidad de que se tratara de un incendio provocado.<\/p>\n<\/div>\n<div class=\"bbc-19j92fr ebmt73l0\" dir=\"ltr\">\n<p class=\"bbc-hhl7in e17g058b0\" dir=\"ltr\">&#8220;Tuvimos numerosos incendios en la regi\u00f3n del condado de Los \u00c1ngeles casi simult\u00e1neamente, lo que nos lleva a creer que estos fuegos fueron provocados intencionalmente por una persona&#8221;, afirm\u00f3 Marrone.<\/p>\n<\/div>\n<div class=\"bbc-19j92fr ebmt73l0\" dir=\"ltr\">\n<p class=\"bbc-hhl7in e17g058b0\" dir=\"ltr\">Agrega que aproximadamente la mitad de los incendios forestales a los que la agencia suele responder son provocados intencionalmente.<\/p>\n<\/div>\n<div class=\"bbc-19j92fr ebmt73l0\" dir=\"ltr\">\n<p class=\"bbc-hhl7in e17g058b0\" dir=\"ltr\">Se enciende un poste de electricidad (y se propaga una teor\u00eda)<\/p>\n<\/div>\n<div class=\"bbc-19j92fr ebmt73l0\" dir=\"ltr\">\n<p class=\"bbc-hhl7in e17g058b0\" dir=\"ltr\">El jefe Marrone ha estado centrado principalmente en el otro lado de la ciudad, apagando el incendio de Eaton que arras\u00f3 gran parte de Altadena.<\/p>\n<\/div>\n<div class=\"bbc-19j92fr ebmt73l0\" dir=\"ltr\">\n<p class=\"bbc-hhl7in e17g058b0\" dir=\"ltr\">Se propag\u00f3 por barrios enteros, destruy\u00f3 bloques de negocios y mat\u00f3 al menos a 17 personas.<\/p>\n<\/div>\n<div class=\"bbc-19j92fr ebmt73l0\" dir=\"ltr\">\n<p class=\"bbc-hhl7in e17g058b0\" dir=\"ltr\">La agencia\u00a0est\u00e1 trabajando con Cal Fire, la agencia estatal de bomberos de California, para investigar la causa de ese incendio y d\u00f3nde se inici\u00f3.<\/p>\n<\/div>\n<div class=\"bbc-19j92fr ebmt73l0\" dir=\"ltr\">\n<p class=\"bbc-hhl7in e17g058b0\" dir=\"ltr\">El incendio de Eaton estall\u00f3 poco despu\u00e9s del atardecer del 7 de enero, horas m\u00e1s tarde de que los bomberos se vieran abrumados en Palisades.<\/p>\n<\/div>\n<div class=\"bbc-19j92fr ebmt73l0\" dir=\"ltr\">\n<p class=\"bbc-hhl7in e17g058b0\" dir=\"ltr\">Jeffrey Ku captur\u00f3 lo que podr\u00edan ser algunas de las primeras im\u00e1genes del incendio.<\/p>\n<\/div>\n<div class=\"bbc-19j92fr ebmt73l0\" dir=\"ltr\">\n<p class=\"bbc-hhl7in e17g058b0\" dir=\"ltr\">Una c\u00e1mara para puerta en su casa captur\u00f3 el momento en que su esposa lo sac\u00f3 de all\u00ed.<\/p>\n<\/div>\n<div class=\"bbc-19j92fr ebmt73l0\" dir=\"ltr\">\n<p class=\"bbc-hhl7in e17g058b0\" dir=\"ltr\">&#8220;Cari\u00f1o, necesito que vengas aqu\u00ed ahora mismo&#8221;, le dice mientras su cabello se agita con los fuertes vientos. &#8220;Tenemos un problema muy grande&#8221;.<\/p>\n<\/div>\n<div class=\"bbc-19j92fr ebmt73l0\" dir=\"ltr\">\n<p class=\"bbc-hhl7in e17g058b0\" dir=\"ltr\">&#8220;\u00a1Ay, no!&#8221; Se puede escuchar a Ku diciendo mientras las llamas de color naranja brillante iluminan el cielo.<\/p>\n<p dir=\"ltr\">\n<\/div>\n<figure class=\"bbc-1qn0xuy\">\n<div class=\"bbc-18ywsw9\">\n<div style=\"width: 986px\" class=\"wp-caption alignnone\"><img loading=\"lazy\" decoding=\"async\" class=\"bbc-139onq\" src=\"https:\/\/ichef.bbci.co.uk\/ace\/ws\/640\/cpsprodpb\/c839\/live\/a4631c20-d4e6-11ef-87df-d575b9a434a4.jpg.webp\" alt=\"Jeffrey Ku\" width=\"976\" height=\"549\" \/><p class=\"wp-caption-text\">Jeffrey Ku y su esposa tuvieron que escapar r\u00e1pidamente cuando notaron que el fuego se acercaba a su casa.<\/p><\/div>\n<\/div><figcaption class=\"bbc-15f1ujd\" dir=\"ltr\"><\/figcaption><\/figure>\n<div class=\"bbc-19j92fr ebmt73l0\" dir=\"ltr\">\n<p dir=\"ltr\">\n<p class=\"bbc-hhl7in e17g058b0\" dir=\"ltr\">En ese momento, el fuego todav\u00eda era peque\u00f1o. Ard\u00eda bajo una gran torre de metal en la ladera de la monta\u00f1a.<\/p>\n<\/div>\n<div class=\"bbc-19j92fr ebmt73l0\" dir=\"ltr\">\n<p class=\"bbc-hhl7in e17g058b0\" dir=\"ltr\">En una serie de videos, Ku document\u00f3 la rapidez con la que se propag\u00f3; cada actualizaci\u00f3n transmit\u00eda m\u00e1s preocupaci\u00f3n en su voz mientras \u00e9l y su esposa empacaban lo que pod\u00edan para irse.<\/p>\n<\/div>\n<div class=\"bbc-19j92fr ebmt73l0\" dir=\"ltr\">\n<p class=\"bbc-hhl7in e17g058b0\" dir=\"ltr\">&#8220;Por favor, Dios, por favor, Dios, s\u00e1lvanos, salva nuestra casa. Por favor, Dios, por favor&#8221;, dice en uno de ellos, mientras todo el cielo brilla de color anaranjado. Las sirenas resuenan a su alrededor.<\/p>\n<\/div>\n<div class=\"bbc-19j92fr ebmt73l0\" dir=\"ltr\">\n<p class=\"bbc-hhl7in e17g058b0\" dir=\"ltr\">La gran torre de servicios p\u00fablicos de metal cerca de la casa de Ku ahora es el centro de atenci\u00f3n de los investigadores de incendios.<\/p>\n<\/div>\n<div class=\"bbc-19j92fr ebmt73l0\" dir=\"ltr\">\n<p class=\"bbc-hhl7in e17g058b0\" dir=\"ltr\">En el pasado se ha responsabilizado a los proveedores de servicios p\u00fablicos de algunos de los peores incendios de California, incluido el incendio de Camp en 2018 que mat\u00f3 a 85 personas y destruy\u00f3 la ciudad de Paradise.<\/p>\n<\/div>\n<div class=\"bbc-19j92fr ebmt73l0\" dir=\"ltr\">\n<p class=\"bbc-hhl7in e17g058b0\" dir=\"ltr\">En 2019, Pacific Gas and Electric (PG&amp;E) lleg\u00f3 a un acuerdo de US$13.500 millones con las v\u00edctimas del incendio de Camp y otros incendios forestales en el estado.<\/p>\n<\/div>\n<div class=\"bbc-19j92fr ebmt73l0\" dir=\"ltr\">\n<p class=\"bbc-hhl7in e17g058b0\" dir=\"ltr\">En la semana transcurrida desde el incendio de Eaton, ya se han presentado al menos cinco demandas contra Southern California Edison, el proveedor de energ\u00eda que opera la torre cercana a la casa de Ku.<\/p>\n<\/div>\n<div class=\"bbc-19j92fr ebmt73l0\" dir=\"ltr\">\n<p class=\"bbc-hhl7in e17g058b0\" dir=\"ltr\">La compa\u00f1\u00eda dice que\u00a0no ha encontrado ninguna evidencia de que su equipo fuera responsable del incendio y est\u00e1 revisando las demandas.<\/p>\n<\/div>\n<div class=\"bbc-19j92fr ebmt73l0\" dir=\"ltr\">\n<p class=\"bbc-hhl7in e17g058b0\" dir=\"ltr\">En una declaraci\u00f3n, afirm\u00f3 que su an\u00e1lisis preliminar de las l\u00edneas de transmisi\u00f3n a trav\u00e9s del ca\u00f1\u00f3n mostr\u00f3 que &#8220;no hubo interrupciones ni anomal\u00edas operativas\/el\u00e9ctricas en las 12 horas anteriores a la hora reportada de inicio del incendio hasta m\u00e1s de una hora despu\u00e9s de la hora reportada de inicio del incendio&#8221;.<\/p>\n<\/div>\n<div class=\"bbc-19j92fr ebmt73l0\" dir=\"ltr\">\n<p class=\"bbc-hhl7in e17g058b0\" dir=\"ltr\">Adem\u00e1s, la empresa afirm\u00f3 que sus l\u00edneas de distribuci\u00f3n al oeste del ca\u00f1\u00f3n de Eaton &#8220;se desconectaron mucho antes de la hora de inicio del incendio&#8221;, como parte de su programa de apagado de seguridad contra incendios.<\/p>\n<\/div>\n<div class=\"bbc-19j92fr ebmt73l0\" dir=\"ltr\">\n<p class=\"bbc-hhl7in e17g058b0\" dir=\"ltr\">El jefe Marrone dijo que los investigadores estudiaban todas las posibilidades, incluida la de que la torre pudiera haber sido el lugar donde se inici\u00f3 un fuego, lo que significa que el incendio inicial podr\u00eda haber empezado en otro lugar pero luego se extendi\u00f3 a la torre con las brasas que volaban.<\/p>\n<p dir=\"ltr\">\n<\/div>\n<figure class=\"bbc-1qn0xuy\">\n<div class=\"bbc-18ywsw9\">\n<div style=\"width: 810px\" class=\"wp-caption alignnone\"><img loading=\"lazy\" decoding=\"async\" class=\"bbc-139onq\" src=\"https:\/\/ichef.bbci.co.uk\/ace\/ws\/640\/cpsprodpb\/9907\/live\/0a568170-d4e7-11ef-94cb-5f844ceb9e30.jpg.webp\" alt=\"incendio de Palisades\" width=\"800\" height=\"475\" \/><p class=\"wp-caption-text\">Fuente de la imagen,Getty Images.\u00a0\u00a0En Palisades muchas viviendas est\u00e1n rodeadas de vegetaci\u00f3n, lo cual las expone a los incendios forestales.<\/p><\/div>\n<\/div>\n<\/figure>\n<div class=\"bbc-19j92fr ebmt73l0\" dir=\"ltr\">\n<p dir=\"ltr\">\n<p dir=\"ltr\">\n<p class=\"bbc-hhl7in e17g058b0\" dir=\"ltr\">Explic\u00f3 que la torre donde se detect\u00f3 el incendio no es como las que se ven en los barrios.<\/p>\n<\/div>\n<div class=\"bbc-19j92fr ebmt73l0\" dir=\"ltr\">\n<p class=\"bbc-hhl7in e17g058b0\" dir=\"ltr\">No es un poste de madera con un transformador peque\u00f1o que puede explotar f\u00e1cilmente o que tiene cables delgados, se trata de una enorme torre de transmisi\u00f3n de metal con l\u00edneas de alta tensi\u00f3n tan gruesas como un pu\u00f1o.<\/p>\n<\/div>\n<div class=\"bbc-19j92fr ebmt73l0\" dir=\"ltr\">\n<p class=\"bbc-hhl7in e17g058b0\" dir=\"ltr\">Este tipo de l\u00edneas de alta tensi\u00f3n no suelen ser la causa de los incendios porque est\u00e1n informatizadas, explic\u00f3, y el sistema apaga autom\u00e1ticamente la energ\u00eda cuando hay un problema.<\/p>\n<\/div>\n<div class=\"bbc-19j92fr ebmt73l0\" dir=\"ltr\">\n<p class=\"bbc-hhl7in e17g058b0\" dir=\"ltr\">Sin embargo, se\u00f1al\u00f3 que los investigadores estaban analizando si los sistemas de Southern California Edison funcionaron correctamente esa noche y cortaron la energ\u00eda.<\/p>\n<\/div>\n<div class=\"bbc-19j92fr ebmt73l0\" dir=\"ltr\">\n<p class=\"bbc-hhl7in e17g058b0\" dir=\"ltr\">Cal Fire advirti\u00f3\u00a0sobre encontrar responsables tan pronto en la investigaci\u00f3n.<\/p>\n<\/div>\n<div class=\"bbc-19j92fr ebmt73l0\" dir=\"ltr\">\n<p class=\"bbc-hhl7in e17g058b0\" dir=\"ltr\">&#8220;Queremos asegurarnos de que no estamos se\u00f1alando a nadie en ninguna direcci\u00f3n porque hemos visto lo que sucede cuando alguien es acusado falsamente&#8221;, dijo Gerry Maga\u00f1a, subdirector de operaciones de Cal Fire.<\/p>\n<\/div>\n<div class=\"bbc-19j92fr ebmt73l0\" dir=\"ltr\">\n<p class=\"bbc-hhl7in e17g058b0\" dir=\"ltr\">&#8220;Eso siembra el caos&#8221;.<\/p>\n<\/div>\n","protected":false},"excerpt":{"rendered":"<p>&nbsp; El sendero que atraviesa el ca\u00f1\u00f3n de Temescal, en el oeste de Los \u00c1ngeles, es uno de los favoritos de los excursionistas de la&hellip;<\/p>\n","protected":false},"author":99,"featured_media":527488,"comment_status":"open","ping_status":"open","sticky":false,"template":"","format":"standard","meta":{"footnotes":""},"categories":[24],"tags":[],"class_list":["post-527487","post","type-post","status-publish","format-standard","has-post-thumbnail","hentry","category-mundo"],"_links":{"self":[{"href":"https:\/\/diarioelpopular.com\/index.php\/wp-json\/wp\/v2\/posts\/527487","targetHints":{"allow":["GET"]}}],"collection":[{"href":"https:\/\/diarioelpopular.com\/index.php\/wp-json\/wp\/v2\/posts"}],"about":[{"href":"https:\/\/diarioelpopular.com\/index.php\/wp-json\/wp\/v2\/types\/post"}],"author":[{"embeddable":true,"href":"https:\/\/diarioelpopular.com\/index.php\/wp-json\/wp\/v2\/users\/99"}],"replies":[{"embeddable":true,"href":"https:\/\/diarioelpopular.com\/index.php\/wp-json\/wp\/v2\/comments?post=527487"}],"version-history":[{"count":1,"href":"https:\/\/diarioelpopular.com\/index.php\/wp-json\/wp\/v2\/posts\/527487\/revisions"}],"predecessor-version":[{"id":527489,"href":"https:\/\/diarioelpopular.com\/index.php\/wp-json\/wp\/v2\/posts\/527487\/revisions\/527489"}],"wp:featuredmedia":[{"embeddable":true,"href":"https:\/\/diarioelpopular.com\/index.php\/wp-json\/wp\/v2\/media\/527488"}],"wp:attachment":[{"href":"https:\/\/diarioelpopular.com\/index.php\/wp-json\/wp\/v2\/media?parent=527487"}],"wp:term":[{"taxonomy":"category","embeddable":true,"href":"https:\/\/diarioelpopular.com\/index.php\/wp-json\/wp\/v2\/categories?post=527487"},{"taxonomy":"post_tag","embeddable":true,"href":"https:\/\/diarioelpopular.com\/index.php\/wp-json\/wp\/v2\/tags?post=527487"}],"curies":[{"name":"wp","href":"https:\/\/api.w.org\/{rel}","templated":true}]}}