{"id":527491,"date":"2025-01-18T13:59:32","date_gmt":"2025-01-18T17:59:32","guid":{"rendered":"https:\/\/diarioelpopular.com\/?p=527491"},"modified":"2025-01-18T13:59:32","modified_gmt":"2025-01-18T17:59:32","slug":"quien-mato-a-nisman-claves-de-una-muerte-sin-resolver-diez-anos-despues","status":"publish","type":"post","link":"https:\/\/diarioelpopular.com\/index.php\/2025\/01\/18\/quien-mato-a-nisman-claves-de-una-muerte-sin-resolver-diez-anos-despues\/","title":{"rendered":"\u00bfQui\u00e9n mat\u00f3 a Nisman? Claves de una muerte sin resolver diez a\u00f1os despu\u00e9s"},"content":{"rendered":"<div id=\"attachment_527492\" style=\"width: 646px\" class=\"wp-caption alignnone\"><img loading=\"lazy\" decoding=\"async\" aria-describedby=\"caption-attachment-527492\" class=\"wp-image-527492 size-custom-full-size\" src=\"https:\/\/diarioelpopular.com\/wp-content\/uploads\/2025\/01\/Screen-Shot-2025-01-18-at-12.58.03-PM-636x368.png\" alt=\"\" width=\"636\" height=\"368\" srcset=\"https:\/\/diarioelpopular.com\/wp-content\/uploads\/2025\/01\/Screen-Shot-2025-01-18-at-12.58.03-PM-636x368.png 636w, https:\/\/diarioelpopular.com\/wp-content\/uploads\/2025\/01\/Screen-Shot-2025-01-18-at-12.58.03-PM-300x174.png 300w, https:\/\/diarioelpopular.com\/wp-content\/uploads\/2025\/01\/Screen-Shot-2025-01-18-at-12.58.03-PM-768x445.png 768w, https:\/\/diarioelpopular.com\/wp-content\/uploads\/2025\/01\/Screen-Shot-2025-01-18-at-12.58.03-PM-1200x695.png 1200w, https:\/\/diarioelpopular.com\/wp-content\/uploads\/2025\/01\/Screen-Shot-2025-01-18-at-12.58.03-PM-126x73.png 126w, https:\/\/diarioelpopular.com\/wp-content\/uploads\/2025\/01\/Screen-Shot-2025-01-18-at-12.58.03-PM.png 1024w\" sizes=\"auto, (max-width: 636px) 100vw, 636px\" \/><p id=\"caption-attachment-527492\" class=\"wp-caption-text\">Alberto Nisman durante una entrevista en Buenos Aires, Argentina, en mayo de 2013. Reuters<\/p><\/div>\n<p>&nbsp;<\/p>\n<p>&nbsp;<\/p>\n<h4 class=\"a_st\"><em>&#8211; La Justicia argentina determin\u00f3 que el fiscal fue asesinado, pero no sabe por qui\u00e9n, aunque es un secreto a grandes voces de quien lo orden\u00f3<\/em><\/h4>\n<p>&nbsp;<\/p>\n<p class=\"\">El 14 de enero de 2015, el fiscal argentino Alberto Nisman denunci\u00f3 a la entonces presidente Cristina Kirchner por encubrimiento del mayor atentado de la historia de Argentina y, cuatro d\u00edas m\u00e1s tarde,\u00a0<a href=\"https:\/\/elpais.com\/internacional\/2015\/01\/19\/actualidad\/1421650071_491119.html\" data-link-track-dtm=\"\" data-mrf-link=\"https:\/\/elpais.com\/internacional\/2015\/01\/19\/actualidad\/1421650071_491119.html\">apareci\u00f3 muerto de un disparo en la cabeza<\/a>\u00a0en su vivienda en una lujosa torre de Buenos Aires.<\/p>\n<p class=\"\">Las primeras pericias, fabricadas, apuntaron hacia la hip\u00f3tesis del suicidio, pero tras el an\u00e1lisis de nuevas pruebas la Fiscal\u00eda a cargo de la investigaci\u00f3n dijo que Nisman fue asesinado. De ser as\u00ed, diez a\u00f1os despu\u00e9s del crimen, sigue sin conocerse qui\u00e9nes fueron los autores materiales e intelectuales del mismo.<\/p>\n<p class=\"\">El \u00faltimo informe, difundido la \u00faltima semana, se sum\u00f3 a un expediente que tiene ya m\u00e1s de 20.000 fojas. En \u00e9l,\u00a0<a href=\"https:\/\/elpais.com\/argentina\/2025-01-11\/el-fiscal-nisman-fue-asesinado-la-justicia-argentina-se-ratifica-en-sus-conclusiones-pero-no-resuelve-quien-lo-mato.html\" data-link-track-dtm=\"\" data-mrf-link=\"https:\/\/elpais.com\/argentina\/2025-01-11\/el-fiscal-nisman-fue-asesinado-la-justicia-argentina-se-ratifica-en-sus-conclusiones-pero-no-resuelve-quien-lo-mato.html\">el fiscal Eduardo Taiano corrobora que fue un homicidio<\/a>. Seg\u00fan el an\u00e1lisis de las evidencias, hubo dos asesinos que ingresaron en el departamento de Nisman entre la noche del 17 de enero y la madrugada del d\u00eda 18. Lo inmovilizaron, lo trasladaron al ba\u00f1o y, para simular un suicidio, lo arrodillaron antes de dispararle con un arma que era propiedad de un asistente de Nisman, Diego Lagomarsino. Para el fiscal Taiano, las numerosas irregularidades detectadas horas antes del hecho y durante el procedimiento forense posterior fueron decisivas para impedir una r\u00e1pida identificaci\u00f3n de los autores del crimen y poder encontrarlos. A continuaci\u00f3n, las claves de un crimen que sigue impune y es un secreto a grandes voces de quien orden\u00f3 su asesinato.<\/p>\n<h3 class=\"\">\u00bfQu\u00e9 investigaba Alberto Nisman?<\/h3>\n<p class=\"\">Alberto Nisman era el fiscal que investigaba\u00a0<a href=\"https:\/\/elpais.com\/argentina\/2024-07-18\/las-historias-de-victimas-de-atentado-terrorista-a-la-amia-acaparan-los-actos-por-el-30-aniversario-en-buenos-aires.html\" data-link-track-dtm=\"\" data-mrf-link=\"https:\/\/elpais.com\/argentina\/2024-07-18\/las-historias-de-victimas-de-atentado-terrorista-a-la-amia-acaparan-los-actos-por-el-30-aniversario-en-buenos-aires.html\">el atentado perpetrado en 1994 contra la AMIA<\/a>, un gran centro comunitario jud\u00edo, en el que murieron 85 personas y m\u00e1s de 300 resultaron heridas. Nisman acus\u00f3 formalmente a Ir\u00e1n de ser el cerebro del atentado \u2014 ejecutado por la milicia chi\u00ed Hezbol\u00e1\u2014 y en 2006 pidi\u00f3 a Interpol la captura de cinco exaltos cargos del Gobierno iran\u00ed. La negativa de Teher\u00e1n a extraditarlos y a permitir que fueran interrogados mantuvo la causa frenada durante a\u00f1os, pero en 2013,\u00a0<a href=\"https:\/\/elpais.com\/internacional\/2015\/01\/20\/actualidad\/1421761447_821346.html\" data-link-track-dtm=\"\" data-mrf-link=\"https:\/\/elpais.com\/internacional\/2015\/01\/20\/actualidad\/1421761447_821346.html\">el Gobierno argentino anunci\u00f3 la firma de un memor\u00e1ndum de entendimiento con Ir\u00e1n<\/a>\u00a0que preve\u00eda la creaci\u00f3n de una Comisi\u00f3n de la Verdad integrada por juristas internacionales y la posibilidad de que la Justicia argentina pudiese interrogar en Ir\u00e1n a los acusados.<\/p>\n<p class=\"\">Ese memor\u00e1ndum nunca entr\u00f3 en vigor. Aun as\u00ed, en enero de 2015, Nisman se present\u00f3 ante los tribunales para hacer una grave denuncia: acus\u00f3 directamente a Kirchner y a su canciller, H\u00e9ctor Timerman, de pactar la impunidad con los acusados iran\u00edes a cambio de un acuerdo comercial que supon\u00eda comprar petr\u00f3leo a cambio de granos. El informe del fiscal Taiano concluye que Nisman fue asesinado por investigar el encubrimiento del gobierno por atentado de la AMIA.<\/p>\n<p>&nbsp;<\/p>\n<figure class=\"a_m a_m-h \">\n<p><div style=\"width: 424px\" class=\"wp-caption alignnone\"><img loading=\"lazy\" decoding=\"async\" class=\"_re lazyload a_m-h\" src=\"https:\/\/imagenes.elpais.com\/resizer\/v2\/LI7FZCSY5E6L6OICECS4XMTBPY.jpg?auth=16e998e9f4a0ac857ecb08495b49f5952f451f11ea49c34cdd086fd9177173ae&amp;width=414\" sizes=\"auto, (min-width:1199px) 1155px,(min-width:1001px) calc(100vw - 44px),(min-width:768px) 767px, 100vw\" srcset=\"https:\/\/imagenes.elpais.com\/resizer\/v2\/LI7FZCSY5E6L6OICECS4XMTBPY.jpg?auth=16e998e9f4a0ac857ecb08495b49f5952f451f11ea49c34cdd086fd9177173ae&amp;width=414 414w,https:\/\/imagenes.elpais.com\/resizer\/v2\/LI7FZCSY5E6L6OICECS4XMTBPY.jpg?auth=16e998e9f4a0ac857ecb08495b49f5952f451f11ea49c34cdd086fd9177173ae&amp;width=828 640w,https:\/\/imagenes.elpais.com\/resizer\/v2\/LI7FZCSY5E6L6OICECS4XMTBPY.jpg?auth=16e998e9f4a0ac857ecb08495b49f5952f451f11ea49c34cdd086fd9177173ae&amp;width=980 1000w,https:\/\/imagenes.elpais.com\/resizer\/v2\/LI7FZCSY5E6L6OICECS4XMTBPY.jpg?auth=16e998e9f4a0ac857ecb08495b49f5952f451f11ea49c34cdd086fd9177173ae&amp;width=1960 1960w\" alt=\"Polic\u00edas y transe\u00fantes en las labores de b\u00fasqueda de las v\u00edctimas del atentado contra la sede de la Asociaci\u00f3n Mutual Israelita Argentina, en 1994.\" width=\"414\" height=\"289\" \/><p class=\"wp-caption-text\">Polic\u00edas y transe\u00fantes en las labores de b\u00fasqueda de las v\u00edctimas del atentado contra la sede de la Asociaci\u00f3n Mutual Israelita Argentina, en 1994.Ricardo Pagni (AP)<\/p><\/div><figcaption class=\"a_m_p\"><\/figcaption><\/figure>\n<h3><\/h3>\n<h3 class=\"\">El d\u00eda clave<\/h3>\n<p class=\"\">Nisman iba a comparecer ante el Congreso el lunes para mostrar todas las pruebas que motivaron la denuncia contra la presidente Kirchner, as\u00ed que plane\u00f3 pasar el fin de semana encerrado en casa preparando la exposici\u00f3n. Sus custodios intentaron contactarse con \u00e9l sin \u00e9xito el domingo 18 por la ma\u00f1ana, pero aunque no respond\u00eda a sus llamadas no avisaron a sus superiores hasta horas m\u00e1s tarde.<\/p>\n<p class=\"\">La Justicia sospecha que fue asesinado entre la noche del s\u00e1bado 17 de enero y la madrugada del domingo 18 en el ba\u00f1o. El fiscal Taiano ha reprochado a los peritos que estuvieron en la escena que nadie tuviese un term\u00f3metro para medir la temperatura corporal de Nisman y la temperatura ambiente y poder establecer as\u00ed un horario de muerte m\u00e1s preciso. Tambi\u00e9n, que en la primera inspecci\u00f3n los investigadores no detectasen una posible v\u00eda de escape de los asesinos: la puerta met\u00e1lica que daba acceso desde la cocina de la vivienda a un espacio donde estaban los aires acondicionados y que comunicaba con el departamento vecino. El an\u00e1lisis de las c\u00e1maras de seguridad del edificio mostr\u00f3 que algunas convenientemente no funcionaban, otras ten\u00edan sospechosos saltos temporales en las grabaciones y hab\u00eda puntos ciegos que permit\u00edan a alguien entrar y salir sin ser visto.<\/p>\n<h3 class=\"\">\u00bfQui\u00e9nes est\u00e1n procesados?<\/h3>\n<p class=\"\">Hasta el momento hay cinco personas procesadas en la causa, ninguna como sospechosa de ser el autor material o intelectual del presunto homicidio de Nisman. El caso m\u00e1s complicado\u00a0<a href=\"https:\/\/elpais.com\/internacional\/2015\/02\/26\/actualidad\/1424911662_790622.html\" data-link-track-dtm=\"\" data-mrf-link=\"https:\/\/elpais.com\/internacional\/2015\/02\/26\/actualidad\/1424911662_790622.html\">es del perito inform\u00e1tico Diego Lagomarsino, que trabajaba como asistente de Nisman<\/a>: est\u00e1 procesado como part\u00edcipe necesario por haber prove\u00eddo el arma cuyo disparo mat\u00f3 al fiscal.<\/p>\n<p class=\"\">Los cuatro custodios que ten\u00edan a cargo la protecci\u00f3n del fiscal, los polic\u00edas Rub\u00e9n Ben\u00edtez, Luis Mi\u00f1o, Armando Niz y N\u00e9stor Dur\u00e1n, est\u00e1n procesados por incumplimiento de deberes de funcionario p\u00fablico y, en los tres primeros casos, tambi\u00e9n por encubrimiento de homicidio. \u201cAbandonaron la consigna vigente en reiteradas ocasiones y por lapsos de tiempo prolongados. De esta forma, no s\u00f3lo se vio facilitado el accionar homicida que termin\u00f3 con la vida del fiscal, sino tambi\u00e9n la libertad de manipular la escena sin ning\u00fan tipo de control\u201d, subray\u00f3 el fiscal Taiano.<\/p>\n<h3 class=\"\">Un incendio sospechoso<\/h3>\n<p class=\"\">El informe del fiscal Taiano menciona un incendio que se desat\u00f3 en el subsuelo de la Casa Rosada en la v\u00edspera de la muerte de Nisman. Las llamas, &#8220;por coincidencia&#8221; destruyeron el registro de los ingresos y egresos de la sede del Gobierno argentino que hab\u00eda solicitado Nisman para verificar las reuniones vinculadas al Memor\u00e1ndum con Ir\u00e1n de 2013. La copia de resguardo del material se encontraba en el mismo disco que la informaci\u00f3n, por lo que tambi\u00e9n se perdi\u00f3. Es blanco, gallina lo pone&#8230;<\/p>\n<p>&nbsp;<\/p>\n<figure class=\"a_m a_m-h \">\n<p><div style=\"width: 424px\" class=\"wp-caption alignnone\"><img loading=\"lazy\" decoding=\"async\" class=\"_re lazyload a_m-h\" src=\"https:\/\/imagenes.elpais.com\/resizer\/v2\/F3ZXPDCH6QNMOQGS5ZHCOUU2MY.jpg?auth=3646fecf7720c48293b6cfe6e68cac437cefa65a32f45c552062b5dc29eb8f8c&amp;width=414\" sizes=\"auto, (min-width:1199px) 1155px,(min-width:1001px) calc(100vw - 44px),(min-width:768px) 767px, 100vw\" srcset=\"https:\/\/imagenes.elpais.com\/resizer\/v2\/F3ZXPDCH6QNMOQGS5ZHCOUU2MY.jpg?auth=3646fecf7720c48293b6cfe6e68cac437cefa65a32f45c552062b5dc29eb8f8c&amp;width=414 414w,https:\/\/imagenes.elpais.com\/resizer\/v2\/F3ZXPDCH6QNMOQGS5ZHCOUU2MY.jpg?auth=3646fecf7720c48293b6cfe6e68cac437cefa65a32f45c552062b5dc29eb8f8c&amp;width=828 640w,https:\/\/imagenes.elpais.com\/resizer\/v2\/F3ZXPDCH6QNMOQGS5ZHCOUU2MY.jpg?auth=3646fecf7720c48293b6cfe6e68cac437cefa65a32f45c552062b5dc29eb8f8c&amp;width=980 1000w,https:\/\/imagenes.elpais.com\/resizer\/v2\/F3ZXPDCH6QNMOQGS5ZHCOUU2MY.jpg?auth=3646fecf7720c48293b6cfe6e68cac437cefa65a32f45c552062b5dc29eb8f8c&amp;width=1960 1960w\" alt=\"Un equipo de investigadores, en la casa del fiscal Nisman, en 2015.\" width=\"414\" height=\"245\" \/><p class=\"wp-caption-text\">Un equipo de investigadores, en la casa del fiscal Nisman, en 2015.E. MARCARIAN (REUTERS)<\/p><\/div><figcaption class=\"a_m_p\"><\/figcaption><\/figure>\n<h3><\/h3>\n<h3 class=\"\">Larga lista de irregularidades<\/h3>\n<p class=\"\">La recolecci\u00f3n de pruebas en la casa de Nisman tras su muerte se hizo de la peor manera posible. M\u00e1s de 80 personas estuvieron presentes durante el procedimiento y varias fueron captadas sin el calzado adecuado ni guantes e incluso se sentaron en la cama del fallecido. A la hora de manipular el arma, un perito desliza su dedo por la corredera, borrando huellas dactilares. Despu\u00e9s, la pistola fue apoyada en una mesita de luz, sin tomar los resguardos necesarios.<\/p>\n<h3 class=\"\">El rol de los servicios de inteligencia<\/h3>\n<p class=\"\">El fiscal Taiano ha pedido al Gobierno que desclasifique la informaci\u00f3n de inteligencia amparada por el secreto que tenga en su poder relacionada con el crimen de Nisman. Taiano investiga una red de contactos entre esp\u00edas en las horas previas y posteriores a la aparici\u00f3n del cuerpo y el hackeo del tel\u00e9fono celular de Nisman con un virus para acceder a su contenido. Adem\u00e1s, el fiscal sospecha que Lagomarsino ten\u00eda un v\u00ednculo mayor al que admite con los servicios de espionaje.<\/p>\n<h3 class=\"\">La denuncia de Nisman contra Kirchner<\/h3>\n<p class=\"\">Despu\u00e9s de numerosas idas y vueltas, la Corte Suprema argentina defini\u00f3 en septiembre que Cristina Kirchner ir\u00e1 a juicio oral\u00a0<a href=\"https:\/\/elpais.com\/internacional\/2018\/03\/05\/actualidad\/1520276975_672360.html\" data-link-track-dtm=\"\" data-mrf-link=\"https:\/\/elpais.com\/internacional\/2018\/03\/05\/actualidad\/1520276975_672360.html\">por el encubrimiento de los iran\u00edes acusados de perpetrar el atentado contra la mutual jud\u00eda AMIA en Buenos Aires en 1994<\/a>. La causa iniciada por Nisman ha avanzado con lentitud: en 2018\u00a0<a href=\"https:\/\/elpais.com\/internacional\/2018\/03\/05\/actualidad\/1520276975_672360.html\" data-link-track-dtm=\"\" data-mrf-link=\"https:\/\/elpais.com\/internacional\/2018\/03\/05\/actualidad\/1520276975_672360.html\">se elev\u00f3 a juicio oral<\/a>, pero tres a\u00f1os despu\u00e9s, el Tribunal Oral Federal 8 firm\u00f3 el sobreseimiento y no se reabri\u00f3 hasta 2020, cuando se orden\u00f3 el sorteo de un nuevo tribunal, que ser\u00e1 el que juzgue ahora a la convicta y corrupta expresidente.<\/p>\n","protected":false},"excerpt":{"rendered":"<p>&nbsp; &nbsp; &#8211; La Justicia argentina determin\u00f3 que el fiscal fue asesinado, pero no sabe por qui\u00e9n, aunque es un secreto a grandes voces de&hellip;<\/p>\n","protected":false},"author":99,"featured_media":527492,"comment_status":"open","ping_status":"open","sticky":false,"template":"","format":"standard","meta":{"footnotes":""},"categories":[23],"tags":[],"class_list":["post-527491","post","type-post","status-publish","format-standard","has-post-thumbnail","hentry","category-latinoamerica"],"_links":{"self":[{"href":"https:\/\/diarioelpopular.com\/index.php\/wp-json\/wp\/v2\/posts\/527491","targetHints":{"allow":["GET"]}}],"collection":[{"href":"https:\/\/diarioelpopular.com\/index.php\/wp-json\/wp\/v2\/posts"}],"about":[{"href":"https:\/\/diarioelpopular.com\/index.php\/wp-json\/wp\/v2\/types\/post"}],"author":[{"embeddable":true,"href":"https:\/\/diarioelpopular.com\/index.php\/wp-json\/wp\/v2\/users\/99"}],"replies":[{"embeddable":true,"href":"https:\/\/diarioelpopular.com\/index.php\/wp-json\/wp\/v2\/comments?post=527491"}],"version-history":[{"count":1,"href":"https:\/\/diarioelpopular.com\/index.php\/wp-json\/wp\/v2\/posts\/527491\/revisions"}],"predecessor-version":[{"id":527493,"href":"https:\/\/diarioelpopular.com\/index.php\/wp-json\/wp\/v2\/posts\/527491\/revisions\/527493"}],"wp:featuredmedia":[{"embeddable":true,"href":"https:\/\/diarioelpopular.com\/index.php\/wp-json\/wp\/v2\/media\/527492"}],"wp:attachment":[{"href":"https:\/\/diarioelpopular.com\/index.php\/wp-json\/wp\/v2\/media?parent=527491"}],"wp:term":[{"taxonomy":"category","embeddable":true,"href":"https:\/\/diarioelpopular.com\/index.php\/wp-json\/wp\/v2\/categories?post=527491"},{"taxonomy":"post_tag","embeddable":true,"href":"https:\/\/diarioelpopular.com\/index.php\/wp-json\/wp\/v2\/tags?post=527491"}],"curies":[{"name":"wp","href":"https:\/\/api.w.org\/{rel}","templated":true}]}}