{"id":527504,"date":"2025-01-19T13:29:41","date_gmt":"2025-01-19T17:29:41","guid":{"rendered":"https:\/\/diarioelpopular.com\/?p=527504"},"modified":"2025-01-19T13:29:41","modified_gmt":"2025-01-19T17:29:41","slug":"hampon-de-25-anos-ataco-a-dos-desconocidos-en-sus-vehiculos-en-el-centro-de-la-ciudad-ambas-victimas-lograron-escapar-ilesas","status":"publish","type":"post","link":"https:\/\/diarioelpopular.com\/index.php\/2025\/01\/19\/hampon-de-25-anos-ataco-a-dos-desconocidos-en-sus-vehiculos-en-el-centro-de-la-ciudad-ambas-victimas-lograron-escapar-ilesas\/","title":{"rendered":"Hamp\u00f3n de 25 a\u00f1os atac\u00f3 a dos desconocidos en sus veh\u00edculos en el centro de la ciudad. Ambas v\u00edctimas lograron escapar ilesas"},"content":{"rendered":"<div id=\"attachment_527505\" style=\"width: 646px\" class=\"wp-caption alignnone\"><img loading=\"lazy\" decoding=\"async\" aria-describedby=\"caption-attachment-527505\" class=\"wp-image-527505 size-custom-full-size\" src=\"https:\/\/diarioelpopular.com\/wp-content\/uploads\/2025\/01\/Screen-Shot-2025-01-19-at-12.21.15-PM-636x481.png\" alt=\"\" width=\"636\" height=\"481\" srcset=\"https:\/\/diarioelpopular.com\/wp-content\/uploads\/2025\/01\/Screen-Shot-2025-01-19-at-12.21.15-PM-636x481.png 636w, https:\/\/diarioelpopular.com\/wp-content\/uploads\/2025\/01\/Screen-Shot-2025-01-19-at-12.21.15-PM-300x227.png 300w, https:\/\/diarioelpopular.com\/wp-content\/uploads\/2025\/01\/Screen-Shot-2025-01-19-at-12.21.15-PM-768x581.png 768w, https:\/\/diarioelpopular.com\/wp-content\/uploads\/2025\/01\/Screen-Shot-2025-01-19-at-12.21.15-PM-97x73.png 97w, https:\/\/diarioelpopular.com\/wp-content\/uploads\/2025\/01\/Screen-Shot-2025-01-19-at-12.21.15-PM.png 844w\" sizes=\"auto, (max-width: 636px) 100vw, 636px\" \/><p id=\"caption-attachment-527505\" class=\"wp-caption-text\">Esta lacra, de las tantas sueltas por las calles, es N&#8217;Da Sylvain Kouaido, de 25 a\u00f1os, acusado de atacar a dos desconocidos mientras estaban sentados en sus veh\u00edculos en el centro de la ciudad.\u00a0 \u00a0 \u00a0 \u00a0 \u00a0 \u00a0 \u00a0 \u00a0 \u00a0 \u00a0 \u00a0 Foto de Handout \/ Polic\u00eda de Toronto<\/p><\/div>\n<p>&nbsp;<\/p>\n<ul>\n<li><em><strong>Un delincuente de 25 a\u00f1os est\u00e1 acusado de atacar a desconocidos mientras estaban sentados en sus veh\u00edculos en el centro de la ciudad.<\/strong><\/em><\/li>\n<\/ul>\n<p>&nbsp;<\/p>\n<p>La polic\u00eda de Toronto dijo que los agentes respondieron al primer incidente despu\u00e9s de recibir una llamada por un asalto que hab\u00eda ocurrido cerca de Dundas St. W. y Elizabeth St., al oeste de Bay St., poco antes de las 8 a.m. del jueves.<\/p>\n<p>La v\u00edctima estaba en su veh\u00edculo cuando un desconocido se les acerc\u00f3, dijo la polic\u00eda en un comunicado publicado el s\u00e1bado.<\/p>\n<p>El hamp\u00f3n abri\u00f3 la puerta del conductor del auto y agredi\u00f3 a la v\u00edctima, que luego de un forcejeo pudo cerrar la puerta y marcharse.<\/p>\n<p>Minutos despu\u00e9s, alrededor de las 8 a.m., una segunda v\u00edctima estaba en su veh\u00edculo cuando el mismo sujeto se les acerc\u00f3, haciendo lo mismo.<\/p>\n<p>Una vez m\u00e1s, la polic\u00eda dijo que el sujeto abri\u00f3 la puerta del conductor agrediendo a la v\u00edctima, quien\u00a0tambi\u00e9n pudo finalmente zafarse de las garras de este delincuente, cerrar la puerta y marcharse.<\/p>\n<p>Ninguna de las v\u00edctimas requiri\u00f3 atenci\u00f3n m\u00e9dica como resultado de las agresiones, dijo la polic\u00eda.<\/p>\n<p>Posteriormente se identific\u00f3 y se arrest\u00f3 al agresor en el \u00e1rea.<\/p>\n<p>N&#8217;Da Sylvain Kouaido, de 25 a\u00f1os, sin domicilio fijo, est\u00e1 acusado de dos cargos de agresi\u00f3n y un cargo de vandalismo.<\/p>\n<p>&#8220;El sospechoso y las v\u00edctimas no se conocen entre s\u00ed&#8221;, dijo la agente Stephanie Miceli, y agreg\u00f3 que los investigadores est\u00e1n preocupados por la posibilidad de que haya otras v\u00edctimas, e instan a los conductores a andar con los seguros puestos es sus veh\u00edculos.<\/p>\n<p>Se ha publicado una imagen del acusado y se insta a cualquier persona que tenga informaci\u00f3n sobre esta investigaci\u00f3n a llamar a la polic\u00eda al 416-808-5200 o a Crime Stoppers de forma an\u00f3nima al 1-800-222-TIPS (8477).<\/p>\n","protected":false},"excerpt":{"rendered":"<p>&nbsp; Un delincuente de 25 a\u00f1os est\u00e1 acusado de atacar a desconocidos mientras estaban sentados en sus veh\u00edculos en el centro de la ciudad. &nbsp;&hellip;<\/p>\n","protected":false},"author":99,"featured_media":527505,"comment_status":"open","ping_status":"open","sticky":false,"template":"","format":"standard","meta":{"footnotes":""},"categories":[11364],"tags":[],"class_list":["post-527504","post","type-post","status-publish","format-standard","has-post-thumbnail","hentry","category-toronto-gta"],"_links":{"self":[{"href":"https:\/\/diarioelpopular.com\/index.php\/wp-json\/wp\/v2\/posts\/527504","targetHints":{"allow":["GET"]}}],"collection":[{"href":"https:\/\/diarioelpopular.com\/index.php\/wp-json\/wp\/v2\/posts"}],"about":[{"href":"https:\/\/diarioelpopular.com\/index.php\/wp-json\/wp\/v2\/types\/post"}],"author":[{"embeddable":true,"href":"https:\/\/diarioelpopular.com\/index.php\/wp-json\/wp\/v2\/users\/99"}],"replies":[{"embeddable":true,"href":"https:\/\/diarioelpopular.com\/index.php\/wp-json\/wp\/v2\/comments?post=527504"}],"version-history":[{"count":1,"href":"https:\/\/diarioelpopular.com\/index.php\/wp-json\/wp\/v2\/posts\/527504\/revisions"}],"predecessor-version":[{"id":527506,"href":"https:\/\/diarioelpopular.com\/index.php\/wp-json\/wp\/v2\/posts\/527504\/revisions\/527506"}],"wp:featuredmedia":[{"embeddable":true,"href":"https:\/\/diarioelpopular.com\/index.php\/wp-json\/wp\/v2\/media\/527505"}],"wp:attachment":[{"href":"https:\/\/diarioelpopular.com\/index.php\/wp-json\/wp\/v2\/media?parent=527504"}],"wp:term":[{"taxonomy":"category","embeddable":true,"href":"https:\/\/diarioelpopular.com\/index.php\/wp-json\/wp\/v2\/categories?post=527504"},{"taxonomy":"post_tag","embeddable":true,"href":"https:\/\/diarioelpopular.com\/index.php\/wp-json\/wp\/v2\/tags?post=527504"}],"curies":[{"name":"wp","href":"https:\/\/api.w.org\/{rel}","templated":true}]}}