{"id":527537,"date":"2025-01-20T10:38:39","date_gmt":"2025-01-20T14:38:39","guid":{"rendered":"https:\/\/diarioelpopular.com\/?p=527537"},"modified":"2025-01-20T10:38:39","modified_gmt":"2025-01-20T14:38:39","slug":"biden-anuncia-indultos-preventivos-para-el-asesor-medico-de-la-pandemia-y-los-congresistas-que-investigaron-el-ataque-al-capitolio-para-evitar-posibles-represalias-de-trump","status":"publish","type":"post","link":"https:\/\/diarioelpopular.com\/index.php\/2025\/01\/20\/biden-anuncia-indultos-preventivos-para-el-asesor-medico-de-la-pandemia-y-los-congresistas-que-investigaron-el-ataque-al-capitolio-para-evitar-posibles-represalias-de-trump\/","title":{"rendered":"Biden anuncia indultos preventivos para el asesor m\u00e9dico de la pandemia y los congresistas que investigaron el ataque al Capitolio para evitar posibles represalias de Trump"},"content":{"rendered":"<div id=\"attachment_527538\" style=\"width: 646px\" class=\"wp-caption alignnone\"><img loading=\"lazy\" decoding=\"async\" aria-describedby=\"caption-attachment-527538\" class=\"wp-image-527538 size-custom-full-size\" src=\"https:\/\/diarioelpopular.com\/wp-content\/uploads\/2025\/01\/Screen-Shot-2025-01-20-at-9.37.48-AM-636x359.png\" alt=\"\" width=\"636\" height=\"359\" srcset=\"https:\/\/diarioelpopular.com\/wp-content\/uploads\/2025\/01\/Screen-Shot-2025-01-20-at-9.37.48-AM-636x359.png 636w, https:\/\/diarioelpopular.com\/wp-content\/uploads\/2025\/01\/Screen-Shot-2025-01-20-at-9.37.48-AM-300x169.png 300w, https:\/\/diarioelpopular.com\/wp-content\/uploads\/2025\/01\/Screen-Shot-2025-01-20-at-9.37.48-AM-768x433.png 768w, https:\/\/diarioelpopular.com\/wp-content\/uploads\/2025\/01\/Screen-Shot-2025-01-20-at-9.37.48-AM-129x73.png 129w, https:\/\/diarioelpopular.com\/wp-content\/uploads\/2025\/01\/Screen-Shot-2025-01-20-at-9.37.48-AM.png 1024w\" sizes=\"auto, (max-width: 636px) 100vw, 636px\" \/><p id=\"caption-attachment-527538\" class=\"wp-caption-text\">Anthony Fauci fue &#8220;el rostro&#8221; de la lucha contra el covid en EE.UU.<\/p><\/div>\n<p>&nbsp;<\/p>\n<p>&nbsp;<\/p>\n<div class=\"bbc-19j92fr ebmt73l0\" dir=\"ltr\">\n<ul>\n<li class=\"bbc-hhl7in e17g058b0\" dir=\"ltr\"><em><b>Joe Biden ha indultado de forma preventiva a varias personas -entre ellas al famoso doctor que lider\u00f3 la respusta de EE.UU. ante la pandemia de covid, Anthony Fauci, y a los miembros del comit\u00e9 que investig\u00f3 el asalto al Capitolio- para evitar &#8220;procesamientos injustificados&#8230; por motivos pol\u00edticos&#8221;<\/b><\/em><\/li>\n<\/ul>\n<\/div>\n<div class=\"bbc-19j92fr ebmt73l0\" dir=\"ltr\">\n<p dir=\"ltr\">\n<p dir=\"ltr\">\n<p class=\"bbc-hhl7in e17g058b0\" dir=\"ltr\">Donald Trump, quien toma posesi\u00f3n de su cargo a \u00faltima hora de este lunes, se enfrent\u00f3 peri\u00f3dicamente al doctor Fauci durante la pandemia y ha dicho que tomar\u00eda medidas contra quienes intentaron responsabilizarle del mot\u00edn del 6 de enero de 2021 en el Capitolio.<\/p>\n<\/div>\n<div class=\"bbc-19j92fr ebmt73l0\" dir=\"ltr\">\n<p class=\"bbc-hhl7in e17g058b0\" dir=\"ltr\">Biden tambi\u00e9n indult\u00f3 preventivamente al general retirado Mark Milley, que ha calificado a Trump de &#8220;fascista hasta la m\u00e9dula&#8221; y de &#8220;peligroso&#8221;.<\/p>\n<\/div>\n<div class=\"bbc-19j92fr ebmt73l0\" dir=\"ltr\">\n<p class=\"bbc-hhl7in e17g058b0\" dir=\"ltr\">El presidente saliente de EE.UU. afirm\u00f3 que &#8220;nuestra naci\u00f3n tiene una deuda de gratitud con estos servidores p\u00fablicos por su incansable compromiso&#8221;.<\/p>\n<\/div>\n<div class=\"bbc-19j92fr ebmt73l0\" dir=\"ltr\">\n<p class=\"bbc-hhl7in e17g058b0\" dir=\"ltr\">&#8220;Estos servidores p\u00fablicos han servido a nuestra naci\u00f3n con honor y distinci\u00f3n y no merecen ser objeto de venganzas, procesamientos injustificados y pol\u00edticamente motivados&#8221;, se\u00f1al\u00f3 Biden en su declaraci\u00f3n.<\/p>\n<\/div>\n<div class=\"bbc-19j92fr ebmt73l0\" dir=\"ltr\">\n<p class=\"bbc-hhl7in e17g058b0\" dir=\"ltr\">A\u00f1adi\u00f3 que los indultos &#8220;no deben confundirse con un reconocimiento&#8221; de que alguno de los amparados &#8220;haya cometido alguna fechor\u00eda&#8221;.<\/p>\n<\/div>\n<div class=\"bbc-19j92fr ebmt73l0\" dir=\"ltr\">\n<p class=\"bbc-hhl7in e17g058b0\" dir=\"ltr\">Los dem\u00f3cratas hab\u00edan advertido al presidente saliente contra este tipo de medidas. Adam Schiff, senador por California, afrim\u00f3 que Biden podr\u00eda sentar un &#8220;precedente&#8221; para que &#8220;cada presidente que salga en lo sucesivo conceda una amplia categor\u00eda de indultos&#8221;.<\/p>\n<\/div>\n<div class=\"bbc-19j92fr ebmt73l0\" dir=\"ltr\">\n<h2 id=\"Los-beneficiados\" class=\"bbc-1lgzob2 eglt09e0\" tabindex=\"-1\">Los beneficiados<\/h2>\n<\/div>\n<div class=\"bbc-19j92fr ebmt73l0\" dir=\"ltr\">\n<p class=\"bbc-hhl7in e17g058b0\" dir=\"ltr\">Fauci, que supervis\u00f3 la respuesta estadounidense a la pandemia del virus Covid-19, ha sido criticado con frecuencia por Trump y sus aliados pol\u00edticos.<\/p>\n<\/div>\n<div class=\"bbc-19j92fr ebmt73l0\" dir=\"ltr\">\n<p class=\"bbc-hhl7in e17g058b0\" dir=\"ltr\">El asesor m\u00e9dico jefe del presidente de los Estados Unidos declar\u00f3 a los medios de comunicaci\u00f3n que &#8220;agradec\u00eda sinceramente&#8221; a Biden que hubiera tomado medidas, y a\u00f1adi\u00f3 que la posibilidad de ser procesado ha creado una &#8220;angustia inconmensurable e intolerable&#8221; en su familia.<\/p>\n<\/div>\n<div class=\"bbc-19j92fr ebmt73l0\" dir=\"ltr\">\n<p class=\"bbc-hhl7in e17g058b0\" dir=\"ltr\">&#8220;Perm\u00edtanme ser perfectamente claro, no he cometido ning\u00fan delito y no hay motivos posibles para ninguna acusaci\u00f3n o amenaza de investigaci\u00f3n o procesamiento penal contra m\u00ed&#8221;, a\u00f1adi\u00f3.<\/p>\n<\/div>\n<div class=\"bbc-19j92fr ebmt73l0\" dir=\"ltr\">\n<p class=\"bbc-hhl7in e17g058b0\" dir=\"ltr\">El a\u00f1o pasado, el general Milley, antiguo jefe del Estado Mayor Conjunto, declar\u00f3 al periodista Bob Woodward que tem\u00eda que Trump le volviera a llamar a filas y le sometiera a un consejo de guerra por supuesta\u00a0 &#8220;deslealtad&#8221;.<\/p>\n<\/div>\n<div class=\"bbc-19j92fr ebmt73l0\" dir=\"ltr\">\n<p class=\"bbc-hhl7in e17g058b0\" dir=\"ltr\">Seg\u00fan Woodward, Milley advirti\u00f3 a sus colegas de que Trump era un &#8220;anuncio andante y parlante de lo que intenta hacer&#8221;. Se\u00f1al\u00f3 que Steve Bannon, un aliado clave de Trump, ha prometido &#8220;hacer que rinda cuentas&#8221;, a modo de venganza.<\/p>\n<\/div>\n<div class=\"bbc-19j92fr ebmt73l0\" dir=\"ltr\">\n<p class=\"bbc-hhl7in e17g058b0\" dir=\"ltr\">El general Milley, de 66 a\u00f1os, dio las gracias a Biden en un comunicado y declar\u00f3 que no deseaba pasar el resto de su vida &#8220;luchando contra aquellos que injustamente podr\u00edan buscar represalias por lo que consideran un menosprecio&#8221;.<\/p>\n<\/div>\n<div class=\"bbc-19j92fr ebmt73l0\" dir=\"ltr\">\n<p class=\"bbc-hhl7in e17g058b0\" dir=\"ltr\">&#8220;No quiero someter a mi familia, a mis amigos y a aquellos con los que he servido a la distracci\u00f3n, los gastos y la ansiedad resultantes&#8221;, declar\u00f3.<\/p>\n<p dir=\"ltr\">\n<\/div>\n<figure class=\"bbc-1qn0xuy\">\n<div class=\"bbc-18ywsw9\">\n<div style=\"width: 1034px\" class=\"wp-caption alignnone\"><img loading=\"lazy\" decoding=\"async\" class=\"bbc-139onq\" src=\"https:\/\/ichef.bbci.co.uk\/ace\/ws\/640\/cpsprodpb\/90dc\/live\/05f5d450-d735-11ef-94cb-5f844ceb9e30.jpg.webp\" alt=\"Personas con banderas de EE.UU. frente al Capitolio.\" width=\"1024\" height=\"681\" \/><p class=\"wp-caption-text\">Fuente de la imagen,Getty Images.\u00a0\u00a0Cientos de partidarios de Trump asaltaron el Capitolio el 6 de enero de 2021 para intentar frenar la certificaci\u00f3n de la victoria de Joe Biden en las elecciones de 2020.<\/p><\/div>\n<p class=\"bbc-by8ykd\" role=\"text\">\n<\/div>\n<\/figure>\n<div class=\"bbc-19j92fr ebmt73l0\" dir=\"ltr\">\n<p dir=\"ltr\">\n<p class=\"bbc-hhl7in e17g058b0\" dir=\"ltr\">Los indultos de Biden abarcan tambi\u00e9n a todos los miembros del Comit\u00e9 de la C\u00e1mara de Representantes que investigaron los disturbios del 6 de enero de 2021, as\u00ed como a los miembros de su personal y a los agentes que testificaron.<\/p>\n<\/div>\n<div class=\"bbc-19j92fr ebmt73l0\" dir=\"ltr\">\n<p class=\"bbc-hhl7in e17g058b0\" dir=\"ltr\">El exagente de la Polic\u00eda del Capitolio de EE.UU. Harry Dunn se declar\u00f3 &#8220;eternamente agradecido&#8221; a Biden, &#8220;no s\u00f3lo por este indulto preventivo, sino por su liderazgo y servicio a esta naci\u00f3n&#8221;.<\/p>\n<\/div>\n<div class=\"bbc-19j92fr ebmt73l0\" dir=\"ltr\">\n<p class=\"bbc-hhl7in e17g058b0\" dir=\"ltr\">&#8220;Desgraciadamente, el clima pol\u00edtico en el que nos encontramos ha hecho que la necesidad (de un indulto) sea en cierto modo una realidad&#8221;, afirm\u00f3.<\/p>\n<\/div>\n<div class=\"bbc-19j92fr ebmt73l0\" dir=\"ltr\">\n<p class=\"bbc-hhl7in e17g058b0\" dir=\"ltr\">&#8220;Yo, como todos los dem\u00e1s funcionarios p\u00fablicos, s\u00f3lo estaba haciendo mi trabajo y cumpliendo mi juramento&#8221;.<\/p>\n<\/div>\n<div class=\"bbc-19j92fr ebmt73l0\" dir=\"ltr\">\n<p class=\"bbc-hhl7in e17g058b0\" dir=\"ltr\">En diciembre, Trump respald\u00f3 la petici\u00f3n de que el FBI investigara a su colega republicana Liz Cheney por su papel al frente de la investigaci\u00f3n del Congreso sobre los disturbios del 6 de enero.<\/p>\n<\/div>\n<div class=\"bbc-19j92fr ebmt73l0\" dir=\"ltr\">\n<p class=\"bbc-hhl7in e17g058b0\" dir=\"ltr\">Trump ya ha dicho que va a indultar a algunos de los condenados por delitos relacionados con los disturbios.<\/p>\n<\/div>\n<div class=\"bbc-19j92fr ebmt73l0\" dir=\"ltr\">\n<p class=\"bbc-hhl7in e17g058b0\" dir=\"ltr\">&#8220;Van a ver algo ma\u00f1ana&#8221;, anunci\u00f3 Trump el domingo, en referencia a los amotinados del 6 de enero. &#8220;Creo que estar\u00e1n muy, muy contentos&#8221;.<\/p>\n<\/div>\n<div class=\"bbc-19j92fr ebmt73l0\" dir=\"ltr\">\n<p class=\"bbc-hhl7in e17g058b0\" dir=\"ltr\">Durante la campa\u00f1a, Trump arremeti\u00f3 en ocasiones contra los &#8220;enemigos internos&#8221;, y ha aprobado para formar parte de su gabinete a varias figuras que han prometido represalias contra sus enemigos.<\/p>\n<\/div>\n<div class=\"bbc-19j92fr ebmt73l0\" dir=\"ltr\">\n<p class=\"bbc-hhl7in e17g058b0\" dir=\"ltr\">Sin embargo, su elecci\u00f3n para fiscal general, Pam Bondi, asegur\u00f3 durante su audiencia de confirmaci\u00f3n la semana pasada que nunca habr\u00eda una lista de enemigos, y que no utilizar\u00eda el Departamento de Justicia para perseguir a nadie por sus pol\u00edticas&#8230; Amanecer\u00e1 y veremos, reza el dicho.<\/p>\n<\/div>\n","protected":false},"excerpt":{"rendered":"<p>&nbsp; &nbsp; Joe Biden ha indultado de forma preventiva a varias personas -entre ellas al famoso doctor que lider\u00f3 la respusta de EE.UU. ante la&hellip;<\/p>\n","protected":false},"author":99,"featured_media":527538,"comment_status":"open","ping_status":"open","sticky":false,"template":"","format":"standard","meta":{"footnotes":""},"categories":[24],"tags":[],"class_list":["post-527537","post","type-post","status-publish","format-standard","has-post-thumbnail","hentry","category-mundo"],"_links":{"self":[{"href":"https:\/\/diarioelpopular.com\/index.php\/wp-json\/wp\/v2\/posts\/527537","targetHints":{"allow":["GET"]}}],"collection":[{"href":"https:\/\/diarioelpopular.com\/index.php\/wp-json\/wp\/v2\/posts"}],"about":[{"href":"https:\/\/diarioelpopular.com\/index.php\/wp-json\/wp\/v2\/types\/post"}],"author":[{"embeddable":true,"href":"https:\/\/diarioelpopular.com\/index.php\/wp-json\/wp\/v2\/users\/99"}],"replies":[{"embeddable":true,"href":"https:\/\/diarioelpopular.com\/index.php\/wp-json\/wp\/v2\/comments?post=527537"}],"version-history":[{"count":1,"href":"https:\/\/diarioelpopular.com\/index.php\/wp-json\/wp\/v2\/posts\/527537\/revisions"}],"predecessor-version":[{"id":527539,"href":"https:\/\/diarioelpopular.com\/index.php\/wp-json\/wp\/v2\/posts\/527537\/revisions\/527539"}],"wp:featuredmedia":[{"embeddable":true,"href":"https:\/\/diarioelpopular.com\/index.php\/wp-json\/wp\/v2\/media\/527538"}],"wp:attachment":[{"href":"https:\/\/diarioelpopular.com\/index.php\/wp-json\/wp\/v2\/media?parent=527537"}],"wp:term":[{"taxonomy":"category","embeddable":true,"href":"https:\/\/diarioelpopular.com\/index.php\/wp-json\/wp\/v2\/categories?post=527537"},{"taxonomy":"post_tag","embeddable":true,"href":"https:\/\/diarioelpopular.com\/index.php\/wp-json\/wp\/v2\/tags?post=527537"}],"curies":[{"name":"wp","href":"https:\/\/api.w.org\/{rel}","templated":true}]}}