{"id":527548,"date":"2025-01-20T11:08:22","date_gmt":"2025-01-20T15:08:22","guid":{"rendered":"https:\/\/diarioelpopular.com\/?p=527548"},"modified":"2025-01-20T11:08:22","modified_gmt":"2025-01-20T15:08:22","slug":"los-sindicatos-de-petroleo-gas-y-carbon-que-empujan-una-transicion-justa-en-colombia","status":"publish","type":"post","link":"https:\/\/diarioelpopular.com\/index.php\/2025\/01\/20\/los-sindicatos-de-petroleo-gas-y-carbon-que-empujan-una-transicion-justa-en-colombia\/","title":{"rendered":"Los sindicatos de petr\u00f3leo, gas y carb\u00f3n que empujan una transici\u00f3n justa en Colombia"},"content":{"rendered":"<div id=\"attachment_527549\" style=\"width: 1210px\" class=\"wp-caption alignnone\"><img loading=\"lazy\" decoding=\"async\" aria-describedby=\"caption-attachment-527549\" class=\"wp-image-527549 size-custom-big-size\" src=\"https:\/\/diarioelpopular.com\/wp-content\/uploads\/2025\/01\/Screen-Shot-2025-01-20-at-10.07.36-AM-1200x783.png\" alt=\"\" width=\"1200\" height=\"783\" srcset=\"https:\/\/diarioelpopular.com\/wp-content\/uploads\/2025\/01\/Screen-Shot-2025-01-20-at-10.07.36-AM-1200x783.png 1200w, https:\/\/diarioelpopular.com\/wp-content\/uploads\/2025\/01\/Screen-Shot-2025-01-20-at-10.07.36-AM-300x196.png 300w, https:\/\/diarioelpopular.com\/wp-content\/uploads\/2025\/01\/Screen-Shot-2025-01-20-at-10.07.36-AM-768x501.png 768w, https:\/\/diarioelpopular.com\/wp-content\/uploads\/2025\/01\/Screen-Shot-2025-01-20-at-10.07.36-AM-85x55.png 85w, https:\/\/diarioelpopular.com\/wp-content\/uploads\/2025\/01\/Screen-Shot-2025-01-20-at-10.07.36-AM-636x415.png 636w, https:\/\/diarioelpopular.com\/wp-content\/uploads\/2025\/01\/Screen-Shot-2025-01-20-at-10.07.36-AM-112x73.png 112w, https:\/\/diarioelpopular.com\/wp-content\/uploads\/2025\/01\/Screen-Shot-2025-01-20-at-10.07.36-AM.png 1024w\" sizes=\"auto, (max-width: 1200px) 100vw, 1200px\" \/><p id=\"caption-attachment-527549\" class=\"wp-caption-text\">Un obrero trabaja en una instalaci\u00f3n de Carbomax, en el departamento de Santander, Colombia, en 2023.\u00a0 \u00a0 \u00a0 \u00a0 \u00a0 \u00a0 \u00a0 \u00a0 \u00a0 \u00a0 \u00a0 \u00a0 \u00a0 \u00a0 \u00a0 \u00a0 \u00a0 Ferley Ospina (Bloomberg)<\/p><\/div>\n<p>&nbsp;<\/p>\n<h4 class=\"a_st\"><em>&#8211; El colectivo, alineado con las discusiones clim\u00e1ticas, respalda la figura de los distritos mineros y propone que la reforma laboral incluya apoyos a los trabajadores ante la descarbonizaci\u00f3n<\/em><\/h4>\n<p>&nbsp;<\/p>\n<p class=\"\">Hace m\u00e1s de ocho a\u00f1os un grupo de trabajadores de la empresa Drummond, de origen estadounidense y una de las m\u00e1s grandes de\u00a0<a href=\"https:\/\/elpais.com\/economia\/negocios\/2023-03-08\/extasis-y-martirio-para-el-carbon-colombiano.html\" data-link-track-dtm=\"\" data-mrf-link=\"https:\/\/elpais.com\/economia\/negocios\/2023-03-08\/extasis-y-martirio-para-el-carbon-colombiano.html\">carb\u00f3n en Colombia<\/a>, fue hasta las oficinas de las directivas para preguntar sobre sus planes de transici\u00f3n energ\u00e9tica. \u201cVen\u00edamos escuchando en las noticias sobre el\u00a0<a href=\"https:\/\/elpais.com\/internacional\/2015\/12\/12\/actualidad\/1449910910_209267.html\" data-link-track-dtm=\"\" data-mrf-link=\"https:\/\/elpais.com\/internacional\/2015\/12\/12\/actualidad\/1449910910_209267.html\">Acuerdo de Par\u00eds\u00a0<\/a>y sobre la necesidad de dejar atr\u00e1s el carb\u00f3n, el gas y petr\u00f3leo\u201d, recuerda Jorge Luis Gonz\u00e1lez, representante legal del sindicato Sintradrummond. \u201cEntonces quer\u00edamos iniciar ese di\u00e1logo\u201d. La respuesta que recibieron fue m\u00e1s bien esquiva. \u201cNos miraron como si estuvi\u00e9ramos locos. Que por qu\u00e9 hablar de eso si ten\u00edan contratos como hasta 2060\u2033. Pero, como dice el l\u00edder, el \u201ctiempo es el mejor juez\u201d, y en 2021 el pa\u00eds encar\u00f3 el primer gran cierre de operaciones mineras sin estar preparado para hacerlo.<\/p>\n<p class=\"\">En febrero de ese a\u00f1o, despu\u00e9s de una suerte de tira y afloja con el Gobierno, el<a href=\"https:\/\/elpais.com\/america-colombia\/2023-02-23\/denuncian-amenazas-por-evitar-que-reabra-una-de-las-grandes-minas-de-carbon-en-colombia.html\" data-link-track-dtm=\"\" data-mrf-link=\"https:\/\/elpais.com\/america-colombia\/2023-02-23\/denuncian-amenazas-por-evitar-que-reabra-una-de-las-grandes-minas-de-carbon-en-colombia.html\">\u00a0Grupo Prodeco<\/a>, filial de la transnacional Suiza Glencore, devolvi\u00f3 tres t\u00edtulos mineros: dos en el proyecto Calenturitas y uno en La Jagua, ambas en Cesar. La empresa no encontraba rentable el negocio frente la ca\u00edda de los precios internacionales del carb\u00f3n, y la devoluci\u00f3n de los t\u00edtulos se convirti\u00f3 en una ventana para ver lo que suceder\u00e1 en el pa\u00eds si no se dise\u00f1a un proceso de transici\u00f3n energ\u00e9tico justo. La decisi\u00f3n, seg\u00fan el Colectivo de Abogados, afect\u00f3 a m\u00e1s de 5.000 familias en la regi\u00f3n y puso en el limbo a m\u00e1s de 1.000 trabajadores directos.<\/p>\n<p class=\"\">Hubo otros coletazos: pocas semanas despu\u00e9s, Carbones del Cerrej\u00f3n inici\u00f3 un proceso de reducci\u00f3n de 450 puestos de trabajo, afectando la econom\u00eda de cientos de hogares. Mientras se calcula que Prodeco mov\u00eda alrededor del 40% del PIB del Cesar, Cerrej\u00f3n representa un 43% de la econom\u00eda del departamento de\u00a0<a href=\"https:\/\/elpais.com\/america-colombia\/2024-02-29\/la-esperanza-de-nuestra-cultura-se-esta-yendo-al-mar-el-grito-de-los-wayuu-desplazados-por-la-erosion-costera-llega-a-washington.html\" data-link-track-dtm=\"\" data-mrf-link=\"https:\/\/elpais.com\/america-colombia\/2024-02-29\/la-esperanza-de-nuestra-cultura-se-esta-yendo-al-mar-el-grito-de-los-wayuu-desplazados-por-la-erosion-costera-llega-a-washington.html\">La Guajira.<\/a><\/p>\n<p class=\"\">El escenario, pese a preocupante, fue perfecto para terminar de cocinar una idea que rondaba a los trabajadores desde hace un tiempo: crear el\u00a0<a href=\"https:\/\/justtransition.cnvinternationaal.nl\/es\/nuestra-web\/colectivo\" target=\"_blank\" rel=\"noopener\" data-link-track-dtm=\"\" data-mrf-link=\"https:\/\/justtransition.cnvinternationaal.nl\/es\/nuestra-web\/colectivo\">Colectivo de Trabajadores por la Transici\u00f3n Justa,<\/a>\u00a0que actualmente re\u00fane a los gremios de Sintradrummond, Sintracarb\u00f3n, Sintracerrej\u00f3n, Sintradem (el Sindicato Nacional de Trabajadores, Enfermos y Discapacitados del Sector Minero) y Sintramienergetica, y que ha sido acompa\u00f1ado por la organizaci\u00f3n CNV Internacional.<\/p>\n<p>&nbsp;<\/p>\n<figure class=\"a_m a_m-h \">\n<p><div style=\"width: 424px\" class=\"wp-caption alignnone\"><img loading=\"lazy\" decoding=\"async\" class=\"_re lazyload a_m-h\" src=\"https:\/\/imagenes.elpais.com\/resizer\/v2\/E2SC2PEXDJCSHLEV5OFXSQ2LRU.jpg?auth=6e9efe66553d3c2c32b6c91c586701e0e062a4cf2302d30370196ab5d0bdfb18&amp;width=414\" sizes=\"auto, (min-width:1199px) 1155px,(min-width:1001px) calc(100vw - 44px),(min-width:768px) 767px, 100vw\" srcset=\"https:\/\/imagenes.elpais.com\/resizer\/v2\/E2SC2PEXDJCSHLEV5OFXSQ2LRU.jpg?auth=6e9efe66553d3c2c32b6c91c586701e0e062a4cf2302d30370196ab5d0bdfb18&amp;width=414 414w,https:\/\/imagenes.elpais.com\/resizer\/v2\/E2SC2PEXDJCSHLEV5OFXSQ2LRU.jpg?auth=6e9efe66553d3c2c32b6c91c586701e0e062a4cf2302d30370196ab5d0bdfb18&amp;width=828 640w,https:\/\/imagenes.elpais.com\/resizer\/v2\/E2SC2PEXDJCSHLEV5OFXSQ2LRU.jpg?auth=6e9efe66553d3c2c32b6c91c586701e0e062a4cf2302d30370196ab5d0bdfb18&amp;width=980 1000w,https:\/\/imagenes.elpais.com\/resizer\/v2\/E2SC2PEXDJCSHLEV5OFXSQ2LRU.jpg?auth=6e9efe66553d3c2c32b6c91c586701e0e062a4cf2302d30370196ab5d0bdfb18&amp;width=1960 1960w\" alt=\"El Colectivo de Trabajadores por la Transici\u00f3n Justa, formado por l\u00edderes de distintas organizaciones.\" width=\"414\" height=\"311\" \/><p class=\"wp-caption-text\">El Colectivo de Trabajadores por la Transici\u00f3n Justa, formado por l\u00edderes de distintas organizaciones. Cortes\u00eda<\/p><\/div><figcaption class=\"a_m_p\"><\/figcaption><\/figure>\n<p>&nbsp;<\/p>\n<p class=\"\">Gustavo Benjumea, secretario de Salud y Derechos Humanos de Sintramienergetica, explica que tienen cuatro pilares: el di\u00e1logo social, la reconversi\u00f3n laboral, la diversificaci\u00f3n econ\u00f3mica y la protecci\u00f3n social. \u201cNinguna transici\u00f3n justa se puede hacer sin los actores principales, que somos los trabajadores, o sin los defensores del medioambiente\u201d, aclara. Jorge Peralta, de Sintracarb\u00f3n, agrega que ellos ya tienen algo entendido: con un plan de transici\u00f3n energ\u00e9tica o sin uno, el cierre de minas es una certeza, ya sea \u201cpor el agotamiento de una beta, por entregas de t\u00edtulo, por el mismo cambio clim\u00e1tico, o porque el negocio no es rentable\u201d. As\u00ed que el \u00fanico escenario para no repetir lo que sucedi\u00f3 con Prodeco \u2014compa\u00f1\u00eda que, dicen, a\u00fan tiene varias deudas ambientales\u2014 es hacerlo progresivamente y con pasos definidos.<\/p>\n<p class=\"\">A trav\u00e9s de un di\u00e1logo con el Gobierno y las empresas, el colectivo ya ha logrado incidir en dos cosas. Una fue que el Plan Nacional de Desarrollo incluyera la figura de los distritos Mineros Especiales para la Diversificaci\u00f3n: lugares que se convertir\u00e1n en un laboratorio con varios instrumentos de pol\u00edtica para explorar alternativas productivas, nuevos empleos y solucionar conflictos ocasionados por la miner\u00eda. De hecho, el Gobierno ya indic\u00f3 que dos de los 16 distritos mineros que se van a implementar est\u00e1n precisamente en Cesar y en La Guajira.<\/p>\n<p class=\"\">Lo segundo ha sido impulsar un art\u00edculo sobre la protecci\u00f3n a los trabajadores ante procesos de descarbonizaci\u00f3n en la\u00a0<a href=\"https:\/\/elpais.com\/america-colombia\/2024-10-22\/reforma-laboral-en-colombia-cambios-en-el-recargo-nocturno-los-contratos-a-termino-fijo-y-las-licencias-remuneradas.html\" data-link-track-dtm=\"\" data-mrf-link=\"https:\/\/elpais.com\/america-colombia\/2024-10-22\/reforma-laboral-en-colombia-cambios-en-el-recargo-nocturno-los-contratos-a-termino-fijo-y-las-licencias-remuneradas.html\">Reforma Laboral<\/a>\u00a0que a\u00fan atraviesa discusiones en Congreso. Seg\u00fan el art\u00edculo 33 de la propuesta, toda empresa que realice explotaci\u00f3n de combustibles f\u00f3siles debe tener un plan de cierre laboral concertado con los trabajadores, incluyendo identificar cu\u00e1ntos trabajadores directos e indirectos se pueden ver afectados, una ruta de reconversi\u00f3n laboral, posibilidades de reubicarlos en otros sectores y la financiaci\u00f3n de un fondo destinado a cubrir los baches o desaf\u00edos que deje la transici\u00f3n energ\u00e9tica.<\/p>\n<p>&nbsp;<\/p>\n<figure class=\"a_m a_m-h \">\n<p><div style=\"width: 424px\" class=\"wp-caption alignnone\"><img loading=\"lazy\" decoding=\"async\" class=\"_re lazyload a_m-h\" src=\"https:\/\/imagenes.elpais.com\/resizer\/v2\/V3LUPLH2JR7LZGV5YZDFPINRKA.jpg?auth=596d05b96978991397fbc630d592e04e1596e9e169998f8a5f791f833689a2eb&amp;width=414\" sizes=\"auto, (min-width:1199px) 1155px,(min-width:1001px) calc(100vw - 44px),(min-width:768px) 767px, 100vw\" srcset=\"https:\/\/imagenes.elpais.com\/resizer\/v2\/V3LUPLH2JR7LZGV5YZDFPINRKA.jpg?auth=596d05b96978991397fbc630d592e04e1596e9e169998f8a5f791f833689a2eb&amp;width=414 414w,https:\/\/imagenes.elpais.com\/resizer\/v2\/V3LUPLH2JR7LZGV5YZDFPINRKA.jpg?auth=596d05b96978991397fbc630d592e04e1596e9e169998f8a5f791f833689a2eb&amp;width=828 640w,https:\/\/imagenes.elpais.com\/resizer\/v2\/V3LUPLH2JR7LZGV5YZDFPINRKA.jpg?auth=596d05b96978991397fbc630d592e04e1596e9e169998f8a5f791f833689a2eb&amp;width=980 1000w,https:\/\/imagenes.elpais.com\/resizer\/v2\/V3LUPLH2JR7LZGV5YZDFPINRKA.jpg?auth=596d05b96978991397fbc630d592e04e1596e9e169998f8a5f791f833689a2eb&amp;width=1960 1960w\" alt=\"La mina de carb\u00f3n del Cerrej\u00f3n, ubicada en la cuenca del r\u00edo Rancher\u00eda, al sureste del Departamento de La Guajira.\" width=\"414\" height=\"276\" \/><p class=\"wp-caption-text\">La mina de carb\u00f3n del Cerrej\u00f3n, ubicada en la cuenca del r\u00edo Rancher\u00eda, al sureste del Departamento de La Guajira<\/p><\/div><figcaption class=\"a_m_p\"><\/figcaption><\/figure>\n<p>&nbsp;<\/p>\n<p>&nbsp;<\/p>\n<p class=\"\">\u201cHa sido una lucha dif\u00edcil, porque es complicado darla incluso dentro de nuestras mismas organizaciones\u201d, dice Gonz\u00e1lez. Y s\u00ed. Suena a contracorriente pensar en sindicatos del gas, el petr\u00f3leo y el carb\u00f3n metidos de lleno en impulsar la transici\u00f3n energ\u00e9tica. Pero estos trabajadores est\u00e1n ah\u00ed, precisamente, porque si no se habla y no se planea, saben que la transici\u00f3n no va a ser justa con ellos.<\/p>\n<p class=\"\">A finales del a\u00f1o pasado, los tres l\u00edderes sindicalistas viajaron a diversas partes de Europa para ver c\u00f3mo les hab\u00eda ido con experiencias similares. Vieron c\u00f3mo hab\u00eda sido el proceso de cierre de minas en Edimburgo y en Holanda, y llegaron con varias preocupaciones y una convicci\u00f3n: \u201cLos que tenemos que empujar esto somos nosotros\u201d, asegura Peralta. Sienten que, si no queda en sus manos, el riesgo es muy alto. \u201cYo regres\u00e9 preocupado de Europa porque, a pesar de que hicieron estos procesos hace 50 a\u00f1os, a\u00fan hay cosas por resolver\u201d, cuenta Gonz\u00e1lez, dando pistas sobre la urgencia de poner unas bases s\u00f3lidas sobre la\u00a0<a href=\"https:\/\/elpais.com\/america-futura\/2024-03-14\/como-acelerar-la-transicion-energetica-en-america-latina.html\" data-link-track-dtm=\"\" data-mrf-link=\"https:\/\/elpais.com\/america-futura\/2024-03-14\/como-acelerar-la-transicion-energetica-en-america-latina.html\">transici\u00f3n<\/a>. Una que quiz\u00e1 ya va tarde, pero sobre la que estos sindicatos no temen hablar.<\/p>\n","protected":false},"excerpt":{"rendered":"<p>&nbsp; &#8211; El colectivo, alineado con las discusiones clim\u00e1ticas, respalda la figura de los distritos mineros y propone que la reforma laboral incluya apoyos a&hellip;<\/p>\n","protected":false},"author":99,"featured_media":527549,"comment_status":"open","ping_status":"open","sticky":false,"template":"","format":"standard","meta":{"footnotes":""},"categories":[23],"tags":[],"class_list":["post-527548","post","type-post","status-publish","format-standard","has-post-thumbnail","hentry","category-latinoamerica"],"_links":{"self":[{"href":"https:\/\/diarioelpopular.com\/index.php\/wp-json\/wp\/v2\/posts\/527548","targetHints":{"allow":["GET"]}}],"collection":[{"href":"https:\/\/diarioelpopular.com\/index.php\/wp-json\/wp\/v2\/posts"}],"about":[{"href":"https:\/\/diarioelpopular.com\/index.php\/wp-json\/wp\/v2\/types\/post"}],"author":[{"embeddable":true,"href":"https:\/\/diarioelpopular.com\/index.php\/wp-json\/wp\/v2\/users\/99"}],"replies":[{"embeddable":true,"href":"https:\/\/diarioelpopular.com\/index.php\/wp-json\/wp\/v2\/comments?post=527548"}],"version-history":[{"count":1,"href":"https:\/\/diarioelpopular.com\/index.php\/wp-json\/wp\/v2\/posts\/527548\/revisions"}],"predecessor-version":[{"id":527550,"href":"https:\/\/diarioelpopular.com\/index.php\/wp-json\/wp\/v2\/posts\/527548\/revisions\/527550"}],"wp:featuredmedia":[{"embeddable":true,"href":"https:\/\/diarioelpopular.com\/index.php\/wp-json\/wp\/v2\/media\/527549"}],"wp:attachment":[{"href":"https:\/\/diarioelpopular.com\/index.php\/wp-json\/wp\/v2\/media?parent=527548"}],"wp:term":[{"taxonomy":"category","embeddable":true,"href":"https:\/\/diarioelpopular.com\/index.php\/wp-json\/wp\/v2\/categories?post=527548"},{"taxonomy":"post_tag","embeddable":true,"href":"https:\/\/diarioelpopular.com\/index.php\/wp-json\/wp\/v2\/tags?post=527548"}],"curies":[{"name":"wp","href":"https:\/\/api.w.org\/{rel}","templated":true}]}}