{"id":527557,"date":"2025-01-21T11:35:32","date_gmt":"2025-01-21T15:35:32","guid":{"rendered":"https:\/\/diarioelpopular.com\/?p=527557"},"modified":"2025-01-21T11:35:32","modified_gmt":"2025-01-21T15:35:32","slug":"salvaguardar-la-libertad-en-un-mundo-computarizado","status":"publish","type":"post","link":"https:\/\/diarioelpopular.com\/index.php\/2025\/01\/21\/salvaguardar-la-libertad-en-un-mundo-computarizado\/","title":{"rendered":"SALVAGUARDAR LA LIBERTAD\u00a0  EN UN MUNDO COMPUTARIZADO"},"content":{"rendered":"<p class=\"p5\"><b><i>\u201cEl mejor progreso se sustenta en la alianza de latidos como programa existencial, en la conciliaci\u00f3n de faenas compasivas, lo que nos ayudar\u00e1 tambi\u00e9n a orientar su procesamiento en el empleo de la codificaci\u00f3n, hacia una comunicaci\u00f3n plenamente m\u00edstica, lo que contribuir\u00e1 a ponderar los recorridos\u201d.<\/i><\/b><\/p>\n<p class=\"p6\"><b><i><span class=\"Apple-converted-space\">\u00a0<\/span><\/i><\/b><\/p>\n<p class=\"p5\"><b><i>=============================<\/i><\/b><\/p>\n<p class=\"p7\"><b><i>V\u00edctor CORCOBA HERRERO\/ Escritor<\/i><\/b><\/p>\n<p class=\"p7\"><b><i>corcoba@telefonica.net <\/i><\/b><\/p>\n<p class=\"p7\"><b>=============================<\/b><span class=\"Apple-converted-space\">\u00a0<\/span><\/p>\n<p class=\"p9\">Cada cual con su vida necesita tomar la posici\u00f3n adecuada. Nuestra visi\u00f3n est\u00e1 en el coraz\u00f3n. Y as\u00ed, mientras los sistemas inform\u00e1ticos y de inteligencia artificial se vuelven m\u00e1s complejos, los l\u00edmites entre la intenci\u00f3n humana y la acci\u00f3n automatizada se diluyen, lo que plantea que brote un nuevo soplo, o si quieren una nueva humanidad de profunda hondura, desde la destreza y sus propias percusiones internas. Naturalmente, el porvenir es nuestro. Al fin y al cabo todo se apoya, en este traj\u00edn de rutas y rastros, en la aproximaci\u00f3n de la materia con el esp\u00edritu. Quiz\u00e1s tengamos que hacer valer el rostro del alma. De momento, hay que pararse a repensar, sobre qu\u00e9 es lo que queremos, si una humanidad fr\u00eda hasta consigo mismo o una humanidad cercana con todo y hacia todos.<\/p>\n<p class=\"p9\">Justamente, dot\u00e1ndonos de una visual contemplativa, es como podremos leer los lenguajes actuales e interpretar la novedad de nuestra \u00e9poca; redescubriendo los movimientos de una mirada que no s\u00f3lo debe evocar efectos productivos, tambi\u00e9n afectos que nos armonicen. De ah\u00ed, el poder de la ense\u00f1anza para dotar a las personas, no \u00fanicamente de medios necesarios para navegar, comprender e influir en los avances tecnol\u00f3gicos, tambi\u00e9n se requiere ahondar en las situaciones, los acontecimientos y descubrir su sentido. Adem\u00e1s, tampoco somos m\u00e1quinas, tenemos sentimientos, precisamos acogernos m\u00e1s que al conocimiento, a la sabidur\u00eda que todo lo aglutina hacia el hogar, para revivirnos mutuamente y entender la raz\u00f3n de ser por la que soy, un hallarse vinculado a otros an\u00e1logos.<\/p>\n<p class=\"p9\">En cualquier caso, por encima de todos los avances ha de estar siempre el ser humano. Por supuesto, estamos llamados a crecer yuxtapuestos, en humanidad y como humanidad. No dejemos a nadie en la cuneta de la exclusi\u00f3n, es un lazo m\u00e1s de nosotros mismos, al que hemos de donarle sobre todo un obrar reconstituyente. Fraternizarse es nuestra gran asignatura pendiente. Lo podremos conseguir, en la medida, que ejemplaricemos los conocimientos adquiridos. Toda una responsabilidad compartida. De ah\u00ed, la necesidad de garantizar una formaci\u00f3n de calidad inclusiva y equitativa, promoviendo oportunidades de aprendizaje constante; sin obviar, el compartir experiencias, con la compasi\u00f3n necesaria y la pasi\u00f3n por lo aut\u00e9ntico.<\/p>\n<p class=\"p9\">Somos gente en camino; y, como tal, en acci\u00f3n permanente y con capacidad cr\u00edtica. Hemos de persistir en guardia como originales poetas, esperando que la inspiraci\u00f3n nos sorprenda y los sue\u00f1os nos revolucionen el pulso m\u00e1s que lo digital. Sea como fuere, el futuro es nuestro, no est\u00e1 escrito y depende de nosotros. Corresponde a la persona hacerse valer y valorarse, alimentar su voluntad con la conciencia libre, despose\u00edda de toda posesi\u00f3n y alentada por lo natural que nos circunda. El mejor progreso se sustenta en la alianza de latidos como programa existencial, en la conciliaci\u00f3n de faenas compasivas, lo que nos ayudar\u00e1 tambi\u00e9n a orientar su procesamiento en el empleo de la codificaci\u00f3n, hacia una comunicaci\u00f3n plenamente m\u00edstica, lo que contribuir\u00e1 a ponderar los recorridos.<span class=\"Apple-converted-space\">\u00a0<\/span><\/p>\n<p class=\"p9\">Hoy m\u00e1s que nunca, necesitamos ese aire sublime del verso, para no esclavizarnos ante la inmensa expansi\u00f3n tecnol\u00f3gica, sin moral alguna. Tenemos,<span class=\"Apple-converted-space\">\u00a0 <\/span>por ello, la obligaci\u00f3n de ensanchar horizontes y de guiarnos en confianza, sin ceder al est\u00edmulo de nuestras propias miserias mundanas, como el af\u00e1n de lucro o a la sed de poder. Esto nos demanda otros cultivos. Los desaf\u00edos no son \u00fanicamente t\u00e9cnicos, sino tambi\u00e9n antropol\u00f3gicos. En consecuencia, nos alegra que la UNESCO el a\u00f1o pasado mantuviese la educaci\u00f3n como prioridad global en un contexto de escalada de conflictos, cambio clim\u00e1tico y desigualdades crecientes. Igualmente, la inteligencia artificial, deber\u00eda ponerse al servicio de un mejor potencial humano; desde luego, jam\u00e1s en pique, sino en son de concordia.<\/p>\n<p class=\"p11\"><b>V\u00edctor CORCOBA HERRERO\/ Escritor<\/b><\/p>\n<p class=\"p11\"><b><span class=\"Apple-converted-space\">\u00a0<\/span>HYPERLINK &#8220;mailto:corcoba@telefonica.net&#8221; <\/b><span class=\"s4\"><b>corcoba@telefonica.net<\/b><\/span><\/p>\n<p class=\"p11\"><b>21 de Enero de 2025.-<span class=\"Apple-converted-space\">\u00a0<\/span><\/b><\/p>\n","protected":false},"excerpt":{"rendered":"<p>\u201cEl mejor progreso se sustenta en la alianza de latidos como programa existencial, en la conciliaci\u00f3n de faenas compasivas, lo que nos ayudar\u00e1 tambi\u00e9n a&hellip;<\/p>\n","protected":false},"author":99,"featured_media":0,"comment_status":"open","ping_status":"open","sticky":false,"template":"","format":"standard","meta":{"footnotes":""},"categories":[11353,81],"tags":[],"class_list":["post-527557","post","type-post","status-publish","format-standard","hentry","category-algo-mas-que-palabras","category-columnistas"],"_links":{"self":[{"href":"https:\/\/diarioelpopular.com\/index.php\/wp-json\/wp\/v2\/posts\/527557","targetHints":{"allow":["GET"]}}],"collection":[{"href":"https:\/\/diarioelpopular.com\/index.php\/wp-json\/wp\/v2\/posts"}],"about":[{"href":"https:\/\/diarioelpopular.com\/index.php\/wp-json\/wp\/v2\/types\/post"}],"author":[{"embeddable":true,"href":"https:\/\/diarioelpopular.com\/index.php\/wp-json\/wp\/v2\/users\/99"}],"replies":[{"embeddable":true,"href":"https:\/\/diarioelpopular.com\/index.php\/wp-json\/wp\/v2\/comments?post=527557"}],"version-history":[{"count":1,"href":"https:\/\/diarioelpopular.com\/index.php\/wp-json\/wp\/v2\/posts\/527557\/revisions"}],"predecessor-version":[{"id":527558,"href":"https:\/\/diarioelpopular.com\/index.php\/wp-json\/wp\/v2\/posts\/527557\/revisions\/527558"}],"wp:attachment":[{"href":"https:\/\/diarioelpopular.com\/index.php\/wp-json\/wp\/v2\/media?parent=527557"}],"wp:term":[{"taxonomy":"category","embeddable":true,"href":"https:\/\/diarioelpopular.com\/index.php\/wp-json\/wp\/v2\/categories?post=527557"},{"taxonomy":"post_tag","embeddable":true,"href":"https:\/\/diarioelpopular.com\/index.php\/wp-json\/wp\/v2\/tags?post=527557"}],"curies":[{"name":"wp","href":"https:\/\/api.w.org\/{rel}","templated":true}]}}