{"id":527581,"date":"2025-01-21T12:24:07","date_gmt":"2025-01-21T16:24:07","guid":{"rendered":"https:\/\/diarioelpopular.com\/?p=527581"},"modified":"2025-01-21T12:24:07","modified_gmt":"2025-01-21T16:24:07","slug":"cuales-son-las-principales-ordenes-ejecutivas-que-firmo-trump-en-su-primer-dia-en-la-casa-blanca","status":"publish","type":"post","link":"https:\/\/diarioelpopular.com\/index.php\/2025\/01\/21\/cuales-son-las-principales-ordenes-ejecutivas-que-firmo-trump-en-su-primer-dia-en-la-casa-blanca\/","title":{"rendered":"Cu\u00e1les son las principales \u00f3rdenes ejecutivas que firm\u00f3 Trump en su primer d\u00eda en la Casa Blanca"},"content":{"rendered":"<p><img loading=\"lazy\" decoding=\"async\" class=\"alignnone size-custom-full-size wp-image-527582\" src=\"https:\/\/diarioelpopular.com\/wp-content\/uploads\/2025\/01\/Screen-Shot-2025-01-21-at-11.23.41-AM-636x359.png\" alt=\"\" width=\"636\" height=\"359\" srcset=\"https:\/\/diarioelpopular.com\/wp-content\/uploads\/2025\/01\/Screen-Shot-2025-01-21-at-11.23.41-AM-636x359.png 636w, https:\/\/diarioelpopular.com\/wp-content\/uploads\/2025\/01\/Screen-Shot-2025-01-21-at-11.23.41-AM-300x169.png 300w, https:\/\/diarioelpopular.com\/wp-content\/uploads\/2025\/01\/Screen-Shot-2025-01-21-at-11.23.41-AM-768x433.png 768w, https:\/\/diarioelpopular.com\/wp-content\/uploads\/2025\/01\/Screen-Shot-2025-01-21-at-11.23.41-AM-129x73.png 129w, https:\/\/diarioelpopular.com\/wp-content\/uploads\/2025\/01\/Screen-Shot-2025-01-21-at-11.23.41-AM.png 1024w\" sizes=\"auto, (max-width: 636px) 100vw, 636px\" \/><\/p>\n<p>&nbsp;<\/p>\n<div class=\"bbc-19j92fr ebmt73l0\" dir=\"ltr\">\n<ul>\n<li class=\"bbc-hhl7in e17g058b0\" dir=\"ltr\"><em><b>Donald Trump emiti\u00f3 una avalancha de \u00f3rdenes ejecutivas en muchas materias, desde inmigraci\u00f3n, cambio clim\u00e1tico y diversidad, tras jurar su cargo como el 47\u00ba presidente de Estados Unidos.<\/b><\/em><\/li>\n<\/ul>\n<\/div>\n<div class=\"bbc-19j92fr ebmt73l0\" dir=\"ltr\">\n<p dir=\"ltr\">\n<p dir=\"ltr\">\n<p class=\"bbc-hhl7in e17g058b0\" dir=\"ltr\">El republicano se apresur\u00f3 a utilizar sus nuevos poderes\u00a0<a class=\"focusIndicatorReducedWidth bbc-n8oauk e1p3sufg0\" href=\"https:\/\/www.bbc.com\/mundo\/articles\/c74ennqqz5vo\">para firmar acciones ejecutivas, memorandos presidenciales y \u00f3rdenes ejecutivas<\/a>\u00a0sobre una serie de prioridades pol\u00edticas.<\/p>\n<\/div>\n<div class=\"bbc-19j92fr ebmt73l0\" dir=\"ltr\">\n<p class=\"bbc-hhl7in e17g058b0\" dir=\"ltr\">Las \u00f3rdenes ejecutivas tienen efectos similares a los de una ley, pero pueden ser revocadas por presidentes subsiguientes o por los tribunales. Muchas podr\u00edan ser tambi\u00e9n impugnadas.<\/p>\n<\/div>\n<div class=\"bbc-19j92fr ebmt73l0\" dir=\"ltr\">\n<p class=\"bbc-hhl7in e17g058b0\" dir=\"ltr\">Es habitual que los presidentes las firmen al entrar en funciones, pero los medios de comunicaci\u00f3n estadounidenses informan que Trump ten\u00eda la intenci\u00f3n de firmar hasta 200 en su primer d\u00eda, lo que eclipsar\u00eda la cantidad que la mayor\u00eda de los presidentes anteriores han emitido en un solo mandato.<\/p>\n<\/div>\n<div class=\"bbc-19j92fr ebmt73l0\" dir=\"ltr\">\n<p class=\"bbc-hhl7in e17g058b0\" dir=\"ltr\">Estas son las pol\u00edticas que Trump ha introducido a pocas horas de tomar posesi\u00f3n.<\/p>\n<\/div>\n<div class=\"bbc-19j92fr ebmt73l0\" dir=\"ltr\">\n<h2 id=\"Migraci\u00f3n-y-frontera\" class=\"bbc-1lgzob2 eglt09e0\" tabindex=\"-1\">Migraci\u00f3n y frontera<\/h2>\n<\/div>\n<div class=\"bbc-19j92fr ebmt73l0\" dir=\"ltr\">\n<p class=\"bbc-hhl7in e17g058b0\" dir=\"ltr\"><b>Emergencia nacional en la frontera<\/b><\/p>\n<\/div>\n<div class=\"bbc-19j92fr ebmt73l0\" dir=\"ltr\">\n<p class=\"bbc-hhl7in e17g058b0\" dir=\"ltr\">En la oficina oval de la Casa Blanca, Trump firm\u00f3 una directiva para declarar la emergencia nacional en la frontera sur. &#8220;Esa es una importante&#8221;, dijo Trump al estampar su firma.<\/p>\n<\/div>\n<div class=\"bbc-19j92fr ebmt73l0\" dir=\"ltr\">\n<p class=\"bbc-hhl7in e17g058b0\" dir=\"ltr\">Tambi\u00e9n atac\u00f3 al otorgamiento de ciudadan\u00eda autom\u00e1tica para los nacidos en EE.UU. de inmigrantes indocumentados.<\/p>\n<\/div>\n<div class=\"bbc-19j92fr ebmt73l0\" dir=\"ltr\">\n<p class=\"bbc-hhl7in e17g058b0\" dir=\"ltr\">Adem\u00e1s, firm\u00f3 una orden que suspender\u00e1 el programa estadounidense de reasentamiento de refugiados durante cuatro meses, aunque los detalles no estaban claros.<\/p>\n<\/div>\n<div class=\"bbc-19j92fr ebmt73l0\" dir=\"ltr\">\n<p class=\"bbc-hhl7in e17g058b0\" dir=\"ltr\"><b>Cierre de la frontera<\/b><\/p>\n<\/div>\n<div class=\"bbc-19j92fr ebmt73l0\" dir=\"ltr\">\n<p class=\"bbc-hhl7in e17g058b0\" dir=\"ltr\">Trump orden\u00f3 a los militares &#8220;sellar las fronteras&#8221; al citar como justificaci\u00f3n el flujo de drogas il\u00edcitas, el contrabando de personas y la delincuencia relacionada con los cruces.<\/p>\n<p dir=\"ltr\">\n<\/div>\n<figure class=\"bbc-1qn0xuy\">\n<div class=\"bbc-18ywsw9\">\n<div style=\"width: 1034px\" class=\"wp-caption alignnone\"><img loading=\"lazy\" decoding=\"async\" class=\"bbc-139onq\" src=\"https:\/\/ichef.bbci.co.uk\/ace\/ws\/640\/cpsprodpb\/b4f1\/live\/0631e090-d7b1-11ef-87df-d575b9a434a4.jpg.webp\" alt=\"Migrantes en el Paso del Norte de Ciudad Ju\u00e1rez\" width=\"1024\" height=\"683\" \/><p class=\"wp-caption-text\">Fuente de la imagen,Getty Images.\u00a0Entre las primeras decisiones que tom\u00f3 Trump estuvo la cancelaci\u00f3n de nuevas solicitudes de asilo.<\/p><\/div>\n<\/div>\n<\/figure>\n<div class=\"bbc-19j92fr ebmt73l0\" dir=\"ltr\">\n<p dir=\"ltr\">\n<p class=\"bbc-hhl7in e17g058b0\" dir=\"ltr\"><b>Designaci\u00f3n de pandillas y carteles como terroristas<\/b><\/p>\n<\/div>\n<div class=\"bbc-19j92fr ebmt73l0\" dir=\"ltr\">\n<p class=\"bbc-hhl7in e17g058b0\" dir=\"ltr\">El presidente firm\u00f3 una directiva que designa a los carteles de la droga y a las bandas criminales trasnacionales como organizaciones terroristas extranjeras. La banda salvadore\u00f1a de migrantes MS-13 y la venezolana Tren de Aragua se a\u00f1adir\u00e1n a una lista que incluye a al Qaeda, el autodenominado Estado Isl\u00e1mico y Ham\u00e1s.<\/p>\n<\/div>\n<div class=\"bbc-19j92fr ebmt73l0\" dir=\"ltr\">\n<p class=\"bbc-hhl7in e17g058b0\" dir=\"ltr\"><b>Reanudar la construcci\u00f3n del muro<\/b><\/p>\n<\/div>\n<div class=\"bbc-19j92fr ebmt73l0\" dir=\"ltr\">\n<p class=\"bbc-hhl7in e17g058b0\" dir=\"ltr\">Como parte de su declaraci\u00f3n de emergencia en la frontera sur, Trump orden\u00f3 a los jefes de las agencias relanzar los esfuerzos para &#8220;construir barreras f\u00edsicas adicionales a lo largo de la frontera sur&#8221;. No est\u00e1 claro c\u00f3mo podr\u00eda financiarse el objetivo, un obst\u00e1culo clave para Trump durante su primer mandato.<\/p>\n<\/div>\n<div class=\"bbc-19j92fr ebmt73l0\" dir=\"ltr\">\n<p class=\"bbc-hhl7in e17g058b0\" dir=\"ltr\">Cuando Trump fue elegido presidente por primera vez en 2016, firm\u00f3 una orden ejecutiva para construir un muro fronterizo. Aunque se construyeron algunas partes de la barrera, la mayor parte qued\u00f3 sin terminar.<\/p>\n<\/div>\n<div class=\"bbc-19j92fr ebmt73l0\" dir=\"ltr\">\n<p class=\"bbc-hhl7in e17g058b0\" dir=\"ltr\"><b>Qu\u00e9date en M\u00e9xico<\/b><\/p>\n<\/div>\n<div class=\"bbc-19j92fr ebmt73l0\" dir=\"ltr\">\n<p class=\"bbc-hhl7in e17g058b0\" dir=\"ltr\">Trump tambi\u00e9n volvi\u00f3 a implementar su pol\u00edtica de &#8220;Qu\u00e9date en M\u00e9xico&#8221; en una orden ejecutiva. Una medida de su primer mandato devolvi\u00f3 a unos 70.000 solicitantes de asilo no mexicanos al otro lado de la frontera a la espera de audiencias.<\/p>\n<\/div>\n<div class=\"bbc-19j92fr ebmt73l0\" dir=\"ltr\">\n<p class=\"bbc-hhl7in e17g058b0\" dir=\"ltr\"><b>Detenci\u00f3n de vuelos migratorios<\/b><\/p>\n<\/div>\n<div class=\"bbc-19j92fr ebmt73l0\" dir=\"ltr\">\n<p class=\"bbc-hhl7in e17g058b0\" dir=\"ltr\">En la misma orden, Trump tambi\u00e9n puso fin a una importante v\u00eda de inmigraci\u00f3n de la era Biden: una iniciativa que permit\u00eda que hasta 30.000 migrantes de Cuba, Hait\u00ed, Nicaragua y Venezuela fueran llevados v\u00eda a\u00e9rea a Estados Unidos.<\/p>\n<\/div>\n<div class=\"bbc-19j92fr ebmt73l0\" dir=\"ltr\">\n<p class=\"bbc-hhl7in e17g058b0\" dir=\"ltr\">Esta pol\u00edtica, conocida como CHNV, estaba dise\u00f1ada para reducir los cruces fronterizos ilegales, seg\u00fan el gobierno de Biden.<\/p>\n<p dir=\"ltr\">\n<\/div>\n<figure class=\"bbc-1qn0xuy\">\n<div class=\"bbc-18ywsw9\">\n<div style=\"width: 810px\" class=\"wp-caption alignnone\"><img loading=\"lazy\" decoding=\"async\" class=\"bbc-139onq\" src=\"https:\/\/ichef.bbci.co.uk\/ace\/ws\/640\/cpsprodpb\/d56b\/live\/920c4450-d7b3-11ef-87df-d575b9a434a4.jpg.webp\" alt=\"Thomas Homan\" width=\"800\" height=\"450\" \/><p class=\"wp-caption-text\">Fuente de la imagen,Getty Images.\u00a0\u00a0Trump ha designado a un &#8220;zar de la frontera&#8221;, Thomas Homan, para manejar el tema migratorio.<\/p><\/div>\n<p class=\"bbc-by8ykd\" role=\"text\">\n<\/div>\n<\/figure>\n<div class=\"bbc-19j92fr ebmt73l0\" dir=\"ltr\">\n<h2 id=\"TikTok\" class=\"bbc-1lgzob2 eglt09e0\" tabindex=\"-1\">TikTok<\/h2>\n<\/div>\n<div class=\"bbc-19j92fr ebmt73l0\" dir=\"ltr\">\n<p class=\"bbc-hhl7in e17g058b0\" dir=\"ltr\"><b>La prohibici\u00f3n latente<\/b><\/p>\n<\/div>\n<div class=\"bbc-19j92fr ebmt73l0\" dir=\"ltr\">\n<p class=\"bbc-hhl7in e17g058b0\" dir=\"ltr\">Trump firm\u00f3 una orden que pospone 75 d\u00edas la aplicaci\u00f3n de una ley que proh\u00edbe la plataforma de propiedad china TikTok.<\/p>\n<\/div>\n<div class=\"bbc-19j92fr ebmt73l0\" dir=\"ltr\">\n<p class=\"bbc-hhl7in e17g058b0\" dir=\"ltr\">La firma acogi\u00f3 con satisfacci\u00f3n las promesas de Trump al respecto y restableci\u00f3 los servicios en Estados Unidos tras haberlos desconectado brevemente antes de su toma de posesi\u00f3n.<\/p>\n<\/div>\n<div class=\"bbc-19j92fr ebmt73l0\" dir=\"ltr\">\n<p class=\"bbc-hhl7in e17g058b0\" dir=\"ltr\">Trump hab\u00eda dicho que su orden dar\u00eda a la matriz de TikTok m\u00e1s tiempo para encontrar un socio estadounidense que comprara una participaci\u00f3n mayoritaria, pero los detalles sobre la orden que firm\u00f3 no est\u00e1n claros.<\/p>\n<\/div>\n<div class=\"bbc-19j92fr ebmt73l0\" dir=\"ltr\">\n<p class=\"bbc-hhl7in e17g058b0\" dir=\"ltr\">Interrogado sobre qu\u00e9 hace la medida tras firmarla, Trump dice que da derecho a &#8220;venderla o cerrarla&#8221;.<\/p>\n<\/div>\n<div class=\"bbc-19j92fr ebmt73l0\" dir=\"ltr\">\n<p class=\"bbc-hhl7in e17g058b0\" dir=\"ltr\">El nuevo presidente hab\u00eda respaldado previamente la prohibici\u00f3n, pero indic\u00f3 que hab\u00eda dado marcha atr\u00e1s en su postura despu\u00e9s de que sus videos de campa\u00f1a atrajeran miles de millones de visitas.<\/p>\n<\/div>\n<div class=\"bbc-19j92fr ebmt73l0\" dir=\"ltr\">\n<h2 id=\"Reforma-del-Gobierno\" class=\"bbc-1lgzob2 eglt09e0\" tabindex=\"-1\">Reforma del Gobierno<\/h2>\n<\/div>\n<div class=\"bbc-19j92fr ebmt73l0\" dir=\"ltr\">\n<p class=\"bbc-hhl7in e17g058b0\" dir=\"ltr\"><b>Doge y Elon Musk<\/b><\/p>\n<\/div>\n<div class=\"bbc-19j92fr ebmt73l0\" dir=\"ltr\">\n<p class=\"bbc-hhl7in e17g058b0\" dir=\"ltr\">Trump ha firmado una orden por la que se crea el Departamento de Eficiencia Gubernamental (Doge, en ingl\u00e9s), un nuevo \u00f3rgano consultivo destinado a reducir el costo del gobierno. Se espera que lo dirija el millonario Elon Musk.<\/p>\n<\/div>\n<div class=\"bbc-19j92fr ebmt73l0\" dir=\"ltr\">\n<p class=\"bbc-hhl7in e17g058b0\" dir=\"ltr\">Trump dijo que Musk, el jefe de Tesla y SpaceX, tendr\u00e1 una oficina con unos 20 empleados para la nueva agencia.<\/p>\n<\/div>\n<div class=\"bbc-19j92fr ebmt73l0\" dir=\"ltr\">\n<p class=\"bbc-hhl7in e17g058b0\" dir=\"ltr\"><b>Congelaci\u00f3n de las contrataciones federales<\/b><\/p>\n<\/div>\n<div class=\"bbc-19j92fr ebmt73l0\" dir=\"ltr\">\n<p class=\"bbc-hhl7in e17g058b0\" dir=\"ltr\">El presidente firm\u00f3 una orden que para cualquier nueva contrataci\u00f3n federal -excepto dentro del ej\u00e9rcito estadounidense y varias otras categor\u00edas- hasta que el gobierno tenga el control total de la administraci\u00f3n.<\/p>\n<\/div>\n<div class=\"bbc-19j92fr ebmt73l0\" dir=\"ltr\">\n<p class=\"bbc-hhl7in e17g058b0\" dir=\"ltr\"><b>Los empleados federales vuelven a la oficina<\/b><\/p>\n<\/div>\n<div class=\"bbc-19j92fr ebmt73l0\" dir=\"ltr\">\n<p class=\"bbc-hhl7in e17g058b0\" dir=\"ltr\">Tambi\u00e9n firm\u00f3 un documento que ordena que los trabajadores federales deben trabajar en la oficina y no se les permite trabajar desde casa.<\/p>\n<\/div>\n<div class=\"bbc-19j92fr ebmt73l0\" dir=\"ltr\">\n<p class=\"bbc-hhl7in e17g058b0\" dir=\"ltr\"><b>Censura<\/b><\/p>\n<\/div>\n<div class=\"bbc-19j92fr ebmt73l0\" dir=\"ltr\">\n<p class=\"bbc-hhl7in e17g058b0\" dir=\"ltr\">Una medida firmada &#8220;ordenando la restauraci\u00f3n de la libertad de expresi\u00f3n e impidiendo la censura gubernamental&#8221;. No hubo detalles disponibles de inmediato sobre lo que hace espec\u00edficamente esta directiva.<\/p>\n<\/div>\n<div class=\"bbc-19j92fr ebmt73l0\" dir=\"ltr\">\n<p class=\"bbc-hhl7in e17g058b0\" dir=\"ltr\">Pero ordena al fiscal general que investigue las actividades de funcionarios de organismos como el Departamento de Justicia, la Comisi\u00f3n del Mercado de Valores y la Comisi\u00f3n Federal de Comercio durante la administraci\u00f3n anterior.<\/p>\n<\/div>\n<div class=\"bbc-19j92fr ebmt73l0\" dir=\"ltr\">\n<p class=\"bbc-hhl7in e17g058b0\" dir=\"ltr\"><b>Persecuciones pol\u00edticas<\/b><\/p>\n<\/div>\n<div class=\"bbc-19j92fr ebmt73l0\" dir=\"ltr\">\n<p class=\"bbc-hhl7in e17g058b0\" dir=\"ltr\">El nuevo presidente de EE.UU. firm\u00f3 un documento que pretende poner fin al &#8220;armamentismo del gobierno contra los adversarios pol\u00edticos&#8221;. No se dispuso inmediatamente de m\u00e1s detalles.<\/p>\n<p dir=\"ltr\">\n<\/div>\n<figure class=\"bbc-1qn0xuy\">\n<div class=\"bbc-18ywsw9\">\n<div style=\"width: 1034px\" class=\"wp-caption alignnone\"><img loading=\"lazy\" decoding=\"async\" class=\"bbc-139onq\" src=\"https:\/\/ichef.bbci.co.uk\/ace\/ws\/640\/cpsprodpb\/d538\/live\/9be34200-d7b1-11ef-87df-d575b9a434a4.jpg.webp\" alt=\"Elon Musk\" width=\"1024\" height=\"683\" \/><p class=\"wp-caption-text\">Fuente de la imagen,Getty Images.\u00a0\u00a0El empresario Elon Musk asumir\u00e1 una oficina gubernamental.<\/p><\/div>\n<\/div>\n<\/figure>\n<div class=\"bbc-19j92fr ebmt73l0\" dir=\"ltr\">\n<h2 tabindex=\"-1\"><\/h2>\n<h2 id=\"Organizaci\u00f3n-Mundial-de-la-Salud\" class=\"bbc-1lgzob2 eglt09e0\" tabindex=\"-1\">Organizaci\u00f3n Mundial de la Salud<\/h2>\n<\/div>\n<div class=\"bbc-19j92fr ebmt73l0\" dir=\"ltr\">\n<p class=\"bbc-hhl7in e17g058b0\" dir=\"ltr\">Trump firm\u00f3 una orden ejecutiva para iniciar el proceso de retirada de EE.UU. de la Organizaci\u00f3n Mundial de la Salud (OMS).<\/p>\n<\/div>\n<div class=\"bbc-19j92fr ebmt73l0\" dir=\"ltr\">\n<p class=\"bbc-hhl7in e17g058b0\" dir=\"ltr\">&#8220;Oooh, esa es una importante&#8221;, dijo mientras firmaba el documento. Es la segunda vez que Trump ordena la salida de su pa\u00eds de la OMS.<\/p>\n<\/div>\n<div class=\"bbc-19j92fr ebmt73l0\" dir=\"ltr\">\n<p class=\"bbc-hhl7in e17g058b0\" dir=\"ltr\">El presidente critic\u00f3 la forma en que el organismo internacional gestion\u00f3 la pandemia de covid-19 e inici\u00f3 el proceso de retirada de la instituci\u00f3n con sede en Ginebra durante ese periodo. Tiempo despu\u00e9s, el presidente Joe Biden revoc\u00f3 esa decisi\u00f3n.<\/p>\n<\/div>\n<div class=\"bbc-19j92fr ebmt73l0\" dir=\"ltr\">\n<h2 id=\"Pol\u00edticas-de-Biden\" class=\"bbc-1lgzob2 eglt09e0\" tabindex=\"-1\">Pol\u00edticas de Biden<\/h2>\n<\/div>\n<div class=\"bbc-19j92fr ebmt73l0\" dir=\"ltr\">\n<p class=\"bbc-hhl7in e17g058b0\" dir=\"ltr\"><b>Normas de la era Biden<\/b><\/p>\n<\/div>\n<div class=\"bbc-19j92fr ebmt73l0\" dir=\"ltr\">\n<p class=\"bbc-hhl7in e17g058b0\" dir=\"ltr\">Una de las primeras directivas que Trump firm\u00f3 como parte de su segundo mandato fue un documento que anulaba casi 80 normas de la era Biden. Trump no detall\u00f3 qu\u00e9 inclu\u00edan estas regulaciones.<\/p>\n<\/div>\n<div class=\"bbc-19j92fr ebmt73l0\" dir=\"ltr\">\n<p class=\"bbc-hhl7in e17g058b0\" dir=\"ltr\"><b>Congelaci\u00f3n normativa<\/b><\/p>\n<\/div>\n<div class=\"bbc-19j92fr ebmt73l0\" dir=\"ltr\">\n<p class=\"bbc-hhl7in e17g058b0\" dir=\"ltr\">Tambi\u00e9n firm\u00f3 una directiva que congelaba la emisi\u00f3n de nuevas regulaciones por parte de cualquier agencia federal hasta que la Casa Blanca tuviera el control total del gobierno.<\/p>\n<p dir=\"ltr\">\n<\/div>\n<figure class=\"bbc-1qn0xuy\">\n<div class=\"bbc-18ywsw9\">\n<div style=\"width: 1034px\" class=\"wp-caption alignnone\"><img loading=\"lazy\" decoding=\"async\" class=\"bbc-139onq\" src=\"https:\/\/ichef.bbci.co.uk\/ace\/ws\/640\/cpsprodpb\/830a\/live\/709f8360-d7b1-11ef-94cb-5f844ceb9e30.jpg.webp\" alt=\"Donald Trump en su discurso inaugural\" width=\"1024\" height=\"683\" \/><p class=\"wp-caption-text\">Fuente de la imagen,Getty Images.\u00a0\u00a0Varias de las \u00f3rdenes de Trump buscan revertir pol\u00edticas de su predecesor, Joe Biden.<\/p><\/div>\n<\/div>\n<\/figure>\n<div class=\"bbc-19j92fr ebmt73l0\" dir=\"ltr\">\n<h2 tabindex=\"-1\"><\/h2>\n<h2 id=\"Diversidad-y-g\u00e9nero\" class=\"bbc-1lgzob2 eglt09e0\" tabindex=\"-1\">Diversidad y g\u00e9nero<\/h2>\n<\/div>\n<div class=\"bbc-19j92fr ebmt73l0\" dir=\"ltr\">\n<p class=\"bbc-hhl7in e17g058b0\" dir=\"ltr\"><b>Personas transg\u00e9nero<\/b><\/p>\n<\/div>\n<div class=\"bbc-19j92fr ebmt73l0\" dir=\"ltr\">\n<p class=\"bbc-hhl7in e17g058b0\" dir=\"ltr\">Trump emiti\u00f3 una orden ejecutiva declarando que EE.UU. solo reconocer\u00e1 &#8220;dos sexos, masculino y femenino. Estos sexos no son cambiantes y est\u00e1n basados en una realidad fundamental e incontrovertible&#8221;.<\/p>\n<\/div>\n<div class=\"bbc-19j92fr ebmt73l0\" dir=\"ltr\">\n<p class=\"bbc-hhl7in e17g058b0\" dir=\"ltr\">La orden afectar\u00e1 a la pol\u00edtica para personas trans en relaci\u00f3n con las comunicaciones gubernamentales, las protecciones de los derechos civiles y la financiaci\u00f3n federal, as\u00ed como a las prisiones. Tambi\u00e9n afectar\u00e1 a documentos oficiales como pasaportes y visados.<\/p>\n<\/div>\n<div class=\"bbc-19j92fr ebmt73l0\" dir=\"ltr\">\n<p class=\"bbc-hhl7in e17g058b0\" dir=\"ltr\"><b>Ideolog\u00eda de g\u00e9nero<\/b><\/p>\n<\/div>\n<div class=\"bbc-19j92fr ebmt73l0\" dir=\"ltr\">\n<p class=\"bbc-hhl7in e17g058b0\" dir=\"ltr\">En la misma orden ejecutiva, Trump puso fin a todos los programas, pol\u00edticas, declaraciones y comunicaciones gubernamentales que promuevan o apoyen la &#8220;ideolog\u00eda de g\u00e9nero&#8221;.<\/p>\n<\/div>\n<div class=\"bbc-19j92fr ebmt73l0\" dir=\"ltr\">\n<p class=\"bbc-hhl7in e17g058b0\" dir=\"ltr\">En otra orden ejecutiva, puso fin a todos los programas de &#8220;diversidad, equidad e inclusi\u00f3n&#8221; (DEI) dentro del gobierno federal. La orden se denomina &#8220;poner fin a los programas gubernamentales de DEI radicales y despilfarradores y a las preferencias&#8221;. La orden afecta a todas las agencias federales e incluye a las que reciben subvenciones federales o tienen contratos federales.<\/p>\n<\/div>\n<div class=\"bbc-19j92fr ebmt73l0\" dir=\"ltr\">\n<p class=\"bbc-hhl7in e17g058b0\" dir=\"ltr\">El gobierno entrante tambi\u00e9n ha prometido otras medidas que pueden afectar al sector privado.<\/p>\n<\/div>\n<div class=\"bbc-19j92fr ebmt73l0\" dir=\"ltr\">\n<h2 id=\"Econom\u00eda\" class=\"bbc-1lgzob2 eglt09e0\" tabindex=\"-1\">Econom\u00eda<\/h2>\n<\/div>\n<div class=\"bbc-19j92fr ebmt73l0\" dir=\"ltr\">\n<p class=\"bbc-hhl7in e17g058b0\" dir=\"ltr\"><b>Hacer frente a la inflaci\u00f3n<\/b><\/p>\n<\/div>\n<div class=\"bbc-19j92fr ebmt73l0\" dir=\"ltr\">\n<p class=\"bbc-hhl7in e17g058b0\" dir=\"ltr\">El presidente firm\u00f3 una ordena en la que pide a todos los departamentos y agencias federales de EE.UU. que se ocupen del tema de la inflaci\u00f3n de los estadounidenses.<\/p>\n<\/div>\n<div class=\"bbc-19j92fr ebmt73l0\" dir=\"ltr\">\n<p class=\"bbc-hhl7in e17g058b0\" dir=\"ltr\">No est\u00e1n claros los detalles de este documento ni c\u00f3mo se encomienda a cada departamento el examen de esta cuesti\u00f3n.<\/p>\n<p dir=\"ltr\">\n<\/div>\n<figure class=\"bbc-1qn0xuy\">\n<div class=\"bbc-18ywsw9\">\n<div style=\"width: 1034px\" class=\"wp-caption alignnone\"><img loading=\"lazy\" decoding=\"async\" class=\"bbc-139onq\" src=\"https:\/\/ichef.bbci.co.uk\/ace\/ws\/640\/cpsprodpb\/86ea\/live\/df9dd1e0-d7b1-11ef-87df-d575b9a434a4.jpg.webp\" alt=\"Donald Trump firma \u00f3rdenes en la oficina oval\" width=\"1024\" height=\"683\" \/><p class=\"wp-caption-text\">Fuente de la imagen,Getty Images.\u00a0\u00a0Trump firm\u00f3 decenas de \u00f3rdenes ejecutivas en la oficina oval de la Casa Blanca.<\/p><\/div>\n<p class=\"bbc-by8ykd\" role=\"text\">\n<\/div>\n<\/figure>\n<div class=\"bbc-19j92fr ebmt73l0\" dir=\"ltr\">\n<h2 id=\"Clima-y-energ\u00eda\" class=\"bbc-1lgzob2 eglt09e0\" tabindex=\"-1\">Clima y energ\u00eda<\/h2>\n<\/div>\n<div class=\"bbc-19j92fr ebmt73l0\" dir=\"ltr\">\n<p class=\"bbc-hhl7in e17g058b0\" dir=\"ltr\"><b>Retirada del Acuerdo de Par\u00eds (otra vez)<\/b><\/p>\n<\/div>\n<div class=\"bbc-19j92fr ebmt73l0\" dir=\"ltr\">\n<p class=\"bbc-hhl7in e17g058b0\" dir=\"ltr\">Como parte de la primera tanda de directivas, Trump firm\u00f3 la retirada del acuerdo clim\u00e1tico de Par\u00eds, el hist\u00f3rico pacto internacional dise\u00f1ado para limitar el aumento de las temperaturas globales.<\/p>\n<\/div>\n<div class=\"bbc-19j92fr ebmt73l0\" dir=\"ltr\">\n<p class=\"bbc-hhl7in e17g058b0\" dir=\"ltr\">Fue uno de los nueve primeros documentos que Trump firm\u00f3 tras su toma de posesi\u00f3n.<\/p>\n<\/div>\n<div class=\"bbc-19j92fr ebmt73l0\" dir=\"ltr\">\n<p class=\"bbc-hhl7in e17g058b0\" dir=\"ltr\">Tambi\u00e9n declar\u00f3 una emergencia energ\u00e9tica nacional, prometiendo llenar las reservas estrat\u00e9gicas de petr\u00f3leo. Tambi\u00e9n dijo que EE.UU. pondr\u00eda fin al arrendamiento de parques e\u00f3licos y revocar\u00eda lo que ha llamado una &#8220;imposici\u00f3n&#8221; de veh\u00edculos el\u00e9ctricos.<\/p>\n<\/div>\n<div class=\"bbc-19j92fr ebmt73l0\" dir=\"ltr\">\n<p class=\"bbc-hhl7in e17g058b0\" dir=\"ltr\">Trump se retir\u00f3 por primera vez del Acuerdo de Par\u00eds en 2017, antes de que Biden volviera a entrar en \u00e9l en 2021.<\/p>\n<\/div>\n<div class=\"bbc-19j92fr ebmt73l0\" dir=\"ltr\">\n<p class=\"bbc-hhl7in e17g058b0\" dir=\"ltr\">Junto con la firma de la salida del acuerdo, Trump tambi\u00e9n firm\u00f3 una carta que se enviar\u00e1 a las Naciones Unidas explicando la retirada.<\/p>\n<\/div>\n<div class=\"bbc-19j92fr ebmt73l0\" dir=\"ltr\">\n<p class=\"bbc-hhl7in e17g058b0\" dir=\"ltr\"><b>Emergencia energ\u00e9tica nacional<\/b><\/p>\n<\/div>\n<div class=\"bbc-19j92fr ebmt73l0\" dir=\"ltr\">\n<p class=\"bbc-hhl7in e17g058b0\" dir=\"ltr\">Firm\u00f3 una orden ejecutiva declarando una emergencia energ\u00e9tica nacional. Funcionarios hab\u00edan dicho previamente que esto tendr\u00eda como objetivo permitir a EE.UU. producir m\u00e1s recursos naturales y empleos.<\/p>\n<\/div>\n<div class=\"bbc-19j92fr ebmt73l0\" dir=\"ltr\">\n<p class=\"bbc-hhl7in e17g058b0\" dir=\"ltr\">Trump firm\u00f3 una orden ejecutiva titulada &#8220;liberar el extraordinario potencial de recursos de Alaska&#8221;, que trata sobre el petr\u00f3leo y el gas y otros recursos naturales.<\/p>\n<\/div>\n<div class=\"bbc-19j92fr ebmt73l0\" dir=\"ltr\">\n<p class=\"bbc-hhl7in e17g058b0\" dir=\"ltr\">El nuevo presidente anunci\u00f3 su pol\u00edtica de &#8220;perforar, nene, perforar&#8221; para obtener m\u00e1s combustibles f\u00f3siles estadounidenses.<\/p>\n<\/div>\n<div class=\"bbc-19j92fr ebmt73l0\" dir=\"ltr\">\n<p class=\"bbc-hhl7in e17g058b0\" dir=\"ltr\"><b>Fin del Nuevo Pacto Verde<\/b><\/p>\n<\/div>\n<div class=\"bbc-19j92fr ebmt73l0\" dir=\"ltr\">\n<p class=\"bbc-hhl7in e17g058b0\" dir=\"ltr\">Como parte de una orden ejecutiva sobre energ\u00eda, Trump puso fin al llamado Nuevo Pacto Verde, una serie de directivas, reglamentos y programas de la administraci\u00f3n Biden que ten\u00edan como objetivo impulsar el empleo verde, regular la industria de los combustibles f\u00f3siles y limitar la contaminaci\u00f3n.<\/p>\n<\/div>\n<div class=\"bbc-19j92fr ebmt73l0\" dir=\"ltr\">\n<p class=\"bbc-hhl7in e17g058b0\" dir=\"ltr\">Trump orden\u00f3 a las agencias que detuvieran los fondos asignados a trav\u00e9s de dos leyes, una destinada a la inflaci\u00f3n y otra a las infraestructuras y el empleo.<\/p>\n<\/div>\n<div class=\"bbc-19j92fr ebmt73l0\" dir=\"ltr\">\n<p class=\"bbc-hhl7in e17g058b0\" dir=\"ltr\">En la misma orden, Trump tambi\u00e9n puso fin a la pol\u00edtica de Biden sobre veh\u00edculos el\u00e9ctricos.<\/p>\n<p dir=\"ltr\">\n<\/div>\n<figure class=\"bbc-1qn0xuy\">\n<div class=\"bbc-18ywsw9\">\n<div style=\"width: 1034px\" class=\"wp-caption alignnone\"><img loading=\"lazy\" decoding=\"async\" class=\"bbc-139onq\" src=\"https:\/\/ichef.bbci.co.uk\/ace\/ws\/640\/cpsprodpb\/7c5d\/live\/0e28cc40-d7b2-11ef-87df-d575b9a434a4.jpg.webp\" alt=\"Una planta de energ\u00eda de EE.UU. \" width=\"1024\" height=\"672\" \/><p class=\"wp-caption-text\">Fuente de la imagen,Getty Images.\u00a0\u00a0Trump busca eliminar las restricciones para el uso de energ\u00edas contaminantes tradicionales.<\/p><\/div>\n<p class=\"bbc-by8ykd\" role=\"text\">\n<\/div>\n<\/figure>\n<div class=\"bbc-19j92fr ebmt73l0\" dir=\"ltr\">\n<h2 id=\"Disturbios-en-el-Capitolio\" class=\"bbc-1lgzob2 eglt09e0\" tabindex=\"-1\">Disturbios en el Capitolio<\/h2>\n<\/div>\n<div class=\"bbc-19j92fr ebmt73l0\" dir=\"ltr\">\n<p class=\"bbc-hhl7in e17g058b0\" dir=\"ltr\"><b>Indulto a 1.500 personas que irrumpieron en el Capitolio de EE.UU.<\/b><\/p>\n<\/div>\n<div class=\"bbc-19j92fr ebmt73l0\" dir=\"ltr\">\n<p class=\"bbc-hhl7in e17g058b0\" dir=\"ltr\">En la Casa Blanca, Trump anunci\u00f3 que iba a conceder el indulto a unos 1.500 de sus partidarios que fueron detenidos en los disturbios del Capitolio de Washington DC en 2021.<\/p>\n<\/div>\n<div class=\"bbc-19j92fr ebmt73l0\" dir=\"ltr\">\n<p class=\"bbc-hhl7in e17g058b0\" dir=\"ltr\">El presidente se ha referido en repetidas ocasiones a los detenidos en los disturbios como &#8220;rehenes&#8221;.<\/p>\n<\/div>\n<div class=\"bbc-19j92fr ebmt73l0\" dir=\"ltr\">\n<p class=\"bbc-hhl7in e17g058b0\" dir=\"ltr\">Un n\u00famero similar de manifestantes fueron detenidos en relaci\u00f3n con los disturbios. Al menos 600 fueron acusados de agredir u obstaculizar a funcionarios federales.<\/p>\n<\/div>\n<div class=\"bbc-19j92fr ebmt73l0\" dir=\"ltr\">\n<p class=\"bbc-hhl7in e17g058b0\" dir=\"ltr\"><b>Conmutaci\u00f3n de penas de Oath Keepers y Proud Boys<\/b><\/p>\n<\/div>\n<div class=\"bbc-19j92fr ebmt73l0\" dir=\"ltr\">\n<p class=\"bbc-hhl7in e17g058b0\" dir=\"ltr\">Trump tambi\u00e9n conmut\u00f3 las penas a los miembros de los grupos de extrema derecha Oath Keepers y Proud Boys que fueron condenados por conspiraci\u00f3n sediciosa en relaci\u00f3n con el mot\u00edn del Capitolio.<\/p>\n<\/div>\n","protected":false},"excerpt":{"rendered":"<p>&nbsp; Donald Trump emiti\u00f3 una avalancha de \u00f3rdenes ejecutivas en muchas materias, desde inmigraci\u00f3n, cambio clim\u00e1tico y diversidad, tras jurar su cargo como el 47\u00ba&hellip;<\/p>\n","protected":false},"author":99,"featured_media":527582,"comment_status":"open","ping_status":"open","sticky":false,"template":"","format":"standard","meta":{"footnotes":""},"categories":[24],"tags":[],"class_list":["post-527581","post","type-post","status-publish","format-standard","has-post-thumbnail","hentry","category-mundo"],"_links":{"self":[{"href":"https:\/\/diarioelpopular.com\/index.php\/wp-json\/wp\/v2\/posts\/527581","targetHints":{"allow":["GET"]}}],"collection":[{"href":"https:\/\/diarioelpopular.com\/index.php\/wp-json\/wp\/v2\/posts"}],"about":[{"href":"https:\/\/diarioelpopular.com\/index.php\/wp-json\/wp\/v2\/types\/post"}],"author":[{"embeddable":true,"href":"https:\/\/diarioelpopular.com\/index.php\/wp-json\/wp\/v2\/users\/99"}],"replies":[{"embeddable":true,"href":"https:\/\/diarioelpopular.com\/index.php\/wp-json\/wp\/v2\/comments?post=527581"}],"version-history":[{"count":1,"href":"https:\/\/diarioelpopular.com\/index.php\/wp-json\/wp\/v2\/posts\/527581\/revisions"}],"predecessor-version":[{"id":527583,"href":"https:\/\/diarioelpopular.com\/index.php\/wp-json\/wp\/v2\/posts\/527581\/revisions\/527583"}],"wp:featuredmedia":[{"embeddable":true,"href":"https:\/\/diarioelpopular.com\/index.php\/wp-json\/wp\/v2\/media\/527582"}],"wp:attachment":[{"href":"https:\/\/diarioelpopular.com\/index.php\/wp-json\/wp\/v2\/media?parent=527581"}],"wp:term":[{"taxonomy":"category","embeddable":true,"href":"https:\/\/diarioelpopular.com\/index.php\/wp-json\/wp\/v2\/categories?post=527581"},{"taxonomy":"post_tag","embeddable":true,"href":"https:\/\/diarioelpopular.com\/index.php\/wp-json\/wp\/v2\/tags?post=527581"}],"curies":[{"name":"wp","href":"https:\/\/api.w.org\/{rel}","templated":true}]}}