{"id":527621,"date":"2025-01-22T10:33:21","date_gmt":"2025-01-22T14:33:21","guid":{"rendered":"https:\/\/diarioelpopular.com\/?p=527621"},"modified":"2025-01-22T10:33:21","modified_gmt":"2025-01-22T14:33:21","slug":"conductor-del-vehiculo-que-cayo-al-lago-ashbridges-bay-ha-sido-arrestado","status":"publish","type":"post","link":"https:\/\/diarioelpopular.com\/index.php\/2025\/01\/22\/conductor-del-vehiculo-que-cayo-al-lago-ashbridges-bay-ha-sido-arrestado\/","title":{"rendered":"Conductor del veh\u00edculo que cay\u00f3 al Lago Ashbridges Bay ha sido arrestado"},"content":{"rendered":"<div id=\"attachment_527622\" style=\"width: 646px\" class=\"wp-caption alignnone\"><img loading=\"lazy\" decoding=\"async\" aria-describedby=\"caption-attachment-527622\" class=\"wp-image-527622 size-custom-full-size\" src=\"https:\/\/diarioelpopular.com\/wp-content\/uploads\/2025\/01\/Screen-Shot-2025-01-22-at-9.26.50-AM-636x473.png\" alt=\"\" width=\"636\" height=\"473\" srcset=\"https:\/\/diarioelpopular.com\/wp-content\/uploads\/2025\/01\/Screen-Shot-2025-01-22-at-9.26.50-AM-636x473.png 636w, https:\/\/diarioelpopular.com\/wp-content\/uploads\/2025\/01\/Screen-Shot-2025-01-22-at-9.26.50-AM-300x223.png 300w, https:\/\/diarioelpopular.com\/wp-content\/uploads\/2025\/01\/Screen-Shot-2025-01-22-at-9.26.50-AM-768x571.png 768w, https:\/\/diarioelpopular.com\/wp-content\/uploads\/2025\/01\/Screen-Shot-2025-01-22-at-9.26.50-AM-98x73.png 98w, https:\/\/diarioelpopular.com\/wp-content\/uploads\/2025\/01\/Screen-Shot-2025-01-22-at-9.26.50-AM.png 848w\" sizes=\"auto, (max-width: 636px) 100vw, 636px\" \/><p id=\"caption-attachment-527622\" class=\"wp-caption-text\">La polic\u00eda de Toronto investiga la muerte de una mujer que estaba en un autom\u00f3vil que se precipit\u00f3 al lago Ontario en Ashbridges Bay alrededor de las 9:30 p. m. el domingo 19 de enero de 2025. Foto de Jack Boland \/ Toronto Sun<\/p><\/div>\n<p>&nbsp;<\/p>\n<p>&nbsp;<\/p>\n<p><em><strong>El conductor de 23 a\u00f1os involucrado en el incidente fatal del domingo por la noche relacionado con un veh\u00edculo sumergido en Ashbridges Bay Park ha sido acusado.<\/strong><\/em><\/p>\n<p>&nbsp;<\/p>\n<p>&nbsp;<\/p>\n<p>La polic\u00eda de Toronto dijo que los oficiales respondieron a las 9:31 p.m. a una llamada de rescate mar\u00edtimo que involucraba a un veh\u00edculo que cay\u00f3 al agua en el parque al este de la ciudad.<\/p>\n<p>La polic\u00eda dijo que dos personas estaban en el veh\u00edculo que termin\u00f3 en el agua. El conductor pudo salir del veh\u00edculo. Cuando la polic\u00eda lleg\u00f3, entraron al agua para extraer a la pasajera. Con la ayuda de la unidad marina, la mujer fue extra\u00edda y llevada a un hospital con heridas que amenazaban su vida. La mujer de 25 a\u00f1os muri\u00f3 m\u00e1s tarde en el hospital.<\/p>\n<p>Kristjan Serraj, de Oakville, fue posteriormente acusado de operaci\u00f3n peligrosa de veh\u00edculo que caus\u00f3 la muerte.<\/p>\n<p>La investigaci\u00f3n est\u00e1 en curso y se solicita a cualquier persona que tenga informaci\u00f3n, que estuviera en el \u00e1rea en ese momento o que tenga im\u00e1genes de video que llame a la polic\u00eda al 416-808-5500 o que se comunique con Crime Stoppers de forma an\u00f3nima al 416-222-TIPS (8477) o 222tips.com.<\/p>\n","protected":false},"excerpt":{"rendered":"<p>&nbsp; &nbsp; El conductor de 23 a\u00f1os involucrado en el incidente fatal del domingo por la noche relacionado con un veh\u00edculo sumergido en Ashbridges Bay&hellip;<\/p>\n","protected":false},"author":99,"featured_media":527622,"comment_status":"open","ping_status":"open","sticky":false,"template":"","format":"standard","meta":{"footnotes":""},"categories":[11364],"tags":[],"class_list":["post-527621","post","type-post","status-publish","format-standard","has-post-thumbnail","hentry","category-toronto-gta"],"_links":{"self":[{"href":"https:\/\/diarioelpopular.com\/index.php\/wp-json\/wp\/v2\/posts\/527621","targetHints":{"allow":["GET"]}}],"collection":[{"href":"https:\/\/diarioelpopular.com\/index.php\/wp-json\/wp\/v2\/posts"}],"about":[{"href":"https:\/\/diarioelpopular.com\/index.php\/wp-json\/wp\/v2\/types\/post"}],"author":[{"embeddable":true,"href":"https:\/\/diarioelpopular.com\/index.php\/wp-json\/wp\/v2\/users\/99"}],"replies":[{"embeddable":true,"href":"https:\/\/diarioelpopular.com\/index.php\/wp-json\/wp\/v2\/comments?post=527621"}],"version-history":[{"count":1,"href":"https:\/\/diarioelpopular.com\/index.php\/wp-json\/wp\/v2\/posts\/527621\/revisions"}],"predecessor-version":[{"id":527623,"href":"https:\/\/diarioelpopular.com\/index.php\/wp-json\/wp\/v2\/posts\/527621\/revisions\/527623"}],"wp:featuredmedia":[{"embeddable":true,"href":"https:\/\/diarioelpopular.com\/index.php\/wp-json\/wp\/v2\/media\/527622"}],"wp:attachment":[{"href":"https:\/\/diarioelpopular.com\/index.php\/wp-json\/wp\/v2\/media?parent=527621"}],"wp:term":[{"taxonomy":"category","embeddable":true,"href":"https:\/\/diarioelpopular.com\/index.php\/wp-json\/wp\/v2\/categories?post=527621"},{"taxonomy":"post_tag","embeddable":true,"href":"https:\/\/diarioelpopular.com\/index.php\/wp-json\/wp\/v2\/tags?post=527621"}],"curies":[{"name":"wp","href":"https:\/\/api.w.org\/{rel}","templated":true}]}}