{"id":527640,"date":"2025-01-22T11:28:16","date_gmt":"2025-01-22T15:28:16","guid":{"rendered":"https:\/\/diarioelpopular.com\/?p=527640"},"modified":"2025-01-22T11:28:16","modified_gmt":"2025-01-22T15:28:16","slug":"el-sermon-de-una-obispa-frente-a-trump-en-el-que-le-pide-clemencia-para-migrantes-y-personas-lgbt-y-el-descontento-del-presidente","status":"publish","type":"post","link":"https:\/\/diarioelpopular.com\/index.php\/2025\/01\/22\/el-sermon-de-una-obispa-frente-a-trump-en-el-que-le-pide-clemencia-para-migrantes-y-personas-lgbt-y-el-descontento-del-presidente\/","title":{"rendered":"El serm\u00f3n de una obispa frente a Trump en el que le pide clemencia para migrantes y personas LGBT (y el descontento del presidente)"},"content":{"rendered":"<div id=\"attachment_527641\" style=\"width: 646px\" class=\"wp-caption alignnone\"><img loading=\"lazy\" decoding=\"async\" aria-describedby=\"caption-attachment-527641\" class=\"wp-image-527641 size-custom-full-size\" src=\"https:\/\/diarioelpopular.com\/wp-content\/uploads\/2025\/01\/Screen-Shot-2025-01-22-at-10.27.40-AM-636x356.png\" alt=\"\" width=\"636\" height=\"356\" srcset=\"https:\/\/diarioelpopular.com\/wp-content\/uploads\/2025\/01\/Screen-Shot-2025-01-22-at-10.27.40-AM-636x356.png 636w, https:\/\/diarioelpopular.com\/wp-content\/uploads\/2025\/01\/Screen-Shot-2025-01-22-at-10.27.40-AM-300x168.png 300w, https:\/\/diarioelpopular.com\/wp-content\/uploads\/2025\/01\/Screen-Shot-2025-01-22-at-10.27.40-AM-768x430.png 768w, https:\/\/diarioelpopular.com\/wp-content\/uploads\/2025\/01\/Screen-Shot-2025-01-22-at-10.27.40-AM-130x73.png 130w, https:\/\/diarioelpopular.com\/wp-content\/uploads\/2025\/01\/Screen-Shot-2025-01-22-at-10.27.40-AM.png 1024w\" sizes=\"auto, (max-width: 636px) 100vw, 636px\" \/><p id=\"caption-attachment-527641\" class=\"wp-caption-text\">Mariann Edgar Budde es la obispa de la Di\u00f3cesis Episcopal de Washington.<\/p><\/div>\n<p>&nbsp;<\/p>\n<p>&nbsp;<\/p>\n<div class=\"bbc-19j92fr ebmt73l0\" dir=\"ltr\">\n<ul>\n<li class=\"bbc-hhl7in e17g058b0\" dir=\"ltr\"><em><b>Sentado en primera fila, al lado de su esposa, Melania, el presidente Donald Trump escuch\u00f3 este martes un serm\u00f3n en la Catedral Nacional de Washington que llam\u00f3 la atenci\u00f3n de muchos en Estados Unidos.<\/b><\/em><\/li>\n<\/ul>\n<\/div>\n<div class=\"bbc-19j92fr ebmt73l0\" dir=\"ltr\">\n<p dir=\"ltr\">\n<p dir=\"ltr\">\n<p class=\"bbc-hhl7in e17g058b0\" dir=\"ltr\">La obispa Mariann Edgar Budde, la primera mujer en estar al frente de la Di\u00f3cesis Episcopal de Washington DC, hizo un llamado de &#8220;clemencia&#8221; a Trump hacia minor\u00edas que estar\u00e1n sujetas a\u00a0<a class=\"focusIndicatorReducedWidth bbc-n8oauk e1p3sufg0\" href=\"https:\/\/www.bbc.com\/mundo\/articles\/c74ennqqz5vo\">las nuevas pol\u00edticas que anunci\u00f3 al tomar posesi\u00f3n<\/a>\u00a0el lunes.<\/p>\n<\/div>\n<div class=\"bbc-19j92fr ebmt73l0\" dir=\"ltr\">\n<p class=\"bbc-hhl7in e17g058b0\" dir=\"ltr\">&#8220;Se\u00f1or presidente: millones han puesto su confianza en usted. Y como usted dijo ayer, ha sentido la mano providencial de un Dios amoroso. En el nombre de Dios, le pido que tenga misericordia para gente en nuestro pa\u00eds que tiene miedo ahora&#8221;, dijo Budde.<\/p>\n<\/div>\n<div class=\"bbc-19j92fr ebmt73l0\" dir=\"ltr\">\n<p class=\"bbc-hhl7in e17g058b0\" dir=\"ltr\">&#8220;Hay ni\u00f1os gays, lesbianas y transexuales, y familias dem\u00f3cratas y republicanas e independientes, algunas de las cuales temen por sus vidas&#8221;, continu\u00f3.<\/p>\n<\/div>\n<div class=\"bbc-19j92fr ebmt73l0\" dir=\"ltr\">\n<p class=\"bbc-hhl7in e17g058b0\" dir=\"ltr\">Trump, que estaba con la mirada al frente en un inicio, comenz\u00f3 a mover la cabeza hacia otros lados. El vicepresidente J.D. Vance fue m\u00e1s expresivo, al voltear la cara para mirar a su esposa.<\/p>\n<\/div>\n<div class=\"bbc-19j92fr ebmt73l0\" dir=\"ltr\">\n<p class=\"bbc-hhl7in e17g058b0\" dir=\"ltr\">La obispa continu\u00f3 abogando por los migrantes: &#8220;Gente que recoge las cosechas, que limpia nuestras oficinas. Que trabajan en granjas y en empacadoras de carne. Que lavan la loza luego de que comemos en restaurantes. Y que trabajan en turnos nocturnos en hospitales&#8221;.<\/p>\n<p dir=\"ltr\">\n<\/div>\n<figure class=\"bbc-1qn0xuy\">\n<div class=\"bbc-18ywsw9\">\n<div style=\"width: 1034px\" class=\"wp-caption alignnone\"><img loading=\"lazy\" decoding=\"async\" class=\"bbc-139onq\" src=\"https:\/\/ichef.bbci.co.uk\/ace\/ws\/640\/cpsprodpb\/85b1\/live\/565486c0-d853-11ef-9fd6-0be88a764111.jpg.webp\" alt=\"Donald Trump, J.D. Vance y sus familias en la Catedral Nacional de Washington\" width=\"1024\" height=\"683\" \/><p class=\"wp-caption-text\">Fuente de la imagen,Getty Images.\u00a0\u00a0El presidente Trump y el vicepresidente Vance escuchaban en primera fila el serm\u00f3n de Budde.<\/p><\/div>\n<\/div>\n<\/figure>\n<div class=\"bbc-19j92fr ebmt73l0\" dir=\"ltr\">\n<p dir=\"ltr\">\n<p dir=\"ltr\">\n<p class=\"bbc-hhl7in e17g058b0\" dir=\"ltr\">&#8220;Podr\u00e1n no ser ciudadanos, o tener la documentaci\u00f3n apropiada. Pero la vasta mayor\u00eda de los migrantes no son criminales. Ellos pagan impuestos, son nuestros vecinos, son fieles miembros de nuestras iglesias, mezquitas, sinagogas y templos&#8221;, dijo la obispa diocesana, quien est\u00e1 al frente de esta catedral de la Iglesia Episcopal estadounidense desde 2011.<\/p>\n<\/div>\n<div class=\"bbc-19j92fr ebmt73l0\" dir=\"ltr\">\n<p class=\"bbc-hhl7in e17g058b0\" dir=\"ltr\">&#8220;Le pido que tenga clemencia con aquellos en nuestras comunidades cuyos ni\u00f1os temen que sus padres sean llevados lejos. Y que ayude a los que huyen de zonas de guerra y persecuci\u00f3n en sus propias tierras a encontrar compasi\u00f3n y acogida aqu\u00ed&#8221;.<\/p>\n<\/div>\n<div class=\"bbc-19j92fr ebmt73l0\" dir=\"ltr\">\n<p class=\"bbc-hhl7in e17g058b0\" dir=\"ltr\">Las palabras de Budde fueron parte de un servicio religioso con motivo de la investidura de Trump como presidente de EE.UU. el d\u00eda anterior.<\/p>\n<\/div>\n<div class=\"bbc-19j92fr ebmt73l0\" dir=\"ltr\">\n<p class=\"bbc-hhl7in e17g058b0\" dir=\"ltr\">A la Catedral Nacional de Washington asistieron el presidente, el vicepresidente y sus respectivas familias, as\u00ed como decenas de invitados.<\/p>\n<\/div>\n<div class=\"bbc-19j92fr ebmt73l0\" dir=\"ltr\">\n<h2 id=\"No-fue-muy-emocionante\" class=\"bbc-1lgzob2 eglt09e0\" tabindex=\"-1\">&#8220;No fue muy emocionante&#8221;<\/h2>\n<\/div>\n<div class=\"bbc-19j92fr ebmt73l0\" dir=\"ltr\">\n<p class=\"bbc-hhl7in e17g058b0\" dir=\"ltr\">El serm\u00f3n de Budde vino luego de que el lunes Trump firmara una serie de \u00f3rdenes ejecutivas que afectan a minor\u00edas, como los migrantes o la comunidad LGBT.<\/p>\n<\/div>\n<div class=\"bbc-19j92fr ebmt73l0\" dir=\"ltr\">\n<p class=\"bbc-hhl7in e17g058b0\" dir=\"ltr\">El presidente decret\u00f3 un estado de emergencia en la frontera con M\u00e9xico entre cuyos efectos impide la llegada de nuevas solicitudes de asilo.<\/p>\n<\/div>\n<div class=\"bbc-19j92fr ebmt73l0\" dir=\"ltr\">\n<p class=\"bbc-hhl7in e17g058b0\" dir=\"ltr\">Asimismo, ha prometido una deportaci\u00f3n masiva de migrantes indocumentados.<\/p>\n<\/div>\n<div class=\"bbc-19j92fr ebmt73l0\" dir=\"ltr\">\n<p class=\"bbc-hhl7in e17g058b0\" dir=\"ltr\">Y firm\u00f3 una orden para\u00a0<a class=\"focusIndicatorReducedWidth bbc-n8oauk e1p3sufg0\" href=\"https:\/\/www.bbc.com\/mundo\/articles\/cg451pwwz92o\">eliminar el derecho autom\u00e1tico de ciudadan\u00eda<\/a>\u00a0a los hijos de migrantes sin estancia legal.<\/p>\n<\/div>\n<div class=\"bbc-19j92fr ebmt73l0\" dir=\"ltr\">\n<p class=\"bbc-hhl7in e17g058b0\" dir=\"ltr\">Tambi\u00e9n decret\u00f3 la eliminaci\u00f3n de las pol\u00edticas inclusivas instauradas en el gobierno anterior. Trump dijo que el gobierno solo considerar\u00e1 dos g\u00e9neros, masculino y femenino, e instituciones p\u00fablicas y militares dejar\u00e1n de procurar pol\u00edticas para la comunidad transg\u00e9nero.<\/p>\n<p dir=\"ltr\">\n<\/div>\n<figure class=\"bbc-1qn0xuy\">\n<div class=\"bbc-18ywsw9\">\n<div style=\"width: 1034px\" class=\"wp-caption alignnone\"><img loading=\"lazy\" decoding=\"async\" class=\"bbc-139onq\" src=\"https:\/\/ichef.bbci.co.uk\/ace\/ws\/640\/cpsprodpb\/e9ff\/live\/80a6b970-d853-11ef-87df-d575b9a434a4.jpg.webp\" alt=\"Mariann Edgar Budde y Donald Trump\" width=\"1024\" height=\"784\" \/><p class=\"wp-caption-text\">Fuente de la imagen,Getty Images.\u00a0\u00a0Trump expres\u00f3 insatisfacci\u00f3n por el servicio religioso al volver a la Casa Blanca.<\/p><\/div>\n<p class=\"bbc-by8ykd\" role=\"text\">\n<\/div>\n<\/figure>\n<div class=\"bbc-19j92fr ebmt73l0\" dir=\"ltr\">\n<p dir=\"ltr\">\n<p class=\"bbc-hhl7in e17g058b0\" dir=\"ltr\">Luego del servicio, el presidente Trump regres\u00f3 a la Casa Blanca, donde expres\u00f3 su opini\u00f3n sobre el serm\u00f3n y el servicio religioso en general.<\/p>\n<\/div>\n<div class=\"bbc-19j92fr ebmt73l0\" dir=\"ltr\">\n<p class=\"bbc-hhl7in e17g058b0\" dir=\"ltr\">&#8220;No fue muy emocionante. No me pareci\u00f3 un buen servicio\u2026 Pudieron haberlo hecho mucho mejor&#8221;, a\u00f1adi\u00f3 al entrar a la residencia presidencial.<\/p>\n<\/div>\n<div class=\"bbc-19j92fr ebmt73l0\" dir=\"ltr\">\n<p class=\"bbc-hhl7in e17g058b0\" dir=\"ltr\">Posteriormente, en su plataforma en redes sociales Truth Social, Trump describi\u00f3 a Budde como &#8220;una radical de izquierda que odia a Trump&#8221; y agreg\u00f3 que la obispa ten\u00eda un &#8220;tono desagradable&#8221; El mandatario se\u00f1al\u00f3 que &#8220;ella y su iglesia le deben una disculpa al p\u00fablico&#8221;.<\/p>\n<\/div>\n<div class=\"bbc-19j92fr ebmt73l0\" dir=\"ltr\">\n<p class=\"bbc-hhl7in e17g058b0\" dir=\"ltr\">El serm\u00f3n caus\u00f3 sorpresa y se convirti\u00f3 en uno de los temas del d\u00eda en Washington DC y en el resto del pa\u00eds, pues no es habitual que el presidente de EE.UU. enfrente un a declaraci\u00f3n as\u00ed.<\/p>\n<\/div>\n<div class=\"bbc-19j92fr ebmt73l0\" dir=\"ltr\">\n<p class=\"bbc-hhl7in e17g058b0\" dir=\"ltr\">Algunos elogiaron a Budde por haber planteado una petici\u00f3n de misericordia para las minor\u00edas de Estados Unidos.<\/p>\n<\/div>\n<div class=\"bbc-19j92fr ebmt73l0\" dir=\"ltr\">\n<p class=\"bbc-hhl7in e17g058b0\" dir=\"ltr\">Otros fueron cr\u00edticos, como el representante republicano Mike Collins, que dijo que Budde deber\u00eda ser &#8220;a\u00f1adida a la lista de deportaciones&#8221;, pese a que la obispa es estadounidense.<\/p>\n<\/div>\n","protected":false},"excerpt":{"rendered":"<p>&nbsp; &nbsp; Sentado en primera fila, al lado de su esposa, Melania, el presidente Donald Trump escuch\u00f3 este martes un serm\u00f3n en la Catedral Nacional&hellip;<\/p>\n","protected":false},"author":99,"featured_media":527641,"comment_status":"open","ping_status":"open","sticky":false,"template":"","format":"standard","meta":{"footnotes":""},"categories":[24],"tags":[],"class_list":["post-527640","post","type-post","status-publish","format-standard","has-post-thumbnail","hentry","category-mundo"],"_links":{"self":[{"href":"https:\/\/diarioelpopular.com\/index.php\/wp-json\/wp\/v2\/posts\/527640","targetHints":{"allow":["GET"]}}],"collection":[{"href":"https:\/\/diarioelpopular.com\/index.php\/wp-json\/wp\/v2\/posts"}],"about":[{"href":"https:\/\/diarioelpopular.com\/index.php\/wp-json\/wp\/v2\/types\/post"}],"author":[{"embeddable":true,"href":"https:\/\/diarioelpopular.com\/index.php\/wp-json\/wp\/v2\/users\/99"}],"replies":[{"embeddable":true,"href":"https:\/\/diarioelpopular.com\/index.php\/wp-json\/wp\/v2\/comments?post=527640"}],"version-history":[{"count":1,"href":"https:\/\/diarioelpopular.com\/index.php\/wp-json\/wp\/v2\/posts\/527640\/revisions"}],"predecessor-version":[{"id":527642,"href":"https:\/\/diarioelpopular.com\/index.php\/wp-json\/wp\/v2\/posts\/527640\/revisions\/527642"}],"wp:featuredmedia":[{"embeddable":true,"href":"https:\/\/diarioelpopular.com\/index.php\/wp-json\/wp\/v2\/media\/527641"}],"wp:attachment":[{"href":"https:\/\/diarioelpopular.com\/index.php\/wp-json\/wp\/v2\/media?parent=527640"}],"wp:term":[{"taxonomy":"category","embeddable":true,"href":"https:\/\/diarioelpopular.com\/index.php\/wp-json\/wp\/v2\/categories?post=527640"},{"taxonomy":"post_tag","embeddable":true,"href":"https:\/\/diarioelpopular.com\/index.php\/wp-json\/wp\/v2\/tags?post=527640"}],"curies":[{"name":"wp","href":"https:\/\/api.w.org\/{rel}","templated":true}]}}