{"id":527644,"date":"2025-01-22T11:35:49","date_gmt":"2025-01-22T15:35:49","guid":{"rendered":"https:\/\/diarioelpopular.com\/?p=527644"},"modified":"2025-01-22T11:35:49","modified_gmt":"2025-01-22T15:35:49","slug":"el-eln-es-hoy-un-ejercito-binacional-y-un-instrumento-clarisimo-de-venezuela-para-influir-en-colombia","status":"publish","type":"post","link":"https:\/\/diarioelpopular.com\/index.php\/2025\/01\/22\/el-eln-es-hoy-un-ejercito-binacional-y-un-instrumento-clarisimo-de-venezuela-para-influir-en-colombia\/","title":{"rendered":"&#8220;El ELN es hoy un ej\u00e9rcito binacional y un instrumento clar\u00edsimo de Venezuela para influir en Colombia&#8221;"},"content":{"rendered":"<div id=\"attachment_527645\" style=\"width: 646px\" class=\"wp-caption alignnone\"><img loading=\"lazy\" decoding=\"async\" aria-describedby=\"caption-attachment-527645\" class=\"wp-image-527645 size-custom-full-size\" src=\"https:\/\/diarioelpopular.com\/wp-content\/uploads\/2025\/01\/Screen-Shot-2025-01-22-at-10.34.57-AM-636x359.png\" alt=\"\" width=\"636\" height=\"359\" srcset=\"https:\/\/diarioelpopular.com\/wp-content\/uploads\/2025\/01\/Screen-Shot-2025-01-22-at-10.34.57-AM-636x359.png 636w, https:\/\/diarioelpopular.com\/wp-content\/uploads\/2025\/01\/Screen-Shot-2025-01-22-at-10.34.57-AM-300x169.png 300w, https:\/\/diarioelpopular.com\/wp-content\/uploads\/2025\/01\/Screen-Shot-2025-01-22-at-10.34.57-AM-768x433.png 768w, https:\/\/diarioelpopular.com\/wp-content\/uploads\/2025\/01\/Screen-Shot-2025-01-22-at-10.34.57-AM-129x73.png 129w, https:\/\/diarioelpopular.com\/wp-content\/uploads\/2025\/01\/Screen-Shot-2025-01-22-at-10.34.57-AM.png 1024w\" sizes=\"auto, (max-width: 636px) 100vw, 636px\" \/><p id=\"caption-attachment-527645\" class=\"wp-caption-text\">Desde el Departamente de El Choc\u00f3 en el Pac\u00edfico hasta la frontera con Venezuela, el ELN tiene presencia en zonas claves del norte de Colombia.<\/p><\/div>\n<p>&nbsp;<\/p>\n<div class=\"bbc-19j92fr ebmt73l0\" dir=\"ltr\">\n<p dir=\"ltr\">\n<ul>\n<li class=\"bbc-hhl7in e17g058b0\" dir=\"ltr\"><em><b>El proyecto de &#8220;paz total&#8221; con los correligionarios del izquierdista presidente Gustavo Petro en Colombia se tambalea.<\/b><\/em><\/li>\n<\/ul>\n<\/div>\n<div class=\"bbc-19j92fr ebmt73l0\" dir=\"ltr\">\n<p dir=\"ltr\">\n<p dir=\"ltr\">\n<p class=\"bbc-hhl7in e17g058b0\" dir=\"ltr\">Los di\u00e1logos con el Ej\u00e9rcito de Liberaci\u00f3n Nacional (ELN), la guerrilla en activo m\u00e1s grande del pa\u00eds, est\u00e1n suspendidos desde el 17 de enero por la violencia desatada entre este y otros grupos armados en El Catatumbo, regi\u00f3n fronteriza con Venezuela, que hasta el momento deja decenas de muertos y secuestrados y miles de desplazados.<\/p>\n<\/div>\n<div class=\"bbc-19j92fr ebmt73l0\" dir=\"ltr\">\n<p class=\"bbc-hhl7in e17g058b0\" dir=\"ltr\">Los hechos provocaron que el lunes 20 de enero el presidente Petro dijera en X que declar\u00f3 el estado de conmoci\u00f3n interior y emergencia econ\u00f3mica para abordar la situaci\u00f3n, a la espera de que sea aprobado por la Corte Constitucional.<\/p>\n<\/div>\n<div class=\"bbc-19j92fr ebmt73l0\" dir=\"ltr\">\n<p class=\"bbc-hhl7in e17g058b0\" dir=\"ltr\">El Catatumbo, donde hoy se vive una crisis humanitaria producto de la violencia, no es el \u00fanico foco de terror con el que Colombia arranca este 2025.<\/p>\n<\/div>\n<section class=\"bbc-geybui\" role=\"region\" aria-label=\"Publicidad 2\" aria-hidden=\"true\" data-e2e=\"advertisement\"><\/section>\n<div class=\"bbc-19j92fr ebmt73l0\" dir=\"ltr\">\n<p class=\"bbc-hhl7in e17g058b0\" dir=\"ltr\">En Cauca, Guaviare, sur de C\u00f3rdoba, el Magdalena Medio o el Cesar, grupos armados protagonizan episodios sangrientos que, para el doctor en criminolog\u00eda de la Universidad de Illinois en Chicago y consultor en temas de crimen, seguridad y conflicto colombiano, Jorge Mantilla, indican una &#8220;implosi\u00f3n&#8221; de la pol\u00edtica de paz de Petro.<\/p>\n<\/div>\n<div class=\"bbc-19j92fr ebmt73l0\" dir=\"ltr\">\n<p class=\"bbc-hhl7in e17g058b0\" dir=\"ltr\">Sin embargo, los \u00faltimos acontecimientos en El Catatumbo tambi\u00e9n son un recordatorio para funcionarios colombianos del delicado equilibrio que deben resolver.<\/p>\n<\/div>\n<div class=\"bbc-19j92fr ebmt73l0\" dir=\"ltr\">\n<p class=\"bbc-hhl7in e17g058b0\" dir=\"ltr\">Por un lado, deben contener la espiral de violencia sin romper definitivamente los di\u00e1logos de paz, lo cual &#8220;ser\u00eda admitir el fracaso de la pol\u00edtica de Petro&#8221;, seg\u00fan Mantilla.<\/p>\n<\/div>\n<div class=\"bbc-19j92fr ebmt73l0\" dir=\"ltr\">\n<p class=\"bbc-hhl7in e17g058b0\" dir=\"ltr\">Y por otro, deben tener presentes que cualquier acuerdo con el ELN pasa por Venezuela, pa\u00eds donde esta guerrilla se consolid\u00f3 en los \u00faltimos a\u00f1os adquiriendo un car\u00e1cter &#8220;binacional&#8221; y cuyo gobierno vive las horas m\u00e1s bajas de su relaci\u00f3n con la administraci\u00f3n de Petro.<\/p>\n<\/div>\n<div class=\"bbc-19j92fr ebmt73l0\" dir=\"ltr\">\n<p class=\"bbc-hhl7in e17g058b0\" dir=\"ltr\">Esto, despu\u00e9s de que Colombia se reafirmara en no reconocer la toma presidencial de Maduro tras no ense\u00f1ar las actas electorales de los comicios del pasado 28 de julio.<\/p>\n<\/div>\n<div class=\"bbc-19j92fr ebmt73l0\" dir=\"ltr\">\n<p class=\"bbc-hhl7in e17g058b0\" dir=\"ltr\">Mantilla ha profundizado c\u00f3mo queda &#8220;la paz total&#8221; de Petro tras la suspensi\u00f3n de di\u00e1logos con el ELN y el rol clave de Venezuela en cualquier futuro acuerdo.<\/p>\n<p dir=\"ltr\">\n<\/div>\n<figure class=\"bbc-1qn0xuy\">\n<div class=\"bbc-18ywsw9\">\n<div style=\"width: 838px\" class=\"wp-caption alignnone\"><img loading=\"lazy\" decoding=\"async\" class=\"bbc-139onq\" src=\"https:\/\/ichef.bbci.co.uk\/ace\/ws\/640\/cpsprodpb\/caff\/live\/b82cafa0-d770-11ef-8dd1-f13fbed202cb.jpg.webp\" alt=\"Jorge Mantilla.\" width=\"828\" height=\"466\" \/><p class=\"wp-caption-text\">Fuente de la imagen,Cortes\u00eda.\u00a0\u00a0Jorge Mantilla tambi\u00e9n ha sido consultor para gobiernos locales colombianos en temas de conflicto armado y seguridad.<\/p><\/div>\n<\/div>\n<\/figure>\n<div class=\"bbc-19j92fr ebmt73l0\" dir=\"ltr\">\n<p dir=\"ltr\">\n<p class=\"bbc-hhl7in e17g058b0\" dir=\"ltr\"><b>\u00bfEs coincidencia esta oleada de violencia en tantas regiones al mismo tiempo?<\/b><\/p>\n<\/div>\n<div class=\"bbc-19j92fr ebmt73l0\" dir=\"ltr\">\n<p class=\"bbc-hhl7in e17g058b0\" dir=\"ltr\">No creo que esto sea algo coordinado a nivel nacional, sino m\u00e1s bien un efecto domin\u00f3 de varias din\u00e1micas territoriales, una especie de implosi\u00f3n en las estrategias de apaciguamiento que hab\u00eda conseguido instalar el proyecto de paz total en ciertos territorios.<\/p>\n<\/div>\n<div class=\"bbc-19j92fr ebmt73l0\" dir=\"ltr\">\n<p class=\"bbc-hhl7in e17g058b0\" dir=\"ltr\">Los grupos armados est\u00e1n cada vez m\u00e1s fragmentados en Colombia e inmersos en varias disputas locales.<\/p>\n<\/div>\n<div class=\"bbc-19j92fr ebmt73l0\" dir=\"ltr\">\n<p class=\"bbc-hhl7in e17g058b0\" dir=\"ltr\">Pero el gobierno, si bien estableci\u00f3 negociaciones que redujeron algunas formas de violencia, tambi\u00e9n, de alguna forma, estas negociaciones aumentaron el poder de estos grupos, que incrementaron su influencia territorial y n\u00famero de personas armadas.<\/p>\n<\/div>\n<div class=\"bbc-19j92fr ebmt73l0\" dir=\"ltr\">\n<p class=\"bbc-hhl7in e17g058b0\" dir=\"ltr\">Por ejemplo, en el sur de C\u00f3rdoba vemos una crisis humanitaria desde hace un a\u00f1o que se expande hacia el Magdaleno Medio y el sur del Cesar que est\u00e1 muy relacionada con la posibilidad de entrar, influenciar y controlar el Catatumbo.<\/p>\n<\/div>\n<div class=\"bbc-19j92fr ebmt73l0\" dir=\"ltr\">\n<p class=\"bbc-hhl7in e17g058b0\" dir=\"ltr\">Claro que hay conexiones entre algunas de las disputas, pero pienso que simplemente est\u00e1 implosionando la paz total por unos acuerdos que eran insostenibles en el tiempo.<\/p>\n<\/div>\n<div class=\"bbc-19j92fr ebmt73l0\" dir=\"ltr\">\n<p class=\"bbc-hhl7in e17g058b0\" dir=\"ltr\">Los actores que est\u00e1n sentados en la mesa, como el gobierno, los grupos armados y la comunidad internacional sienten que el tiempo se agota de cara a las elecciones de 2026.<\/p>\n<\/div>\n<div class=\"bbc-19j92fr ebmt73l0\" dir=\"ltr\">\n<p class=\"bbc-hhl7in e17g058b0\" dir=\"ltr\">Se supon\u00eda que este era el a\u00f1o, 2025, en que se implementar\u00eda la paz total.<\/p>\n<\/div>\n<div class=\"bbc-19j92fr ebmt73l0\" dir=\"ltr\">\n<p class=\"bbc-hhl7in e17g058b0\" dir=\"ltr\"><b>\u00bfPor qu\u00e9 es tan importante el Catatumbo para los grupos armados?<\/b><\/p>\n<\/div>\n<div class=\"bbc-19j92fr ebmt73l0\" dir=\"ltr\">\n<p class=\"bbc-hhl7in e17g058b0\" dir=\"ltr\">Es uno de los enclaves cocaleros m\u00e1s importantes del pa\u00eds y, en los \u00faltimos a\u00f1os, el enclave de mayor producci\u00f3n de coca\u00edna en Colombia. Super\u00f3 a regiones como Nari\u00f1o o Putumayo.<\/p>\n<\/div>\n<div class=\"bbc-19j92fr ebmt73l0\" dir=\"ltr\">\n<p class=\"bbc-hhl7in e17g058b0\" dir=\"ltr\">Es tambi\u00e9n una regi\u00f3n fronteriza con Venezuela, donde se sufri\u00f3 de primera mano la crisis migratoria y humanitaria, y hay una presencia importante de grupos armados.<\/p>\n<\/div>\n<div class=\"bbc-19j92fr ebmt73l0\" dir=\"ltr\">\n<p class=\"bbc-hhl7in e17g058b0\" dir=\"ltr\">Por \u00faltimo, sus din\u00e1micas tambi\u00e9n impactan a C\u00facuta, la capital del nororiente colombiano y un enclave tambi\u00e9n importante de tr\u00e1fico de migrantes y lavado de activos.<\/p>\n<\/div>\n<div class=\"bbc-19j92fr ebmt73l0\" dir=\"ltr\">\n<p class=\"bbc-hhl7in e17g058b0\" dir=\"ltr\">En t\u00e9rminos geogr\u00e1ficos, el Catatumbo permite conectar el norte del pa\u00eds con Venezuela. Es la ruta por la que se puede conectar el Choc\u00f3, sur de C\u00f3rdoba, el Magdalena Medio y el Cesar con Venezuela.<\/p>\n<\/div>\n<div class=\"bbc-19j92fr ebmt73l0\" dir=\"ltr\">\n<p class=\"bbc-hhl7in e17g058b0\" dir=\"ltr\">Quien controle el Catatumbo podr\u00eda controlar la frontera venezolana y el norte de Colombia.<\/p>\n<p dir=\"ltr\">\n<\/div>\n<figure class=\"bbc-1qn0xuy\">\n<div class=\"bbc-18ywsw9\">\n<div style=\"width: 1034px\" class=\"wp-caption alignnone\"><img loading=\"lazy\" decoding=\"async\" class=\"bbc-139onq\" src=\"https:\/\/ichef.bbci.co.uk\/ace\/ws\/640\/cpsprodpb\/e70b\/live\/61a36830-d771-11ef-8dd1-f13fbed202cb.jpg.webp\" alt=\"Vista \u00e1erea del r\u00edo Tarra, que divide a Colombia y Venezuela en el departamento Norte de Santander.\" width=\"1024\" height=\"576\" \/><p class=\"wp-caption-text\">Fuente de la imagen,Getty Images.\u00a0\u00a0Varios grupos armados, como el ELN, disidencias de las Farc y organizaciones paramilitares se disputan el control de la regi\u00f3n del Catatumbo, un enclave cocalero importante en Colombia.<\/p><\/div>\n<p class=\"bbc-by8ykd\" role=\"text\">\n<\/div>\n<\/figure>\n<div class=\"bbc-19j92fr ebmt73l0\" dir=\"ltr\">\n<p dir=\"ltr\">\n<p class=\"bbc-hhl7in e17g058b0\" dir=\"ltr\"><b>Para la estabilidad fronteriza es vital que Colombia y Venezuela tengan buena relaci\u00f3n. Y justo ahora atraviesan el momento m\u00e1s bajo desde la llegada de Petro.<\/b><\/p>\n<\/div>\n<div class=\"bbc-19j92fr ebmt73l0\" dir=\"ltr\">\n<p class=\"bbc-hhl7in e17g058b0\" dir=\"ltr\">El ELN se transform\u00f3 en la \u00faltima d\u00e9cada en un ej\u00e9rcito binacional.<\/p>\n<\/div>\n<div class=\"bbc-19j92fr ebmt73l0\" dir=\"ltr\">\n<p class=\"bbc-hhl7in e17g058b0\" dir=\"ltr\">Entre m\u00e1s lejos est\u00e9 el gobierno de Colombia, ya sea de Iv\u00e1n Duque, de Petro o el siguiente, de tener buenas relaciones con la Venezuela de Maduro, m\u00e1s cerca estar\u00e1 Venezuela del ELN y el ELN de Venezuela.<\/p>\n<\/div>\n<div class=\"bbc-19j92fr ebmt73l0\" dir=\"ltr\">\n<p class=\"bbc-hhl7in e17g058b0\" dir=\"ltr\">Hay una relaci\u00f3n de interdependencia y el ELN es un instrumento de poder clar\u00edsimo de Venezuela para influenciar en Colombia.<\/p>\n<\/div>\n<div class=\"bbc-19j92fr ebmt73l0\" dir=\"ltr\">\n<p class=\"bbc-hhl7in e17g058b0\" dir=\"ltr\">En m\u00faltiples ocasiones, Maduro le record\u00f3 a Petro el papel que ocupa su gobierno al ser garante tanto del proceso de paz total de este grupo como el de la disidencia de Farc Segunda Marquetalia.<\/p>\n<\/div>\n<div class=\"bbc-19j92fr ebmt73l0\" dir=\"ltr\">\n<p class=\"bbc-hhl7in e17g058b0\" dir=\"ltr\">Mientras Petro se niega a reconocer el gobierno venezolano, el canciller de ese pa\u00eds, Yv\u00e1n Gil, dice haber estado al frente de la atenci\u00f3n brindada a los cientos de desplazados que empiezan a cruzar la frontera hacia Venezuela huyendo de la violencia en el Catatumbo.<\/p>\n<\/div>\n<div class=\"bbc-19j92fr ebmt73l0\" dir=\"ltr\">\n<p class=\"bbc-hhl7in e17g058b0\" dir=\"ltr\">Cualquier desestabilizaci\u00f3n de la frontera pone la atenci\u00f3n sobre una fallida estrategia de paz y seguridad del gobierno colombiano y no sobre la controvertida toma presidencial de Maduro en Venezuela.<\/p>\n<\/div>\n<div class=\"bbc-19j92fr ebmt73l0\" dir=\"ltr\">\n<p class=\"bbc-hhl7in e17g058b0\" dir=\"ltr\">La fortaleza militar del ELN, su pivote geogr\u00e1fico, es la frontera con Venezuela, m\u00e1s all\u00e1 de otras estructuras regadas por el pa\u00eds.<\/p>\n<\/div>\n<div class=\"bbc-19j92fr ebmt73l0\" dir=\"ltr\">\n<p class=\"bbc-hhl7in e17g058b0\" dir=\"ltr\">Es dif\u00edcil decir que lo del Catatumbo fue una orden desde Venezuela, pero s\u00ed que es una apuesta del ELN por posicionarse en toda la frontera, coparla, asumir una posici\u00f3n m\u00e1s agresiva y beligerante y, de alguna manera tambi\u00e9n, recordar que cualquiera que sea el desenlace en los di\u00e1logos de paz con el ELN, esa conversaci\u00f3n pasa por Venezuela.<\/p>\n<\/div>\n<div class=\"bbc-19j92fr ebmt73l0\" dir=\"ltr\">\n<p class=\"bbc-hhl7in e17g058b0\" dir=\"ltr\"><b>\u00bfC\u00f3mo entonces puede encontrar Petro el equilibrio de seguir sin reconocer al gobierno de Maduro sin que se rompan las relaciones o se entorpezca la colaboraci\u00f3n de seguridad fronteriza?<\/b><\/p>\n<\/div>\n<div class=\"bbc-19j92fr ebmt73l0\" dir=\"ltr\">\n<p class=\"bbc-hhl7in e17g058b0\" dir=\"ltr\">El gobierno de Petro busca una postura m\u00e1s pragm\u00e1tica frente a Venezuela. Pienso que no lo ha logrado.<\/p>\n<\/div>\n<div class=\"bbc-19j92fr ebmt73l0\" dir=\"ltr\">\n<p class=\"bbc-hhl7in e17g058b0\" dir=\"ltr\">Su estrategia inicial de convertirse en intermediario a tres bandas con Brasil y M\u00e9xico del proceso venezolano tras las elecciones no sali\u00f3 bien y est\u00e1 teniendo un costo pol\u00edtico importante para el presidente.<\/p>\n<\/div>\n<div class=\"bbc-19j92fr ebmt73l0\" dir=\"ltr\">\n<p class=\"bbc-hhl7in e17g058b0\" dir=\"ltr\">Se considera que no conden\u00f3 lo suficiente lo que ocurri\u00f3 tras las elecciones y que cuando intent\u00f3 desmarcarse ya era tarde.<\/p>\n<\/div>\n<div class=\"bbc-19j92fr ebmt73l0\" dir=\"ltr\">\n<p class=\"bbc-hhl7in e17g058b0\" dir=\"ltr\">Ahora no puede romper la relaci\u00f3n por razones humanitarias, comerciales y de seguridad en la frontera.<\/p>\n<\/div>\n<div class=\"bbc-19j92fr ebmt73l0\" dir=\"ltr\">\n<p class=\"bbc-hhl7in e17g058b0\" dir=\"ltr\">Hay que buscar esa salida m\u00e1s pragm\u00e1tica porque las conversaciones con el ELN, ya sea como garantes o facilitadores, pasan por Venezuela.<\/p>\n<\/div>\n<div class=\"bbc-19j92fr ebmt73l0\" dir=\"ltr\">\n<p class=\"bbc-hhl7in e17g058b0\" dir=\"ltr\">El ELN, sin quiz\u00e1s ser un grupo tan poderoso militarmente como el Clan del Golfo, se convirti\u00f3 en un punto muy importante de la agenda colombiana.<\/p>\n<p dir=\"ltr\">\n<\/div>\n<figure class=\"bbc-1qn0xuy\">\n<div class=\"bbc-18ywsw9\">\n<div style=\"width: 1034px\" class=\"wp-caption alignnone\"><img loading=\"lazy\" decoding=\"async\" class=\"bbc-139onq\" src=\"https:\/\/ichef.bbci.co.uk\/ace\/ws\/640\/cpsprodpb\/ed30\/live\/fa0e4450-d771-11ef-8dd1-f13fbed202cb.jpg.webp\" alt=\"Nicol\u00e1s Maduro y Gustavo Petro, fotografiados en 2023. \" width=\"1024\" height=\"576\" \/><p class=\"wp-caption-text\">Fuente de la imagen,Getty Images.\u00a0\u00a0En su aparente negativa a reconocer el gobierno de Maduro, Petro tambi\u00e9n expuso razones para no romper relaciones diplom\u00e1ticas. Entre ellas, la seguridad fronteriza.<\/p><\/div>\n<\/div>\n<\/figure>\n<div class=\"bbc-19j92fr ebmt73l0\" dir=\"ltr\">\n<p dir=\"ltr\">\n<p class=\"bbc-hhl7in e17g058b0\" dir=\"ltr\"><b>\u00bfQu\u00e9 rol tienen las disidencias de las Farc en todo lo que est\u00e1 pasando?<\/b><\/p>\n<\/div>\n<div class=\"bbc-19j92fr ebmt73l0\" dir=\"ltr\">\n<p class=\"bbc-hhl7in e17g058b0\" dir=\"ltr\">Los \u00faltimos eventos pueden acelerar las negociaciones con algunas de las disidencias.<\/p>\n<\/div>\n<div class=\"bbc-19j92fr ebmt73l0\" dir=\"ltr\">\n<p class=\"bbc-hhl7in e17g058b0\" dir=\"ltr\">Dado el avance del ELN, que muy probablemente se imponga militarmente, las disidencias podr\u00edan negociar buscando protecci\u00f3n del Estado y la implementaci\u00f3n de ciertos proyectos productivos, comunitarios, de car\u00e1cter local, en las regiones donde estos grupos est\u00e1n.<\/p>\n<\/div>\n<div class=\"bbc-19j92fr ebmt73l0\" dir=\"ltr\">\n<p class=\"bbc-hhl7in e17g058b0\" dir=\"ltr\">En la medida en que se fragmentan cada vez m\u00e1s, pierden m\u00e1s protagonismo militar aunque siguen siendo actores muy importantes a nivel regional.<\/p>\n<\/div>\n<div class=\"bbc-19j92fr ebmt73l0\" dir=\"ltr\">\n<p class=\"bbc-hhl7in e17g058b0\" dir=\"ltr\">Se teme que lo que estamos viendo sea el inicio de unas din\u00e1micas de violencia m\u00e1s complejas y con un impacto humanitario mucho m\u00e1s alto.<\/p>\n<\/div>\n<div class=\"bbc-19j92fr ebmt73l0\" dir=\"ltr\">\n<p class=\"bbc-hhl7in e17g058b0\" dir=\"ltr\"><b>Entonces, \u00bfqu\u00e9 tan afectado queda el proyecto de paz total de Petro?<\/b><\/p>\n<\/div>\n<div class=\"bbc-19j92fr ebmt73l0\" dir=\"ltr\">\n<p class=\"bbc-hhl7in e17g058b0\" dir=\"ltr\">Pienso que es un golpe definitivo. Estamos viendo, en t\u00e9rminos humanitarios, im\u00e1genes con repertorios de violencia que no han sucedido en Colombia en los \u00faltimos 10 a\u00f1os.<\/p>\n<\/div>\n<div class=\"bbc-19j92fr ebmt73l0\" dir=\"ltr\">\n<p class=\"bbc-hhl7in e17g058b0\" dir=\"ltr\">Rememoran la violencia paramilitar de hace dos, tres d\u00e9cadas en el pa\u00eds.<\/p>\n<\/div>\n<div class=\"bbc-19j92fr ebmt73l0\" dir=\"ltr\">\n<p class=\"bbc-hhl7in e17g058b0\" dir=\"ltr\">Pienso que esto tendr\u00e1 un enorme impacto en la legitimidad de la pol\u00edtica de paz total. Implica que ser\u00e1 dif\u00edcil que la opini\u00f3n p\u00fablica colombiana considere leg\u00edtimo cualquier acuerdo total o parcial que pueda lograr Petro con alguno de esos grupos.<\/p>\n<\/div>\n<div class=\"bbc-19j92fr ebmt73l0\" dir=\"ltr\">\n<p class=\"bbc-hhl7in e17g058b0\" dir=\"ltr\">Se considerar\u00e1 que est\u00e1n hechos sobre la base de la debilidad del Estado y que estos grupos han demostrado que no tienen voluntad de paz.<\/p>\n<\/div>\n<div class=\"bbc-19j92fr ebmt73l0\" dir=\"ltr\">\n<p class=\"bbc-hhl7in e17g058b0\" dir=\"ltr\">A nivel pol\u00edtico, es un golpe contundente a la legitimidad del proyecto de paz total.<\/p>\n<\/div>\n<div class=\"bbc-19j92fr ebmt73l0\" dir=\"ltr\">\n<p class=\"bbc-hhl7in e17g058b0\" dir=\"ltr\">En t\u00e9rminos territoriales pone a esa pol\u00edtica en un momento tambi\u00e9n ag\u00f3nico. Esta tendr\u00e1 que ser acompa\u00f1ada o reemplazada por una agresiva pol\u00edtica de seguridad.<\/p>\n<\/div>\n<div class=\"bbc-19j92fr ebmt73l0\" dir=\"ltr\">\n<p class=\"bbc-hhl7in e17g058b0\" dir=\"ltr\">Suceder\u00e1 que la paz, una agenda central de este gobierno, va a ceder cada vez m\u00e1s espacio en la agenda p\u00fablica a la pol\u00edtica de seguridad.<\/p>\n<\/div>\n<div class=\"bbc-19j92fr ebmt73l0\" dir=\"ltr\">\n<p class=\"bbc-hhl7in e17g058b0\" dir=\"ltr\">Y ese es el gran debate sobre el que pienso se van a dar las elecciones de 2026.<\/p>\n<\/div>\n<div class=\"bbc-19j92fr ebmt73l0\" dir=\"ltr\">\n<p class=\"bbc-hhl7in e17g058b0\" dir=\"ltr\">Cualquier avance que tenga la paz total, cualquier desmovilizaci\u00f3n de guerrillas, ser\u00e1 dif\u00edcil que logre superar la percepci\u00f3n del pa\u00eds de inseguridad, de permisividad del Estado y de total rechazo a estos grupos y sus reivindicaciones.<\/p>\n<p dir=\"ltr\">\n<\/div>\n<figure class=\"bbc-1qn0xuy\">\n<div class=\"bbc-18ywsw9\">\n<div style=\"width: 1034px\" class=\"wp-caption alignnone\"><img loading=\"lazy\" decoding=\"async\" class=\"bbc-139onq\" src=\"https:\/\/ichef.bbci.co.uk\/ace\/ws\/640\/cpsprodpb\/a8bb\/live\/41b41820-d772-11ef-8dd1-f13fbed202cb.jpg.webp\" alt=\"Desplazados por la violencia en Catatumbo. \" width=\"1024\" height=\"576\" \/><p class=\"wp-caption-text\">Fuente de la imagen,Getty Images.\u00a0\u00a0Para Mantilla, las im\u00e1genes de desplazados que se ven en la frontera entre Venezuela y Colombia recuerdan a los peores momentos de la violencia paramilitar entre los 90 y comienzos de los 2000.<\/p><\/div>\n<\/div>\n<\/figure>\n<div class=\"bbc-19j92fr ebmt73l0\" dir=\"ltr\">\n<p dir=\"ltr\">\n<p class=\"bbc-hhl7in e17g058b0\" dir=\"ltr\"><b>Resulta parad\u00f3jico que los di\u00e1logos se est\u00e9n enquistando precisamente con el ELN, la guerrilla con la que primero se sent\u00f3 el gobierno y con la que m\u00e1s avances se hab\u00edan logrado.<\/b><\/p>\n<\/div>\n<div class=\"bbc-19j92fr ebmt73l0\" dir=\"ltr\">\n<p class=\"bbc-hhl7in e17g058b0\" dir=\"ltr\">Creo que esto ocurre porque hay un error de base, de dise\u00f1o, en la pol\u00edtica de paz total y es que el Estado cedi\u00f3 todo desde el principio.<\/p>\n<\/div>\n<div class=\"bbc-19j92fr ebmt73l0\" dir=\"ltr\">\n<p class=\"bbc-hhl7in e17g058b0\" dir=\"ltr\">Es un proceso de paz al cual el Estado entr\u00f3 suspendiendo bombardeos, \u00f3rdenes de captura contra miembros del ELN y operaciones militares.<\/p>\n<\/div>\n<div class=\"bbc-19j92fr ebmt73l0\" dir=\"ltr\">\n<p class=\"bbc-hhl7in e17g058b0\" dir=\"ltr\">Desde el inicio de las negociaciones, el Estado ya cedi\u00f3 todo lo que pod\u00eda ceder. Desde entonces, vemos al Estado apelando a la buena voluntad del ELN.<\/p>\n<\/div>\n<div class=\"bbc-19j92fr ebmt73l0\" dir=\"ltr\">\n<p class=\"bbc-hhl7in e17g058b0\" dir=\"ltr\">El ELN, por otro lado, tambi\u00e9n transita hacia un escenario donde cada vez es m\u00e1s importante la delincuencia organizada.<\/p>\n<\/div>\n<div class=\"bbc-19j92fr ebmt73l0\" dir=\"ltr\">\n<p class=\"bbc-hhl7in e17g058b0\" dir=\"ltr\">No quiero decir que el ELN sea un grupo narcotraficante o terrorista. Eso es otro debate, pero s\u00ed que el ELN depende cada vez m\u00e1s de econom\u00edas il\u00edcitas.<\/p>\n<\/div>\n<div class=\"bbc-19j92fr ebmt73l0\" dir=\"ltr\">\n<p class=\"bbc-hhl7in e17g058b0\" dir=\"ltr\">Eso muestra unas brechas muy grandes entre la intenci\u00f3n del gobierno y las diferencias internas del ELN, con una parte muy dedicada a la extorsi\u00f3n, captura del Estado, miner\u00eda ilegal y control de las trochas.<\/p>\n<\/div>\n<div class=\"bbc-19j92fr ebmt73l0\" dir=\"ltr\">\n<p class=\"bbc-hhl7in e17g058b0\" dir=\"ltr\">El ELN tiene en su interior diferencias profundas sobre la paz y, al final, para el ELN pienso que es m\u00e1s importante la defensa de la revoluci\u00f3n bolivariana que la defensa de cualquier revoluci\u00f3n en Colombia.<\/p>\n<\/div>\n<div class=\"bbc-19j92fr ebmt73l0\" dir=\"ltr\">\n<p class=\"bbc-hhl7in e17g058b0\" dir=\"ltr\">Bas\u00e1ndome en testigos y estudios de terreno, la permisividad y connivencia entre el ELN y la Fuerza Armada Nacional Bolivariana (FANB) se hizo evidente desde 2019, especialmente en las guerras libradas contra disidencias del Frente 10 de las Farc.<\/p>\n<\/div>\n<div class=\"bbc-19j92fr ebmt73l0\" dir=\"ltr\">\n<p class=\"bbc-hhl7in e17g058b0\" dir=\"ltr\">En m\u00faltiples ocasiones y a trav\u00e9s de los mandos del Frente Oriental del ELN, l\u00edderes de la guerrilla declararon lealtad a Maduro y su proyecto, al que conciben como socialista continental.<\/p>\n<\/div>\n","protected":false},"excerpt":{"rendered":"<p>&nbsp; El proyecto de &#8220;paz total&#8221; con los correligionarios del izquierdista presidente Gustavo Petro en Colombia se tambalea. Los di\u00e1logos con el Ej\u00e9rcito de Liberaci\u00f3n&hellip;<\/p>\n","protected":false},"author":99,"featured_media":527645,"comment_status":"open","ping_status":"open","sticky":false,"template":"","format":"standard","meta":{"footnotes":""},"categories":[23],"tags":[],"class_list":["post-527644","post","type-post","status-publish","format-standard","has-post-thumbnail","hentry","category-latinoamerica"],"_links":{"self":[{"href":"https:\/\/diarioelpopular.com\/index.php\/wp-json\/wp\/v2\/posts\/527644","targetHints":{"allow":["GET"]}}],"collection":[{"href":"https:\/\/diarioelpopular.com\/index.php\/wp-json\/wp\/v2\/posts"}],"about":[{"href":"https:\/\/diarioelpopular.com\/index.php\/wp-json\/wp\/v2\/types\/post"}],"author":[{"embeddable":true,"href":"https:\/\/diarioelpopular.com\/index.php\/wp-json\/wp\/v2\/users\/99"}],"replies":[{"embeddable":true,"href":"https:\/\/diarioelpopular.com\/index.php\/wp-json\/wp\/v2\/comments?post=527644"}],"version-history":[{"count":1,"href":"https:\/\/diarioelpopular.com\/index.php\/wp-json\/wp\/v2\/posts\/527644\/revisions"}],"predecessor-version":[{"id":527646,"href":"https:\/\/diarioelpopular.com\/index.php\/wp-json\/wp\/v2\/posts\/527644\/revisions\/527646"}],"wp:featuredmedia":[{"embeddable":true,"href":"https:\/\/diarioelpopular.com\/index.php\/wp-json\/wp\/v2\/media\/527645"}],"wp:attachment":[{"href":"https:\/\/diarioelpopular.com\/index.php\/wp-json\/wp\/v2\/media?parent=527644"}],"wp:term":[{"taxonomy":"category","embeddable":true,"href":"https:\/\/diarioelpopular.com\/index.php\/wp-json\/wp\/v2\/categories?post=527644"},{"taxonomy":"post_tag","embeddable":true,"href":"https:\/\/diarioelpopular.com\/index.php\/wp-json\/wp\/v2\/tags?post=527644"}],"curies":[{"name":"wp","href":"https:\/\/api.w.org\/{rel}","templated":true}]}}