{"id":527648,"date":"2025-01-22T11:56:48","date_gmt":"2025-01-22T15:56:48","guid":{"rendered":"https:\/\/diarioelpopular.com\/?p=527648"},"modified":"2025-01-22T11:56:48","modified_gmt":"2025-01-22T15:56:48","slug":"trump-mezcla-desinteres-y-furia-frente-a-america-latina","status":"publish","type":"post","link":"https:\/\/diarioelpopular.com\/index.php\/2025\/01\/22\/trump-mezcla-desinteres-y-furia-frente-a-america-latina\/","title":{"rendered":"&#8220;Trump mezcla desinter\u00e9s y furia frente a Am\u00e9rica Latina&#8221;"},"content":{"rendered":"<div id=\"attachment_527649\" style=\"width: 646px\" class=\"wp-caption alignnone\"><img loading=\"lazy\" decoding=\"async\" aria-describedby=\"caption-attachment-527649\" class=\"wp-image-527649 size-custom-full-size\" src=\"https:\/\/diarioelpopular.com\/wp-content\/uploads\/2025\/01\/Screen-Shot-2025-01-22-at-10.55.34-AM-636x361.png\" alt=\"\" width=\"636\" height=\"361\" srcset=\"https:\/\/diarioelpopular.com\/wp-content\/uploads\/2025\/01\/Screen-Shot-2025-01-22-at-10.55.34-AM-636x361.png 636w, https:\/\/diarioelpopular.com\/wp-content\/uploads\/2025\/01\/Screen-Shot-2025-01-22-at-10.55.34-AM-300x170.png 300w, https:\/\/diarioelpopular.com\/wp-content\/uploads\/2025\/01\/Screen-Shot-2025-01-22-at-10.55.34-AM-768x436.png 768w, https:\/\/diarioelpopular.com\/wp-content\/uploads\/2025\/01\/Screen-Shot-2025-01-22-at-10.55.34-AM-129x73.png 129w, https:\/\/diarioelpopular.com\/wp-content\/uploads\/2025\/01\/Screen-Shot-2025-01-22-at-10.55.34-AM.png 1024w\" sizes=\"auto, (max-width: 636px) 100vw, 636px\" \/><p id=\"caption-attachment-527649\" class=\"wp-caption-text\">Donald Trump empez\u00f3 su segundo mandato como presidente de EE.UU. con la firma de decenas de \u00f3rdenes ejecutivas.<\/p><\/div>\n<p>&nbsp;<\/p>\n<p>&nbsp;<\/p>\n<div class=\"bbc-19j92fr ebmt73l0\" dir=\"ltr\">\n<p class=\"bbc-hhl7in e17g058b0\" dir=\"ltr\"><b>Furia, desinter\u00e9s y frustraci\u00f3n.<\/b><\/p>\n<\/div>\n<div class=\"bbc-19j92fr ebmt73l0\" dir=\"ltr\">\n<p class=\"bbc-hhl7in e17g058b0\" dir=\"ltr\">Para Juan Gabriel Tokatlian, doctor en Relaciones Internacionales por la Universidad Johns Hopkins de Washington D.C., Donald Trump vuelve a la Casa Blanca con una lista de asuntos pendientes en su relaci\u00f3n con Am\u00e9rica Latina.<\/p>\n<\/div>\n<div class=\"bbc-19j92fr ebmt73l0\" dir=\"ltr\">\n<p class=\"bbc-hhl7in e17g058b0\" dir=\"ltr\">&#8220;Trump llega frustrado con Am\u00e9rica Latina por lo que no logr\u00f3 en su primer mandato&#8221;, dice el exrector y actual profesor de la Universidad Torcuato Di Tella de Buenos Aires, desde una finca en las afueras de Medell\u00edn, Colombia, pa\u00eds donde vivi\u00f3 18 a\u00f1os.<\/p>\n<\/div>\n<div class=\"bbc-19j92fr ebmt73l0\" dir=\"ltr\">\n<p class=\"bbc-hhl7in e17g058b0\" dir=\"ltr\">&#8220;Esa mezcla de desinter\u00e9s y furia frente a Am\u00e9rica Latina, creo que la vamos a ver representada en sus primeras acciones&#8221;, dice el reconocido analista e investigador argentino.<\/p>\n<\/div>\n<div class=\"bbc-19j92fr ebmt73l0\" dir=\"ltr\">\n<p class=\"bbc-hhl7in e17g058b0\" dir=\"ltr\">Tokatlian, quien acaba de publicar &#8220;Consejos no solicitados sobre pol\u00edtica internacional&#8221; (Ed. Siglo Veintiuno, 2024), un libro de conversaciones con la periodista Hinde Pomeraniec, analiza la relaci\u00f3n de Trump con M\u00e9xico, la posici\u00f3n de Washington ante Nicol\u00e1s Maduro y el v\u00ednculo con China en su disputa por la influencia en Am\u00e9rica Latina.<\/p>\n<p dir=\"ltr\">\n<\/div>\n<figure class=\"bbc-1qn0xuy\">\n<div class=\"bbc-18ywsw9\">\n<div style=\"width: 2537px\" class=\"wp-caption alignnone\"><img loading=\"lazy\" decoding=\"async\" class=\"bbc-139onq\" src=\"https:\/\/ichef.bbci.co.uk\/ace\/ws\/640\/cpsprodpb\/c2a6\/live\/be3d38f0-d83e-11ef-ba26-ef826ed919d4.jpg.webp\" alt=\"Juan Gabriel Tokatlian. \" width=\"2527\" height=\"1422\" \/><p class=\"wp-caption-text\">Fuente de la imagen,Universidad Torcuato Di Tella.\u00a0\u00a0Juan Tokatlian es doctor en Relaciones Internacionales por la Universidad Johns Hopkins de Washington D.C.<\/p><\/div>\n<\/div>\n<\/figure>\n<div class=\"bbc-19j92fr ebmt73l0\" dir=\"ltr\">\n<p dir=\"ltr\">\n<p class=\"bbc-hhl7in e17g058b0\" dir=\"ltr\"><b>\u00bfC\u00f3mo analiza esta nueva etapa en las relaciones entre EE.UU. y Am\u00e9rica Latina que se inicia con el regreso de Trump?<\/b><\/p>\n<\/div>\n<div class=\"bbc-19j92fr ebmt73l0\" dir=\"ltr\">\n<p class=\"bbc-hhl7in e17g058b0\" dir=\"ltr\">Si uno hace un repaso hist\u00f3rico de los discursos inaugurales de los presidentes de Estados Unidos en el \u00faltimo siglo, es inusual el papel de Am\u00e9rica Latina en el mensaje de Trump de este lunes.<\/p>\n<\/div>\n<div class=\"bbc-19j92fr ebmt73l0\" dir=\"ltr\">\n<p class=\"bbc-hhl7in e17g058b0\" dir=\"ltr\">Trump no mencion\u00f3 a ning\u00fan pa\u00eds ni regi\u00f3n, excepto por dos anuncios que hizo vinculados a Am\u00e9rica Latina: la frontera sur de Estados Unidos y el Canal de Panam\u00e1.<\/p>\n<\/div>\n<div class=\"bbc-19j92fr ebmt73l0\" dir=\"ltr\">\n<p class=\"bbc-hhl7in e17g058b0\" dir=\"ltr\">Quiso mostrar que volv\u00eda con fuerza frente a la regi\u00f3n, pero su discurso plante\u00f3 una paradoja. Para Trump, Estados Unidos atraviesa un estado calamitoso, una suerte de impotencia, que \u00e9l resuelve con una prepotencia total.<\/p>\n<\/div>\n<div class=\"bbc-19j92fr ebmt73l0\" dir=\"ltr\">\n<p class=\"bbc-hhl7in e17g058b0\" dir=\"ltr\">Dice que va a recuperar a Estados Unidos, pero lo hace desde la debilidad que \u00e9l mismo plantea.<\/p>\n<\/div>\n<div class=\"bbc-19j92fr ebmt73l0\" dir=\"ltr\">\n<p class=\"bbc-hhl7in e17g058b0\" dir=\"ltr\"><b>\u00bfC\u00f3mo cree que Trump ve a Am\u00e9rica Latina?<\/b><\/p>\n<\/div>\n<div class=\"bbc-19j92fr ebmt73l0\" dir=\"ltr\">\n<p class=\"bbc-hhl7in e17g058b0\" dir=\"ltr\">Tanto en la campa\u00f1a de 2016, que lo llev\u00f3 a la presidencia, como en la campa\u00f1a de 2024, todo lo referido a Am\u00e9rica Latina era parte de una agenda negativa: criminalidad, narcotr\u00e1fico, migraci\u00f3n.<\/p>\n<\/div>\n<div class=\"bbc-19j92fr ebmt73l0\" dir=\"ltr\">\n<p class=\"bbc-hhl7in e17g058b0\" dir=\"ltr\">Para Trump, al menos en el discurso de campa\u00f1a y una vez electo presidente, Am\u00e9rica Latina no ten\u00eda ning\u00fan valor positivo. Esto creo que seguir\u00e1 siendo as\u00ed.<\/p>\n<\/div>\n<div class=\"bbc-19j92fr ebmt73l0\" dir=\"ltr\">\n<p class=\"bbc-hhl7in e17g058b0\" dir=\"ltr\">Ahora bien, Martha Cottan, autora del libro\u00a0<i class=\"bbc-h1y5j7 eih42320\">Foreign Policy Decision Making<\/i>, utiliza la imagen de la amenaza y del dependiente para analizar la pol\u00edtica exterior de Estados Unidos.<\/p>\n<\/div>\n<div class=\"bbc-19j92fr ebmt73l0\" dir=\"ltr\">\n<p class=\"bbc-hhl7in e17g058b0\" dir=\"ltr\">La imagen de la amenaza es la de aquel pa\u00eds o regi\u00f3n que pone en entredicho la seguridad nacional e incluso la supervivencia de Estados Unidos. Antes era la Uni\u00f3n Sovi\u00e9tica, ahora es China.<\/p>\n<\/div>\n<div class=\"bbc-19j92fr ebmt73l0\" dir=\"ltr\">\n<p class=\"bbc-hhl7in e17g058b0\" dir=\"ltr\">La imagen del dependiente es la del pa\u00eds o regi\u00f3n que, para Estados Unidos, no entiende que sus acciones pueden afectar negativamente a \u00e9ste pa\u00eds. Es aquel que no se da cuenta del da\u00f1o que le puede provocar, por ejemplo, v\u00eda el narcotr\u00e1fico o la migraci\u00f3n.<\/p>\n<p dir=\"ltr\">\n<\/div>\n<figure class=\"bbc-1qn0xuy\">\n<div class=\"bbc-18ywsw9\">\n<div style=\"width: 3510px\" class=\"wp-caption alignnone\"><img loading=\"lazy\" decoding=\"async\" class=\"bbc-139onq\" src=\"https:\/\/ichef.bbci.co.uk\/ace\/ws\/640\/cpsprodpb\/71d4\/live\/6bb61a30-d87e-11ef-978a-03899cf38679.jpg.webp\" alt=\"Migrantes varados en la frontera entre M\u00e9xico y EE.UU. miran sus celulares\" width=\"3500\" height=\"1969\" \/><p class=\"wp-caption-text\">Fuente de la imagen,EPA.\u00a0\u00a0Las citas para los solicitantes de asilo en EE.UU. fueron canceladas en cuanto Donald Trump asumi\u00f3 la presidencia.<\/p><\/div>\n<\/div>\n<\/figure>\n<div class=\"bbc-19j92fr ebmt73l0\" dir=\"ltr\">\n<p dir=\"ltr\">\n<p class=\"bbc-hhl7in e17g058b0\" dir=\"ltr\"><b>Entonces, Trump ve a Am\u00e9rica Latina como &#8220;dependiente&#8221; m\u00e1s que como una amenaza&#8230;<\/b><\/p>\n<\/div>\n<div class=\"bbc-19j92fr ebmt73l0\" dir=\"ltr\">\n<p class=\"bbc-hhl7in e17g058b0\" dir=\"ltr\">S\u00ed, para Trump Am\u00e9rica Latina es la imagen del dependiente. Y, encima de todo, la infantiliza.<\/p>\n<\/div>\n<div class=\"bbc-19j92fr ebmt73l0\" dir=\"ltr\">\n<p class=\"bbc-hhl7in e17g058b0\" dir=\"ltr\">Trump ve que la regi\u00f3n es irrelevante para Estados Unidos y, a su vez, le dice que debe comportarse de una manera determinada para ser merecedora de algo positivo.<\/p>\n<\/div>\n<div class=\"bbc-19j92fr ebmt73l0\" dir=\"ltr\">\n<p class=\"bbc-hhl7in e17g058b0\" dir=\"ltr\">La imagen de Am\u00e9rica Latina como dependiente cruza a muchas administraciones, m\u00e1s all\u00e1 de Trump, pero con \u00e9l se vuelve algo recargado, que tiene adem\u00e1s un componente de revancha.<\/p>\n<\/div>\n<div class=\"bbc-19j92fr ebmt73l0\" dir=\"ltr\">\n<p class=\"bbc-hhl7in e17g058b0\" dir=\"ltr\"><b>\u00bfPor qu\u00e9 de revancha?<\/b><\/p>\n<\/div>\n<div class=\"bbc-19j92fr ebmt73l0\" dir=\"ltr\">\n<p class=\"bbc-hhl7in e17g058b0\" dir=\"ltr\">El libro de su \u00faltimo secretario de Defensa, Mark Espert,\u00a0<i class=\"bbc-h1y5j7 eih42320\">A Sacred Oath: Memoirs of a Secretary of Defense During Extraordinary Times<\/i>, cuenta que lo que Trump quer\u00eda era incrementar el bloqueo total a Cuba, iniciar una pol\u00edtica de ataque en laboratorios de fentanilo en M\u00e9xico y derrocar a Maduro en Venezuela.<\/p>\n<\/div>\n<div class=\"bbc-19j92fr ebmt73l0\" dir=\"ltr\">\n<p class=\"bbc-hhl7in e17g058b0\" dir=\"ltr\">Trump sigue teniendo, en parte, esa agenda. Pero llega frustrado con Am\u00e9rica Latina por lo que no logr\u00f3 en su primer mandato.<\/p>\n<\/div>\n<div class=\"bbc-19j92fr ebmt73l0\" dir=\"ltr\">\n<p class=\"bbc-hhl7in e17g058b0\" dir=\"ltr\">Adem\u00e1s, su nivel de desinter\u00e9s en la regi\u00f3n en aquel momento fue total. Fue el primer presidente, en m\u00e1s de 60 a\u00f1os, en no hacer ninguna visita oficial a un pa\u00eds latinoamericano, solo asisti\u00f3 a la cumbre del G20 en Argentina, en 2018.<\/p>\n<\/div>\n<div class=\"bbc-19j92fr ebmt73l0\" dir=\"ltr\">\n<p class=\"bbc-hhl7in e17g058b0\" dir=\"ltr\">Esa mezcla de desinter\u00e9s y furia hacia Am\u00e9rica Latina, creo que la vamos a ver representada en sus primeras acciones.<\/p>\n<p dir=\"ltr\">\n<\/div>\n<figure class=\"bbc-1qn0xuy\">\n<div class=\"bbc-18ywsw9\">\n<div style=\"width: 2619px\" class=\"wp-caption alignnone\"><img loading=\"lazy\" decoding=\"async\" class=\"bbc-139onq\" src=\"https:\/\/ichef.bbci.co.uk\/ace\/ws\/640\/cpsprodpb\/c15c\/live\/fffa6e00-d845-11ef-82f9-adf06df13478.jpg.webp\" alt=\"Donald Trump con el pu\u00f1o en alto, con Joe y Jill Biden y otras personas detr\u00e1s\" width=\"2609\" height=\"1468\" \/><p class=\"wp-caption-text\">Fuente de la imagen,Getty Images.\u00a0\u00a0Para Tokatlian, Trump vuelve con un car\u00e1cter de revancha hacia Am\u00e9rica Latina.<\/p><\/div>\n<p class=\"bbc-by8ykd\" role=\"text\">\n<\/div>\n<\/figure>\n<div class=\"bbc-19j92fr ebmt73l0\" dir=\"ltr\">\n<p dir=\"ltr\">\n<p class=\"bbc-hhl7in e17g058b0\" dir=\"ltr\"><b>Usted ha escrito que con el regreso de Trump vemos una vuelta de la\u00a0<\/b><a class=\"focusIndicatorReducedWidth bbc-n8oauk e1p3sufg0\" href=\"https:\/\/www.bbc.com\/mundo\/articles\/c3g23990xn7o\"><b>Doctrina Monroe\u00a0<\/b><\/a><b>de &#8220;Am\u00e9rica para los americanos&#8221;. \u00bfLa disputa por Am\u00e9rica Latina ahora es con China en lugar de Europa?<\/b><\/p>\n<\/div>\n<div class=\"bbc-19j92fr ebmt73l0\" dir=\"ltr\">\n<p class=\"bbc-hhl7in e17g058b0\" dir=\"ltr\">Trump retoma la Doctrina Monroe, pero con un matiz. Cuando esta idea fue instrumentada por Estados Unidos, se trataba de evitar militarmente la expansi\u00f3n de Europa hacia sus excolonias. El desaf\u00edo era militar.<\/p>\n<\/div>\n<div class=\"bbc-19j92fr ebmt73l0\" dir=\"ltr\">\n<p class=\"bbc-hhl7in e17g058b0\" dir=\"ltr\">Ahora, en el caso de la influencia de China, no hay ninguna expansi\u00f3n militar china sino que, lo que vemos, es que hay un actor que ingresa y se proyecta en Am\u00e9rica Latina con recursos, inversi\u00f3n, asistencia, presencia.<\/p>\n<\/div>\n<div class=\"bbc-19j92fr ebmt73l0\" dir=\"ltr\">\n<p class=\"bbc-hhl7in e17g058b0\" dir=\"ltr\">Entonces, si Trump quiere aplicar a China una nueva versi\u00f3n de la Doctrina Monroe, al no haber una amenaza militar cre\u00edble de Pek\u00edn, se enfrenta a un &#8220;dilema de recursos y compromisos&#8221;.<\/p>\n<\/div>\n<div class=\"bbc-19j92fr ebmt73l0\" dir=\"ltr\">\n<p class=\"bbc-hhl7in e17g058b0\" dir=\"ltr\">Pero Estados Unidos exige compromisos sin recursos. Es decir, quiere que los pa\u00edses de Am\u00e9rica Latina lo sigan sin poner un d\u00f3lar, lo que es absolutamente equ\u00edvoco y puede hacer mucho da\u00f1o.<\/p>\n<\/div>\n<div class=\"bbc-19j92fr ebmt73l0\" dir=\"ltr\">\n<p class=\"bbc-hhl7in e17g058b0\" dir=\"ltr\">En la medida en que la brecha entre menos recursos y m\u00e1s compromisos sea m\u00e1s grande, Washington se va a volver m\u00e1s retaliatoria, va a recurrir m\u00e1s a la amenaza de la fuerza y va a jugar en el l\u00edmite del chantaje.<\/p>\n<p dir=\"ltr\">\n<\/div>\n<figure class=\"bbc-1qn0xuy\">\n<div class=\"bbc-18ywsw9\">\n<div style=\"width: 2314px\" class=\"wp-caption alignnone\"><img loading=\"lazy\" decoding=\"async\" class=\"bbc-139onq\" src=\"https:\/\/ichef.bbci.co.uk\/ace\/ws\/640\/cpsprodpb\/1e39\/live\/23e2d3f0-d861-11ef-a840-c9cb420e9118.jpg.webp\" alt=\"Manifestantes queman una pancarta con la imagen de Donald Trump, durante una protesta frente a la embajada de Estados Unidos en la Ciudad de Panam\u00e1, el 24 de diciembre de 2024.\" width=\"2304\" height=\"1296\" \/><p class=\"wp-caption-text\">Fuente de la imagen,Getty Images.\u00a0\u00a0En Panam\u00e1 hay un fuerte rechazo a la posici\u00f3n de Donald Trump sobre el canal.<\/p><\/div>\n<\/div>\n<\/figure>\n<div class=\"bbc-19j92fr ebmt73l0\" dir=\"ltr\">\n<p dir=\"ltr\">\n<p class=\"bbc-hhl7in e17g058b0\" dir=\"ltr\"><b>\u00bfEl reclamo de Trump por el Canal de Panam\u00e1 va en esa direcci\u00f3n?<\/b><\/p>\n<\/div>\n<div class=\"bbc-19j92fr ebmt73l0\" dir=\"ltr\">\n<p class=\"bbc-hhl7in e17g058b0\" dir=\"ltr\">S\u00ed, pero lo que Trump plantea sobre el rol de China en el Canal de Panam\u00e1 es falso.<\/p>\n<\/div>\n<div class=\"bbc-19j92fr ebmt73l0\" dir=\"ltr\">\n<p class=\"bbc-hhl7in e17g058b0\" dir=\"ltr\">Trump dice que una de las terminales en el Pac\u00edfico y otra en el Atl\u00e1ntico est\u00e1n controladas por una empresa china. Bien, pero las otras dos grandes terminales las controlan capitales occidentales. Entonces, no est\u00e1 bajo control chino.<\/p>\n<\/div>\n<div class=\"bbc-19j92fr ebmt73l0\" dir=\"ltr\">\n<p class=\"bbc-hhl7in e17g058b0\" dir=\"ltr\">Adem\u00e1s, EE.UU. nunca ha tenido un problema con Panam\u00e1 por este tema, a pesar de que m\u00e1s del 40% de sus exportaciones que van hacia Asia cruzan por este canal, sino que siempre ha funcionado y ha operado sin ninguna dificultad.<\/p>\n<\/div>\n<div class=\"bbc-19j92fr ebmt73l0\" dir=\"ltr\">\n<p class=\"bbc-hhl7in e17g058b0\" dir=\"ltr\">Hay que recordar que Panam\u00e1 ten\u00eda relaciones con Taiw\u00e1n hasta el a\u00f1o 2017 y decide romper las relaciones con Taiw\u00e1n para establecer relaciones con la Rep\u00fablica Popular de China.<\/p>\n<\/div>\n<div class=\"bbc-19j92fr ebmt73l0\" dir=\"ltr\">\n<p class=\"bbc-hhl7in e17g058b0\" dir=\"ltr\">Ese fue un giro muy importante visto desde Washington.<\/p>\n<\/div>\n<div class=\"bbc-19j92fr ebmt73l0\" dir=\"ltr\">\n<p class=\"bbc-hhl7in e17g058b0\" dir=\"ltr\">\u00bfEso quiere decir que el canal queda atrapado por los chinos? No. Quiere decir que Washington debi\u00f3 haber hecho mucho m\u00e1s para recuperar influencia y su proyecci\u00f3n en Panam\u00e1.<\/p>\n<\/div>\n<div class=\"bbc-19j92fr ebmt73l0\" dir=\"ltr\">\n<p class=\"bbc-hhl7in e17g058b0\" dir=\"ltr\"><b>Entonces, \u00bfpor qu\u00e9 cree que Trump pone este tema sobre la mesa?<\/b><\/p>\n<\/div>\n<div class=\"bbc-19j92fr ebmt73l0\" dir=\"ltr\">\n<p class=\"bbc-hhl7in e17g058b0\" dir=\"ltr\">Pienso que aqu\u00ed hay que ver si hay intereses privados de amigos de Trump en Panam\u00e1, porque ni China ha afectado la neutralidad del canal ni China ha hecho nada para poner en jaque la presencia eventual de m\u00e1s inversi\u00f3n de Estados Unidos.<\/p>\n<\/div>\n<div class=\"bbc-19j92fr ebmt73l0\" dir=\"ltr\">\n<p class=\"bbc-hhl7in e17g058b0\" dir=\"ltr\">Por eso, presumo que aqu\u00ed juega el mundo de los negocios. Si entendemos ese cuadro nos va a aparecer m\u00e1s claro el hecho de que bajo una supuesta r\u00fabrica geopol\u00edtica estrat\u00e9gica, lo que hay es una pugna por porciones de negocios.<\/p>\n<\/div>\n<div class=\"bbc-19j92fr ebmt73l0\" dir=\"ltr\">\n<p class=\"bbc-hhl7in e17g058b0\" dir=\"ltr\">Por eso digo, no miremos solamente a Washington y a Nueva York para analizar EE.UU. Tambi\u00e9n miremos a California, que es donde est\u00e1n las empresas tecnol\u00f3gicas que en esta \u00faltima contienda electoral hicieron un movimiento masivo y decisivo a favor de Trump, y a Florida, porque este estado en este nuevo gabinete ocupa un lugar inusitado.<\/p>\n<p dir=\"ltr\">\n<\/div>\n<figure class=\"bbc-1qn0xuy\">\n<div class=\"bbc-18ywsw9\">\n<div style=\"width: 2010px\" class=\"wp-caption alignnone\"><img loading=\"lazy\" decoding=\"async\" class=\"bbc-139onq\" src=\"https:\/\/ichef.bbci.co.uk\/ace\/ws\/640\/cpsprodpb\/2839\/live\/7b397c50-d846-11ef-82f9-adf06df13478.jpg.webp\" alt=\"Mark Zuckerberg, Lauren Sanchez, Jeff Bezos, Sundar Pichai y Elon Musk.\" width=\"2000\" height=\"1125\" \/><p class=\"wp-caption-text\">Fuente de la imagen,Getty Images.\u00a0\u00a0Los principales l\u00edderes tecnol\u00f3gicos acompa\u00f1aron la toma de posesi\u00f3n de Trump.<\/p><\/div>\n<\/div>\n<\/figure>\n<div class=\"bbc-19j92fr ebmt73l0\" dir=\"ltr\">\n<p dir=\"ltr\">\n<p class=\"bbc-hhl7in e17g058b0\" dir=\"ltr\"><b>En su \u00faltimo libro usted describe a Am\u00e9rica Latina no como irrelevante para EE.UU. sino como una regi\u00f3n que ha perdido gravitaci\u00f3n. \u00bfQu\u00e9 significa esto y cu\u00e1l es la respuesta de Am\u00e9rica Latina hacia esta posici\u00f3n de Trump?<\/b><\/p>\n<\/div>\n<div class=\"bbc-19j92fr ebmt73l0\" dir=\"ltr\">\n<p class=\"bbc-hhl7in e17g058b0\" dir=\"ltr\">Am\u00e9rica Latina es una regi\u00f3n menos gravitante porque su peso global es menor al de hace 50 a\u00f1os. Pero esta p\u00e9rdida de gravitaci\u00f3n no significa que sea irrelevante, porque esta es una regi\u00f3n rica en minerales, hidrocarburos, alimentos.<\/p>\n<\/div>\n<div class=\"bbc-19j92fr ebmt73l0\" dir=\"ltr\">\n<p class=\"bbc-hhl7in e17g058b0\" dir=\"ltr\">Hay muchos atributos que si en vez de funcionar unilateralmente funcionaran asociativamente, al menos nos dar\u00edan cierta capacidad de negociaci\u00f3n.<\/p>\n<\/div>\n<div class=\"bbc-19j92fr ebmt73l0\" dir=\"ltr\">\n<p class=\"bbc-hhl7in e17g058b0\" dir=\"ltr\">Sin embargo, no existe una posici\u00f3n regional ante EE.UU. porque vivimos la mayor fragmentaci\u00f3n y fractura pol\u00edtica de Am\u00e9rica Latina desde la d\u00e9cada de 1960.<\/p>\n<\/div>\n<div class=\"bbc-19j92fr ebmt73l0\" dir=\"ltr\">\n<p class=\"bbc-hhl7in e17g058b0\" dir=\"ltr\">Am\u00e9rica Latina est\u00e1 totalmente balcanizada. Nuestros mecanismos asociativos no funcionan: el Mercosur vive empantanado, la Alianza del Pac\u00edfico dej\u00f3 de existir, la Celac no llega a consensos.<\/p>\n<\/div>\n<div class=\"bbc-19j92fr ebmt73l0\" dir=\"ltr\">\n<p class=\"bbc-hhl7in e17g058b0\" dir=\"ltr\">Por lo tanto, presumo que ante EE.UU. veremos m\u00e1s pol\u00edticas bilaterales, esto es, Argentina con Estados Unidos, Brasil con Estados Unidos, Chile con Estados Unidos, y no regionales, lo cual favorece a Trump.<\/p>\n<\/div>\n<div class=\"bbc-19j92fr ebmt73l0\" dir=\"ltr\">\n<p class=\"bbc-hhl7in e17g058b0\" dir=\"ltr\"><b>Usted suele decir que en Am\u00e9rica Latina hay un pa\u00eds que tiene una posici\u00f3n pol\u00edtica diferente al resto de la regi\u00f3n: M\u00e9xico. \u00bfC\u00f3mo ve la relaci\u00f3n de este pa\u00eds con Trump?<\/b><\/p>\n<\/div>\n<div class=\"bbc-19j92fr ebmt73l0\" dir=\"ltr\">\n<p class=\"bbc-hhl7in e17g058b0\" dir=\"ltr\">La relaci\u00f3n de EE.UU. con M\u00e9xico ha sido, es y ser\u00e1 central.<\/p>\n<\/div>\n<div class=\"bbc-19j92fr ebmt73l0\" dir=\"ltr\">\n<p class=\"bbc-hhl7in e17g058b0\" dir=\"ltr\">M\u00e9xico es la contraparte comercial m\u00e1s importante de Estados Unidos, la relaci\u00f3n bilateral en t\u00e9rminos de intercambio comercial es de US$807.000 millones al a\u00f1o. Este no es un intercambio que Estados Unidos mantiene con el resto de los pa\u00edses de Latinoam\u00e9rica.<\/p>\n<\/div>\n<div class=\"bbc-19j92fr ebmt73l0\" dir=\"ltr\">\n<p class=\"bbc-hhl7in e17g058b0\" dir=\"ltr\">Pero adem\u00e1s est\u00e1 el tema del fentanilo, el narcotr\u00e1fico, la deportaci\u00f3n de los migrantes mexicanos y los de Am\u00e9rica Central, el anuncio de los carteles como organizaciones terroristas.<\/p>\n<\/div>\n<div class=\"bbc-19j92fr ebmt73l0\" dir=\"ltr\">\n<p class=\"bbc-hhl7in e17g058b0\" dir=\"ltr\">En ese sentido, creo que M\u00e9xico intentar\u00e1 proteger la relaci\u00f3n porque tiene mucho que perder. Esto no es una novedad. Insisto, esto es una continuidad. Habr\u00e1 que ver si M\u00e9xico cambia de posici\u00f3n, no si Estados Unidos.<\/p>\n<p dir=\"ltr\">\n<\/div>\n<figure class=\"bbc-1qn0xuy\">\n<div class=\"bbc-18ywsw9\">\n<div style=\"width: 1298px\" class=\"wp-caption alignnone\"><img loading=\"lazy\" decoding=\"async\" class=\"bbc-139onq\" src=\"https:\/\/ichef.bbci.co.uk\/ace\/ws\/640\/cpsprodpb\/daca\/live\/2e1f06a0-d860-11ef-ad33-ef206154611c.jpg.webp\" alt=\"Claudia Sheinbaum, presidenta de M\u00e9xico.\" width=\"1288\" height=\"725\" \/><p class=\"wp-caption-text\">Fuente de la imagen,Getty Images.\u00a0\u00a0El combate al narcotr\u00e1fico es un tema central en la relaci\u00f3n de EE.UU. con M\u00e9xico.<\/p><\/div>\n<p class=\"bbc-by8ykd\" role=\"text\">\n<\/div>\n<\/figure>\n<div class=\"bbc-19j92fr ebmt73l0\" dir=\"ltr\">\n<p dir=\"ltr\">\n<p class=\"bbc-hhl7in e17g058b0\" dir=\"ltr\"><b>\u00bfHabr\u00e1 instancias de negociaci\u00f3n entre Sheinbaum y Trump as\u00ed como vimos con [el expresidente mexicano] L\u00f3pez Obrador?<\/b><\/p>\n<\/div>\n<div class=\"bbc-19j92fr ebmt73l0\" dir=\"ltr\">\n<p class=\"bbc-hhl7in e17g058b0\" dir=\"ltr\">Habr\u00e1 transacciones asim\u00e9tricas en desmedro de M\u00e9xico, que es el pa\u00eds que potencialmente puede perder m\u00e1s aqu\u00ed.<\/p>\n<\/div>\n<div class=\"bbc-19j92fr ebmt73l0\" dir=\"ltr\">\n<p class=\"bbc-hhl7in e17g058b0\" dir=\"ltr\">Por eso, M\u00e9xico siempre ha optado por no hacer p\u00fablicos sus acercamientos con Estados Unidos. En ese sentido, le toca bajar la tensi\u00f3n.<\/p>\n<\/div>\n<div class=\"bbc-19j92fr ebmt73l0\" dir=\"ltr\">\n<p class=\"bbc-hhl7in e17g058b0\" dir=\"ltr\"><b>Vinculado a M\u00e9xico, Trump firm\u00f3 una orden ejecutiva que designa a los carteles y a las bandas criminales como organizaciones terroristas. \u00bfQu\u00e9 significa esto?<\/b><\/p>\n<\/div>\n<div class=\"bbc-19j92fr ebmt73l0\" dir=\"ltr\">\n<p class=\"bbc-hhl7in e17g058b0\" dir=\"ltr\">Esto significa que habr\u00e1 una presi\u00f3n mayor sobre M\u00e9xico, porque El Salvador ya est\u00e1 haciendo lo suyo de manera brutal. Pero ese mensaje tambi\u00e9n es hacia la presencia de esas bandas dentro de Estados Unidos.<\/p>\n<\/div>\n<div class=\"bbc-19j92fr ebmt73l0\" dir=\"ltr\">\n<p class=\"bbc-hhl7in e17g058b0\" dir=\"ltr\">Trump identific\u00f3 a organizaciones mexicanas, salvadore\u00f1as y una venezolana, pero no a\u00f1adi\u00f3 a grupos armados colombianos, que los podr\u00eda haber colocado bajo el mote general de narcoguerrillas, con lo cual, inicialmente el peso espec\u00edfico es en relaci\u00f3n a M\u00e9xico.<\/p>\n<p dir=\"ltr\">\n<\/div>\n<figure class=\"bbc-1qn0xuy\">\n<div class=\"bbc-18ywsw9\">\n<div style=\"width: 864px\" class=\"wp-caption alignnone\"><img loading=\"lazy\" decoding=\"async\" class=\"bbc-139onq\" src=\"https:\/\/ichef.bbci.co.uk\/ace\/ws\/640\/cpsprodpb\/33ef\/live\/292275c0-d88c-11ef-93f3-dd5cf7467f85.jpg.webp\" alt=\"Javier Milei en el centro entre dos personas\" width=\"854\" height=\"480\" \/><p class=\"wp-caption-text\">Fuente de la imagen,Getty Images.\u00a0\u00a0Javier Milei acudi\u00f3 a la toma de posesi\u00f3n de Trump en Washington, como uno de sus invitados.<\/p><\/div>\n<p class=\"bbc-by8ykd\" role=\"text\">\n<\/div>\n<\/figure>\n<div class=\"bbc-19j92fr ebmt73l0\" dir=\"ltr\">\n<p class=\"bbc-hhl7in e17g058b0\" dir=\"ltr\"><b>\u00bfEsto le dar\u00e1 poder para avanzar sobre otros pa\u00edses?<\/b><\/p>\n<\/div>\n<div class=\"bbc-19j92fr ebmt73l0\" dir=\"ltr\">\n<p class=\"bbc-hhl7in e17g058b0\" dir=\"ltr\">Imagino que lo que har\u00e1 Trump es perseguir de manera m\u00e1s dura a estas organizaciones dentro de Estados Unidos.<\/p>\n<\/div>\n<div class=\"bbc-19j92fr ebmt73l0\" dir=\"ltr\">\n<p class=\"bbc-hhl7in e17g058b0\" dir=\"ltr\">Pero no me imagino tomando una acci\u00f3n de ataque con drones o la destrucci\u00f3n de laboratorios en M\u00e9xico. Si hiciera esto, creo que estar\u00eda cruzando una frontera in\u00e9dita en Am\u00e9rica Latina y, en particular, en la relaci\u00f3n con M\u00e9xico.<\/p>\n<\/div>\n<div class=\"bbc-19j92fr ebmt73l0\" dir=\"ltr\">\n<p class=\"bbc-hhl7in e17g058b0\" dir=\"ltr\"><b>\u00bfC\u00f3mo analiza la relaci\u00f3n entre Donald Trump y Javier Milei? \u00bfMilei se acerca a Trump por afinidad personal o porque le sirve para los intereses de Argentina?<\/b><\/p>\n<\/div>\n<div class=\"bbc-19j92fr ebmt73l0\" dir=\"ltr\">\n<p class=\"bbc-hhl7in e17g058b0\" dir=\"ltr\">Milei es un presidente al que le interesan mucho m\u00e1s las relaciones personales que las relaciones entre estados. Trump tambi\u00e9n funciona as\u00ed. Trump es un hombre de acuerdos, no de reglas, por eso existe una cercan\u00eda estrecha entre ambos. Ah\u00ed hay un n\u00facleo de coincidencias propio de dos estilos que, con sus matices, se asemejan mucho.<\/p>\n<\/div>\n<div class=\"bbc-19j92fr ebmt73l0\" dir=\"ltr\">\n<p class=\"bbc-hhl7in e17g058b0\" dir=\"ltr\">Adem\u00e1s, est\u00e1n atravesados por una convicci\u00f3n ideol\u00f3gica compartida, pero tambi\u00e9n por conveniencia. La conveniencia tiene que ver con que el proyecto econ\u00f3mico interno de Argentina funcione.<\/p>\n<\/div>\n<div class=\"bbc-19j92fr ebmt73l0\" dir=\"ltr\">\n<p class=\"bbc-hhl7in e17g058b0\" dir=\"ltr\">Esto es, que el Fondo Monetario Internacional despeje recursos adicionales para Argentina, que el pa\u00eds sea eventualmente atractivo para capitales internacionales, espec\u00edficamente estadounidenses, etc.<\/p>\n<\/div>\n<div class=\"bbc-19j92fr ebmt73l0\" dir=\"ltr\">\n<p class=\"bbc-hhl7in e17g058b0\" dir=\"ltr\">Entonces, ac\u00e1 hay una mezcla de convicci\u00f3n y conveniencia personal para la preservaci\u00f3n de su proyecto pol\u00edtico.<\/p>\n<p dir=\"ltr\">\n<\/div>\n<figure class=\"bbc-1qn0xuy\">\n<div class=\"bbc-18ywsw9\"><img loading=\"lazy\" decoding=\"async\" class=\"bbc-139onq\" src=\"https:\/\/ichef.bbci.co.uk\/ace\/ws\/640\/cpsprodpb\/2047\/live\/c6b448c0-d84d-11ef-82aa-e57c2d6a6d4b.jpg.webp\" sizes=\"auto, (min-width: 1008px) 760px, 100vw\" srcset=\"https:\/\/ichef.bbci.co.uk\/ace\/ws\/240\/cpsprodpb\/2047\/live\/c6b448c0-d84d-11ef-82aa-e57c2d6a6d4b.jpg.webp 240w, https:\/\/ichef.bbci.co.uk\/ace\/ws\/320\/cpsprodpb\/2047\/live\/c6b448c0-d84d-11ef-82aa-e57c2d6a6d4b.jpg.webp 320w, https:\/\/ichef.bbci.co.uk\/ace\/ws\/480\/cpsprodpb\/2047\/live\/c6b448c0-d84d-11ef-82aa-e57c2d6a6d4b.jpg.webp 480w, https:\/\/ichef.bbci.co.uk\/ace\/ws\/624\/cpsprodpb\/2047\/live\/c6b448c0-d84d-11ef-82aa-e57c2d6a6d4b.jpg.webp 624w, https:\/\/ichef.bbci.co.uk\/ace\/ws\/800\/cpsprodpb\/2047\/live\/c6b448c0-d84d-11ef-82aa-e57c2d6a6d4b.jpg.webp 800w\" alt=\"Nicol\u00e1s Maduro. \" width=\"2422\" height=\"1363\" \/><\/div>\n<\/figure>\n<div class=\"bbc-19j92fr ebmt73l0\" dir=\"ltr\">\n<p dir=\"ltr\">\n<p class=\"bbc-hhl7in e17g058b0\" dir=\"ltr\"><b>Por \u00faltimo, Trump insinu\u00f3 en la noche del lunes que EE.UU. puede dejar de comprar petr\u00f3leo a Venezuela porque &#8220;no lo necesita&#8221;. \u00bfC\u00f3mo ve la relaci\u00f3n con Nicol\u00e1s Maduro?<\/b><\/p>\n<\/div>\n<div class=\"bbc-19j92fr ebmt73l0\" dir=\"ltr\">\n<p class=\"bbc-hhl7in e17g058b0\" dir=\"ltr\">Venezuela es el cuarto exportador de petr\u00f3leo de Estados Unidos. Decir que su petr\u00f3leo es irrelevante es relativo. De todos modos, no creo que sea solo el petr\u00f3leo.<\/p>\n<\/div>\n<div class=\"bbc-19j92fr ebmt73l0\" dir=\"ltr\">\n<p class=\"bbc-hhl7in e17g058b0\" dir=\"ltr\">Yo dir\u00eda que va a ensayar distintos instrumentos.<\/p>\n<\/div>\n<div class=\"bbc-19j92fr ebmt73l0\" dir=\"ltr\">\n<p class=\"bbc-hhl7in e17g058b0\" dir=\"ltr\">Tambi\u00e9n tendr\u00e1 que definir qu\u00e9 hacen con Edmundo Gonz\u00e1lez. Lo que hizo Estados Unidos con Juan Guaid\u00f3, durante la primera presidencia de Trump, fue un fracaso. Si lo quieren volver a hacer, el riesgo de un nuevo fracaso es alto.<\/p>\n<\/div>\n<div class=\"bbc-19j92fr ebmt73l0\" dir=\"ltr\">\n<p class=\"bbc-hhl7in e17g058b0\" dir=\"ltr\">Entonces, dir\u00eda que debemos ir paso por paso, viendo gesto por gesto, entendiendo que Estados Unidos con Trump va siempre a combinar incentivos y sanciones, no solo coerci\u00f3n.<\/p>\n<\/div>\n","protected":false},"excerpt":{"rendered":"<p>&nbsp; &nbsp; Furia, desinter\u00e9s y frustraci\u00f3n. Para Juan Gabriel Tokatlian, doctor en Relaciones Internacionales por la Universidad Johns Hopkins de Washington D.C., Donald Trump vuelve&hellip;<\/p>\n","protected":false},"author":99,"featured_media":527649,"comment_status":"open","ping_status":"open","sticky":false,"template":"","format":"standard","meta":{"footnotes":""},"categories":[23],"tags":[],"class_list":["post-527648","post","type-post","status-publish","format-standard","has-post-thumbnail","hentry","category-latinoamerica"],"_links":{"self":[{"href":"https:\/\/diarioelpopular.com\/index.php\/wp-json\/wp\/v2\/posts\/527648","targetHints":{"allow":["GET"]}}],"collection":[{"href":"https:\/\/diarioelpopular.com\/index.php\/wp-json\/wp\/v2\/posts"}],"about":[{"href":"https:\/\/diarioelpopular.com\/index.php\/wp-json\/wp\/v2\/types\/post"}],"author":[{"embeddable":true,"href":"https:\/\/diarioelpopular.com\/index.php\/wp-json\/wp\/v2\/users\/99"}],"replies":[{"embeddable":true,"href":"https:\/\/diarioelpopular.com\/index.php\/wp-json\/wp\/v2\/comments?post=527648"}],"version-history":[{"count":1,"href":"https:\/\/diarioelpopular.com\/index.php\/wp-json\/wp\/v2\/posts\/527648\/revisions"}],"predecessor-version":[{"id":527650,"href":"https:\/\/diarioelpopular.com\/index.php\/wp-json\/wp\/v2\/posts\/527648\/revisions\/527650"}],"wp:featuredmedia":[{"embeddable":true,"href":"https:\/\/diarioelpopular.com\/index.php\/wp-json\/wp\/v2\/media\/527649"}],"wp:attachment":[{"href":"https:\/\/diarioelpopular.com\/index.php\/wp-json\/wp\/v2\/media?parent=527648"}],"wp:term":[{"taxonomy":"category","embeddable":true,"href":"https:\/\/diarioelpopular.com\/index.php\/wp-json\/wp\/v2\/categories?post=527648"},{"taxonomy":"post_tag","embeddable":true,"href":"https:\/\/diarioelpopular.com\/index.php\/wp-json\/wp\/v2\/tags?post=527648"}],"curies":[{"name":"wp","href":"https:\/\/api.w.org\/{rel}","templated":true}]}}