{"id":527663,"date":"2025-01-22T19:44:44","date_gmt":"2025-01-22T23:44:44","guid":{"rendered":"https:\/\/diarioelpopular.com\/?p=527663"},"modified":"2025-01-22T19:44:44","modified_gmt":"2025-01-22T23:44:44","slug":"milei-defiende-el-saludo-con-el-brazo-en-alto-de-elon-musk-y-amenaza-zurdos-hijos-de-puta-tiemblen","status":"publish","type":"post","link":"https:\/\/diarioelpopular.com\/index.php\/2025\/01\/22\/milei-defiende-el-saludo-con-el-brazo-en-alto-de-elon-musk-y-amenaza-zurdos-hijos-de-puta-tiemblen\/","title":{"rendered":"Milei defiende el saludo con el brazo en alto de Elon Musk y amenaza: \u201cZurdos hijos de puta, tiemblen\u201d"},"content":{"rendered":"<div id=\"attachment_527664\" style=\"width: 1210px\" class=\"wp-caption alignnone\"><img loading=\"lazy\" decoding=\"async\" aria-describedby=\"caption-attachment-527664\" class=\"wp-image-527664 size-custom-big-size\" src=\"https:\/\/diarioelpopular.com\/wp-content\/uploads\/2025\/01\/Screen-Shot-2025-01-22-at-6.43.17-PM-1200x678.png\" alt=\"\" width=\"1200\" height=\"678\" srcset=\"https:\/\/diarioelpopular.com\/wp-content\/uploads\/2025\/01\/Screen-Shot-2025-01-22-at-6.43.17-PM-1200x678.png 1200w, https:\/\/diarioelpopular.com\/wp-content\/uploads\/2025\/01\/Screen-Shot-2025-01-22-at-6.43.17-PM-300x170.png 300w, https:\/\/diarioelpopular.com\/wp-content\/uploads\/2025\/01\/Screen-Shot-2025-01-22-at-6.43.17-PM-768x434.png 768w, https:\/\/diarioelpopular.com\/wp-content\/uploads\/2025\/01\/Screen-Shot-2025-01-22-at-6.43.17-PM-636x360.png 636w, https:\/\/diarioelpopular.com\/wp-content\/uploads\/2025\/01\/Screen-Shot-2025-01-22-at-6.43.17-PM-129x73.png 129w, https:\/\/diarioelpopular.com\/wp-content\/uploads\/2025\/01\/Screen-Shot-2025-01-22-at-6.43.17-PM.png 1024w\" sizes=\"auto, (max-width: 1200px) 100vw, 1200px\" \/><p id=\"caption-attachment-527664\" class=\"wp-caption-text\">Elon Musk hace lo que opositores alegan un saludo nazi durante el almuerzo de la investidura de Donald Trump, el 20 de enero en Washington. Mike Segar (REUTERS)<\/p><\/div>\n<p>&nbsp;<\/p>\n<h4 class=\"a_st\"><em>&#8211; El presidente argentino asegura que el empresario y funcionario de EE UU realiz\u00f3 \u201cun gesto inocente\u201d y carga contra \u201cla progres\u00eda internacional\u201d<\/em><\/h4>\n<p>&nbsp;<\/p>\n<p class=\"\">El presidente\u00a0<a href=\"https:\/\/elpais.com\/argentina\/2025-01-22\/abuelas-de-plaza-de-mayo-celebra-el-hallazgo-de-una-nieta-como-un-antidoto-al-negacionismo-de-milei.html\" data-link-track-dtm=\"\" data-mrf-link=\"https:\/\/elpais.com\/argentina\/2025-01-22\/abuelas-de-plaza-de-mayo-celebra-el-hallazgo-de-una-nieta-como-un-antidoto-al-negacionismo-de-milei.html\">Javier Milei<\/a>\u00a0defendi\u00f3 lo que opositores dijeron ser un saludo nazi del empresario y funcionario estadounidense Elon Musk. Para el ultra argentino, que estuvo presente en la asunci\u00f3n de Donald Trump en Washington,\u00a0<a href=\"https:\/\/elpais.com\/videos\/2025-01-20\/elon-musk-hace-un-gesto-que-parece-el-saludo-nazi-en-uno-de-los-actos-de-la-investidura-de-trump.html?autoplay=1\" data-link-track-dtm=\"\" data-mrf-link=\"https:\/\/elpais.com\/videos\/2025-01-20\/elon-musk-hace-un-gesto-que-parece-el-saludo-nazi-en-uno-de-los-actos-de-la-investidura-de-trump.html\">el movimiento de Musk de extender y alzar su brazo derecho<\/a>, al finalizar un discurso el lunes pasado, fue \u201cun gesto inocente\u201d. Milei atac\u00f3 a \u201cla progres\u00eda internacional\u201d por las acusaciones contra Musk y amenaz\u00f3: \u201cLos vamos a ir a buscar hasta el \u00faltimo rinc\u00f3n del planeta en defensa de la libertad. Zurdos hijos de putas tiemblen\u201d.<\/p>\n<p class=\"\">El mandatario de Argentina se pronunci\u00f3 con un mensaje en sus redes sociales, difundido en las \u00faltimas horas de este martes, antes de dejar Estados Unidos rumbo a Suiza. Milei ya arrib\u00f3 al pa\u00eds europeo para participar del Foro Econ\u00f3mico Mundial, en Davos.<\/p>\n<p class=\"\"><a href=\"https:\/\/elpais.com\/tecnologia\/2025-01-22\/no-creas-a-tus-ojos-el-saludo-nazi-de-musk-y-el-mayor-experimento-de-luz-de-gas-de-la-historia.html?autoplay=1\" data-link-track-dtm=\"\" data-mrf-link=\"https:\/\/elpais.com\/tecnologia\/2025-01-22\/no-creas-a-tus-ojos-el-saludo-nazi-de-musk-y-el-mayor-experimento-de-luz-de-gas-de-la-historia.html\">\u201cNazi, las pelotas\u201d<\/a>, fue la frase con que Milei inici\u00f3 su apolog\u00eda de Musk, designado por Trump al frente del nuevo Departamento de Eficiencia Gubernamental de EE UU. \u201cElon Musk debe ser uno de los hombres m\u00e1s importantes de la historia [\u2026] y siempre ha defendido la libertad en su forma m\u00e1s pura, para todos\u201d, aleg\u00f3 Milei.<\/p>\n<p class=\"\">Luego el argentino elogi\u00f3, como \u201cuno de sus grandes aportes a la humanidad\u201d, la compra que hizo el magnate de la red social X. Seg\u00fan Milei, la plataforma antes llamada Twitter \u201cestaba programada para cancelar cualquier discurso que no fuera el discurso\u00a0<i>woke\u00a0<\/i>hegem\u00f3nico. Por eso hoy toda la progres\u00eda internacional se monta sobre el inocente gesto de Elon Musk para ahora tildarlo de nazi. Porque su lucha por la libertad atenta contra el control hegem\u00f3nico del wokismo internacional\u201d.<\/p>\n<p class=\"\">Para terminar, celebr\u00f3 que \u201cel mundo cambi\u00f3\u201d y cerr\u00f3 con palabras intimidatorias, cargadas de may\u00fasculas: \u201cAhora tambi\u00e9n recuperamos la \u2018tierra de la libertad\u2019 que estaba en sus manos, gracias a nuestro querido\u00a0<a href=\"https:\/\/elpais.com\/internacional\/2025-01-22\/reacciones-en-vivo-tras-la-toma-de-posesion-de-donald-trump.html\" data-link-track-dtm=\"\" data-mrf-link=\"https:\/\/elpais.com\/internacional\/2025-01-22\/reacciones-en-vivo-tras-la-toma-de-posesion-de-donald-trump.html\">Donald Trump<\/a>. No s\u00f3lo no les tenemos miedo. Sino que los vamos a ir a buscar hasta el \u00faltimo rinc\u00f3n del planeta en defensa de la libertad. Zurdos hijos de putas tiemblen. La libertad avanza\u201d.<\/p>\n<div id=\"sum_twitter\" class=\"a_em _df\" data-oembed-type=\"twitter\">\n<div class=\"twitter-tweet twitter-tweet-rendered\"><iframe id=\"twitter-widget-0\" class=\"\" title=\"X Post\" src=\"https:\/\/platform.twitter.com\/embed\/Tweet.html?dnt=false&amp;embedId=twitter-widget-0&amp;features=eyJ0ZndfdGltZWxpbmVfbGlzdCI6eyJidWNrZXQiOltdLCJ2ZXJzaW9uIjpudWxsfSwidGZ3X2ZvbGxvd2VyX2NvdW50X3N1bnNldCI6eyJidWNrZXQiOnRydWUsInZlcnNpb24iOm51bGx9LCJ0ZndfdHdlZXRfZWRpdF9iYWNrZW5kIjp7ImJ1Y2tldCI6Im9uIiwidmVyc2lvbiI6bnVsbH0sInRmd19yZWZzcmNfc2Vzc2lvbiI6eyJidWNrZXQiOiJvbiIsInZlcnNpb24iOm51bGx9LCJ0ZndfZm9zbnJfc29mdF9pbnRlcnZlbnRpb25zX2VuYWJsZWQiOnsiYnVja2V0Ijoib24iLCJ2ZXJzaW9uIjpudWxsfSwidGZ3X21peGVkX21lZGlhXzE1ODk3Ijp7ImJ1Y2tldCI6InRyZWF0bWVudCIsInZlcnNpb24iOm51bGx9LCJ0ZndfZXhwZXJpbWVudHNfY29va2llX2V4cGlyYXRpb24iOnsiYnVja2V0IjoxMjA5NjAwLCJ2ZXJzaW9uIjpudWxsfSwidGZ3X3Nob3dfYmlyZHdhdGNoX3Bpdm90c19lbmFibGVkIjp7ImJ1Y2tldCI6Im9uIiwidmVyc2lvbiI6bnVsbH0sInRmd19kdXBsaWNhdGVfc2NyaWJlc190b19zZXR0aW5ncyI6eyJidWNrZXQiOiJvbiIsInZlcnNpb24iOm51bGx9LCJ0ZndfdXNlX3Byb2ZpbGVfaW1hZ2Vfc2hhcGVfZW5hYmxlZCI6eyJidWNrZXQiOiJvbiIsInZlcnNpb24iOm51bGx9LCJ0ZndfdmlkZW9faGxzX2R5bmFtaWNfbWFuaWZlc3RzXzE1MDgyIjp7ImJ1Y2tldCI6InRydWVfYml0cmF0ZSIsInZlcnNpb24iOm51bGx9LCJ0ZndfbGVnYWN5X3RpbWVsaW5lX3N1bnNldCI6eyJidWNrZXQiOnRydWUsInZlcnNpb24iOm51bGx9LCJ0ZndfdHdlZXRfZWRpdF9mcm9udGVuZCI6eyJidWNrZXQiOiJvbiIsInZlcnNpb24iOm51bGx9fQ%3D%3D&amp;frame=false&amp;hideCard=false&amp;hideThread=false&amp;id=1881887233516482610&amp;lang=es&amp;origin=https%3A%2F%2Felpais.com%2Fargentina%2F2025-01-22%2Fmilei-defiende-el-saludo-con-el-brazo-en-alto-de-elon-musk-y-amenaza-zurdos-hijos-de-puta-tiemblen.html&amp;sessionId=4e40845ab5d84c16d2cd97e6bf93aea48d88856a&amp;siteScreenName=elpais_america&amp;theme=light&amp;widgetsVersion=2615f7e52b7e0%3A1702314776716&amp;width=550px\" frameborder=\"0\" scrolling=\"no\" allowfullscreen=\"allowfullscreen\" data-tweet-id=\"1881887233516482610\" data-mce-fragment=\"1\"><\/iframe><\/div>\n<\/div>\n<p class=\"\">El mensaje de Milei se gan\u00f3 el agradecimiento de Musk \u2014en X le obsequi\u00f3 la imagen de un coraz\u00f3n como respuesta\u2014 y tambi\u00e9n cosech\u00f3 rechazos opositores en Argentina. \u201cNadie deber\u00eda buscar hasta el \u00faltimo rinc\u00f3n a nadie, nadie deber\u00eda temblar por ser buscado, nadie deber\u00eda decirle hijo de puta a nadie. Mucho menos un presidente en democracia. La verdad, pocas veces le\u00ed un texto m\u00e1s nazi que este\u201d, le respondi\u00f3 a Milei la diputada zurda Margarita Stolbizer, del partido socialdem\u00f3crata GEN. En un sentido similar se expres\u00f3 el sindicalista zurdo Hugo Godoy, de la Central de Trabajadores de Argentina: \u201cEl violento discurso, su actitud agresora y las amenazas del presidente no s\u00f3lo a quienes somos de izquierda sino a los millones de personas que pensamos diferente es nazismo expl\u00edcito\u201d. Para el senador Mart\u00edn Lousteau, presidente de la Uni\u00f3n C\u00edvica Radical (centro), \u201cd\u00eda a d\u00eda Milei avanza en una espiral autoritaria, y quienes creemos en la democracia y la tolerancia no podemos seguir siendo indiferentes [\u2026] No se puede construir una mejor sociedad con violencia ni persiguiendo a quienes piensan distinto\u201d.<\/p>\n<p class=\"\">Con Milei en Davos, desde la Casa Rosada en Buenos Aires hicieron un tibio intento por matizar las amenazas del mandatario \u201ca los zurdos\u201d: \u201cLo que el Presidente quiso decir\u201d, argument\u00f3 el jefe de Gabinete,\u00a0<a href=\"https:\/\/elpais.com\/argentina\/2024-06-09\/guillermo-francos-jefe-de-ministros-del-gobierno-argentino-el-50-de-las-personas-que-vive-en-la-argentina-no-son-pobres.html\" target=\"_blank\" rel=\"noopener\" data-link-track-dtm=\"\" data-mrf-link=\"https:\/\/elpais.com\/argentina\/2024-06-09\/guillermo-francos-jefe-de-ministros-del-gobierno-argentino-el-50-de-las-personas-que-vive-en-la-argentina-no-son-pobres.html\">Guillermo Francos<\/a>, \u201ces que vamos a ir a buscarlos para debatir y mostrarles el da\u00f1o que ha hecho la izquierda\u201d.<\/p>\n","protected":false},"excerpt":{"rendered":"<p>&nbsp; &#8211; El presidente argentino asegura que el empresario y funcionario de EE UU realiz\u00f3 \u201cun gesto inocente\u201d y carga contra \u201cla progres\u00eda internacional\u201d &nbsp;&hellip;<\/p>\n","protected":false},"author":99,"featured_media":527664,"comment_status":"open","ping_status":"open","sticky":false,"template":"","format":"standard","meta":{"footnotes":""},"categories":[23],"tags":[],"class_list":["post-527663","post","type-post","status-publish","format-standard","has-post-thumbnail","hentry","category-latinoamerica"],"_links":{"self":[{"href":"https:\/\/diarioelpopular.com\/index.php\/wp-json\/wp\/v2\/posts\/527663","targetHints":{"allow":["GET"]}}],"collection":[{"href":"https:\/\/diarioelpopular.com\/index.php\/wp-json\/wp\/v2\/posts"}],"about":[{"href":"https:\/\/diarioelpopular.com\/index.php\/wp-json\/wp\/v2\/types\/post"}],"author":[{"embeddable":true,"href":"https:\/\/diarioelpopular.com\/index.php\/wp-json\/wp\/v2\/users\/99"}],"replies":[{"embeddable":true,"href":"https:\/\/diarioelpopular.com\/index.php\/wp-json\/wp\/v2\/comments?post=527663"}],"version-history":[{"count":1,"href":"https:\/\/diarioelpopular.com\/index.php\/wp-json\/wp\/v2\/posts\/527663\/revisions"}],"predecessor-version":[{"id":527665,"href":"https:\/\/diarioelpopular.com\/index.php\/wp-json\/wp\/v2\/posts\/527663\/revisions\/527665"}],"wp:featuredmedia":[{"embeddable":true,"href":"https:\/\/diarioelpopular.com\/index.php\/wp-json\/wp\/v2\/media\/527664"}],"wp:attachment":[{"href":"https:\/\/diarioelpopular.com\/index.php\/wp-json\/wp\/v2\/media?parent=527663"}],"wp:term":[{"taxonomy":"category","embeddable":true,"href":"https:\/\/diarioelpopular.com\/index.php\/wp-json\/wp\/v2\/categories?post=527663"},{"taxonomy":"post_tag","embeddable":true,"href":"https:\/\/diarioelpopular.com\/index.php\/wp-json\/wp\/v2\/tags?post=527663"}],"curies":[{"name":"wp","href":"https:\/\/api.w.org\/{rel}","templated":true}]}}