{"id":527667,"date":"2025-01-22T21:11:13","date_gmt":"2025-01-23T01:11:13","guid":{"rendered":"https:\/\/diarioelpopular.com\/?p=527667"},"modified":"2025-01-22T21:11:13","modified_gmt":"2025-01-23T01:11:13","slug":"que-significa-que-ee-uu-declare-a-los-carteles-mexicanos-y-al-tren-de-aragua-organizaciones-terroristas","status":"publish","type":"post","link":"https:\/\/diarioelpopular.com\/index.php\/2025\/01\/22\/que-significa-que-ee-uu-declare-a-los-carteles-mexicanos-y-al-tren-de-aragua-organizaciones-terroristas\/","title":{"rendered":"Qu\u00e9 significa que EE.UU. declare a los carteles mexicanos y al Tren de Aragua &#8220;organizaciones terroristas&#8221;"},"content":{"rendered":"<div id=\"attachment_527668\" style=\"width: 646px\" class=\"wp-caption alignnone\"><img loading=\"lazy\" decoding=\"async\" aria-describedby=\"caption-attachment-527668\" class=\"wp-image-527668 size-custom-full-size\" src=\"https:\/\/diarioelpopular.com\/wp-content\/uploads\/2025\/01\/Screen-Shot-2025-01-22-at-8.10.26-PM-636x358.png\" alt=\"\" width=\"636\" height=\"358\" srcset=\"https:\/\/diarioelpopular.com\/wp-content\/uploads\/2025\/01\/Screen-Shot-2025-01-22-at-8.10.26-PM-636x358.png 636w, https:\/\/diarioelpopular.com\/wp-content\/uploads\/2025\/01\/Screen-Shot-2025-01-22-at-8.10.26-PM-300x169.png 300w, https:\/\/diarioelpopular.com\/wp-content\/uploads\/2025\/01\/Screen-Shot-2025-01-22-at-8.10.26-PM-768x432.png 768w, https:\/\/diarioelpopular.com\/wp-content\/uploads\/2025\/01\/Screen-Shot-2025-01-22-at-8.10.26-PM-130x73.png 130w, https:\/\/diarioelpopular.com\/wp-content\/uploads\/2025\/01\/Screen-Shot-2025-01-22-at-8.10.26-PM.png 1024w\" sizes=\"auto, (max-width: 636px) 100vw, 636px\" \/><p id=\"caption-attachment-527668\" class=\"wp-caption-text\">Las fuerzas de seguridad en M\u00e9xico deben recurrir al uso de armas de alto calibre para hacer frente al poder de fuego de los carteles de la droga.<\/p><\/div>\n<p>&nbsp;<\/p>\n<p>&nbsp;<\/p>\n<div class=\"bbc-19j92fr ebmt73l0\" dir=\"ltr\">\n<ul>\n<li class=\"bbc-hhl7in e17g058b0\" dir=\"ltr\"><em><b>&#8220;Esta es una grande. Hace a\u00f1os que la gente lo pide&#8221;, dijo el lunes Donald Trump al recibir una de las carpetas del centenar de \u00f3rdenes ejecutivas que se hab\u00eda dispuesto firmar en su primer d\u00eda como presidente de Estados Unidos.<\/b><\/em><\/li>\n<\/ul>\n<\/div>\n<div class=\"bbc-19j92fr ebmt73l0\" dir=\"ltr\">\n<p dir=\"ltr\">\n<p class=\"bbc-hhl7in e17g058b0\" dir=\"ltr\"><b>&#8220;M\u00e9xico probablemente no lo quiera, pero lo tenemos que hacer&#8221;.<\/b><\/p>\n<\/div>\n<div class=\"bbc-19j92fr ebmt73l0\" dir=\"ltr\">\n<p class=\"bbc-hhl7in e17g058b0\" dir=\"ltr\">Sentado en su escritorio del Despacho Oval, repas\u00f3 brevemente el texto y estamp\u00f3 su r\u00fabrica con un grueso marcador negro. Y con ese gesto, puso en marcha el complejo proceso para designar a los carteles mexicanos del narcotr\u00e1fico &#8220;organizaciones terroristas extranjeras&#8221;.<\/p>\n<\/div>\n<div class=\"bbc-19j92fr ebmt73l0\" dir=\"ltr\">\n<p class=\"bbc-hhl7in e17g058b0\" dir=\"ltr\">&#8220;Las actividades de los carteles amenazan la seguridad del pueblo estadounidense, la seguridad de EE.UU. y la estabilidad del orden internacional en el hemisferio occidental&#8221;, se lee en la\u00a0<a class=\"focusIndicatorReducedWidth bbc-n8oauk e1p3sufg0\" href=\"https:\/\/www.whitehouse.gov\/presidential-actions\/2025\/01\/designating-cartels-and-other-organizations-as-foreign-terrorist-organizations-and-specially-designated-global-terrorists\/\" aria-label=\"decisi\u00f3n presidencial, ya publicada en la p\u00e1gina web de la Casa Blanca, externo\">decisi\u00f3n presidencial, ya publicada en la p\u00e1gina web de la Casa Blanca<\/a>.<\/p>\n<\/div>\n<section class=\"bbc-geybui\" role=\"region\" aria-label=\"Publicidad 2\" aria-hidden=\"true\" data-e2e=\"advertisement\">\n<div id=\"dotcom-mpu\" class=\"dotcom-ad active\" aria-hidden=\"true\">\n<div class=\"dotcom-ad-inner\"><\/div>\n<\/div>\n<\/section>\n<div class=\"bbc-19j92fr ebmt73l0\" dir=\"ltr\">\n<p class=\"bbc-hhl7in e17g058b0\" dir=\"ltr\">Por considerar que &#8220;representan una amenaza similar&#8221;, se solicita la misma denominaci\u00f3n para el Tren de Aragua, una banda surgida en una c\u00e1rcel de Venezuela y con presencia en otros pa\u00edses de Am\u00e9rica Latina, y para la Mara Salvatrucha o MS-13, la pandilla nacida en las calles de Los \u00c1ngeles en la d\u00e9cada de los 80 y que adquiri\u00f3 otra dimensi\u00f3n cuando muchos de sus miembros fueron deportados a El Salvador.<\/p>\n<\/div>\n<div class=\"bbc-19j92fr ebmt73l0\" dir=\"ltr\">\n<p class=\"bbc-hhl7in e17g058b0\" dir=\"ltr\">\u00bfPero qu\u00e9 implica la decisi\u00f3n? \u00bfEs realmente una medida relevante a la hora de combatirlas? \u00bfY por qu\u00e9 M\u00e9xico se opone?<\/p>\n<\/div>\n<div class=\"bbc-19j92fr ebmt73l0\" dir=\"ltr\">\n<p class=\"bbc-hhl7in e17g058b0\" dir=\"ltr\">Esa y otras preguntas sobre la pol\u00e9mica medida:<\/p>\n<\/div>\n<div class=\"bbc-19j92fr ebmt73l0\" dir=\"ltr\">\n<h2 id=\"Qu\u00e9-es-la-lista-de-organizaciones-terroristas-y-por-qu\u00e9-incluir-los-carteles-y-el-Tren-de-Aragua-ahora\" class=\"bbc-1lgzob2 eglt09e0\" tabindex=\"-1\">\u00bfQu\u00e9 es la lista de &#8220;organizaciones terroristas&#8221; y por qu\u00e9 incluir los carteles y el Tren de Aragua ahora?<\/h2>\n<\/div>\n<div class=\"bbc-19j92fr ebmt73l0\" dir=\"ltr\">\n<p class=\"bbc-hhl7in e17g058b0\" dir=\"ltr\">Una ley de 1996 le posibilit\u00f3 a EE.UU. crear una\u00a0<a class=\"focusIndicatorReducedWidth bbc-n8oauk e1p3sufg0\" href=\"https:\/\/crsreports.congress.gov\/product\/pdf\/IF\/IF10613\" aria-label=\"lista de Organizaciones Terroristas Extranjeras , externo\">lista de Organizaciones Terroristas Extranjeras\u00a0<\/a>(FTO, por sus siglas en ingl\u00e9s) y establecer mecanismos de persecuci\u00f3n y sanciones espec\u00edficas para las entidades incluidas en ella.<\/p>\n<\/div>\n<div class=\"bbc-19j92fr ebmt73l0\" dir=\"ltr\">\n<p class=\"bbc-hhl7in e17g058b0\" dir=\"ltr\">La gestiona el Departamento de Estado, y hoy por hoy la integran 75 grupos y personas f\u00edsicas, que van desde las yihadistas Al Qaeda y Estado Isl\u00e1mico, pasando por la palestina Ham\u00e1s, hasta las FARC y el ELN en Colombia y Sendero Luminoso en Per\u00fa.<\/p>\n<\/div>\n<div class=\"bbc-19j92fr ebmt73l0\" dir=\"ltr\">\n<p class=\"bbc-hhl7in e17g058b0\" dir=\"ltr\">Para ser designadas como tales, las entidades deben cumplir tres criterios: ser extranjeras, participar en actos de terrorismo o tener la intenci\u00f3n de hacerlo, y ser &#8220;una amenaza para la seguridad de los estadounidenses o para la defensa, las relaciones exteriores o los intereses econ\u00f3micos de EE.UU.&#8221;.<\/p>\n<\/div>\n<div class=\"bbc-19j92fr ebmt73l0\" dir=\"ltr\">\n<p class=\"bbc-hhl7in e17g058b0\" dir=\"ltr\">La idea de sumar el\u00a0<a class=\"focusIndicatorReducedWidth bbc-n8oauk e1p3sufg0\" href=\"https:\/\/www.bbc.com\/mundo\/articles\/cvg7pxgj0jpo\">Tren de Aragua<\/a>\u00a0y la MS13 al inventario es m\u00e1s reciente, pero en el caso de los carteles lleva a\u00f1os sobre la mesa, a pesar de que \u2014a falta de un objetivo pol\u00edtico o ideol\u00f3gico y con el lucro como fin \u00faltimo\u2014 no encajen en la descripci\u00f3n tradicional de grupos terroristas.<\/p>\n<\/div>\n<div class=\"bbc-19j92fr ebmt73l0\" dir=\"ltr\">\n<p class=\"bbc-hhl7in e17g058b0\" dir=\"ltr\">El Congreso lo propuso en 2011, sin \u00e9xito, despu\u00e9s de la muerte de dos estadounidenses a manos de grupos del narco. E hizo otro intento en 2019, tras\u00a0<a class=\"focusIndicatorReducedWidth bbc-n8oauk e1p3sufg0\" href=\"https:\/\/www.bbc.com\/mundo\/articles\/c98ez673dj9o\">el asesinato de nueve miembros de la familia mormona LeBaron<\/a>, mujeres y ni\u00f1os con doble nacionalidad, en una zona del norte de M\u00e9xico fronteriza con EE.UU.<\/p>\n<p dir=\"ltr\">\n<\/div>\n<figure class=\"bbc-1qn0xuy\">\n<div class=\"bbc-18ywsw9\">\n<div style=\"width: 3739px\" class=\"wp-caption alignnone\"><img loading=\"lazy\" decoding=\"async\" class=\"bbc-139onq\" src=\"https:\/\/ichef.bbci.co.uk\/ace\/ws\/640\/cpsprodpb\/03d6\/live\/96dc5760-d8ce-11ef-a37f-eba91255dc3d.jpg.webp\" alt=\"James &quot;Sleaze&quot; Morgan fuma fentanilo en polvo en un callej\u00f3n en Columbus, Ohio, Estados Unidos, el 20 de noviembre de 2024. REUTERS\/Shannon Stapleton \" width=\"3729\" height=\"2486\" \/><p class=\"wp-caption-text\">Fuente de la imagen,Reuters.\u00a0\u00a0En 2023 murieron 70.000 personas en EE.UU. a causa del fentanilo, un opioide sint\u00e9tico.<\/p><\/div>\n<p class=\"bbc-by8ykd\" role=\"text\">\n<\/div>\n<\/figure>\n<div class=\"bbc-19j92fr ebmt73l0\" dir=\"ltr\">\n<p class=\"bbc-hhl7in e17g058b0\" dir=\"ltr\">El dem\u00f3crata Barack Obama ya lo baraj\u00f3 cuando fue presidente y Trump lo empuj\u00f3 durante su primer mandato.<\/p>\n<\/div>\n<div class=\"bbc-19j92fr ebmt73l0\" dir=\"ltr\">\n<p class=\"bbc-hhl7in e17g058b0\" dir=\"ltr\">Pero ha sido en los \u00faltimos a\u00f1os, cuando las muertes por fentanilo \u2014una de las drogas que m\u00e1s trafican los carteles a trav\u00e9s de la frontera\u2014 se empezaron a contar por decenas de miles, cuando la idea ha ido ganando apoyo.<\/p>\n<\/div>\n<div class=\"bbc-19j92fr ebmt73l0\" dir=\"ltr\">\n<p class=\"bbc-hhl7in e17g058b0\" dir=\"ltr\">En septiembre de 2022, el gobernador de Texas, el republicano Greg Abbott emiti\u00f3 una \u00f3rden ejecutiva con ese objetivo y dio instrucciones al Departamento de Seguridad P\u00fablica del estado que multiplicara sus esfuerzos para proteger a los texanos de la &#8220;crisis del fentanilo&#8221;.<\/p>\n<\/div>\n<div class=\"bbc-19j92fr ebmt73l0\" dir=\"ltr\">\n<p class=\"bbc-hhl7in e17g058b0\" dir=\"ltr\">Al a\u00f1o, 21 fiscales generales republicanos le pidieron al entonces presidente, Joe Biden, que ordenara la inclusi\u00f3n de las organizaciones mexicanas dedicadas al narcotr\u00e1fico en el listado.<\/p>\n<\/div>\n<div class=\"bbc-19j92fr ebmt73l0\" dir=\"ltr\">\n<p class=\"bbc-hhl7in e17g058b0\" dir=\"ltr\">Los carteles &#8220;han matado m\u00e1s estadounidenses que cualquier organizaci\u00f3n terrorista del mundo&#8221;, dijo el pasado noviembre Tom Homan, el &#8220;zar de la frontera&#8221; de la nueva administraci\u00f3n.<\/p>\n<\/div>\n<div class=\"bbc-19j92fr ebmt73l0\" dir=\"ltr\">\n<p class=\"bbc-hhl7in e17g058b0\" dir=\"ltr\">Y asegur\u00f3 que Trump estaba &#8220;comprometido a nombrarlos organizaciones terroristas y a utilizar todo el poder de las Operaciones Especiales de EE.UU. para eliminarlos&#8221;.<\/p>\n<\/div>\n<div class=\"bbc-19j92fr ebmt73l0\" dir=\"ltr\">\n<p class=\"bbc-hhl7in e17g058b0\" dir=\"ltr\">Tanto es as\u00ed, que decidi\u00f3 asumir la tarea el mismo d\u00eda que estrenaba mandato.<\/p>\n<p dir=\"ltr\">\n<\/div>\n<figure class=\"bbc-1qn0xuy\">\n<div class=\"bbc-18ywsw9\">\n<div style=\"width: 1034px\" class=\"wp-caption alignnone\"><img loading=\"lazy\" decoding=\"async\" class=\"bbc-139onq\" src=\"https:\/\/ichef.bbci.co.uk\/ace\/ws\/640\/cpsprodpb\/bf57\/live\/813b1be0-d8f0-11ef-a7d8-1f358fa230b5.jpg.webp\" alt=\"Portadas de los peri\u00f3dicos mexicanos que muestran la noticia de la captura de Ismael &quot;El Mayo&quot; Zambada, en un kiosco de la Ciudad de M\u00e9xico, M\u00e9xico, el 26 de julio de 2024. (Foto de Rodrigo Oropeza \/ AFP) (Foto de RODRIGO OROPEZA\/AFP v\u00eda Getty Images)\" width=\"1024\" height=\"576\" \/><p class=\"wp-caption-text\">Fuente de la imagen,Getty Images.\u00a0\u00a0Los carteles &#8220;han matado m\u00e1s estadounidenses que cualquier organizaci\u00f3n terrorista del mundo&#8221;, dijo el pasado noviembre Tom Homan, el &#8220;zar de la frontera&#8221; de la nueva administraci\u00f3n.<\/p><\/div>\n<p class=\"bbc-by8ykd\" role=\"text\">\n<\/div>\n<\/figure>\n<div class=\"bbc-19j92fr ebmt73l0\" dir=\"ltr\">\n<h2 id=\"La-\u00f3rden-ejecutiva-de-Trump-los-vuelve-autom\u00e1ticamente-organizaciones-terroristas\" class=\"bbc-1lgzob2 eglt09e0\" tabindex=\"-1\">\u00bfLa \u00f3rden ejecutiva de Trump los vuelve autom\u00e1ticamente &#8220;organizaciones terroristas&#8221;?<\/h2>\n<\/div>\n<div class=\"bbc-19j92fr ebmt73l0\" dir=\"ltr\">\n<p class=\"bbc-hhl7in e17g058b0\" dir=\"ltr\">No. Esa decisi\u00f3n la toma el Departamento de Estado, despu\u00e9s de haber consultado con otras agencias del gobierno federal y haber comprobado que es compatible con el marco legal.<\/p>\n<\/div>\n<div class=\"bbc-19j92fr ebmt73l0\" dir=\"ltr\">\n<p class=\"bbc-hhl7in e17g058b0\" dir=\"ltr\">&#8220;Despu\u00e9s de las consultas, el Departamento puede llegar y decir que los grupos propuestos no cumplen con los criterios legales&#8221;, dice Jason Zablakis, quien supervis\u00f3 dicho proceso de designaci\u00f3n en la Oficina de Contraterrorismo (CT) del Departamento de Estado entre 2008 y 2018.<\/p>\n<\/div>\n<div class=\"bbc-19j92fr ebmt73l0\" dir=\"ltr\">\n<p class=\"bbc-hhl7in e17g058b0\" dir=\"ltr\">&#8220;Es un proceso que puede tomar meses si se hace de forma correcta&#8221;, subraya el ahora profesor, quien dirige el Centro sobre Terrorismo, Extremismo y Contraterrorismo (CTEC) del Instituto Middlebury de Estudios Internacionales, con sede en Monterey, California.<\/p>\n<\/div>\n<div class=\"bbc-19j92fr ebmt73l0\" dir=\"ltr\">\n<p class=\"bbc-hhl7in e17g058b0\" dir=\"ltr\">Existe la dificultad a\u00f1adida de que en la \u00f3rden ejecutiva de Trump no se especifica qu\u00e9 carteles incluir en la lista, sino que se pide al secretario de Estado que proponga los nombres. Y se suman otros dos grupos que revisar, el Tren de Aragua y la MS13.<\/p>\n<\/div>\n<div class=\"bbc-19j92fr ebmt73l0\" dir=\"ltr\">\n<p class=\"bbc-hhl7in e17g058b0\" dir=\"ltr\">Aun as\u00ed, Trump le ha dado al Departamento de Estado 14 d\u00edas para que emita una recomendaci\u00f3n respecto a todos ellos.<\/p>\n<\/div>\n<div class=\"bbc-19j92fr ebmt73l0\" dir=\"ltr\">\n<h2 id=\"Si-finalmente-se-designan-como-tales-qu\u00e9-cambios-implicar\u00eda-en-su-combate\" class=\"bbc-1lgzob2 eglt09e0\" tabindex=\"-1\">Si finalmente se designan como tales, \u00bfqu\u00e9 cambios implicar\u00eda en su combate?<\/h2>\n<\/div>\n<div class=\"bbc-19j92fr ebmt73l0\" dir=\"ltr\">\n<p class=\"bbc-hhl7in e17g058b0\" dir=\"ltr\">Los expertos subrayan que EE.UU. hoy por hoy ya tiene distintos marcos legales para perseguir a los grupos incluidos en la orden ejecutiva de Trump.<\/p>\n<\/div>\n<div class=\"bbc-19j92fr ebmt73l0\" dir=\"ltr\">\n<p class=\"bbc-hhl7in e17g058b0\" dir=\"ltr\">En el caso del Tren de Aragua, y tras un informe del Departamento de Seguridad Nacional que identificaba a presuntos miembros en 16 estados del pa\u00eds, Biden la sum\u00f3 recientemente a la lista de &#8220;organizaciones criminales transnacionales&#8221;, a la que ya pertenec\u00eda la MS13.<\/p>\n<\/div>\n<div class=\"bbc-19j92fr ebmt73l0\" dir=\"ltr\">\n<p class=\"bbc-hhl7in e17g058b0\" dir=\"ltr\">Para combatir las organizaciones mexicanas que controlan el tr\u00e1fico de drogas, el gobierno estadounidense ha utilizado de forma constante la Ley de Designaci\u00f3n de Cabecillas de Narc\u00f3ticos Extranjeros de 1999, m\u00e1s conocida como la &#8220;ley de capos&#8221; (<i class=\"bbc-h1y5j7 eih42320\">Kingpin Act<\/i>).<\/p>\n<\/div>\n<div class=\"bbc-19j92fr ebmt73l0\" dir=\"ltr\">\n<p class=\"bbc-hhl7in e17g058b0\" dir=\"ltr\">Su prop\u00f3sito es negar a aquellos que son considerados figuras de peso en el tr\u00e1fico internacional de estupefacientes, a sus empresas y sus agentes el acceso al sistema financiero de EE.UU., as\u00ed como la posibilidad de hacer negocios con compa\u00f1\u00edas y ciudadanos estadounidenses.<\/p>\n<p dir=\"ltr\">\n<\/div>\n<figure class=\"bbc-1qn0xuy\">\n<div class=\"bbc-18ywsw9\">\n<div style=\"width: 1034px\" class=\"wp-caption alignnone\"><img loading=\"lazy\" decoding=\"async\" class=\"bbc-139onq\" src=\"https:\/\/ichef.bbci.co.uk\/ace\/ws\/640\/cpsprodpb\/4768\/live\/c42f0ac0-d8cc-11ef-a37f-eba91255dc3d.jpg.webp\" alt=\"Donald Trump firmando una orden ejecutiva en el Despacho Oval de la Casa Blanca, en Washington, Estados Unidos, en su primer d\u00eda como presidente, el 20 de enero de 2025.\" width=\"1024\" height=\"681\" \/><p class=\"wp-caption-text\">Fuente de la imagen,Getty Images.\u00a0\u00a0Donald Trump firm\u00f3 m\u00e1s de un centenar de \u00f3rdenes ejecutivas, incluida la que abre el proceso para que se designen &#8220;organizaciones terroristas&#8221; los carteles mexicanos, el Tren de Aragua y la MS13, el lunes 20 de enero, en su primer d\u00eda como presidente.<\/p><\/div>\n<\/div>\n<\/figure>\n<div class=\"bbc-19j92fr ebmt73l0\" dir=\"ltr\">\n<p dir=\"ltr\">\n<p dir=\"ltr\">\n<p class=\"bbc-hhl7in e17g058b0\" dir=\"ltr\">De la misma manera, los principales efectos de estar en la lista de &#8220;grupos terroristas extranjeros&#8221; ser\u00edan financieros, ya que la designaci\u00f3n facilita a EE.UU. el bloqueo de flujos de capital y el combate al blanqueo de activos.<\/p>\n<\/div>\n<div class=\"bbc-19j92fr ebmt73l0\" dir=\"ltr\">\n<p class=\"bbc-hhl7in e17g058b0\" dir=\"ltr\">En ese sentido, &#8220;las consecuencias jur\u00eddicas de la &#8216;ley de capos&#8217; no difieren sustancialmente de las de la designaci\u00f3n de una &#8216;organizaci\u00f3n terrorista extranjera'&#8221;, apunta en un an\u00e1lisis sobre el tema Mar\u00eda Calder\u00f3n, del Instituto M\u00e9xico del Wilson Center, un centro de estudios no partidario con sede en Washington.<\/p>\n<\/div>\n<div class=\"bbc-19j92fr ebmt73l0\" dir=\"ltr\">\n<p class=\"bbc-hhl7in e17g058b0\" dir=\"ltr\">Aunque la nueva herramienta podr\u00eda ampliar la capacidad del gobierno para perseguir a aquellos que les proporcionen servicios o &#8220;apoyo material&#8221;, matiza Calder\u00f3n en su reporte, publicado en febrero del a\u00f1o pasado y titulado\u00a0<a class=\"focusIndicatorReducedWidth bbc-n8oauk e1p3sufg0\" href=\"https:\/\/www.wilsoncenter.org\/sites\/default\/files\/media\/uploads\/documents\/Mexican%20Cartels%20and%20the%20FTO%20Debate%20-%20Designation%20Process%20%26%20Government%20Stakeholders%20%28Mar%C3%ADa%20Calder%C3%B3n%29.pdf\" aria-label=\"Mexican Cartels and the FTO debate, externo\"><i class=\"bbc-h1y5j7 eih42320\">Mexican Cartels and the FTO debate<\/i><\/a>\u00a0(&#8220;Los carteles mexicanos y el debate de las organizaciones terroristas extranjeras&#8221;). Algo que tambi\u00e9n se\u00f1ala Blazakis.<\/p>\n<\/div>\n<div class=\"bbc-19j92fr ebmt73l0\" dir=\"ltr\">\n<p class=\"bbc-hhl7in e17g058b0\" dir=\"ltr\">Esto podr\u00eda ser castigado con multas o con penas de hasta 20 a\u00f1os de prisi\u00f3n, o incluso la cadena perpetua si hay una muerte de por medio. Aunque no est\u00e1 claro c\u00f3mo se aplicar\u00eda, por ejemplo, a vendedores de drogas en EE.UU. cuyos clientes mueran por sobredosis.<\/p>\n<\/div>\n<div class=\"bbc-19j92fr ebmt73l0\" dir=\"ltr\">\n<p class=\"bbc-hhl7in e17g058b0\" dir=\"ltr\">&#8220;(De ocurrir) va cambiar la manera en la que los agentes estadounidenses arman sus casos contra los carteles, porque antes ten\u00edan que justificar una amenaza a un ciudadano estadounidense, mientras que ahora cualquier v\u00ednculo al grupo ya es motivo de investigaci\u00f3n&#8221;, dice Ioan Grillo, un periodista ingl\u00e9s que lleva 24 a\u00f1os cubriendo la violencia en M\u00e9xico.<\/p>\n<p dir=\"ltr\">\n<\/div>\n<figure class=\"bbc-1qn0xuy\">\n<div class=\"bbc-18ywsw9\">\n<div style=\"width: 3994px\" class=\"wp-caption alignnone\"><img loading=\"lazy\" decoding=\"async\" class=\"bbc-139onq\" src=\"https:\/\/ichef.bbci.co.uk\/ace\/ws\/640\/cpsprodpb\/b489\/live\/15543f00-d8ce-11ef-bc01-8f2c83dad217.jpg.webp\" alt=\"Miembros del Ej\u00e9rcito y la Guardia Nacional de M\u00e9xico participan en la &quot;Operaci\u00f3n Ju\u00e1rez&quot; destinada a reducir la violencia en Ciudad Ju\u00e1rez, M\u00e9xico, el 17 de febrero de 2024. REUTERS\/Jose Luis Gonzalez\" width=\"3984\" height=\"2656\" \/><p class=\"wp-caption-text\">Fuente de la imagen,Reuters.\u00a0\u00a0La nueva herramienta podr\u00eda ampliar la capacidad del gobierno de EE.UU. para perseguir a aquellos que proporcionen servicios o &#8220;apoyo material&#8221; a los carteles del narcotr\u00e1fico y al Tren de Aragua.<\/p><\/div>\n<p class=\"bbc-by8ykd\" role=\"text\">\n<\/div>\n<\/figure>\n<div class=\"bbc-19j92fr ebmt73l0\" dir=\"ltr\">\n<p dir=\"ltr\">\n<p class=\"bbc-hhl7in e17g058b0\" dir=\"ltr\">&#8220;Mucha gente puede entrar al pliego de sospechas de los agentes, y esto tiene consecuencias quiz\u00e1 no deseadas, como ir detr\u00e1s de gente que fabrica armas en Estados Unidos, y gente que quiere aplicar a asilo en EEUU.&#8221;, a\u00f1ade.<\/p>\n<\/div>\n<div class=\"bbc-19j92fr ebmt73l0\" dir=\"ltr\">\n<p class=\"bbc-hhl7in e17g058b0\" dir=\"ltr\">Y es que la designaci\u00f3n establece que el ingreso de cualquier extranjero que &#8220;apoye, represente, entrene o sea miembro&#8221; de una &#8220;organizaci\u00f3n terrorista extranjera&#8221; es inadmisible y que, en ciertas circunstancias, puede ser expulsado del pa\u00eds, una medida que tambi\u00e9n se aplicar\u00eda a su familia.<\/p>\n<\/div>\n<div class=\"bbc-19j92fr ebmt73l0\" dir=\"ltr\">\n<p class=\"bbc-hhl7in e17g058b0\" dir=\"ltr\">&#8220;Pero las ventajas de una potencial nueva denominaci\u00f3n son m\u00ednimas, porque en \u00faltima instancia muchas de estas medidas ya hoy se pueden tomar contra estas organizaciones&#8221;, reitera Blazakis.<\/p>\n<\/div>\n<div class=\"bbc-19j92fr ebmt73l0\" dir=\"ltr\">\n<h2 id=\"Abre-la-puerta-a-una-eventual-operaci\u00f3n-militar-de-EEUU-en-territorio-mexicano\" class=\"bbc-1lgzob2 eglt09e0\" tabindex=\"-1\">\u00bfAbre la puerta a una eventual operaci\u00f3n militar de EE.UU. en territorio mexicano?<\/h2>\n<\/div>\n<div class=\"bbc-19j92fr ebmt73l0\" dir=\"ltr\">\n<p class=\"bbc-hhl7in e17g058b0\" dir=\"ltr\">Mientras Trump firmaba \u00f3rdenes ejecutivas en el Despacho Oval el lunes, un periodista le pregunt\u00f3 si la designaci\u00f3n de los carteles como &#8220;organizaciones terroristas&#8221; allanaba el camino para una operaci\u00f3n militar de EE.UU. en M\u00e9xico.<\/p>\n<\/div>\n<div class=\"bbc-19j92fr ebmt73l0\" dir=\"ltr\">\n<p class=\"bbc-hhl7in e17g058b0\" dir=\"ltr\">&#8220;Es posible. Cosas m\u00e1s raras se han visto&#8221;, le contest\u00f3 el mandatario.<\/p>\n<\/div>\n<div class=\"bbc-19j92fr ebmt73l0\" dir=\"ltr\">\n<p class=\"bbc-hhl7in e17g058b0\" dir=\"ltr\">&#8220;No abre en ese sentido ninguna avenida que no existiera ya&#8221;, dice Blazakis.<\/p>\n<\/div>\n<div class=\"bbc-19j92fr ebmt73l0\" dir=\"ltr\">\n<p class=\"bbc-hhl7in e17g058b0\" dir=\"ltr\">&#8220;No garantiza una intervenci\u00f3n militar, pero se acerca&#8221;, opina por su parte Grillo.<\/p>\n<\/div>\n<div class=\"bbc-19j92fr ebmt73l0\" dir=\"ltr\">\n<p class=\"bbc-hhl7in e17g058b0\" dir=\"ltr\">&#8220;M\u00e1s que sentar las bases de una intervenci\u00f3n en suelo mexicano, la implicaci\u00f3n de esto es sobre las empresas que tienen v\u00ednculos con los carteles&#8221;, se\u00f1ala Guadalupe Correa-Cabrera, una profesora de la Universidad George Mason, en Estados Unidos, que ha estudiado durante a\u00f1os las causas de la violencia en M\u00e9xico.<\/p>\n<\/div>\n<div class=\"bbc-19j92fr ebmt73l0\" dir=\"ltr\">\n<p class=\"bbc-hhl7in e17g058b0\" dir=\"ltr\">&#8220;Se van a cancelar visas, se van a cancelar cuentas, pero para que haya una injerencia mayor en M\u00e9xico tienen que pasar por muchas m\u00e1s instancias legales en EE.UU. No basta con una orden ejecutiva&#8221;, responde la investigadora.<\/p>\n<p dir=\"ltr\">\n<\/div>\n<figure class=\"bbc-1qn0xuy\">\n<div class=\"bbc-18ywsw9\">\n<div style=\"width: 1034px\" class=\"wp-caption alignnone\"><img loading=\"lazy\" decoding=\"async\" class=\"bbc-139onq\" src=\"https:\/\/ichef.bbci.co.uk\/ace\/ws\/640\/cpsprodpb\/85fb\/live\/6f755330-d8cd-11ef-bc01-8f2c83dad217.jpg.webp\" alt=\"Operativo de seguridad en Sinaloa.(FOTO: Juan Carlos Cruz\/AFP v\u00eda Getty)\" width=\"1024\" height=\"683\" \/><p class=\"wp-caption-text\">Fuente de la imagen,Getty Images.\u00a0\u00a0Sinaloa lleva sumida en una guerra total entre las dos facciones del Cartel de Sinaloa desde hace meses.<\/p><\/div>\n<p class=\"bbc-by8ykd\" role=\"text\">\n<\/div>\n<\/figure>\n<div class=\"bbc-19j92fr ebmt73l0\" dir=\"ltr\">\n<p dir=\"ltr\">\n<p class=\"bbc-hhl7in e17g058b0\" dir=\"ltr\">Desde una perspectiva jur\u00eddica, la designaci\u00f3n no facilita la incursi\u00f3n militar de EE.UU. en territorio mexicano. Sin embargo, algunos analistas apuntan a que podr\u00eda servir como trampol\u00edn pol\u00edtico hacia ello, al ayudar a construir una justificaci\u00f3n.<\/p>\n<\/div>\n<div class=\"bbc-19j92fr ebmt73l0\" dir=\"ltr\">\n<p class=\"bbc-hhl7in e17g058b0\" dir=\"ltr\">&#8220;No hay nada en el lenguaje legal de una designaci\u00f3n como &#8220;organizaci\u00f3n terrorista&#8221; que autorice cualquier tipo de acci\u00f3n militar&#8221;, le dijo a Reuters Elisabeth Malkin, subdirectora de programas para Am\u00e9rica Latina de International Crisis Group. &#8220;Pero podr\u00eda cambiar la mentalidad en Washington&#8221;.<\/p>\n<\/div>\n<div class=\"bbc-19j92fr ebmt73l0\" dir=\"ltr\">\n<p class=\"bbc-hhl7in e17g058b0\" dir=\"ltr\">En respuesta a unas preguntas enviadas por esa misma agencia, el portavoz del Consejo de Seguridad Nacional de la Casa Blanca, Brian Hughes, dijo en un comunicado que &#8220;m\u00e1s all\u00e1 de las herramientas adicionales que esta designaci\u00f3n proporciona al presidente Trump y su administraci\u00f3n, env\u00eda un mensaje claro a los carteles que amenazan a los ciudadanos estadounidenses&#8221;.<\/p>\n<\/div>\n<div class=\"bbc-19j92fr ebmt73l0\" dir=\"ltr\">\n<h2 id=\"C\u00f3mo-ha-reaccionado-M\u00e9xico\" class=\"bbc-1lgzob2 eglt09e0\" tabindex=\"-1\">\u00bfC\u00f3mo ha reaccionado M\u00e9xico?<\/h2>\n<\/div>\n<div class=\"bbc-19j92fr ebmt73l0\" dir=\"ltr\">\n<p class=\"bbc-hhl7in e17g058b0\" dir=\"ltr\">&#8220;Todos queremos combatir a los carteles de la droga&#8221;,(pero en realidad nunca lo han hecho) dej\u00f3 claro la presidente de M\u00e9xico, Claudia Sheinbaum, al d\u00eda siguiente de que su hom\u00f3logo estadounidense firmara la orden ejecutiva.<\/p>\n<\/div>\n<div class=\"bbc-19j92fr ebmt73l0\" dir=\"ltr\">\n<p class=\"bbc-hhl7in e17g058b0\" dir=\"ltr\">Pero &#8220;ellos en su territorio, nosotros en nuestro territorio&#8221;, subray\u00f3, y record\u00f3 que el nuevo secretario de Estado estadounidense, Marco Rubio, apost\u00f3 por privilegiar la cooperaci\u00f3n.<\/p>\n<\/div>\n<div class=\"bbc-19j92fr ebmt73l0\" dir=\"ltr\">\n<p class=\"bbc-hhl7in e17g058b0\" dir=\"ltr\">Los partidos de oposici\u00f3n tambi\u00e9n cerraron filas con el oficialismo en este tema. El conservador PAN, la formaci\u00f3n opositora mayoritaria, rechaz\u00f3 cualquier posibilidad de &#8220;intervencionismo extranjero&#8221;.<\/p>\n<\/div>\n<div class=\"bbc-19j92fr ebmt73l0\" dir=\"ltr\">\n<p class=\"bbc-hhl7in e17g058b0\" dir=\"ltr\">Sin embargo, los expertos no dudan que la designaci\u00f3n aumentar\u00e1 la presi\u00f3n para que el gobierno de Sheinbaum \u2014con el discurso de afrontar el problema mediante las ayudas sociales y atendiendo la desigualdad\u2014 obtenga resultados en pol\u00edtica antidrogas que sean medibles en los t\u00e9rminos de la administraci\u00f3n Trump.<\/p>\n<p dir=\"ltr\">\n<\/div>\n<figure class=\"bbc-1qn0xuy\">\n<div class=\"bbc-18ywsw9\">\n<div style=\"width: 1034px\" class=\"wp-caption alignnone\"><img loading=\"lazy\" decoding=\"async\" class=\"bbc-139onq\" src=\"https:\/\/ichef.bbci.co.uk\/ace\/ws\/640\/cpsprodpb\/bef1\/live\/33218ee0-d8cc-11ef-902e-cf9b84dc1357.jpg.webp\" alt=\"La presidenta de M\u00e9xico, Claudia Sheinbaum, habla durante la conferencia matutina en el Palacio Nacional de Ciudad de M\u00e9xico el 8 de enero de 2025.(Foto: ALFREDO ESTRELLA\/AFP v\u00eda Getty Images)\" width=\"1024\" height=\"682\" \/><p class=\"wp-caption-text\">Fuente de la imagen,Getty Images.\u00a0\u00a0La presidente de M\u00e9xico, Claudia Sheinbaum, ha defendido con firmeza que la relaci\u00f3n bilateral con Estados Unidos ser\u00e1 de cooperaci\u00f3n y nunca de subordinaci\u00f3n.<\/p><\/div>\n<\/div>\n<\/figure>\n<div class=\"bbc-19j92fr ebmt73l0\" dir=\"ltr\">\n<p dir=\"ltr\">\n<p class=\"bbc-hhl7in e17g058b0\" dir=\"ltr\">Lo har\u00e1 en un contexto en el que en el estado norte\u00f1o de Sinaloa se libra desde hace meses\u00a0<a class=\"focusIndicatorReducedWidth bbc-n8oauk e1p3sufg0\" href=\"https:\/\/www.bbc.com\/mundo\/articles\/c0qzwwljvz9o\">una guerra entre las dos facciones del Cartel de Sinaloa<\/a>. El desencadenante fue el arresto en julio por parte de EE.UU. de uno de los jefes de la organizaci\u00f3n, Ismael &#8220;El Mayo&#8221; Zambada, en El Paso, Texas.<\/p>\n<\/div>\n<div class=\"bbc-19j92fr ebmt73l0\" dir=\"ltr\">\n<p class=\"bbc-hhl7in e17g058b0\" dir=\"ltr\">Y en un momento en el que las relaciones diplom\u00e1ticas entre ambos pa\u00edses se adivinan tensas, no solo en el tema de la seguridad binacional, tambi\u00e9n en el migratorio y comercial, por las medidas relacionadas con la frontera y los aranceles a las que Trump ya dio luz verde.<\/p>\n<\/div>\n<div class=\"bbc-19j92fr ebmt73l0\" dir=\"ltr\">\n<p class=\"bbc-hhl7in e17g058b0\" dir=\"ltr\">&#8220;Si realmente se va a luchar contra los carteles de manera efectiva, tiene que ser un esfuerzo conjunto de los gobiernos de Estados Unidos y M\u00e9xico, y creo que la designaci\u00f3n del cartel envenenar\u00e1 las voluntades y dificultar\u00e1 hacerlo&#8221;, subraya Blazakis.<\/p>\n<\/div>\n","protected":false},"excerpt":{"rendered":"<p>&nbsp; &nbsp; &#8220;Esta es una grande. Hace a\u00f1os que la gente lo pide&#8221;, dijo el lunes Donald Trump al recibir una de las carpetas del&hellip;<\/p>\n","protected":false},"author":99,"featured_media":527668,"comment_status":"open","ping_status":"open","sticky":false,"template":"","format":"standard","meta":{"footnotes":""},"categories":[23],"tags":[],"class_list":["post-527667","post","type-post","status-publish","format-standard","has-post-thumbnail","hentry","category-latinoamerica"],"_links":{"self":[{"href":"https:\/\/diarioelpopular.com\/index.php\/wp-json\/wp\/v2\/posts\/527667","targetHints":{"allow":["GET"]}}],"collection":[{"href":"https:\/\/diarioelpopular.com\/index.php\/wp-json\/wp\/v2\/posts"}],"about":[{"href":"https:\/\/diarioelpopular.com\/index.php\/wp-json\/wp\/v2\/types\/post"}],"author":[{"embeddable":true,"href":"https:\/\/diarioelpopular.com\/index.php\/wp-json\/wp\/v2\/users\/99"}],"replies":[{"embeddable":true,"href":"https:\/\/diarioelpopular.com\/index.php\/wp-json\/wp\/v2\/comments?post=527667"}],"version-history":[{"count":1,"href":"https:\/\/diarioelpopular.com\/index.php\/wp-json\/wp\/v2\/posts\/527667\/revisions"}],"predecessor-version":[{"id":527669,"href":"https:\/\/diarioelpopular.com\/index.php\/wp-json\/wp\/v2\/posts\/527667\/revisions\/527669"}],"wp:featuredmedia":[{"embeddable":true,"href":"https:\/\/diarioelpopular.com\/index.php\/wp-json\/wp\/v2\/media\/527668"}],"wp:attachment":[{"href":"https:\/\/diarioelpopular.com\/index.php\/wp-json\/wp\/v2\/media?parent=527667"}],"wp:term":[{"taxonomy":"category","embeddable":true,"href":"https:\/\/diarioelpopular.com\/index.php\/wp-json\/wp\/v2\/categories?post=527667"},{"taxonomy":"post_tag","embeddable":true,"href":"https:\/\/diarioelpopular.com\/index.php\/wp-json\/wp\/v2\/tags?post=527667"}],"curies":[{"name":"wp","href":"https:\/\/api.w.org\/{rel}","templated":true}]}}