{"id":527688,"date":"2025-01-23T12:31:51","date_gmt":"2025-01-23T16:31:51","guid":{"rendered":"https:\/\/diarioelpopular.com\/?p=527688"},"modified":"2025-01-23T12:31:51","modified_gmt":"2025-01-23T16:31:51","slug":"los-migrantes-en-la-frontera-se-debaten-entre-regresar-a-su-pais-o-quedarse-en-mexico-aqui-tienes-mas-oportunidades","status":"publish","type":"post","link":"https:\/\/diarioelpopular.com\/index.php\/2025\/01\/23\/los-migrantes-en-la-frontera-se-debaten-entre-regresar-a-su-pais-o-quedarse-en-mexico-aqui-tienes-mas-oportunidades\/","title":{"rendered":"Los migrantes en la frontera se debaten entre regresar a su pa\u00eds o quedarse en M\u00e9xico: \u201cAqu\u00ed tienes m\u00e1s oportunidades\u201d"},"content":{"rendered":"<div id=\"attachment_527689\" style=\"width: 1210px\" class=\"wp-caption alignnone\"><img loading=\"lazy\" decoding=\"async\" aria-describedby=\"caption-attachment-527689\" class=\"wp-image-527689 size-custom-big-size\" src=\"https:\/\/diarioelpopular.com\/wp-content\/uploads\/2025\/01\/Screen-Shot-2025-01-23-at-11.31.07-AM-1200x804.png\" alt=\"\" width=\"1200\" height=\"804\" srcset=\"https:\/\/diarioelpopular.com\/wp-content\/uploads\/2025\/01\/Screen-Shot-2025-01-23-at-11.31.07-AM-1200x804.png 1200w, https:\/\/diarioelpopular.com\/wp-content\/uploads\/2025\/01\/Screen-Shot-2025-01-23-at-11.31.07-AM-300x201.png 300w, https:\/\/diarioelpopular.com\/wp-content\/uploads\/2025\/01\/Screen-Shot-2025-01-23-at-11.31.07-AM-768x514.png 768w, https:\/\/diarioelpopular.com\/wp-content\/uploads\/2025\/01\/Screen-Shot-2025-01-23-at-11.31.07-AM-636x426.png 636w, https:\/\/diarioelpopular.com\/wp-content\/uploads\/2025\/01\/Screen-Shot-2025-01-23-at-11.31.07-AM-80x55.png 80w, https:\/\/diarioelpopular.com\/wp-content\/uploads\/2025\/01\/Screen-Shot-2025-01-23-at-11.31.07-AM-109x73.png 109w, https:\/\/diarioelpopular.com\/wp-content\/uploads\/2025\/01\/Screen-Shot-2025-01-23-at-11.31.07-AM.png 1024w\" sizes=\"auto, (max-width: 1200px) 100vw, 1200px\" \/><p id=\"caption-attachment-527689\" class=\"wp-caption-text\">Migrantes deportados en el cruce fronterizo de El Chaparral, en Tijuana. Roberto Antill\u00f3n.<\/p><\/div>\n<p>&nbsp;<\/p>\n<p>&nbsp;<\/p>\n<h4 class=\"a_st\"><em>&#8211; Las deportaciones durante los primeros d\u00edas de Donald Trump como presidente contin\u00faan a un ritmo usual a la espera de que se incrementen en los pr\u00f3ximos d\u00edas<\/em><\/h4>\n<p>&nbsp;<\/p>\n<p class=\"\">Los migrantes que han quedado atrapados en la frontera entre M\u00e9xico y Estados Unidos siguen teniendo muchas preguntas, pero nadie les responde. \u201cPerdone, \u00bfusted sabe si las autoridades han dicho algo m\u00e1s de la CBP One?\u201d, pregunta un hombre joven procedente de Venezuela.<\/p>\n<p class=\"\">Han pasado dos d\u00edas desde que Donald Trump llegara a la presidencia y a las afueras del cruce fronterizo de El Chaparral, en Tijuana, las personas siguen congreg\u00e1ndose con la esperanza de cruzar a Estados Unidos. Todas ellas ten\u00edan una\u00a0<a href=\"https:\/\/elpais.com\/mexico\/2025-01-20\/cpb-one-ya-no-esta-disponible-trump-cierra-la-aplicacion-para-pedir-asilo-en-la-frontera-con-mexico.html\" data-link-track-dtm=\"\" data-mrf-link=\"https:\/\/elpais.com\/mexico\/2025-01-20\/cpb-one-ya-no-esta-disponible-trump-cierra-la-aplicacion-para-pedir-asilo-en-la-frontera-con-mexico.html\">cita programada en la frontera para pedir asilo<\/a>, sin embargo, la llegada del republicano el 20 de enero puso todo patas arriba.<\/p>\n<p class=\"\">Angelo Manzano, un venezolano de 34 a\u00f1os procedente del Estado Zulia, ten\u00eda fecha para cruzar a San Diego este 22 de enero. \u201cTodo estaba marchando bien, pero el 20 de enero solo consiguieron pasar las personas que ten\u00edan turno a las 05.00 de la ma\u00f1ana, el resto ya no pudo\u201d, dice a este diario sentado en la acera frente al puesto fronterizo. \u201cMe siento muy triste porque uno viene con una ilusi\u00f3n y una esperanza, pero tengo que buscar una forma de regresar a un lugar seguro porque viajo solo\u201d, dice. Hace a\u00f1os, el rostro de la migraci\u00f3n eran hombres j\u00f3venes que viajaban solos pero, \u201ccada vez llegan m\u00e1s familias, por eso es importante que se priorice la atenci\u00f3n a los ni\u00f1os y ni\u00f1as migrantes y a los que van a ser deportados desde Estados Unidos\u201d, comenta Alejandro L\u00f3pez, coordinador territorial de Save the Children M\u00e9xico, en Tijuana.<\/p>\n<p class=\"\">Al igual que Angelo, cientos de personas piensan si deben quedarse a esperar en M\u00e9xico o si deben de emprender el viaje de regreso a sus pa\u00edses.<a href=\"https:\/\/elpais.com\/mexico\/2025-01-22\/los-rostros-de-los-que-se-quedaron-a-las-puertas-de-pedir-asilo-en-estados-unidos.html\" data-link-track-dtm=\"\" data-mrf-link=\"https:\/\/elpais.com\/mexico\/2025-01-22\/los-rostros-de-los-que-se-quedaron-a-las-puertas-de-pedir-asilo-en-estados-unidos.html\">\u00a0Muchos de ellos no pueden regresar.<\/a>\u00a0Tampoco pueden avanzar y sus opciones se reducen a quedarse en Tijuana, buscar trabajo y asentarse ah\u00ed, como hizo la\u00a0<a href=\"https:\/\/elpais.com\/elpais\/2019\/06\/15\/album\/1560564448_146441.html\" target=\"_blank\" rel=\"noopener\" data-link-track-dtm=\"\" data-mrf-link=\"https:\/\/elpais.com\/elpais\/2019\/06\/15\/album\/1560564448_146441.html\">comunidad haitiana en 2016<\/a>. \u201cAqu\u00ed uno tiene m\u00e1s oportunidades que en su pa\u00eds\u201d, responde Manzano. Este es el caso de Caridad Hern\u00e1ndez y Jorge Ramos, un matrimonio cubano que ten\u00eda cita el 21 de enero. \u201cEstamos pensando qu\u00e9 hacer, vendimos todo lo que ten\u00edamos, as\u00ed que nos toca buscar un trabajo aqu\u00ed\u201d, explica Ramos.<\/p>\n<p class=\"\">No es la primera vez que los migrantes deciden establecerse por el camino. Josu\u00e9 Miranda, de 33 a\u00f1os, sali\u00f3 en 2021 de El Salvador \u201ccon una mochiita\u201d, por la extorsi\u00f3n de las pandillas. Atravesaron M\u00e9xico y cuando llegaron a Tijuana se quedaron en el albergue Embajadores de Jes\u00fas, el m\u00e1s grande de la ciudad con capacidad para 3.000 personas. \u201cTijuana es una ciudad que tiene mucho trabajo\u201d, dice Miranda. La familia puso un negocio de comida en el albergue y ahora est\u00e1n construyendo su casa. \u201cEstamos muy felices aqu\u00ed y ya no pensamos en ir a Estados Unidos\u201d, se\u00f1ala. \u201cMuchas de estas personas est\u00e1n aqu\u00ed no por el sue\u00f1o americano; lo que quieren es tener seguridad, una fuente de ingreso y que sus ni\u00f1os tengan acceso a educaci\u00f3n\u201d, afirma Janina Hofer, coordinadora del albergue. \u201cSolo quieren tener un futuro\u201d, se\u00f1ala.<\/p>\n<p>&nbsp;<\/p>\n<figure class=\"a_m a_m-h \">\n<p><div style=\"width: 424px\" class=\"wp-caption alignnone\"><img loading=\"lazy\" decoding=\"async\" class=\"_re lazyload a_m-h\" src=\"https:\/\/imagenes.elpais.com\/resizer\/v2\/Q2R73THA6RGBZN2XUWKW7WO6X4.jpg?auth=1a06e06cc2bbc6037a6ef77494d521e2d97a1acf37235423ef51a545ce348c2a&amp;width=414\" sizes=\"auto, (min-width:1199px) 1155px,(min-width:1001px) calc(100vw - 44px),(min-width:768px) 767px, 100vw\" srcset=\"https:\/\/imagenes.elpais.com\/resizer\/v2\/Q2R73THA6RGBZN2XUWKW7WO6X4.jpg?auth=1a06e06cc2bbc6037a6ef77494d521e2d97a1acf37235423ef51a545ce348c2a&amp;width=414 414w,https:\/\/imagenes.elpais.com\/resizer\/v2\/Q2R73THA6RGBZN2XUWKW7WO6X4.jpg?auth=1a06e06cc2bbc6037a6ef77494d521e2d97a1acf37235423ef51a545ce348c2a&amp;width=828 640w,https:\/\/imagenes.elpais.com\/resizer\/v2\/Q2R73THA6RGBZN2XUWKW7WO6X4.jpg?auth=1a06e06cc2bbc6037a6ef77494d521e2d97a1acf37235423ef51a545ce348c2a&amp;width=980 1000w,https:\/\/imagenes.elpais.com\/resizer\/v2\/Q2R73THA6RGBZN2XUWKW7WO6X4.jpg?auth=1a06e06cc2bbc6037a6ef77494d521e2d97a1acf37235423ef51a545ce348c2a&amp;width=1960 1960w\" alt=\"Roc\u00edo, Stephany y Benjam\u00edn Miranda, posan con sus padres Roc\u00edo Janet Ramos y Josu\u00e9 Miranda en el puesto de comida que han instalado en el Albergue Embajadores de Jes\u00fas, en Tijuana.\" width=\"414\" height=\"276\" \/><p class=\"wp-caption-text\">Roc\u00edo, Stephany y Benjam\u00edn Miranda, posan con sus padres Roc\u00edo Janet Ramos y Josu\u00e9 Miranda en el puesto de comida que han instalado en el Albergue Embajadores de Jes\u00fas, en Tijuana.Roberto Antill\u00f3n<\/p><\/div><figcaption class=\"a_m_p\"><\/figcaption><\/figure>\n<p>&nbsp;<\/p>\n<p>&nbsp;<\/p>\n<p class=\"\">\u201cYo he pensado que me quedo aqu\u00ed a esperar si hay una respuesta [de las autoridades] y si no, pues, tratar\u00e9 de devolverme a la Ciudad de M\u00e9xico\u201d, dice Angelo Manzano. El joven venezolano no tiene permiso de residencia en el pa\u00eds y teme que sin la cita del CBP One su situaci\u00f3n cambie y pueda ser retenido por migraci\u00f3n. \u201cLa pol\u00edtica restrictiva de Donald Trump hace que la gente acabe en la clandestinidad\u201d, asegura el sacerdote Pat Murphy, coordinador de la Casa del Migrante en Tijuana. \u201cVa a haber m\u00e1s muertos y se va a gastar m\u00e1s dinero porque la desesperaci\u00f3n de la gente es muy grande\u201d, a\u00f1ade. \u201cLa crisis nos va a agarrar por dos frentes\u201d, dice Jos\u00e9 Mar\u00eda Garc\u00eda, responsable del albergue Movimiento Juventud 2000. \u201cPor un lado las personas que vienen del sur y por el otro, los deportados y retornados de Estados Unidos\u201d, comenta.<\/p>\n<h3 class=\"\">Deportaciones en la era Trump<\/h3>\n<p class=\"\">El reclamo de los migrantes cargados de temor e incertidumbre en Tijuana se mezcla con las deportaciones que se ven en la frontera los primeros d\u00edas de Trump como presidente. Las expulsiones contin\u00faan en El Chaparral a un ritmo de unas 80 a 100 personas al d\u00eda, seg\u00fan declara a este peri\u00f3dico una fuente cercana al Instituto Nacional de Migraci\u00f3n. La cifra se ha mantenido a un ritmo constante que todav\u00eda no deja ver las deportaciones masivas con las que ha amenazado Trump, aunque se espera que estas aumenten en los pr\u00f3ximos d\u00edas.<\/p>\n<p class=\"\">La mayor\u00eda de deportados este mi\u00e9rcoles son mexicanos. Uno de ellos declara que fue detenido hace un mes y medio en Denver, Colorado. Abraham Carmona, de 19 a\u00f1os, originario de Jalisco, acaba de ser expulsado de Estados Unidos. Estuvo 50 d\u00edas retenido en el MCC de San Diego, una prisi\u00f3n en California que alberga hombres y mujeres de todos los niveles de peligrosidad. \u201cTe amarran de pies y manos y te hacen sentir un criminal, cuando lo \u00fanico que quieres es ir all\u00e1 para trabajar\u201d, dice Carmona.<\/p>\n<p>&nbsp;<\/p>\n<figure class=\"a_m a_m-h \">\n<p><div style=\"width: 424px\" class=\"wp-caption alignnone\"><img loading=\"lazy\" decoding=\"async\" class=\"_re lazyload a_m-h\" src=\"https:\/\/imagenes.elpais.com\/resizer\/v2\/CQAVD2QOQZHXXOQ7SKNK7YTEPM.jpg?auth=8d0505061938ded0984ea6eccb779643525d1b40af70eae73fdb1d2cd6c57773&amp;width=414\" sizes=\"auto, (min-width:1199px) 1155px,(min-width:1001px) calc(100vw - 44px),(min-width:768px) 767px, 100vw\" srcset=\"https:\/\/imagenes.elpais.com\/resizer\/v2\/CQAVD2QOQZHXXOQ7SKNK7YTEPM.jpg?auth=8d0505061938ded0984ea6eccb779643525d1b40af70eae73fdb1d2cd6c57773&amp;width=414 414w,https:\/\/imagenes.elpais.com\/resizer\/v2\/CQAVD2QOQZHXXOQ7SKNK7YTEPM.jpg?auth=8d0505061938ded0984ea6eccb779643525d1b40af70eae73fdb1d2cd6c57773&amp;width=828 640w,https:\/\/imagenes.elpais.com\/resizer\/v2\/CQAVD2QOQZHXXOQ7SKNK7YTEPM.jpg?auth=8d0505061938ded0984ea6eccb779643525d1b40af70eae73fdb1d2cd6c57773&amp;width=980 1000w,https:\/\/imagenes.elpais.com\/resizer\/v2\/CQAVD2QOQZHXXOQ7SKNK7YTEPM.jpg?auth=8d0505061938ded0984ea6eccb779643525d1b40af70eae73fdb1d2cd6c57773&amp;width=1960 1960w\" alt=\"Abraham Carmona de 19 a\u00f1os, originario de Jalisco.\" width=\"414\" height=\"276\" \/><p class=\"wp-caption-text\">Abraham Carmona de 19 a\u00f1os, originario de Jalisco.\u00a0 \u00a0 \u00a0 \u00a0 \u00a0 \u00a0 \u00a0Roberto Antill\u00f3n.<\/p><\/div><figcaption class=\"a_m_p\"><\/figcaption><\/figure>\n<p>&nbsp;<\/p>\n<p class=\"\">Es la segunda vez que el joven\u00a0<a href=\"https:\/\/elpais.com\/mexico\/2025-01-21\/los-migrantes-atrapados-en-la-frontera-mexicana-que-repudia-trump-no-se-que-va-a-ser-de-nosotros.html\" data-link-track-dtm=\"\" data-mrf-link=\"https:\/\/elpais.com\/mexico\/2025-01-21\/los-migrantes-atrapados-en-la-frontera-mexicana-que-repudia-trump-no-se-que-va-a-ser-de-nosotros.html\">trata de entrar de manera irregular al pa\u00eds<\/a>, el 3 de diciembre fue atrapado por las autoridades de Estados Unidos junto a cinco personas m\u00e1s cuando trataban de huir en coche. \u201cLa primera vez entr\u00e9 por Texas y ahora lo hice por Tecate\u201d, dice mientras sostiene una bolsa de pl\u00e1stico con sus pertenencias y una hoja en la que aparece su ficha de expulsi\u00f3n a M\u00e9xico. \u201cMe preocupa que se pongan m\u00e1s duras las leyes\u201d, agrega. Dice que esa preocupaci\u00f3n tiene que ver con que a partir de ahora Estados Unidos imponga cargos a quien entre sin papeles. Mientras eso no suceda, lo seguir\u00e1 intentando. \u201cIba a ir a trabajar y me iba a quedar a vivir ah\u00ed\u201d, se\u00f1ala. \u201cLas deportaciones impactar\u00e1n a las familias y provocar\u00e1n situaciones muy complicadas\u201d, agregan desde Save the Children.<\/p>\n<p class=\"\">La presidenta de M\u00e9xico, Claudia Sheinbaum, ha insistido este mi\u00e9rcoles que los encuentros diarios de indocumentados en la frontera de Estados Unidos est\u00e1n en uno de sus niveles m\u00e1s bajos de los \u00faltimos a\u00f1os y que se redujeron en un 75% desde diciembre de 2023. Sin embargo, las autoridades mexicanas han registrado m\u00e1s de 925.000 personas en situaci\u00f3n irregular solo hasta agosto de este a\u00f1o, un incremento interanual de m\u00e1s de un 100%. El Gobierno de Trump insiste en devolver el programa Qu\u00e9date en M\u00e9xico (MPP), para que los indocumentados esperen en territorio mexicano hasta que llegue la resoluci\u00f3n de su petici\u00f3n de asilo.<\/p>\n<p class=\"\">La presidenta ha explicado que el Gobierno de M\u00e9xico buscar\u00e1 el retorno voluntario de los migrantes afectados por las pol\u00edticas de Trump y ofrecer\u00e1 a estas personas ayuda humanitaria, entre ellos, todas aquellas personas que ten\u00edan una cita con CBP One y fue cancelada. \u201cEse programa [MPP] es para que las personas se desgasten y desistan. A M\u00e9xico le corresponder\u00e1 hacer la labor de ayuda, porque es un pa\u00eds pacifista, humanitario y tendr\u00e1 que ceder\u201d, apunta Jos\u00e9 Mar\u00eda Garc\u00eda. Sin embargo, los expertos consultados en este reportaje coinciden en que Tijuana no tiene, por el momento, una red de ayuda p\u00fablica lo suficientemente grande para atender la llegada masiva de personas. En total en la ciudad hay 44 albergues, con capacidad para unas 5.000 personas.<\/p>\n<p class=\"\">Son los albergues de las organizaciones religiosas y la sociedad civil los que m\u00e1s personas est\u00e1n recibiendo. Muchos de los migrantes rechazados por Estados Unidos y que ten\u00edan cita han acabado en estos refugios. Sus coordinadores piden a los tres \u00f3rganos de Gobierno que trabajen de manera coordinada para mejorar el mecanismo de acogida y que regrese el fondo de migralidad de unos 300 millones de pesos (unos 14,6 millones de d\u00f3lares) que fueron\u00a0<a href=\"https:\/\/elpais.com\/mexico\/2023-12-10\/la-falta-de-recursos-de-las-autoridades-migratorias-ahonda-la-crisis-en-mexico.html\" target=\"_blank\" rel=\"noopener\" data-link-track-dtm=\"\" data-mrf-link=\"https:\/\/elpais.com\/mexico\/2023-12-10\/la-falta-de-recursos-de-las-autoridades-migratorias-ahonda-la-crisis-en-mexico.html\">recortados durante el sexenio de Andr\u00e9s Manuel L\u00f3pez Obrador<\/a>\u00a0y que ayudaban a la sociedad civil a mantener los albergues en pie.<\/p>\n","protected":false},"excerpt":{"rendered":"<p>&nbsp; &nbsp; &#8211; Las deportaciones durante los primeros d\u00edas de Donald Trump como presidente contin\u00faan a un ritmo usual a la espera de que se&hellip;<\/p>\n","protected":false},"author":99,"featured_media":527689,"comment_status":"open","ping_status":"open","sticky":false,"template":"","format":"standard","meta":{"footnotes":""},"categories":[23],"tags":[],"class_list":["post-527688","post","type-post","status-publish","format-standard","has-post-thumbnail","hentry","category-latinoamerica"],"_links":{"self":[{"href":"https:\/\/diarioelpopular.com\/index.php\/wp-json\/wp\/v2\/posts\/527688","targetHints":{"allow":["GET"]}}],"collection":[{"href":"https:\/\/diarioelpopular.com\/index.php\/wp-json\/wp\/v2\/posts"}],"about":[{"href":"https:\/\/diarioelpopular.com\/index.php\/wp-json\/wp\/v2\/types\/post"}],"author":[{"embeddable":true,"href":"https:\/\/diarioelpopular.com\/index.php\/wp-json\/wp\/v2\/users\/99"}],"replies":[{"embeddable":true,"href":"https:\/\/diarioelpopular.com\/index.php\/wp-json\/wp\/v2\/comments?post=527688"}],"version-history":[{"count":1,"href":"https:\/\/diarioelpopular.com\/index.php\/wp-json\/wp\/v2\/posts\/527688\/revisions"}],"predecessor-version":[{"id":527690,"href":"https:\/\/diarioelpopular.com\/index.php\/wp-json\/wp\/v2\/posts\/527688\/revisions\/527690"}],"wp:featuredmedia":[{"embeddable":true,"href":"https:\/\/diarioelpopular.com\/index.php\/wp-json\/wp\/v2\/media\/527689"}],"wp:attachment":[{"href":"https:\/\/diarioelpopular.com\/index.php\/wp-json\/wp\/v2\/media?parent=527688"}],"wp:term":[{"taxonomy":"category","embeddable":true,"href":"https:\/\/diarioelpopular.com\/index.php\/wp-json\/wp\/v2\/categories?post=527688"},{"taxonomy":"post_tag","embeddable":true,"href":"https:\/\/diarioelpopular.com\/index.php\/wp-json\/wp\/v2\/tags?post=527688"}],"curies":[{"name":"wp","href":"https:\/\/api.w.org\/{rel}","templated":true}]}}