{"id":527696,"date":"2025-01-23T12:48:42","date_gmt":"2025-01-23T16:48:42","guid":{"rendered":"https:\/\/diarioelpopular.com\/?p=527696"},"modified":"2025-01-23T13:18:06","modified_gmt":"2025-01-23T17:18:06","slug":"como-argentina-paso-de-ser-un-pais-barato-en-dolares-a-uno-de-los-mas-caros-de-america-latina","status":"publish","type":"post","link":"https:\/\/diarioelpopular.com\/index.php\/2025\/01\/23\/como-argentina-paso-de-ser-un-pais-barato-en-dolares-a-uno-de-los-mas-caros-de-america-latina\/","title":{"rendered":"C\u00f3mo Argentina pas\u00f3 de ser un &#8220;pa\u00eds barato&#8221; en d\u00f3lares a uno de los m\u00e1s caros de Am\u00e9rica Latina"},"content":{"rendered":"<div id=\"attachment_527697\" style=\"width: 646px\" class=\"wp-caption alignnone\"><img loading=\"lazy\" decoding=\"async\" aria-describedby=\"caption-attachment-527697\" class=\"wp-image-527697 size-custom-full-size\" src=\"https:\/\/diarioelpopular.com\/wp-content\/uploads\/2025\/01\/Screen-Shot-2025-01-23-at-11.48.05-AM-636x359.png\" alt=\"\" width=\"636\" height=\"359\" srcset=\"https:\/\/diarioelpopular.com\/wp-content\/uploads\/2025\/01\/Screen-Shot-2025-01-23-at-11.48.05-AM-636x359.png 636w, https:\/\/diarioelpopular.com\/wp-content\/uploads\/2025\/01\/Screen-Shot-2025-01-23-at-11.48.05-AM-300x169.png 300w, https:\/\/diarioelpopular.com\/wp-content\/uploads\/2025\/01\/Screen-Shot-2025-01-23-at-11.48.05-AM-768x434.png 768w, https:\/\/diarioelpopular.com\/wp-content\/uploads\/2025\/01\/Screen-Shot-2025-01-23-at-11.48.05-AM-129x73.png 129w, https:\/\/diarioelpopular.com\/wp-content\/uploads\/2025\/01\/Screen-Shot-2025-01-23-at-11.48.05-AM.png 1024w\" sizes=\"auto, (max-width: 636px) 100vw, 636px\" \/><p id=\"caption-attachment-527697\" class=\"wp-caption-text\">El fortalecimiento de la moneda local impact\u00f3 en el turismo internacional en Argentina.<\/p><\/div>\n<p>&nbsp;<\/p>\n<p>&nbsp;<\/p>\n<div class=\"bbc-19j92fr ebmt73l0\" dir=\"ltr\">\n<ul>\n<li class=\"bbc-hhl7in e17g058b0\" dir=\"ltr\"><em><b>&#8220;Argentina est\u00e1 cara en d\u00f3lares&#8221;, me dice Manuel, un empresario gastron\u00f3mico de 37 a\u00f1os, durante mi \u00faltima visita a Buenos Aires en diciembre. &#8220;Te habr\u00e1s dado cuenta r\u00e1pido, vos que ven\u00eds de Estados Unidos&#8221;.<\/b><\/em><\/li>\n<\/ul>\n<\/div>\n<div class=\"bbc-19j92fr ebmt73l0\" dir=\"ltr\">\n<p dir=\"ltr\">\n<p dir=\"ltr\">Por\u00a0Ayel\u00e9n Oliva<\/p>\n<p class=\"bbc-hhl7in e17g058b0\" dir=\"ltr\">Ya el primer d\u00eda en la ciudad, noto lo que me dice Manuel en el precio del caf\u00e9.<\/p>\n<\/div>\n<div class=\"bbc-19j92fr ebmt73l0\" dir=\"ltr\">\n<p class=\"bbc-hhl7in e17g058b0\" dir=\"ltr\">En Palermo, un barrio tur\u00edstico de Buenos Aires, una taza de caf\u00e9 vale $3.300, US$3.2 al tipo de cambio oficial, unos pocos centavos menos que al paralelo, que los argentinos llaman\u00a0<a class=\"focusIndicatorReducedWidth bbc-n8oauk e1p3sufg0\" href=\"https:\/\/www.bbc.com\/mundo\/articles\/c2v0p7pvw8go\">&#8220;d\u00f3lar blue<\/a><a class=\"focusIndicatorReducedWidth bbc-n8oauk e1p3sufg0\" href=\"https:\/\/www.bbc.com\/mundo\/articles\/c2v0p7pvw8go\">&#8220;<\/a>.<\/p>\n<\/div>\n<div class=\"bbc-19j92fr ebmt73l0\" dir=\"ltr\">\n<p class=\"bbc-hhl7in e17g058b0\" dir=\"ltr\">Es un d\u00f3lar m\u00e1s de lo que pago por el caf\u00e9 en la misma cadena de cafeter\u00edas en Coconut Grove, Miami.<\/p>\n<\/div>\n<div class=\"bbc-19j92fr ebmt73l0\" dir=\"ltr\">\n<p class=\"bbc-hhl7in e17g058b0\" dir=\"ltr\">Pero no solo los lugares que frecuentan los extranjeros est\u00e1n caros en d\u00f3lares. La situaci\u00f3n se repite en lugares menos tur\u00edsticos y con productos m\u00e1s buscados por los argentinos.<\/p>\n<\/div>\n<div class=\"bbc-19j92fr ebmt73l0\" dir=\"ltr\">\n<p class=\"bbc-hhl7in e17g058b0\" dir=\"ltr\">Lo vemos en un pan en rebanadas que cuesta US$4 o en la manteca a US$3. Tambi\u00e9n en los productos importados. Por ejemplo, un termo\u00a0<i class=\"bbc-h1y5j7 eih42320\">Stanley<\/i>\u00a0vale US$140 en Buenos Aires, mientras que en Estados Unidos no supera los US$30.<\/p>\n<p dir=\"ltr\">\n<\/div>\n<p><iframe loading=\"lazy\" id=\"flourish-id-89f1825e\" class=\"bbc-axsk9o\" title=\"Interactive or visual content\" src=\"https:\/\/flo.uri.sh\/visualisation\/21155944\/embed?auto=1\" width=\"700\" height=\"575\" frameborder=\"0\" scrolling=\"no\" data-mce-fragment=\"1\"><\/iframe><\/p>\n<div class=\"bbc-19j92fr ebmt73l0\" dir=\"ltr\">\n<p class=\"bbc-hhl7in e17g058b0\" dir=\"ltr\">De acuerdo con el \u00edndice de precios Big Mac de McDonald&#8217;s, creado por\u00a0<i class=\"bbc-h1y5j7 eih42320\">The Economist<\/i>\u00a0en 1986, Argentina con US$7.37 tiene el precio m\u00e1s caro de la hamburguesa de Am\u00e9rica Latina y el segundo del mundo, detr\u00e1s de Suiza.<\/p>\n<\/div>\n<div class=\"bbc-19j92fr ebmt73l0\" dir=\"ltr\">\n<p class=\"bbc-hhl7in e17g058b0\" dir=\"ltr\">Hace un a\u00f1o, el Big Mac costaba en Argentina la mitad en d\u00f3lares.<\/p>\n<\/div>\n<div class=\"bbc-19j92fr ebmt73l0\" dir=\"ltr\">\n<p class=\"bbc-hhl7in e17g058b0\" dir=\"ltr\">Seg\u00fan estimaciones del Banco de Pagos Internacionales (BIS, por sus siglas en ingl\u00e9s), el peso argentino se revaloriz\u00f3 un 40% en t\u00e9rminos reales entre diciembre de 2023 y octubre del a\u00f1o pasado.<\/p>\n<\/div>\n<div class=\"bbc-19j92fr ebmt73l0\" dir=\"ltr\">\n<p class=\"bbc-hhl7in e17g058b0\" dir=\"ltr\">No obstante, estos cambios no se tradujeron en una mejora del poder adquisitivo de los argentinos, ya que los salarios se mantuvieron congelados y las llamadas correcciones del gobierno de Javier Milei generaron una dura recesi\u00f3n que provoc\u00f3 una ca\u00edda del consumo.<\/p>\n<\/div>\n<div class=\"bbc-19j92fr ebmt73l0\" dir=\"ltr\">\n<p class=\"bbc-hhl7in e17g058b0\" dir=\"ltr\">&#8220;No estamos ni mejor ni peor. Tenemos problemas distintos a los del a\u00f1o pasado&#8221;, me dice el due\u00f1o de una panader\u00eda con m\u00e1s 30 a\u00f1os en el rubro, que vot\u00f3 por Milei y que lo sigue apoyando, cuando le pregunto c\u00f3mo afecta la apreciaci\u00f3n de la moneda local en sus ventas.<\/p>\n<\/div>\n<div class=\"bbc-19j92fr ebmt73l0\" dir=\"ltr\">\n<p class=\"bbc-hhl7in e17g058b0\" dir=\"ltr\">Por eso, el impacto de la baja en el ritmo de la inflaci\u00f3n en Argentina, que es el mayor logro de Milei en su primer a\u00f1o como presidente, combinada con la apreciaci\u00f3n de la moneda local, sorprenden a cualquiera que no haya visitado el pa\u00eds en el \u00faltimo a\u00f1o.<\/p>\n<\/div>\n<div class=\"bbc-19j92fr ebmt73l0\" dir=\"ltr\">\n<p class=\"bbc-hhl7in e17g058b0\" dir=\"ltr\">Una breve explicaci\u00f3n por qu\u00e9 este pa\u00eds se volvi\u00f3 &#8220;caro en d\u00f3lares&#8221; despu\u00e9s de haber sido uno de los m\u00e1s baratos de Am\u00e9rica Latina y qu\u00e9 impacto tiene en su econom\u00eda.<\/p>\n<\/div>\n<div class=\"bbc-19j92fr ebmt73l0\" dir=\"ltr\">\n<h2 id=\"El-s\u00faper-peso-\" class=\"bbc-1lgzob2 eglt09e0\" tabindex=\"-1\">El &#8220;s\u00faper peso&#8221;<\/h2>\n<\/div>\n<div class=\"bbc-19j92fr ebmt73l0\" dir=\"ltr\">\n<p class=\"bbc-hhl7in e17g058b0\" dir=\"ltr\">&#8220;Necesito m\u00e1s d\u00f3lares que hace un a\u00f1o para vivir en Argentina&#8221;, me dice Thiago, un programador brasile\u00f1o que cobra en la moneda estadounidense y que hace dos a\u00f1os eligi\u00f3 vivir en Argentina favorecido por el tipo de cambio.<\/p>\n<\/div>\n<div class=\"bbc-19j92fr ebmt73l0\" dir=\"ltr\">\n<p class=\"bbc-hhl7in e17g058b0\" dir=\"ltr\">Desde que el peso se fortaleci\u00f3 en Argentina y el real cay\u00f3 en Brasil, liderando las p\u00e9rdidas de las monedas de Am\u00e9rica Latina, Thiago est\u00e1 pensando volver a S\u00e3o Paulo porque &#8220;con menos d\u00f3lares vivo mejor all\u00e1&#8221;.<\/p>\n<\/div>\n<div class=\"bbc-19j92fr ebmt73l0\" dir=\"ltr\">\n<p class=\"bbc-hhl7in e17g058b0\" dir=\"ltr\">Pero Thiago no es el \u00fanico. En agosto de 2024, se reportaba una\u00a0<a class=\"focusIndicatorReducedWidth bbc-n8oauk e1p3sufg0\" href=\"https:\/\/www.bbc.com\/portuguese\/articles\/crgk6mzz67go\">oleada de brasile\u00f1os que dejaban Argentina<\/a>\u00a0porque era &#8220;inviable&#8221; para ellos mantenerse all\u00ed.<\/p>\n<\/div>\n<div class=\"bbc-19j92fr ebmt73l0\" dir=\"ltr\">\n<p class=\"bbc-hhl7in e17g058b0\" dir=\"ltr\">Pero \u00bfc\u00f3mo lleg\u00f3 la moneda argentina, que Milei devalu\u00f3 un 54% apenas asumi\u00f3, a convertirse en un solo a\u00f1o en lo que los medios de comunicaci\u00f3n locales han apodado un &#8220;s\u00faper peso&#8221;?<\/p>\n<p dir=\"ltr\">\n<\/div>\n<figure class=\"bbc-1qn0xuy\">\n<div class=\"bbc-18ywsw9\">\n<div style=\"width: 1724px\" class=\"wp-caption alignnone\"><img loading=\"lazy\" decoding=\"async\" class=\"bbc-139onq\" src=\"https:\/\/ichef.bbci.co.uk\/ace\/ws\/640\/cpsprodpb\/a678\/live\/1bd0d230-d1e9-11ef-a174-4f716b9e5ce9.jpg.webp\" alt=\"Javier Milei.\" width=\"1714\" height=\"964\" \/><p class=\"wp-caption-text\">Fuente de la imagen,Reuters.\u00a0\u00a0Milei logr\u00f3 bajar el ritmo de la inflaci\u00f3n en Argentina.<\/p><\/div>\n<\/div>\n<\/figure>\n<div class=\"bbc-19j92fr ebmt73l0\" dir=\"ltr\">\n<p class=\"bbc-hhl7in e17g058b0\" dir=\"ltr\">La respuesta est\u00e1 en la estrategia que utiliz\u00f3 Milei para bajar la inflaci\u00f3n \u2013su principal meta al asumir\u2013 que en 2023 hab\u00eda alcanzado el 211% seg\u00fan datos del Instituto Nacional de Estad\u00edstica y Censos (Indec).<\/p>\n<\/div>\n<div class=\"bbc-19j92fr ebmt73l0\" dir=\"ltr\">\n<p class=\"bbc-hhl7in e17g058b0\" dir=\"ltr\">Se trata de una herramienta que los economistas llaman &#8220;ancla inflacionaria&#8221;. Es decir, se &#8220;ancl\u00f3&#8221; la cotizaci\u00f3n de d\u00f3lar oficial, aumentando su cotizaci\u00f3n -es decir, devaluando el peso- un 2% fijo por mes, muy por debajo de la tasa mensual de inflaci\u00f3n.<\/p>\n<\/div>\n<div class=\"bbc-19j92fr ebmt73l0\" dir=\"ltr\">\n<p class=\"bbc-hhl7in e17g058b0\" dir=\"ltr\">Eso, sumado a un &#8220;ancla fiscal&#8221; que redujo fuertemente el gasto p\u00fablico y un &#8220;ancla monetaria&#8221; que dej\u00f3 de emitir dinero para financiar al Tesoro, ha sido clave para que Argentina cerrara el 2024 con una inflaci\u00f3n anual del 118%, lo que representa una reducci\u00f3n del 44,5% en un a\u00f1o.<\/p>\n<\/div>\n<div class=\"bbc-19j92fr ebmt73l0\" dir=\"ltr\">\n<p class=\"bbc-hhl7in e17g058b0\" dir=\"ltr\">Sin embargo, el lado negativo es que mientras el peso se ha ido fortaleciendo al devaluarse menos que la inflaci\u00f3n, el d\u00f3lar oficial ha quedando retrasado con respecto al costo de vida, perdiendo mucha de su capacidad de compra.<\/p>\n<\/div>\n<div class=\"bbc-19j92fr ebmt73l0\" dir=\"ltr\">\n<p class=\"bbc-hhl7in e17g058b0\" dir=\"ltr\">El resultado fue un fen\u00f3meno nuevo para los argentinos: la inflaci\u00f3n en d\u00f3lares, que seg\u00fan las estimaciones de varios economistas locales super\u00f3 el 70% el a\u00f1o \u00faltimo.<\/p>\n<\/div>\n<div class=\"bbc-19j92fr ebmt73l0\" dir=\"ltr\">\n<p class=\"bbc-hhl7in e17g058b0\" dir=\"ltr\">En otras palabras: lo que hace un a\u00f1o pagabas con US$100, ahora te cuesta US$170.<\/p>\n<\/div>\n<div class=\"bbc-19j92fr ebmt73l0\" dir=\"ltr\">\n<h2 id=\"D\u00f3lar-blue\" class=\"bbc-1lgzob2 eglt09e0\" tabindex=\"-1\">&#8220;D\u00f3lar blue&#8221;<\/h2>\n<\/div>\n<div class=\"bbc-19j92fr ebmt73l0\" dir=\"ltr\">\n<p class=\"bbc-hhl7in e17g058b0\" dir=\"ltr\">Pero no solo el d\u00f3lar &#8220;oficial&#8221;, que es controlado por el gobierno, perdi\u00f3 poder de compra. El libre o de mercado tambi\u00e9n est\u00e1 en niveles similares a cuando asumi\u00f3 Milei, a pesar de que la inflaci\u00f3n super\u00f3 el 100% en ese per\u00edodo.<\/p>\n<\/div>\n<div class=\"bbc-19j92fr ebmt73l0\" dir=\"ltr\">\n<p class=\"bbc-hhl7in e17g058b0\" dir=\"ltr\">Lorenzo Sigaut Gravina, economista de la consultora Equilibra, lo atribuye principalmente a una exitosa iniciativa que realiz\u00f3 el gobierno para que los argentinos ingresaran al sistema financiero los d\u00f3lares en efectivo que ten\u00edan ahorrados en sus casas o depositados en el exterior sin declarar.<\/p>\n<\/div>\n<div class=\"bbc-19j92fr ebmt73l0\" dir=\"ltr\">\n<p class=\"bbc-hhl7in e17g058b0\" dir=\"ltr\">&#8220;La calma del mercado cambiario se consolid\u00f3 gracias al blanqueo de capitales&#8221;, le dijo a BBC Mundo. &#8220;El gobierno logr\u00f3, con mucha mucha confianza y pragmatismo, un blanqueo de capitales que le habilit\u00f3 un ingreso muy generoso de d\u00f3lares en efectivo&#8221;, dice el economista.<\/p>\n<\/div>\n<div class=\"bbc-19j92fr ebmt73l0\" dir=\"ltr\">\n<p class=\"bbc-hhl7in e17g058b0\" dir=\"ltr\">La iniciativa result\u00f3 mejor de lo esperado. En la primera etapa, Argentina consigui\u00f3 que ingresaran US$19.023 millones, seg\u00fan la Agencia de Recaudaci\u00f3n y Control Aduanero (ARCA).<\/p>\n<\/div>\n<div class=\"bbc-19j92fr ebmt73l0\" dir=\"ltr\">\n<p class=\"bbc-hhl7in e17g058b0\" dir=\"ltr\">Esto llev\u00f3 a contener el d\u00f3lar paralelo y que se mantenga a una tasa levemente superior al tipo de cambio oficial, a diferencia de a\u00f1os anteriores cuando la brecha era muy amplia.<\/p>\n<\/div>\n<div class=\"bbc-19j92fr ebmt73l0\" dir=\"ltr\">\n<h2 id=\"Efectos-en-Argentina\" class=\"bbc-1lgzob2 eglt09e0\" tabindex=\"-1\">Efectos en Argentina<\/h2>\n<\/div>\n<div class=\"bbc-19j92fr ebmt73l0\" dir=\"ltr\">\n<p class=\"bbc-hhl7in e17g058b0\" dir=\"ltr\">El &#8220;peso fuerte&#8221; tiene aspectos positivos y negativos para el pa\u00eds.<\/p>\n<\/div>\n<div class=\"bbc-19j92fr ebmt73l0\" dir=\"ltr\">\n<p class=\"bbc-hhl7in e17g058b0\" dir=\"ltr\">Por un lado, el gobierno destaca que los salarios han aumentado en d\u00f3lares.<\/p>\n<\/div>\n<div class=\"bbc-19j92fr ebmt73l0\" dir=\"ltr\">\n<p class=\"bbc-hhl7in e17g058b0\" dir=\"ltr\">Seg\u00fan un informe de Bumeran, una plataforma de empleo en l\u00ednea, el sueldo promedio pretendido en este pa\u00eds es de US$1.234, por encima de la media regional. Mientras que hace un a\u00f1o era uno de los m\u00e1s bajos de Am\u00e9rica Latina.<\/p>\n<\/div>\n<div class=\"bbc-19j92fr ebmt73l0\" dir=\"ltr\">\n<p class=\"bbc-hhl7in e17g058b0\" dir=\"ltr\">Sin embargo, la apreciaci\u00f3n de la moneda tambi\u00e9n ha generado una ca\u00edda en el n\u00famero de turistas extranjeros que visitan el pa\u00eds y el aumento de los argentinos que aprovechan el &#8220;d\u00f3lar planchado&#8221; para viajar al exterior.<\/p>\n<\/div>\n<div class=\"bbc-19j92fr ebmt73l0\" dir=\"ltr\">\n<p class=\"bbc-hhl7in e17g058b0\" dir=\"ltr\">Seg\u00fan datos del Indec, la cantidad de turistas internacionales en el pa\u00eds registr\u00f3 una baja interanual del 19,2% en noviembre.<\/p>\n<p dir=\"ltr\">\n<\/div>\n<figure class=\"bbc-1qn0xuy\">\n<div class=\"bbc-18ywsw9\">\n<div style=\"width: 1034px\" class=\"wp-caption alignnone\"><img loading=\"lazy\" decoding=\"async\" class=\"bbc-139onq\" src=\"https:\/\/ichef.bbci.co.uk\/ace\/ws\/640\/cpsprodpb\/3d80\/live\/13ec9600-d51b-11ef-869d-cd72194c5008.jpg.webp\" alt=\"Personas caminando en Buenos Aires, 2024. \" width=\"1024\" height=\"576\" \/><p class=\"wp-caption-text\">Fuente de la imagen,Getty Images.\u00a0\u00a0Argentina pas\u00f3 de tener los salarios m\u00e1s bajos de la regi\u00f3n a estar por encima de la media regional.<\/p><\/div>\n<\/div>\n<\/figure>\n<div class=\"bbc-19j92fr ebmt73l0\" dir=\"ltr\">\n<p class=\"bbc-hhl7in e17g058b0\" dir=\"ltr\">Pero el impacto que m\u00e1s preocupa a muchos locales es en sectores como la industria, dado que ahora es m\u00e1s caro producir, tanto para el mercado local como para el exterior, lo que hace menos competitivos a la industria y al agro argentino.<\/p>\n<\/div>\n<div class=\"bbc-19j92fr ebmt73l0\" dir=\"ltr\">\n<p class=\"bbc-hhl7in e17g058b0\" dir=\"ltr\">A esto se suma la apertura de las importaciones que realiz\u00f3 el gobierno para incentivar la competencia y bajar los precios locales.<\/p>\n<\/div>\n<div class=\"bbc-19j92fr ebmt73l0\" dir=\"ltr\">\n<p class=\"bbc-hhl7in e17g058b0\" dir=\"ltr\">El resultado es que &#8220;cada vez ser\u00e1 m\u00e1s barato acceder a productos importados y cada vez ser\u00e1 m\u00e1s cara la producci\u00f3n nacional&#8221;, afirma Sigaut Gravina.<\/p>\n<\/div>\n<div class=\"bbc-19j92fr ebmt73l0\" dir=\"ltr\">\n<p class=\"bbc-hhl7in e17g058b0\" dir=\"ltr\">En este sentido, desde el sector industrial han advertido que esto podr\u00eda generar una ca\u00edda en la producci\u00f3n, que llevar\u00eda a una consecuente reducci\u00f3n de puestos de trabajo.<\/p>\n<\/div>\n<div class=\"bbc-19j92fr ebmt73l0\" dir=\"ltr\">\n<p class=\"bbc-hhl7in e17g058b0\" dir=\"ltr\">Los m\u00e1s cr\u00edticos al gobierno incluso alertan sobre un posible &#8220;industricidio&#8221;, como el que ocurri\u00f3 en la d\u00e9cada de 1990 cuando el peso argentino estaba atado al d\u00f3lar y muchas empresas terminaron cerrando.<\/p>\n<\/div>\n<div class=\"bbc-19j92fr ebmt73l0\" dir=\"ltr\">\n<h2 id=\"No-habr\u00e1-devaluaci\u00f3n\" class=\"bbc-1lgzob2 eglt09e0\" tabindex=\"-1\">&#8220;No habr\u00e1 devaluaci\u00f3n&#8221;<\/h2>\n<\/div>\n<div class=\"bbc-19j92fr ebmt73l0\" dir=\"ltr\">\n<p class=\"bbc-hhl7in e17g058b0\" dir=\"ltr\">Entre los economistas que advirtieron sobre los efectos negativos del &#8220;s\u00faper peso&#8221; est\u00e1\u00a0<a class=\"focusIndicatorReducedWidth bbc-n8oauk e1p3sufg0\" href=\"http:\/\/news.bbc.co.uk\/hi\/spanish\/latin_america\/newsid_1720000\/1720654.stm\">Domingo Cavallo<\/a>, quien fue ministro de Econom\u00eda durante ese per\u00edodo (1991-1996) del presidente Carlos Menem, apodado el &#8220;padre de la convertibilidad&#8221; en Argentina.<\/p>\n<\/div>\n<div class=\"bbc-19j92fr ebmt73l0\" dir=\"ltr\">\n<p class=\"bbc-hhl7in e17g058b0\" dir=\"ltr\">Cavallo dijo en diciembre que la actual &#8220;apreciaci\u00f3n real exagerada del peso&#8221; es &#8220;parecida&#8221; a la que ocurri\u00f3 a finales de 1990, &#8220;una deflaci\u00f3n muy costosa porque transform\u00f3 a la recesi\u00f3n que se hab\u00eda iniciado a fines de 1998 en una verdadera depresi\u00f3n econ\u00f3mica&#8221;.<\/p>\n<\/div>\n<div class=\"bbc-19j92fr ebmt73l0\" dir=\"ltr\">\n<p class=\"bbc-hhl7in e17g058b0\" dir=\"ltr\">En Argentina, la lectura de que el peso est\u00e1 artificialmente alto en comparaci\u00f3n con su valor real o competitivo en el mercado internacional se expande en la opini\u00f3n p\u00fablica e incomoda al presidente.<\/p>\n<\/div>\n<div class=\"bbc-19j92fr ebmt73l0\" dir=\"ltr\">\n<p class=\"bbc-hhl7in e17g058b0\" dir=\"ltr\">Pero Milei asegura que sus cr\u00edticos est\u00e1n equivocados.<\/p>\n<\/div>\n<div class=\"bbc-19j92fr ebmt73l0\" dir=\"ltr\">\n<p class=\"bbc-hhl7in e17g058b0\" dir=\"ltr\">&#8220;El tipo de cambio desde mi perspectiva no est\u00e1 atrasado&#8221;, asegur\u00f3 en una entrevista a comienzos de enero en la radio El Observador. &#8220;Es irritante e insultante la estupidez que dijo [Cavallo]&#8221;.<\/p>\n<p dir=\"ltr\">\n<\/div>\n<figure class=\"bbc-1qn0xuy\">\n<div class=\"bbc-18ywsw9\">\n<div style=\"width: 2130px\" class=\"wp-caption alignnone\"><img loading=\"lazy\" decoding=\"async\" class=\"bbc-139onq\" src=\"https:\/\/ichef.bbci.co.uk\/ace\/ws\/640\/cpsprodpb\/2010\/live\/c9d5deb0-d519-11ef-869d-cd72194c5008.jpg.webp\" alt=\"Dos camioneros en las rutas argentinas. \" width=\"2120\" height=\"1193\" \/><p class=\"wp-caption-text\">Fuente de la imagen,Getty Images.\u00a0\u00a0El peso apreciado complica al sector productivo en Argentina.<\/p><\/div>\n<\/div>\n<\/figure>\n<div class=\"bbc-19j92fr ebmt73l0\" dir=\"ltr\">\n<p class=\"bbc-hhl7in e17g058b0\" dir=\"ltr\">Para el mandatario, la poca distancia en la cotizaci\u00f3n entre el d\u00f3lar oficial y el de mercado, adem\u00e1s del hecho de que el Banco Central logr\u00f3 acumular unos US$25.000 millones en reservas con la actual cotizaci\u00f3n, son prueba de que no hay retraso.<\/p>\n<\/div>\n<div class=\"bbc-19j92fr ebmt73l0\" dir=\"ltr\">\n<p class=\"bbc-hhl7in e17g058b0\" dir=\"ltr\">&#8220;Adem\u00e1s hay equilibrio fiscal&#8221;, destac\u00f3.<\/p>\n<\/div>\n<div class=\"bbc-19j92fr ebmt73l0\" dir=\"ltr\">\n<p class=\"bbc-hhl7in e17g058b0\" dir=\"ltr\">La econom\u00eda de este pa\u00eds, seg\u00fan la lectura de Milei, no debe ganar competitividad debilitando al peso sino desregulando la econom\u00eda, reduciendo los impuestos y mejorando el acceso al cr\u00e9dito.<\/p>\n<\/div>\n<div class=\"bbc-19j92fr ebmt73l0\" dir=\"ltr\">\n<p class=\"bbc-hhl7in e17g058b0\" dir=\"ltr\">Para Sigaut Gravina, las palabras de Milei buscan contener la presi\u00f3n para que el gobierno vuelva a devaluar la moneda argentina.<\/p>\n<\/div>\n<div class=\"bbc-19j92fr ebmt73l0\" dir=\"ltr\">\n<p class=\"bbc-hhl7in e17g058b0\" dir=\"ltr\">&#8220;Si todos tenemos la idea de que hay un atraso cambiario significativo, todos van a pensar que el peso as\u00ed como est\u00e1 no se sostiene&#8221;, se\u00f1ala.<\/p>\n<\/div>\n<div class=\"bbc-19j92fr ebmt73l0\" dir=\"ltr\">\n<p class=\"bbc-hhl7in e17g058b0\" dir=\"ltr\">No obstante, el experto dice que &#8220;el principal activo del gobierno hoy es que baj\u00f3 la inflaci\u00f3n y devaluar implica, como efecto inmediato, m\u00e1s inflaci\u00f3n&#8221;.<\/p>\n<\/div>\n<div class=\"bbc-19j92fr ebmt73l0\" dir=\"ltr\">\n<p class=\"bbc-hhl7in e17g058b0\" dir=\"ltr\">Por eso, Milei ha asegurado que no har\u00e1 otra gran devaluaci\u00f3n del peso, como la que hizo al asumir.<\/p>\n<\/div>\n<div class=\"bbc-19j92fr ebmt73l0\" dir=\"ltr\">\n<p class=\"bbc-hhl7in e17g058b0\" dir=\"ltr\">Por el contrario, el Banco Central argentino anunci\u00f3 que a partir de febrero reducir\u00e1 la devaluaci\u00f3n mensual del tipo de cambio oficial del 2% al 1%, lo que fortalecer\u00e1 a\u00fan m\u00e1s al peso.<\/p>\n<\/div>\n<div class=\"bbc-19j92fr ebmt73l0\" dir=\"ltr\">\n<p class=\"bbc-hhl7in e17g058b0\" dir=\"ltr\">Se espera que la estrategia ayude a seguir bajando la inflaci\u00f3n, que en diciembre pasado alcanz\u00f3 un 2,7% mensual.<\/p>\n<\/div>\n<div class=\"bbc-19j92fr ebmt73l0\" dir=\"ltr\">\n<p class=\"bbc-hhl7in e17g058b0\" dir=\"ltr\">Pero muchos se preguntan cu\u00e1l ser\u00e1 el perjuicio de seguir siendo &#8220;caros en d\u00f3lares&#8221;.<\/p>\n<\/div>\n<div class=\"bbc-19j92fr ebmt73l0\" dir=\"ltr\">\n<p class=\"bbc-hhl7in e17g058b0\" dir=\"ltr\">De todas formas, lo que realmente podr\u00eda definir la cotizaci\u00f3n del d\u00f3lar es lo que ocurra una vez que Milei levante los controles de capitales que hoy restringen el acceso al billete estadounidense y deje flotar al peso, algo que ha prometido hacer en 2025.<\/p>\n<\/div>\n<p>&nbsp;<\/p>\n","protected":false},"excerpt":{"rendered":"<p>&nbsp; &nbsp; &#8220;Argentina est\u00e1 cara en d\u00f3lares&#8221;, me dice Manuel, un empresario gastron\u00f3mico de 37 a\u00f1os, durante mi \u00faltima visita a Buenos Aires en diciembre.&hellip;<\/p>\n","protected":false},"author":99,"featured_media":527697,"comment_status":"open","ping_status":"open","sticky":false,"template":"","format":"standard","meta":{"footnotes":""},"categories":[23],"tags":[],"class_list":["post-527696","post","type-post","status-publish","format-standard","has-post-thumbnail","hentry","category-latinoamerica"],"_links":{"self":[{"href":"https:\/\/diarioelpopular.com\/index.php\/wp-json\/wp\/v2\/posts\/527696","targetHints":{"allow":["GET"]}}],"collection":[{"href":"https:\/\/diarioelpopular.com\/index.php\/wp-json\/wp\/v2\/posts"}],"about":[{"href":"https:\/\/diarioelpopular.com\/index.php\/wp-json\/wp\/v2\/types\/post"}],"author":[{"embeddable":true,"href":"https:\/\/diarioelpopular.com\/index.php\/wp-json\/wp\/v2\/users\/99"}],"replies":[{"embeddable":true,"href":"https:\/\/diarioelpopular.com\/index.php\/wp-json\/wp\/v2\/comments?post=527696"}],"version-history":[{"count":2,"href":"https:\/\/diarioelpopular.com\/index.php\/wp-json\/wp\/v2\/posts\/527696\/revisions"}],"predecessor-version":[{"id":527713,"href":"https:\/\/diarioelpopular.com\/index.php\/wp-json\/wp\/v2\/posts\/527696\/revisions\/527713"}],"wp:featuredmedia":[{"embeddable":true,"href":"https:\/\/diarioelpopular.com\/index.php\/wp-json\/wp\/v2\/media\/527697"}],"wp:attachment":[{"href":"https:\/\/diarioelpopular.com\/index.php\/wp-json\/wp\/v2\/media?parent=527696"}],"wp:term":[{"taxonomy":"category","embeddable":true,"href":"https:\/\/diarioelpopular.com\/index.php\/wp-json\/wp\/v2\/categories?post=527696"},{"taxonomy":"post_tag","embeddable":true,"href":"https:\/\/diarioelpopular.com\/index.php\/wp-json\/wp\/v2\/tags?post=527696"}],"curies":[{"name":"wp","href":"https:\/\/api.w.org\/{rel}","templated":true}]}}