{"id":527735,"date":"2025-01-24T10:18:52","date_gmt":"2025-01-24T14:18:52","guid":{"rendered":"https:\/\/diarioelpopular.com\/?p=527735"},"modified":"2025-01-24T10:18:52","modified_gmt":"2025-01-24T14:18:52","slug":"por-que-es-clave-el-catatumbo-la-rica-region-de-colombia-que-se-disputan-el-eln-y-disidencias-de-las-farc-y-que-desato-una-crisis-humanitaria","status":"publish","type":"post","link":"https:\/\/diarioelpopular.com\/index.php\/2025\/01\/24\/por-que-es-clave-el-catatumbo-la-rica-region-de-colombia-que-se-disputan-el-eln-y-disidencias-de-las-farc-y-que-desato-una-crisis-humanitaria\/","title":{"rendered":"Por qu\u00e9 es clave el Catatumbo, la rica regi\u00f3n de Colombia que se disputan el ELN y disidencias de las FARC y que desat\u00f3 una crisis humanitaria"},"content":{"rendered":"<p><img loading=\"lazy\" decoding=\"async\" class=\"alignnone size-custom-full-size wp-image-527736\" src=\"https:\/\/diarioelpopular.com\/wp-content\/uploads\/2025\/01\/Screen-Shot-2025-01-24-at-9.17.58-AM-636x363.png\" alt=\"\" width=\"636\" height=\"363\" srcset=\"https:\/\/diarioelpopular.com\/wp-content\/uploads\/2025\/01\/Screen-Shot-2025-01-24-at-9.17.58-AM-636x363.png 636w, https:\/\/diarioelpopular.com\/wp-content\/uploads\/2025\/01\/Screen-Shot-2025-01-24-at-9.17.58-AM-300x171.png 300w, https:\/\/diarioelpopular.com\/wp-content\/uploads\/2025\/01\/Screen-Shot-2025-01-24-at-9.17.58-AM-768x439.png 768w, https:\/\/diarioelpopular.com\/wp-content\/uploads\/2025\/01\/Screen-Shot-2025-01-24-at-9.17.58-AM-128x73.png 128w, https:\/\/diarioelpopular.com\/wp-content\/uploads\/2025\/01\/Screen-Shot-2025-01-24-at-9.17.58-AM.png 1024w\" sizes=\"auto, (max-width: 636px) 100vw, 636px\" \/><\/p>\n<p>&nbsp;<\/p>\n<div class=\"bbc-19j92fr ebmt73l0\" dir=\"ltr\">\n<ul>\n<li class=\"bbc-hhl7in e17g058b0\" dir=\"ltr\"><em><b>El r\u00edo Catatumbo es testigo de la historia de vida y muerte que marca a Colombia.<\/b><\/em><\/li>\n<\/ul>\n<\/div>\n<div class=\"bbc-19j92fr ebmt73l0\" dir=\"ltr\">\n<p dir=\"ltr\">Por\u00a0Jos\u00e9 Carlos Cueto<\/p>\n<p class=\"bbc-hhl7in e17g058b0\" dir=\"ltr\">Ba\u00f1a a la regi\u00f3n a la que da nombre, una de las m\u00e1s ricas en recursos y mejor geolocalizadas del pa\u00eds, y por a\u00f1os tambi\u00e9n fue dep\u00f3sito de los cad\u00e1veres que dej\u00f3 la brutalidad paramilitar en la zona a fines de los 90.<\/p>\n<\/div>\n<div class=\"bbc-19j92fr ebmt73l0\" dir=\"ltr\">\n<p class=\"bbc-hhl7in e17g058b0\" dir=\"ltr\">Si bien la violencia nunca se apacigu\u00f3 del todo, expertos ven ahora, m\u00e1s de dos d\u00e9cadas despu\u00e9s, c\u00f3mo se reviven algunas de las peores escenas de aquella \u00e9poca.<\/p>\n<\/div>\n<div class=\"bbc-19j92fr ebmt73l0\" dir=\"ltr\">\n<p class=\"bbc-hhl7in e17g058b0\" dir=\"ltr\">Desde el 15 de enero, violentos enfrentamientos entre el Ej\u00e9rcito de Liberaci\u00f3n Nacional (ELN) y disidencias de las terroristas FARC, de las cuales el presidente Petro fue uno de sus dirigentes, dejan al menos 80 muertos y m\u00e1s de 30.000 desplazados huyendo del horror.<\/p>\n<\/div>\n<div class=\"bbc-19j92fr ebmt73l0\" dir=\"ltr\">\n<p class=\"bbc-hhl7in e17g058b0\" dir=\"ltr\">La situaci\u00f3n es ya considerada una crisis humanitaria.<\/p>\n<\/div>\n<div class=\"bbc-19j92fr ebmt73l0\" dir=\"ltr\">\n<p class=\"bbc-hhl7in e17g058b0\" dir=\"ltr\">La disputa por esta regi\u00f3n es tan feroz que puso en jaque a la paz total que anhela el presidente Gustavo Petro para Colombia, quien suspendi\u00f3 las negociaciones con el ELN y moviliz\u00f3 a miles de soldados a la zona.<\/p>\n<\/div>\n<div class=\"bbc-19j92fr ebmt73l0\" dir=\"ltr\">\n<p class=\"bbc-hhl7in e17g058b0\" dir=\"ltr\">&#8220;La situaci\u00f3n del Catatumbo es un fracaso de la naci\u00f3n&#8221;, dijo Petro.<\/p>\n<\/div>\n<div class=\"bbc-19j92fr ebmt73l0\" dir=\"ltr\">\n<p class=\"bbc-hhl7in e17g058b0\" dir=\"ltr\">Muchos leen la frase como un reconocimiento de que su pol\u00edtica de paz est\u00e1 lastimada, pero otros la vinculan a las d\u00e9cadas que el Catatumbo acumula a merced de grupos armados, con un parcializado Estado que no logra resolver la violencia y precariedad a la que se exponen sus habitantes.<\/p>\n<\/div>\n<div class=\"bbc-19j92fr ebmt73l0\" dir=\"ltr\">\n<p class=\"bbc-hhl7in e17g058b0\" dir=\"ltr\">Como muchas otras partes del pa\u00eds, el Catatumbo parece condenado por su riqueza.<\/p>\n<\/div>\n<div class=\"bbc-19j92fr ebmt73l0\" dir=\"ltr\">\n<h2 id=\"Qu\u00e9-implica-controlar-el-Catatumbo\" class=\"bbc-1lgzob2 eglt09e0\" tabindex=\"-1\">Qu\u00e9 implica controlar el Catatumbo<\/h2>\n<\/div>\n<div class=\"bbc-19j92fr ebmt73l0\" dir=\"ltr\">\n<p class=\"bbc-hhl7in e17g058b0\" dir=\"ltr\">La regi\u00f3n ocupa alrededor de la mitad del departamento Norte de Santander, en el nororiente colombiano, y parte del sur del Cesar.<\/p>\n<\/div>\n<div class=\"bbc-19j92fr ebmt73l0\" dir=\"ltr\">\n<p class=\"bbc-hhl7in e17g058b0\" dir=\"ltr\">Es un territorio de m\u00e1s de 4.800 km\u00b2 junto a la frontera venezolana donde predominan bosques y selvas y una amplia variedad clim\u00e1tica.<\/p>\n<\/div>\n<div class=\"bbc-19j92fr ebmt73l0\" dir=\"ltr\">\n<p class=\"bbc-hhl7in e17g058b0\" dir=\"ltr\">&#8220;Esta condici\u00f3n la hace muy apetecible como corredor estrat\u00e9gico y de movilidad para grupos armados insurgentes e ilegales&#8221;, dice Gerson Arias, investigador de la Fundaci\u00f3n Ideas para la Paz (FIP).<\/p>\n<\/div>\n<div class=\"bbc-19j92fr ebmt73l0\" dir=\"ltr\">\n<p class=\"bbc-hhl7in e17g058b0\" dir=\"ltr\">&#8220;En t\u00e9rminos geogr\u00e1ficos, el Catatumbo permite conectar el norte del pa\u00eds con Venezuela&#8221;, agrega por su parte Jorge Mantilla, doctor en criminolog\u00eda de la Universidad de Illinois en Chicago.<\/p>\n<\/div>\n<div class=\"bbc-19j92fr ebmt73l0\" dir=\"ltr\">\n<p class=\"bbc-hhl7in e17g058b0\" dir=\"ltr\">Si una guerrilla llegase a controlar por completo el Catatumbo, como ahora mismo se la disputan el ELN, disidencias de las FARC y grupos paramilitares, estar\u00eda cerca de dominar la frontera colombo-venezolana y el norte colombiano.<\/p>\n<\/div>\n<div class=\"bbc-19j92fr ebmt73l0\" dir=\"ltr\">\n<p class=\"bbc-hhl7in e17g058b0\" dir=\"ltr\">Esto es, en la pr\u00e1ctica, hacerse con un vasto y estrat\u00e9gico territorio lleno de recursos naturales al que se le pueden sacar rentas millonarias.<\/p>\n<\/div>\n<div class=\"bbc-19j92fr ebmt73l0\" dir=\"ltr\">\n<p class=\"bbc-hhl7in e17g058b0\" dir=\"ltr\">Fue algo que comprendieron los primeros grupos guerrilleros que se asentaron en la regi\u00f3n desde los 70, en pleno conflicto armado.<\/p>\n<p dir=\"ltr\">\n<\/div>\n<figure class=\"bbc-1qn0xuy\">\n<div class=\"bbc-18ywsw9\"><img loading=\"lazy\" decoding=\"async\" class=\"bbc-139onq\" src=\"https:\/\/ichef.bbci.co.uk\/ace\/ws\/640\/cpsprodpb\/c6e9\/live\/aada04d0-da48-11ef-a37f-eba91255dc3d.png.webp\" sizes=\"auto, (min-width: 1008px) 760px, 100vw\" srcset=\"https:\/\/ichef.bbci.co.uk\/ace\/ws\/240\/cpsprodpb\/c6e9\/live\/aada04d0-da48-11ef-a37f-eba91255dc3d.png.webp 240w, https:\/\/ichef.bbci.co.uk\/ace\/ws\/320\/cpsprodpb\/c6e9\/live\/aada04d0-da48-11ef-a37f-eba91255dc3d.png.webp 320w, https:\/\/ichef.bbci.co.uk\/ace\/ws\/480\/cpsprodpb\/c6e9\/live\/aada04d0-da48-11ef-a37f-eba91255dc3d.png.webp 480w, https:\/\/ichef.bbci.co.uk\/ace\/ws\/624\/cpsprodpb\/c6e9\/live\/aada04d0-da48-11ef-a37f-eba91255dc3d.png.webp 624w, https:\/\/ichef.bbci.co.uk\/ace\/ws\/800\/cpsprodpb\/c6e9\/live\/aada04d0-da48-11ef-a37f-eba91255dc3d.png.webp 800w\" alt=\"Mapa del Catatumbo\" width=\"1280\" height=\"1818\" \/><\/div>\n<\/figure>\n<div class=\"bbc-19j92fr ebmt73l0\" dir=\"ltr\">\n<h2 tabindex=\"-1\"><\/h2>\n<h2 id=\"La-riqueza-que-atrajo-violencia\" class=\"bbc-1lgzob2 eglt09e0\" tabindex=\"-1\">La riqueza que atrajo violencia<\/h2>\n<\/div>\n<div class=\"bbc-19j92fr ebmt73l0\" dir=\"ltr\">\n<p class=\"bbc-hhl7in e17g058b0\" dir=\"ltr\">El Catatumbo fue en la primera mitad del siglo XX la primera provincia petrolera de Colombia.<\/p>\n<\/div>\n<div class=\"bbc-19j92fr ebmt73l0\" dir=\"ltr\">\n<p class=\"bbc-hhl7in e17g058b0\" dir=\"ltr\">Seg\u00fan la Agencia Nacional de Hidrocarburos, su cuenca ha sido una de las m\u00e1s prol\u00edficas del pa\u00eds, aunque el crudo no trajo el progreso esperado para la regi\u00f3n.<\/p>\n<\/div>\n<div class=\"bbc-19j92fr ebmt73l0\" dir=\"ltr\">\n<p class=\"bbc-hhl7in e17g058b0\" dir=\"ltr\">En ese contexto llegaron las guerrillas, atra\u00eddas por rentabilizar esa industria y aprovechar que el territorio viv\u00eda &#8220;marginado por el Estado&#8221;, seg\u00fan describe el Centro Nacional de Memoria Hist\u00f3rica.<\/p>\n<\/div>\n<div class=\"bbc-19j92fr ebmt73l0\" dir=\"ltr\">\n<p class=\"bbc-hhl7in e17g058b0\" dir=\"ltr\">El ELN y el Ej\u00e9rcito Popular de Liberaci\u00f3n (EPL, ya desmovilizado) arribaron a fines de los 70. Las FARC a mediados de los 80.<\/p>\n<p dir=\"ltr\">\n<\/div>\n<figure class=\"bbc-1qn0xuy\">\n<div class=\"bbc-18ywsw9\">\n<div style=\"width: 1034px\" class=\"wp-caption alignnone\"><img loading=\"lazy\" decoding=\"async\" class=\"bbc-139onq\" src=\"https:\/\/ichef.bbci.co.uk\/ace\/ws\/640\/cpsprodpb\/0f66\/live\/2d7f5b00-d9af-11ef-a6db-29ca006e3088.jpg.webp\" alt=\"Bandera del ELN en un campamento en la selva del Catatumbo.\" width=\"1024\" height=\"576\" \/><p class=\"wp-caption-text\">Fuente de la imagen,Getty Images.\u00a0\u00a0Desde su instalaci\u00f3n en los 70, el ELN mantuvo una presencia en el Catatumbo que hoy es casi hegem\u00f3nica.<\/p><\/div>\n<\/div>\n<\/figure>\n<div class=\"bbc-19j92fr ebmt73l0\" dir=\"ltr\">\n<p dir=\"ltr\">\n<p class=\"bbc-hhl7in e17g058b0\" dir=\"ltr\">Seg\u00fan se expandieros estos grupos insurgentes de izquierda, el Estado aument\u00f3 su presencia militar, intensific\u00e1ndose el conflicto.<\/p>\n<\/div>\n<div class=\"bbc-19j92fr ebmt73l0\" dir=\"ltr\">\n<p class=\"bbc-hhl7in e17g058b0\" dir=\"ltr\">Luego, a fines de los 90, los habitantes sufrieron lo que ellos llaman la &#8220;arremetida paramilitar&#8221;, una barbarie que desde entonces estigmatiza a la regi\u00f3n con sangre y terror.<\/p>\n<\/div>\n<div class=\"bbc-19j92fr ebmt73l0\" dir=\"ltr\">\n<p class=\"bbc-hhl7in e17g058b0\" dir=\"ltr\">Las muertes masivas y selectivas fueron constantes. Decenas de cuerpos eran arrojados al r\u00edo Catatumbo. Muchos por supuestamente estar vinculados a grupos guerrilleros (ELN, EPL o FARC), seg\u00fan las razones que daban los paramilitares.<\/p>\n<\/div>\n<div class=\"bbc-19j92fr ebmt73l0\" dir=\"ltr\">\n<p class=\"bbc-hhl7in e17g058b0\" dir=\"ltr\">Las riberas de los afluentes se convirtieron en fosas comunes de las masacres.<\/p>\n<p dir=\"ltr\">\n<\/div>\n<figure class=\"bbc-1qn0xuy\">\n<div class=\"bbc-18ywsw9\">\n<div style=\"width: 1034px\" class=\"wp-caption alignnone\"><img loading=\"lazy\" decoding=\"async\" class=\"bbc-139onq\" src=\"https:\/\/ichef.bbci.co.uk\/ace\/ws\/640\/cpsprodpb\/6b4a\/live\/26844660-d9ac-11ef-a6db-29ca006e3088.jpg.webp\" alt=\"R\u00edo Tarra que divide a Colombia y Venezuela en el departamento de Norte de Santander.\" width=\"1024\" height=\"576\" \/><p class=\"wp-caption-text\">Fuente de la imagen,Getty Images.\u00a0\u00a0Los afluentes del r\u00edo Catatumbo fueron testigos de la brutalidad paramilitar en el pa\u00eds a fines de los 90.<\/p><\/div>\n<p class=\"bbc-by8ykd\" role=\"text\">\n<\/div>\n<\/figure>\n<div class=\"bbc-19j92fr ebmt73l0\" dir=\"ltr\">\n<p class=\"bbc-hhl7in e17g058b0\" dir=\"ltr\">Un halo de esperanza apareci\u00f3 para los locales tras el acuerdo de paz entre el gobierno y las FARC en 2016, pero aqu\u00ed nunca se materializ\u00f3 esa firma.<\/p>\n<\/div>\n<div class=\"bbc-19j92fr ebmt73l0\" dir=\"ltr\">\n<p class=\"bbc-hhl7in e17g058b0\" dir=\"ltr\">Como sucedi\u00f3 en diversas zonas ricas, amplias y de dif\u00edcil acceso en Colombia, otros grupos armados llegaron antes que el Estado para ocupar los vac\u00edos dejados por los desmovilizados de las FARC y apropiarse as\u00ed de sus recursos.<\/p>\n<\/div>\n<div class=\"bbc-19j92fr ebmt73l0\" dir=\"ltr\">\n<p class=\"bbc-hhl7in e17g058b0\" dir=\"ltr\">En el caso del Catatumbo, &#8220;bosques, agua, petr\u00f3leo, carb\u00f3n y, desde los 90, coca&#8221;, menciona Arias, adem\u00e1s de m\u00faltiples cultivos base para la alimentaci\u00f3n.<\/p>\n<\/div>\n<div class=\"bbc-19j92fr ebmt73l0\" dir=\"ltr\">\n<p class=\"bbc-hhl7in e17g058b0\" dir=\"ltr\">Son recursos clave para el desarrollo que hasta la fecha no han servido para traer suficiente bienestar a sus habitantes.<\/p>\n<\/div>\n<div class=\"bbc-19j92fr ebmt73l0\" dir=\"ltr\">\n<p class=\"bbc-hhl7in e17g058b0\" dir=\"ltr\">Falta &#8220;inversi\u00f3n en infrastructura, en educaci\u00f3n, en salud, en vivienda, en oportunidades laborales, en apoyo a proyectos productivos&#8221;, seg\u00fan un relato de la Comisi\u00f3n de la Verdad en Colombia.<\/p>\n<p dir=\"ltr\">\n<\/div>\n<figure class=\"bbc-1qn0xuy\">\n<div class=\"bbc-18ywsw9\">\n<div style=\"width: 1034px\" class=\"wp-caption alignnone\"><img loading=\"lazy\" decoding=\"async\" class=\"bbc-139onq\" src=\"https:\/\/ichef.bbci.co.uk\/ace\/ws\/640\/cpsprodpb\/3bb8\/live\/e24ff5d0-d9af-11ef-a6db-29ca006e3088.jpg.webp\" alt=\"Campesino colombiano sostiene un fruto de cacao y una hoja de coca.\" width=\"1024\" height=\"576\" \/><p class=\"wp-caption-text\">Fuente de la imagen,Getty Images.\u00a0\u00a0El cacao y la coca son algunos de los m\u00faltiples productos agr\u00edcolas que florecen en la regi\u00f3n del Catatumbo.<\/p><\/div>\n<p class=\"bbc-by8ykd\" role=\"text\">\n<\/div>\n<\/figure>\n<div class=\"bbc-19j92fr ebmt73l0\" dir=\"ltr\">\n<h2 id=\"Semillero-de-econom\u00edas-il\u00edcitas\" class=\"bbc-1lgzob2 eglt09e0\" tabindex=\"-1\">Semillero de econom\u00edas il\u00edcitas<\/h2>\n<\/div>\n<div class=\"bbc-19j92fr ebmt73l0\" dir=\"ltr\">\n<p class=\"bbc-hhl7in e17g058b0\" dir=\"ltr\">Las d\u00e9cadas de conflicto, la d\u00e9bil presencia del Estado y su ubicaci\u00f3n estrat\u00e9gica convirtieron al Catatumbo en una regi\u00f3n prol\u00edfica para rentas ilegales como el narcotr\u00e1fico, la extorsi\u00f3n, el tr\u00e1fico de migrantes desde Venezuela y el lavado de activos.<\/p>\n<\/div>\n<div class=\"bbc-19j92fr ebmt73l0\" dir=\"ltr\">\n<p class=\"bbc-hhl7in e17g058b0\" dir=\"ltr\">Guerrillas como el ELN, surgidas en los 60 con fines pol\u00edticos, &#8220;transitan hacia un escenario donde cada vez es m\u00e1s importante la delincuencia organizada y donde aumentan su dependencia de econom\u00edas il\u00edcitas&#8221;, describe Mantilla.<\/p>\n<\/div>\n<div class=\"bbc-19j92fr ebmt73l0\" dir=\"ltr\">\n<p class=\"bbc-hhl7in e17g058b0\" dir=\"ltr\">El Catatumbo es uno de los enclaves cocaleros m\u00e1s importantes del pa\u00eds y, seg\u00fan este experto, super\u00f3 en los \u00faltimos a\u00f1os la producci\u00f3n de coca\u00edna de otras regiones como Nari\u00f1o o Putumayo.<\/p>\n<\/div>\n<div class=\"bbc-19j92fr ebmt73l0\" dir=\"ltr\">\n<p class=\"bbc-hhl7in e17g058b0\" dir=\"ltr\">Un informe de las Naciones Unidas de 2024 estima que el Catatumbo contaba en 2023 con casi 54.000 hect\u00e1reas de hoja de coca.<\/p>\n<\/div>\n<div class=\"bbc-19j92fr ebmt73l0\" dir=\"ltr\">\n<p class=\"bbc-hhl7in e17g058b0\" dir=\"ltr\">Esta regi\u00f3n y otras tres en el pa\u00eds son las \u00fanicas que superan las 30.000 hect\u00e1reas de ese cultivo.<\/p>\n<\/div>\n<div class=\"bbc-19j92fr ebmt73l0\" dir=\"ltr\">\n<p class=\"bbc-hhl7in e17g058b0\" dir=\"ltr\">Una concentraci\u00f3n que, de acuerdo a testigos e informes sobre terreno, es controlada por los grupos armados presentes.<\/p>\n<p dir=\"ltr\">\n<\/div>\n<figure class=\"bbc-1qn0xuy\">\n<div class=\"bbc-18ywsw9\">\n<div style=\"width: 1034px\" class=\"wp-caption alignnone\"><img loading=\"lazy\" decoding=\"async\" class=\"bbc-139onq\" src=\"https:\/\/ichef.bbci.co.uk\/ace\/ws\/640\/cpsprodpb\/cbbd\/live\/71b8e970-d9b0-11ef-a6db-29ca006e3088.jpg.webp\" alt=\"Mujer observa una labor de recuperaci\u00f3n de cad\u00e1veres en una plantaci\u00f3n de coca en Catatumbo.\" width=\"1024\" height=\"576\" \/><p class=\"wp-caption-text\">Fuente de la imagen,Getty Images.\u00a0\u00a0Con casi 54.000 hect\u00e1reas, el Catatumbo cuenta con una de las cuatro mayores concentraciones de cultivo de hoja de coca de Colombia.<\/p><\/div>\n<\/div>\n<\/figure>\n<div class=\"bbc-19j92fr ebmt73l0\" dir=\"ltr\">\n<p dir=\"ltr\">\n<p class=\"bbc-hhl7in e17g058b0\" dir=\"ltr\">&#8220;Por algunos a\u00f1os, el ELN y disidencias las FARC, de alguna forma, coexistieron aqu\u00ed&#8221;, cuenta Arias, &#8220;a excepci\u00f3n de 2018 cuando hubo enfrentamientos entre un reducto del EPL y el ELN&#8221;.<\/p>\n<\/div>\n<div class=\"bbc-19j92fr ebmt73l0\" dir=\"ltr\">\n<p class=\"bbc-hhl7in e17g058b0\" dir=\"ltr\">El experto recuerda que incluso el ELN facilit\u00f3 el rearme de facciones de las FARC que no se adhirieron al proceso de paz de 2016.<\/p>\n<\/div>\n<div class=\"bbc-19j92fr ebmt73l0\" dir=\"ltr\">\n<p class=\"bbc-hhl7in e17g058b0\" dir=\"ltr\">&#8220;Desde 2019, estos grupos elaboraron algunos acuerdos t\u00e1citos de respetar zonas, asuntos y temas de finanzas&#8221;, dice Arias.<\/p>\n<\/div>\n<div class=\"bbc-19j92fr ebmt73l0\" dir=\"ltr\">\n<p class=\"bbc-hhl7in e17g058b0\" dir=\"ltr\">Dichos tratos abordaban temas de narcotr\u00e1fico, financiamiento y extorsi\u00f3n, y le dieron una mayor estabilidad a la zona.<\/p>\n<\/div>\n<div class=\"bbc-19j92fr ebmt73l0\" dir=\"ltr\">\n<p class=\"bbc-hhl7in e17g058b0\" dir=\"ltr\">Una especie de &#8220;gobernabilidad paralela&#8221;, dice la Comisi\u00f3n de la Verdad.<\/p>\n<\/div>\n<div class=\"bbc-19j92fr ebmt73l0\" dir=\"ltr\">\n<p class=\"bbc-hhl7in e17g058b0\" dir=\"ltr\">En medio, el ELN se sent\u00f3 a la mesa negociadora de la administraci\u00f3n de Petro en unos di\u00e1logos de paz que lograron avances prometedores y un cese al fuego.<\/p>\n<\/div>\n<div class=\"bbc-19j92fr ebmt73l0\" dir=\"ltr\">\n<p class=\"bbc-hhl7in e17g058b0\" dir=\"ltr\">Pero los di\u00e1logos se enquistaron desde mayo de 2024, los acuerdos entre el ELN y otros grupos de la regi\u00f3n se quebrantaron y la breve estabilidad del Catatumbo se desmorona en este arranque sangriento de 2025.<\/p>\n<\/div>\n<div class=\"bbc-19j92fr ebmt73l0\" dir=\"ltr\">\n<h2 id=\"Clave-para-la-paz\" class=\"bbc-1lgzob2 eglt09e0\" tabindex=\"-1\">Clave para la paz<\/h2>\n<\/div>\n<div class=\"bbc-19j92fr ebmt73l0\" dir=\"ltr\">\n<p class=\"bbc-hhl7in e17g058b0\" dir=\"ltr\">El Catatumbo demuestra tambi\u00e9n su importancia pol\u00edtica en un conflicto que hoy luce lejos de resolverse.<\/p>\n<\/div>\n<div class=\"bbc-19j92fr ebmt73l0\" dir=\"ltr\">\n<p class=\"bbc-hhl7in e17g058b0\" dir=\"ltr\">Es casi imposible, seg\u00fan expertos, que haya paz en Colombia si no hay paz con el ELN, la guerrilla en activo m\u00e1s numerosa del pa\u00eds.<\/p>\n<\/div>\n<div class=\"bbc-19j92fr ebmt73l0\" dir=\"ltr\">\n<p class=\"bbc-hhl7in e17g058b0\" dir=\"ltr\">Adem\u00e1s, el dominio por d\u00e9cadas del ELN en esta regi\u00f3n fronteriza contribuy\u00f3 a que en los \u00faltimos a\u00f1os se convirtiera en actor &#8220;binacional&#8221; y un instrumento &#8220;clar\u00edsimo de Venezuela para influir en Colombia&#8221;, seg\u00fan el analista Mantilla.<\/p>\n<\/div>\n<div class=\"bbc-19j92fr ebmt73l0\" dir=\"ltr\">\n<p class=\"bbc-hhl7in e17g058b0\" dir=\"ltr\">Esto complica, m\u00e1s si cabe, cualquier resoluci\u00f3n.<\/p>\n<\/div>\n<div class=\"bbc-19j92fr ebmt73l0\" dir=\"ltr\">\n<p class=\"bbc-hhl7in e17g058b0\" dir=\"ltr\">El gobierno de Venezuela es garante de paz del ELN en las negociaciones con funcionarios colombianos.<\/p>\n<\/div>\n<div class=\"bbc-19j92fr ebmt73l0\" dir=\"ltr\">\n<p class=\"bbc-hhl7in e17g058b0\" dir=\"ltr\">&#8220;Maduro se lo recuerda con frecuencia a Petro&#8221;, dice Mantilla.<\/p>\n<\/div>\n<div class=\"bbc-19j92fr ebmt73l0\" dir=\"ltr\">\n<p class=\"bbc-hhl7in e17g058b0\" dir=\"ltr\">El acad\u00e9mico tambi\u00e9n advierte que &#8220;la fortaleza militar del ELN es la frontera con Venezuela y el hecho de que ahora est\u00e9 asumiendo una posici\u00f3n m\u00e1s beligerante es un recordatorio de que cualquier conversaci\u00f3n de paz pasa por ese pa\u00eds&#8221;.<\/p>\n<p dir=\"ltr\">\n<\/div>\n<figure class=\"bbc-1qn0xuy\">\n<div class=\"bbc-18ywsw9\">\n<div style=\"width: 1034px\" class=\"wp-caption alignnone\"><img loading=\"lazy\" decoding=\"async\" class=\"bbc-139onq\" src=\"https:\/\/ichef.bbci.co.uk\/ace\/ws\/640\/cpsprodpb\/64da\/live\/e0e266a0-d9b0-11ef-a6db-29ca006e3088.jpg.webp\" alt=\"Soldado patrulla en Tib\u00fa, Colombia, cerca de la frontera con Venezuela.\" width=\"1024\" height=\"576\" \/><p class=\"wp-caption-text\">Fuente de la imagen,Getty Images.\u00a0\u00a0Miles de efectivos militares se han desplegado para contener la violencia en el Catatumbo.<\/p><\/div>\n<p class=\"bbc-by8ykd\" role=\"text\">\n<\/div>\n<\/figure>\n<div class=\"bbc-19j92fr ebmt73l0\" dir=\"ltr\">\n<p dir=\"ltr\">\n<p class=\"bbc-hhl7in e17g058b0\" dir=\"ltr\">Un escenario particularmente complejo a la fecha, dado que las relaciones entre los gobiernos de Petro y Maduro atraviesan su momento m\u00e1s complicado despu\u00e9s de que Colombia no reconociera la victoria del venezolano en las elecciones del pasado 28 de julio.<\/p>\n<\/div>\n<div class=\"bbc-19j92fr ebmt73l0\" dir=\"ltr\">\n<p class=\"bbc-hhl7in e17g058b0\" dir=\"ltr\">En la pugna de poder del Catatumbo, este experto cree que el ELN acabar\u00e1 imponi\u00e9ndose sobre las disidencias de las FARC y otros grupos armados.<\/p>\n<\/div>\n<div class=\"bbc-19j92fr ebmt73l0\" dir=\"ltr\">\n<p class=\"bbc-hhl7in e17g058b0\" dir=\"ltr\">&#8220;Esto podr\u00eda acelerar los acuerdos con las disidencias, que quiz\u00e1s busquen protecci\u00f3n del Estado&#8221;.<\/p>\n<\/div>\n<div class=\"bbc-19j92fr ebmt73l0\" dir=\"ltr\">\n<p class=\"bbc-hhl7in e17g058b0\" dir=\"ltr\">Lo que suceder\u00eda con un ELN m\u00e1s poderoso e influyente es una inc\u00f3gnita, aunque muchos en Colombia conciben que la violencia reciente es un golpe definitivo a la legitimidad de cualquier acuerdo de paz.<\/p>\n<\/div>\n<div class=\"bbc-19j92fr ebmt73l0\" dir=\"ltr\">\n<p class=\"bbc-hhl7in e17g058b0\" dir=\"ltr\">Todo indica que lo que pase en el Catatumbo marcar\u00e1 en Colombia el debate sobre la seguridad y la paz a poco m\u00e1s de un a\u00f1o de nuevas elecciones presidenciales.<\/p>\n<\/div>\n","protected":false},"excerpt":{"rendered":"<p>&nbsp; El r\u00edo Catatumbo es testigo de la historia de vida y muerte que marca a Colombia. Por\u00a0Jos\u00e9 Carlos Cueto Ba\u00f1a a la regi\u00f3n a&hellip;<\/p>\n","protected":false},"author":99,"featured_media":527736,"comment_status":"open","ping_status":"open","sticky":false,"template":"","format":"standard","meta":{"footnotes":""},"categories":[23],"tags":[],"class_list":["post-527735","post","type-post","status-publish","format-standard","has-post-thumbnail","hentry","category-latinoamerica"],"_links":{"self":[{"href":"https:\/\/diarioelpopular.com\/index.php\/wp-json\/wp\/v2\/posts\/527735","targetHints":{"allow":["GET"]}}],"collection":[{"href":"https:\/\/diarioelpopular.com\/index.php\/wp-json\/wp\/v2\/posts"}],"about":[{"href":"https:\/\/diarioelpopular.com\/index.php\/wp-json\/wp\/v2\/types\/post"}],"author":[{"embeddable":true,"href":"https:\/\/diarioelpopular.com\/index.php\/wp-json\/wp\/v2\/users\/99"}],"replies":[{"embeddable":true,"href":"https:\/\/diarioelpopular.com\/index.php\/wp-json\/wp\/v2\/comments?post=527735"}],"version-history":[{"count":1,"href":"https:\/\/diarioelpopular.com\/index.php\/wp-json\/wp\/v2\/posts\/527735\/revisions"}],"predecessor-version":[{"id":527737,"href":"https:\/\/diarioelpopular.com\/index.php\/wp-json\/wp\/v2\/posts\/527735\/revisions\/527737"}],"wp:featuredmedia":[{"embeddable":true,"href":"https:\/\/diarioelpopular.com\/index.php\/wp-json\/wp\/v2\/media\/527736"}],"wp:attachment":[{"href":"https:\/\/diarioelpopular.com\/index.php\/wp-json\/wp\/v2\/media?parent=527735"}],"wp:term":[{"taxonomy":"category","embeddable":true,"href":"https:\/\/diarioelpopular.com\/index.php\/wp-json\/wp\/v2\/categories?post=527735"},{"taxonomy":"post_tag","embeddable":true,"href":"https:\/\/diarioelpopular.com\/index.php\/wp-json\/wp\/v2\/tags?post=527735"}],"curies":[{"name":"wp","href":"https:\/\/api.w.org\/{rel}","templated":true}]}}