{"id":527738,"date":"2025-01-24T10:21:55","date_gmt":"2025-01-24T14:21:55","guid":{"rendered":"https:\/\/diarioelpopular.com\/?p=527738"},"modified":"2025-01-24T10:21:55","modified_gmt":"2025-01-24T14:21:55","slug":"primer-reves-a-las-duras-politicas-migratorias-de-trump-un-juez-suspende-la-orden-de-limitar-la-ciudadania-por-nacimiento-en-ee-uu","status":"publish","type":"post","link":"https:\/\/diarioelpopular.com\/index.php\/2025\/01\/24\/primer-reves-a-las-duras-politicas-migratorias-de-trump-un-juez-suspende-la-orden-de-limitar-la-ciudadania-por-nacimiento-en-ee-uu\/","title":{"rendered":"Primer rev\u00e9s a las duras pol\u00edticas migratorias de Trump: un juez suspende la orden de limitar la ciudadan\u00eda por nacimiento en EE.UU."},"content":{"rendered":"<div id=\"attachment_527739\" style=\"width: 646px\" class=\"wp-caption alignnone\"><img loading=\"lazy\" decoding=\"async\" aria-describedby=\"caption-attachment-527739\" class=\"wp-image-527739 size-custom-full-size\" src=\"https:\/\/diarioelpopular.com\/wp-content\/uploads\/2025\/01\/Screen-Shot-2025-01-24-at-9.21.15-AM-636x360.png\" alt=\"\" width=\"636\" height=\"360\" srcset=\"https:\/\/diarioelpopular.com\/wp-content\/uploads\/2025\/01\/Screen-Shot-2025-01-24-at-9.21.15-AM-636x360.png 636w, https:\/\/diarioelpopular.com\/wp-content\/uploads\/2025\/01\/Screen-Shot-2025-01-24-at-9.21.15-AM-300x170.png 300w, https:\/\/diarioelpopular.com\/wp-content\/uploads\/2025\/01\/Screen-Shot-2025-01-24-at-9.21.15-AM-768x434.png 768w, https:\/\/diarioelpopular.com\/wp-content\/uploads\/2025\/01\/Screen-Shot-2025-01-24-at-9.21.15-AM-129x73.png 129w, https:\/\/diarioelpopular.com\/wp-content\/uploads\/2025\/01\/Screen-Shot-2025-01-24-at-9.21.15-AM.png 1024w\" sizes=\"auto, (max-width: 636px) 100vw, 636px\" \/><p id=\"caption-attachment-527739\" class=\"wp-caption-text\">Donald Trump firm\u00f3 muchas pol\u00e9micas \u00f3rdenes ejecutivas nada m\u00e1s llegar a la Casa Blanca.<\/p><\/div>\n<p>&nbsp;<\/p>\n<div class=\"bbc-19j92fr ebmt73l0\" dir=\"ltr\">\n<p dir=\"ltr\">\n<ul>\n<li class=\"bbc-hhl7in e17g058b0\" dir=\"ltr\"><em><b>Un juez federal de Seattle bloque\u00f3 el jueves la aplicaci\u00f3n por parte del gobierno del presidente Donald Trump de una orden ejecutiva que recorta el derecho a la ciudadan\u00eda autom\u00e1tica por nacimiento en Estados Unidos.<\/b><\/em><\/li>\n<\/ul>\n<\/div>\n<div class=\"bbc-19j92fr ebmt73l0\" dir=\"ltr\">\n<p dir=\"ltr\">\n<p dir=\"ltr\">\n<p class=\"bbc-hhl7in e17g058b0\" dir=\"ltr\">El juez federal John Coughenour, a instancias de cuatro estados liderados por dem\u00f3cratas, emiti\u00f3 una orden de restricci\u00f3n temporal que impide a la administraci\u00f3n aplicar el decreto que el presidente republicano firm\u00f3 el lunes durante su primer d\u00eda en el cargo.<\/p>\n<\/div>\n<div class=\"bbc-19j92fr ebmt73l0\" dir=\"ltr\">\n<p class=\"bbc-hhl7in e17g058b0\" dir=\"ltr\">&#8220;Es una orden descaradamente inconstitucional&#8221;, dijo el juez a un abogado del Departamento de Justicia de Estados Unidos que defend\u00eda la orden de Trump.<\/p>\n<\/div>\n<div class=\"bbc-19j92fr ebmt73l0\" dir=\"ltr\">\n<p class=\"bbc-hhl7in e17g058b0\" dir=\"ltr\">La orden ejecutiva busca evitar que los ni\u00f1os nacidos en EE.UU. cuyos padres sean indocumentados o tengan visas temporales puedan gozar autom\u00e1ticamente de la ciudadan\u00eda de ese pa\u00eds.<\/p>\n<\/div>\n<section class=\"bbc-geybui\" role=\"region\" aria-label=\"Publicidad 2\" aria-hidden=\"true\" data-e2e=\"advertisement\">\n<div id=\"dotcom-mpu\" class=\"dotcom-ad active\" aria-hidden=\"true\">\n<div class=\"dotcom-ad-inner\"><\/div>\n<\/div>\n<\/section>\n<div class=\"bbc-19j92fr ebmt73l0\" dir=\"ltr\">\n<p class=\"bbc-hhl7in e17g058b0\" dir=\"ltr\">La medida ya se ha convertido en objeto de cinco demandas por parte de grupos de derechos civiles y fiscales generales dem\u00f3cratas de 22 estados, que la califican de violaci\u00f3n flagrante de la Constituci\u00f3n de Estados Unidos.<\/p>\n<\/div>\n<div class=\"bbc-19j92fr ebmt73l0\" dir=\"ltr\">\n<p class=\"bbc-hhl7in e17g058b0\" dir=\"ltr\">El de Seattle es el primer juez en pronunciarse en lo que se perfila como una larga batalla legal sobre la pol\u00edtica de inmigraci\u00f3n de la nueva administraci\u00f3n de Donald Trump.<\/p>\n<\/div>\n<div class=\"bbc-19j92fr ebmt73l0\" dir=\"ltr\">\n<p class=\"bbc-hhl7in e17g058b0\" dir=\"ltr\">Los fiscales generales de 22 estados de EE.UU. presentaron demandas para bloquear la orden ejecutiva que limitaba el derecho a la ciudadan\u00eda.<\/p>\n<\/div>\n<div class=\"bbc-19j92fr ebmt73l0\" dir=\"ltr\">\n<p class=\"bbc-hhl7in e17g058b0\" dir=\"ltr\">Se trata de un derecho centenario que se deriva de la 14\u00aa enmienda de la Constituci\u00f3n estadounidense que garantiza que los ni\u00f1os nacidos en Estados Unidos ser\u00e1n ciudadanos independientemente del estatus migratorio de sus padres.<\/p>\n<\/div>\n<div class=\"bbc-19j92fr ebmt73l0\" dir=\"ltr\">\n<p class=\"bbc-hhl7in e17g058b0\" dir=\"ltr\">La orden de Trump, titulada &#8220;Protecci\u00f3n del significado y el valor de la ciudadan\u00eda estadounidense&#8221;, estipula que la administraci\u00f3n ya no reconocer\u00e1 la ciudadan\u00eda autom\u00e1tica a los ni\u00f1os nacidos en suelo estadounidense de padres inmigrantes que se encuentran en el pa\u00eds sin autorizaci\u00f3n, siempre y cuando ninguno de los padres sea ciudadano estadounidense o residente permanente legal.<\/p>\n<\/div>\n<div class=\"bbc-19j92fr ebmt73l0\" dir=\"ltr\">\n<p class=\"bbc-hhl7in e17g058b0\" dir=\"ltr\">En su primer mandato, Trump amenaz\u00f3 con tomar medidas similares, pero no las llev\u00f3 a cabo.<\/p>\n<p dir=\"ltr\">\n<\/div>\n<figure class=\"bbc-1qn0xuy\">\n<div class=\"bbc-18ywsw9\">\n<div style=\"width: 1034px\" class=\"wp-caption alignnone\"><img loading=\"lazy\" decoding=\"async\" class=\"bbc-139onq\" src=\"https:\/\/ichef.bbci.co.uk\/ace\/ws\/640\/cpsprodpb\/20e6\/live\/6c559790-d9c8-11ef-a37f-eba91255dc3d.jpg.webp\" alt=\"Un reci\u00e9n nacido en una cl\u00ednica de Stamford, Connecticut. \" width=\"1024\" height=\"683\" \/><p class=\"wp-caption-text\">Fuente de la imagen,Getty Images.\u00a0\u00a0La XIV enmienda de la Constituci\u00f3n de Estados Unidos ha reconocido hasta ahora la ciudadan\u00eda a todos los beb\u00e9s nacidos en el pa\u00eds.<\/p><\/div>\n<\/div>\n<\/figure>\n<div class=\"bbc-19j92fr ebmt73l0\" dir=\"ltr\">\n<h2 tabindex=\"-1\"><\/h2>\n<h2 id=\"Otros-recursos-contra-la-decisi\u00f3n-de-Trump\" class=\"bbc-1lgzob2 eglt09e0\" tabindex=\"-1\">Otros recursos contra la decisi\u00f3n de Trump<\/h2>\n<\/div>\n<div class=\"bbc-19j92fr ebmt73l0\" dir=\"ltr\">\n<p class=\"bbc-hhl7in e17g058b0\" dir=\"ltr\">La demanda en el tribunal de Seattle fue presentada por los estados de Arizona, Illinois, Oreg\u00f3n y Washington.<\/p>\n<\/div>\n<div class=\"bbc-19j92fr ebmt73l0\" dir=\"ltr\">\n<p class=\"bbc-hhl7in e17g058b0\" dir=\"ltr\">La primera demanda, presentada en Massachusetts por una coalici\u00f3n de 18 estados, incluidos Nueva Jersey, Nueva York y California, alega que la orden ejecutiva de Trump viola los derechos constitucionales de miles de ni\u00f1os.<\/p>\n<\/div>\n<div class=\"bbc-19j92fr ebmt73l0\" dir=\"ltr\">\n<p class=\"bbc-hhl7in e17g058b0\" dir=\"ltr\">Agrega que \u00e9sta &#8220;impone costos indebidos&#8221; a las jurisdicciones locales que perder\u00edan la financiaci\u00f3n federal vinculada a los seguros m\u00e9dicos infantiles.<\/p>\n<\/div>\n<div class=\"bbc-19j92fr ebmt73l0\" dir=\"ltr\">\n<p class=\"bbc-hhl7in e17g058b0\" dir=\"ltr\">La demanda acusa a Trump de intentar eliminar un &#8220;principio constitucional bien establecido y de larga data&#8221;.<\/p>\n<\/div>\n<div class=\"bbc-19j92fr ebmt73l0\" dir=\"ltr\">\n<p class=\"bbc-hhl7in e17g058b0\" dir=\"ltr\">&#8220;El presidente no tiene autoridad para reescribir o anular una enmienda constitucional o una ley debidamente promulgada. Tampoco est\u00e1 facultado por ninguna otra fuente de derecho para limitar qui\u00e9n recibe la ciudadan\u00eda estadounidense al nacer&#8221;, afirma la demanda.<\/p>\n<\/div>\n<div class=\"bbc-19j92fr ebmt73l0\" dir=\"ltr\">\n<p class=\"bbc-hhl7in e17g058b0\" dir=\"ltr\">A esta demanda tambi\u00e9n se sumaron el Distrito de Columbia y la ciudad de San Francisco.<\/p>\n<\/div>\n<div class=\"bbc-19j92fr ebmt73l0\" dir=\"ltr\">\n<h2 id=\"Qu\u00e9-dice-la-XIV-enmienda-de-la-Constituci\u00f3n-de-EEUU\" class=\"bbc-1lgzob2 eglt09e0\" tabindex=\"-1\">Qu\u00e9 dice la XIV enmienda de la Constituci\u00f3n de EE.UU<\/h2>\n<\/div>\n<div class=\"bbc-19j92fr ebmt73l0\" dir=\"ltr\">\n<p class=\"bbc-hhl7in e17g058b0\" dir=\"ltr\">La primera frase de la 14\u00aa enmienda de la Constituci\u00f3n estadounidense establece el principio de &#8220;ciudadan\u00eda por derecho de nacimiento&#8221;:<\/p>\n<\/div>\n<div class=\"bbc-19j92fr ebmt73l0\" dir=\"ltr\">\n<p class=\"bbc-hhl7in e17g058b0\" dir=\"ltr\">&#8220;Todas las personas nacidas o naturalizadas en Estados Unidos, y sujetas a su jurisdicci\u00f3n, son ciudadanos de Estados Unidos y del estado en el que residen&#8221;.<\/p>\n<\/div>\n<div class=\"bbc-19j92fr ebmt73l0\" dir=\"ltr\">\n<p class=\"bbc-hhl7in e17g058b0\" dir=\"ltr\">La 14\u00aa enmienda se adopt\u00f3 en 1868, tras el final de la Guerra Civil. La 13\u00aa enmienda hab\u00eda abolido la esclavitud en 1865, mientras que la 14\u00aa resolv\u00eda la cuesti\u00f3n de la ciudadan\u00eda de los antiguos esclavos liberados nacidos en Estados Unidos.<\/p>\n<\/div>\n<div class=\"bbc-19j92fr ebmt73l0\" dir=\"ltr\">\n<p class=\"bbc-hhl7in e17g058b0\" dir=\"ltr\">Decisiones anteriores del Tribunal Supremo, como Dred Scott contra Sandford en 1857, hab\u00edan establecido que los afroamericanos nunca podr\u00edan ser ciudadanos estadounidenses. La 14\u00aa enmienda anul\u00f3 esa decisi\u00f3n.<\/p>\n<\/div>\n<div class=\"bbc-19j92fr ebmt73l0\" dir=\"ltr\">\n<p class=\"bbc-hhl7in e17g058b0\" dir=\"ltr\">En 1898, el Tribunal Supremo de Estados Unidos afirm\u00f3 que la ciudadan\u00eda por nacimiento se aplica a los hijos de inmigrantes.<\/p>\n<\/div>\n<div class=\"bbc-19j92fr ebmt73l0\" dir=\"ltr\">\n<p class=\"bbc-hhl7in e17g058b0\" dir=\"ltr\">Los partidarios de la l\u00ednea dura en materia de inmigraci\u00f3n adoptada por Trump argumentan que la pol\u00edtica es un &#8220;gran im\u00e1n para la inmigraci\u00f3n ilegal&#8221; y que anima a las mujeres embarazadas indocumentadas a cruzar la frontera para dar a luz, un acto que se ha denominado peyorativamente &#8220;turismo de natalidad&#8221; o tener un &#8220;beb\u00e9 ancla&#8221;.<\/p>\n<\/div>\n<div class=\"bbc-19j92fr ebmt73l0\" dir=\"ltr\">\n<p class=\"bbc-hhl7in e17g058b0\" dir=\"ltr\">La mayor\u00eda de los juristas coinciden en que el presidente Trump no puede poner fin a la ciudadan\u00eda por derecho de nacimiento con una orden ejecutiva.<\/p>\n<\/div>\n<div class=\"bbc-19j92fr ebmt73l0\" dir=\"ltr\">\n<p class=\"bbc-hhl7in e17g058b0\" dir=\"ltr\">&#8220;Est\u00e1 haciendo algo que va a molestar a mucha gente, pero en \u00faltima instancia esto lo decidir\u00e1n los tribunales&#8221;, se\u00f1al\u00f3 Saikrishna Prakash, experto constitucional y profesor de la Facultad de Derecho de la Universidad de Virginia. &#8220;Esto no es algo que \u00e9l pueda decidir por su cuenta&#8221;.<\/p>\n<\/div>\n","protected":false},"excerpt":{"rendered":"<p>&nbsp; Un juez federal de Seattle bloque\u00f3 el jueves la aplicaci\u00f3n por parte del gobierno del presidente Donald Trump de una orden ejecutiva que recorta&hellip;<\/p>\n","protected":false},"author":99,"featured_media":527739,"comment_status":"open","ping_status":"open","sticky":false,"template":"","format":"standard","meta":{"footnotes":""},"categories":[24],"tags":[],"class_list":["post-527738","post","type-post","status-publish","format-standard","has-post-thumbnail","hentry","category-mundo"],"_links":{"self":[{"href":"https:\/\/diarioelpopular.com\/index.php\/wp-json\/wp\/v2\/posts\/527738","targetHints":{"allow":["GET"]}}],"collection":[{"href":"https:\/\/diarioelpopular.com\/index.php\/wp-json\/wp\/v2\/posts"}],"about":[{"href":"https:\/\/diarioelpopular.com\/index.php\/wp-json\/wp\/v2\/types\/post"}],"author":[{"embeddable":true,"href":"https:\/\/diarioelpopular.com\/index.php\/wp-json\/wp\/v2\/users\/99"}],"replies":[{"embeddable":true,"href":"https:\/\/diarioelpopular.com\/index.php\/wp-json\/wp\/v2\/comments?post=527738"}],"version-history":[{"count":1,"href":"https:\/\/diarioelpopular.com\/index.php\/wp-json\/wp\/v2\/posts\/527738\/revisions"}],"predecessor-version":[{"id":527740,"href":"https:\/\/diarioelpopular.com\/index.php\/wp-json\/wp\/v2\/posts\/527738\/revisions\/527740"}],"wp:featuredmedia":[{"embeddable":true,"href":"https:\/\/diarioelpopular.com\/index.php\/wp-json\/wp\/v2\/media\/527739"}],"wp:attachment":[{"href":"https:\/\/diarioelpopular.com\/index.php\/wp-json\/wp\/v2\/media?parent=527738"}],"wp:term":[{"taxonomy":"category","embeddable":true,"href":"https:\/\/diarioelpopular.com\/index.php\/wp-json\/wp\/v2\/categories?post=527738"},{"taxonomy":"post_tag","embeddable":true,"href":"https:\/\/diarioelpopular.com\/index.php\/wp-json\/wp\/v2\/tags?post=527738"}],"curies":[{"name":"wp","href":"https:\/\/api.w.org\/{rel}","templated":true}]}}