{"id":527741,"date":"2025-01-24T10:27:59","date_gmt":"2025-01-24T14:27:59","guid":{"rendered":"https:\/\/diarioelpopular.com\/?p=527741"},"modified":"2025-01-24T10:27:59","modified_gmt":"2025-01-24T14:27:59","slug":"trump-busca-la-colaboracion-de-nayib-bukele-contra-la-inmigracion-y-alaba-su-ejemplo-en-latinoamerica","status":"publish","type":"post","link":"https:\/\/diarioelpopular.com\/index.php\/2025\/01\/24\/trump-busca-la-colaboracion-de-nayib-bukele-contra-la-inmigracion-y-alaba-su-ejemplo-en-latinoamerica\/","title":{"rendered":"Trump busca la colaboraci\u00f3n de Nayib Bukele contra la inmigraci\u00f3n y alaba su \u201cejemplo\u201d en Latinoam\u00e9rica"},"content":{"rendered":"<div id=\"attachment_527742\" style=\"width: 1210px\" class=\"wp-caption alignnone\"><img loading=\"lazy\" decoding=\"async\" aria-describedby=\"caption-attachment-527742\" class=\"wp-image-527742 size-custom-big-size\" src=\"https:\/\/diarioelpopular.com\/wp-content\/uploads\/2025\/01\/Screen-Shot-2025-01-24-at-9.27.18-AM-1200x905.png\" alt=\"\" width=\"1200\" height=\"905\" srcset=\"https:\/\/diarioelpopular.com\/wp-content\/uploads\/2025\/01\/Screen-Shot-2025-01-24-at-9.27.18-AM-1200x905.png 1200w, https:\/\/diarioelpopular.com\/wp-content\/uploads\/2025\/01\/Screen-Shot-2025-01-24-at-9.27.18-AM-300x226.png 300w, https:\/\/diarioelpopular.com\/wp-content\/uploads\/2025\/01\/Screen-Shot-2025-01-24-at-9.27.18-AM-768x579.png 768w, https:\/\/diarioelpopular.com\/wp-content\/uploads\/2025\/01\/Screen-Shot-2025-01-24-at-9.27.18-AM-636x479.png 636w, https:\/\/diarioelpopular.com\/wp-content\/uploads\/2025\/01\/Screen-Shot-2025-01-24-at-9.27.18-AM-97x73.png 97w, https:\/\/diarioelpopular.com\/wp-content\/uploads\/2025\/01\/Screen-Shot-2025-01-24-at-9.27.18-AM.png 1024w\" sizes=\"auto, (max-width: 1200px) 100vw, 1200px\" \/><p id=\"caption-attachment-527742\" class=\"wp-caption-text\">Donald Trump y Nayib Bukele. Rodrigo Sura \/AARON SCHWARTZ \/ POOL (EFE)<\/p><\/div>\n<p>&nbsp;<\/p>\n<p>&nbsp;<\/p>\n<h4 class=\"a_st\"><em>&#8211; El presidente de Estados Unidos y su hom\u00f3logo salvadore\u00f1o conversan por tel\u00e9fono sobre pol\u00edtica migratoria y lucha contra las pandillas transnacionales<\/em><\/h4>\n<p>&nbsp;<\/p>\n<p class=\"\">El presidente de Estados Unidos, Donald Trump,\u00a0<a href=\"https:\/\/elpais.com\/chile\/2024-11-15\/trump-bukele-y-compania-cuando-la-politica-es-el-problema.html\" target=\"_blank\" rel=\"noopener\" data-link-track-dtm=\"\" data-mrf-link=\"https:\/\/elpais.com\/chile\/2024-11-15\/trump-bukele-y-compania-cuando-la-politica-es-el-problema.html\">busca la complicidad de uno de sus mayores aliados pol\u00edticos en Am\u00e9rica Latina\u00a0<\/a>para impulsar su plan contra la inmigraci\u00f3n. Este jueves el republicano mantuvo una llamada, la primera de la que la Casa Blanca informa oficialmente desde la investidura del pasado lunes, con su hom\u00f3logo de El Salvador.<\/p>\n<p class=\"\">La conversaci\u00f3n con\u00a0<a href=\"https:\/\/elpais.com\/internacional\/2023-02-28\/nayib-bukele-exhibe-a-miles-de-pandilleros-en-un-traslado-espectacular-a-su-enorme-carcel-contra-el-terrorismo.html\" target=\"_blank\" rel=\"noopener\" data-link-track-dtm=\"\" data-mrf-link=\"https:\/\/elpais.com\/internacional\/2023-02-28\/nayib-bukele-exhibe-a-miles-de-pandilleros-en-un-traslado-espectacular-a-su-enorme-carcel-contra-el-terrorismo.html\">Nayib Bukele,<\/a>\u00a0el altamente popular mandatario que acorral\u00f3 a las maras a costa de un profundo deterioro de las libertades, las garant\u00edas democr\u00e1ticas y el Estado de derecho en el pa\u00eds centroamericano, gir\u00f3 en torno a las f\u00f3rmulas de cooperaci\u00f3n \u201cpara detener inmigraci\u00f3n ilegal\u201d y \u201clas medidas en\u00e9rgicas contra las pandillas transnacionales como el\u00a0<a href=\"https:\/\/elpais.com\/us\/2024-09-16\/texas-declara-al-tren-de-aragua-como-organizacion-terrorista-extranjera.html\" target=\"_blank\" rel=\"noopener\" data-link-track-dtm=\"\" data-mrf-link=\"https:\/\/elpais.com\/us\/2024-09-16\/texas-declara-al-tren-de-aragua-como-organizacion-terrorista-extranjera.html\">Tren de Aragua\u201d.\u00a0<\/a>Trump elogi\u00f3 \u201cel liderazgo\u201d del pol\u00edtico y alab\u00f3 su \u201cejemplo\u201d en la regi\u00f3n. Su colaboraci\u00f3n resulta clave para frenar los flujos de migrantes a su paso por el tri\u00e1ngulo norte de Centroam\u00e9rica.<\/p>\n<p class=\"\">El comunicado de la Casa Blanca no menciona a los principales grupos delincuenciales salvadore\u00f1os como la Mara Salvatrucha-13 o el Barrio 18, sino la mayor banda criminal nacida en Venezuela, que en los \u00faltimos a\u00f1os se ha expandido por el resto de Latinoam\u00e9rica y que tambi\u00e9n opera en Estados Unidos.<\/p>\n<p class=\"\">Una de las consignas favoritas del presidente es que el r\u00e9gimen de Nicol\u00e1s Maduro expulsa a detenidos y a pacientes de instituciones psiqui\u00e1tricas para deshacerse de ellos y engrosar las dram\u00e1ticas estad\u00edsticas del \u00e9xodo venezolano.\u00a0<a href=\"https:\/\/elpais.com\/us\/2025-01-20\/las-claves-del-discurso-de-trump-de-la-edad-de-oro-en-estados-unidos-a-la-emergencia-en-la-frontera.html\" target=\"_blank\" rel=\"noopener\" data-link-track-dtm=\"\" data-mrf-link=\"https:\/\/elpais.com\/us\/2025-01-20\/las-claves-del-discurso-de-trump-de-la-edad-de-oro-en-estados-unidos-a-la-emergencia-en-la-frontera.html\">A pesar de que no existen evidencias de estas afirmaciones, el magnate lo repiti\u00f3 antes, durante y despu\u00e9s de la investidura.<\/a><\/p>\n<p class=\"\">Los dos gobernantes est\u00e1n, en cualquier caso, en perfecta sinton\u00eda en materia econ\u00f3mica -incluso comparten afici\u00f3n por las criptomonedas- y pol\u00edtica de seguridad. La mano dura de Bukele contra el crimen organizado y la construcci\u00f3n de megac\u00e1rceles como el llamado Centro de Confinamiento del Terrorismo, en el que los detenidos sobreviven hacinados, a menudo sin haber pasado todav\u00eda por un juicio, le cost\u00f3 una avalancha de denuncias de organizaciones en defensa de los derechos humanos y tambi\u00e9n de Naciones Unidas. A pesar del autoritarismo, los logros del mandatario salvadore\u00f1o contra las pandillas apuntalaron su enorme aceptaci\u00f3n electoral. Y ahora tambi\u00e9n le aplauden desde el Despacho Oval, ya que el comunicado difundido destaca que \u201cel presidente Trump tambi\u00e9n elogi\u00f3 el liderazgo del presidente Bukele en la regi\u00f3n y el ejemplo que da a otras naciones del hemisferio occidental\u201d.<\/p>\n<p class=\"\">El salvadore\u00f1o fue uno de los mandatarios latinoamericanos invitados a la ceremonia de investidura el pasado lunes, aunque finalmente no se detect\u00f3 su presencia en los actos, ni \u00e9l mismo la divulg\u00f3, como s\u00ed hizo otro gran representante del trumpismo en la regi\u00f3n, el argentino Javier Milei.<\/p>\n<p class=\"\">En la red social X, el medio m\u00e1s empleado por Bukele para difundir sus mensajes, se hizo eco del comunicado de la Casa Blanca con los\u00a0<i>emojis<\/i>\u00a0de las banderas de El Salvador y Estados Unidos estrech\u00e1ndose la mano. La relaci\u00f3n bilateral pas\u00f3 por momentos de tensi\u00f3n durante la Administraci\u00f3n de Joe Biden despu\u00e9s de las cr\u00edticas vertidas desde Washington contra la decisi\u00f3n de la Corte Suprema que en 2021 aprob\u00f3 la reelecci\u00f3n presidencial. La cuestionada sentencia de la sala constitucional nombrada por un Parlamento ampliamente controlado por la bancada de Bukele habilit\u00f3 su candidatura a pesar de que la Constituci\u00f3n proh\u00edbe expresamente dos mandatos consecutivos. Hace un a\u00f1o, el pol\u00edtico gan\u00f3 las elecciones con el 85% de los votos.<\/p>\n<p class=\"\">La vuelta de Trump abre ahora la puerta a una nueva etapa de cooperaci\u00f3n. En Estados Unidos residen alrededor de dos millones de ciudadanos salvadore\u00f1os, cuyos ingresos representan el principal motor de la econom\u00eda del pa\u00eds centroamericano gracias al env\u00edo de unas remesas remesas que, en el primer semestre del a\u00f1o pasado, seg\u00fan informa Efe, superaron los 4.700 millones de d\u00f3lares.<\/p>\n","protected":false},"excerpt":{"rendered":"<p>&nbsp; &nbsp; &#8211; El presidente de Estados Unidos y su hom\u00f3logo salvadore\u00f1o conversan por tel\u00e9fono sobre pol\u00edtica migratoria y lucha contra las pandillas transnacionales &nbsp;&hellip;<\/p>\n","protected":false},"author":99,"featured_media":527742,"comment_status":"open","ping_status":"open","sticky":false,"template":"","format":"standard","meta":{"footnotes":""},"categories":[23],"tags":[],"class_list":["post-527741","post","type-post","status-publish","format-standard","has-post-thumbnail","hentry","category-latinoamerica"],"_links":{"self":[{"href":"https:\/\/diarioelpopular.com\/index.php\/wp-json\/wp\/v2\/posts\/527741","targetHints":{"allow":["GET"]}}],"collection":[{"href":"https:\/\/diarioelpopular.com\/index.php\/wp-json\/wp\/v2\/posts"}],"about":[{"href":"https:\/\/diarioelpopular.com\/index.php\/wp-json\/wp\/v2\/types\/post"}],"author":[{"embeddable":true,"href":"https:\/\/diarioelpopular.com\/index.php\/wp-json\/wp\/v2\/users\/99"}],"replies":[{"embeddable":true,"href":"https:\/\/diarioelpopular.com\/index.php\/wp-json\/wp\/v2\/comments?post=527741"}],"version-history":[{"count":1,"href":"https:\/\/diarioelpopular.com\/index.php\/wp-json\/wp\/v2\/posts\/527741\/revisions"}],"predecessor-version":[{"id":527743,"href":"https:\/\/diarioelpopular.com\/index.php\/wp-json\/wp\/v2\/posts\/527741\/revisions\/527743"}],"wp:featuredmedia":[{"embeddable":true,"href":"https:\/\/diarioelpopular.com\/index.php\/wp-json\/wp\/v2\/media\/527742"}],"wp:attachment":[{"href":"https:\/\/diarioelpopular.com\/index.php\/wp-json\/wp\/v2\/media?parent=527741"}],"wp:term":[{"taxonomy":"category","embeddable":true,"href":"https:\/\/diarioelpopular.com\/index.php\/wp-json\/wp\/v2\/categories?post=527741"},{"taxonomy":"post_tag","embeddable":true,"href":"https:\/\/diarioelpopular.com\/index.php\/wp-json\/wp\/v2\/tags?post=527741"}],"curies":[{"name":"wp","href":"https:\/\/api.w.org\/{rel}","templated":true}]}}