{"id":527744,"date":"2025-01-24T10:31:37","date_gmt":"2025-01-24T14:31:37","guid":{"rendered":"https:\/\/diarioelpopular.com\/?p=527744"},"modified":"2025-01-24T10:31:37","modified_gmt":"2025-01-24T14:31:37","slug":"argentina-milei-baja-los-impuestos-a-las-exportaciones-rurales","status":"publish","type":"post","link":"https:\/\/diarioelpopular.com\/index.php\/2025\/01\/24\/argentina-milei-baja-los-impuestos-a-las-exportaciones-rurales\/","title":{"rendered":"Argentina: Milei baja los impuestos a las exportaciones rurales"},"content":{"rendered":"<div id=\"attachment_527745\" style=\"width: 1210px\" class=\"wp-caption alignnone\"><img loading=\"lazy\" decoding=\"async\" aria-describedby=\"caption-attachment-527745\" class=\"wp-image-527745 size-custom-big-size\" src=\"https:\/\/diarioelpopular.com\/wp-content\/uploads\/2025\/01\/Screen-Shot-2025-01-24-at-9.30.50-AM-1200x804.png\" alt=\"\" width=\"1200\" height=\"804\" srcset=\"https:\/\/diarioelpopular.com\/wp-content\/uploads\/2025\/01\/Screen-Shot-2025-01-24-at-9.30.50-AM-1200x804.png 1200w, https:\/\/diarioelpopular.com\/wp-content\/uploads\/2025\/01\/Screen-Shot-2025-01-24-at-9.30.50-AM-300x201.png 300w, https:\/\/diarioelpopular.com\/wp-content\/uploads\/2025\/01\/Screen-Shot-2025-01-24-at-9.30.50-AM-768x515.png 768w, https:\/\/diarioelpopular.com\/wp-content\/uploads\/2025\/01\/Screen-Shot-2025-01-24-at-9.30.50-AM-636x426.png 636w, https:\/\/diarioelpopular.com\/wp-content\/uploads\/2025\/01\/Screen-Shot-2025-01-24-at-9.30.50-AM-80x55.png 80w, https:\/\/diarioelpopular.com\/wp-content\/uploads\/2025\/01\/Screen-Shot-2025-01-24-at-9.30.50-AM-109x73.png 109w, https:\/\/diarioelpopular.com\/wp-content\/uploads\/2025\/01\/Screen-Shot-2025-01-24-at-9.30.50-AM.png 1024w\" sizes=\"auto, (max-width: 1200px) 100vw, 1200px\" \/><p id=\"caption-attachment-527745\" class=\"wp-caption-text\">Javier Milei asiste a la 55\u00aa reuni\u00f3n anual del Foro Econ\u00f3mico Mundial de Davos, este jueves. MICHAEL BUHOLZER (EFE)<\/p><\/div>\n<p>&nbsp;<\/p>\n<p>&nbsp;<\/p>\n<h4 class=\"a_st\"><em>&#8211; La disminuci\u00f3n del tributo que pagan la soja y otros cultivos regir\u00e1 hasta junio. El Gobierno anuncia tambi\u00e9n la eliminaci\u00f3n de las retenciones a productos regionales<\/em><\/h4>\n<p>&nbsp;<\/p>\n<p class=\"\">Mientras\u00a0<a href=\"https:\/\/elpais.com\/internacional\/2025-01-23\/milei-acusa-a-sanchez-en-davos-de-querer-callar-a-todos-los-que-piensan-distinto.html\" data-link-track-dtm=\"\" data-mrf-link=\"https:\/\/elpais.com\/internacional\/2025-01-23\/milei-acusa-a-sanchez-en-davos-de-querer-callar-a-todos-los-que-piensan-distinto.html\">Javier Milei<\/a>\u00a0participa en Davos del Foro Econ\u00f3mico Mundial, su Gobierno anunci\u00f3 este jueves una reducci\u00f3n temporaria del impuesto a la exportaci\u00f3n que pagan los principales cultivos de Argentina, una de las fuentes centrales de divisas para el pa\u00eds. La medida fue tomada en respuesta al creciente reclamo de los productores agrarios, asediados por la ca\u00edda de precios internacionales de las\u00a0<i>commodities<\/i>\u00a0y por la apreciaci\u00f3n del peso argentino que ha generado el plan econ\u00f3mico de Milei.<\/p>\n<p class=\"\">\u201cEste Gobierno vino a bajar impuestos\u201d, dijo el ministro de Econom\u00eda,\u00a0<a href=\"https:\/\/elpais.com\/chile\/2024-12-19\/el-ministro-de-economia-de-milei-dispara-contra-boric-a-chile-lo-gobierna-un-comunista-que-lo-esta-por-hundir.html\" data-link-track-dtm=\"\" data-mrf-link=\"https:\/\/elpais.com\/chile\/2024-12-19\/el-ministro-de-economia-de-milei-dispara-contra-boric-a-chile-lo-gobierna-un-comunista-que-lo-esta-por-hundir.html\">Luis Caputo<\/a>, al hacer el anuncio en la Casa Rosada. Su mensaje fue dirigido a quienes cuestionan a la Administraci\u00f3n ultra por incumplir o postergar promesas de campa\u00f1a. Eliminar las retenciones a las exportaciones es una de ellas.<\/p>\n<p class=\"\">El ministro explic\u00f3 que la baja impositiva regir\u00e1 hasta fines de junio y alcanzar\u00e1 a la soja y sus derivados, el trigo, la cebada, el sorgo, el ma\u00edz y el girasol. La mayor disminuci\u00f3n beneficiar\u00e1 al poroto de soja: los derechos de exportaci\u00f3n pasar\u00e1n del 33 al 26%. Caputo anunci\u00f3 tambi\u00e9n que se eliminar\u00e1n en forma definitiva las retenciones a las econom\u00edas regionales, un conjunto que incluye las producciones de az\u00facar, algod\u00f3n, tabaco, arroz, man\u00ed, cuero y lanas, entre otras. El anuncio se produjo antes de que Caputo reciba, en los pr\u00f3ximos d\u00edas, a los dirigentes de las organizaciones ruralistas.<\/p>\n<p class=\"\">El ministro y el vocero presidencial, Manuel Adorni, sostuvieron que la medida es posible gracias a\u00a0<a href=\"https:\/\/elpais.com\/argentina\/2024-10-13\/milei-una-motosierra-que-desguaza-el-estado.html\" data-link-track-dtm=\"\" data-mrf-link=\"https:\/\/elpais.com\/argentina\/2024-10-13\/milei-una-motosierra-que-desguaza-el-estado.html\">\u201cla consolidaci\u00f3n del super\u00e1vit financiero\u201d y \u201cal riguroso plan econ\u00f3mico ortodoxo\u201d<\/a>\u00a0aplicado por el Gobierno. \u201cLa raz\u00f3n por la que no podemos hacerlo permanente es porque no tenemos los recursos\u201d, justific\u00f3 Caputo, \u201cproducto del desastre heredado y de nuestro mal historial crediticio\u201d, aleg\u00f3. Seg\u00fan sus c\u00e1lculos, el Estado deber\u00eda lograr un super\u00e1vit equivalente a 8.000 millones de d\u00f3lares para eliminar las retenciones al agro: en 2024, tras un profundo ajuste del sector p\u00fablico, el super\u00e1vit fiscal rond\u00f3 los 1.600 millones de d\u00f3lares.<\/p>\n<p class=\"\">En las \u00faltimas dos d\u00e9cadas, el impuesto a las exportaciones agropecuarias, en especial a la soja, se convirti\u00f3 en<a href=\"https:\/\/elpais.com\/argentina\/2024-12-02\/campo-o-industria-nacional-milei-desempolva-el-eterno-debate-del-desarrollo-argentino.html\" data-link-track-dtm=\"\" data-mrf-link=\"https:\/\/elpais.com\/argentina\/2024-12-02\/campo-o-industria-nacional-milei-desempolva-el-eterno-debate-del-desarrollo-argentino.html\">\u00a0un ingreso clave para las arcas del Estado argentino<\/a>\u00a0y, a la vez, permiti\u00f3 desacoplar los precios locales de los internacionales. Fue, tambi\u00e9n, eje de fuertes disputas entre los Gobiernos kirchneristas y las organizaciones de productores rurales.<\/p>\n<p class=\"\">Milei lleg\u00f3 a la Casa Rosada hace poco m\u00e1s de un a\u00f1o con un discurso que reivindica el modelo agroexportador que domin\u00f3 la econom\u00eda de Argentina entre fines del siglo XIX y principios del XX, y con el compromiso de eliminar las retenciones. Hace seis meses, en la tradicional exposici\u00f3n rural que se realiza en Buenos Aires, reiter\u00f3 sus promesas y les pidi\u00f3 a los productores\u00a0<a href=\"https:\/\/elpais.com\/argentina\/2024-07-28\/el-campo-argentino-abraza-a-milei-que-le-pide-paciencia.html\" data-link-track-dtm=\"\" data-mrf-link=\"https:\/\/elpais.com\/argentina\/2024-07-28\/el-campo-argentino-abraza-a-milei-que-le-pide-paciencia.html\">\u201ctiempo\u201d y \u201cpaciencia\u201d<\/a>. \u201cPor primera vez en 100 a\u00f1os tienen un Gobierno que quiere lo mismo que ustedes\u201d, les dijo entonces.<\/p>\n<p class=\"\">Las organizaciones rurales sostienen que han aportado 200.000 millones de d\u00f3lares en impuestos a las exportaciones en 20 a\u00f1os y que los productores est\u00e1n \u201cagobiados\u201d por la presi\u00f3n impositiva. Tambi\u00e9n cuestionan las restricciones cambiarias que los fuerzan a entregar los d\u00f3lares de sus exportaciones al Banco Central, a una cotizaci\u00f3n oficial inferior a la del mercado informal.<\/p>\n<p class=\"\">Ese escenario se complic\u00f3 en los \u00faltimos meses, con la ca\u00edda del precio de la soja y la apreciaci\u00f3n de la moneda argentina. Grandes empresas del sector agropecuario se declararon en default y anunciaron que no podr\u00e1n pagar sus obligaciones. Esta semana, tres gobernadores de provincias donde la producci\u00f3n agraria es central dejaron de lado su alianza pol\u00edtica con Milei y exigieron una baja de las retenciones. \u201cDesde Buenos Aires tienen que dimensionar que, si no se toman medidas urgentes, el campo se va a fundir\u201d, advirti\u00f3 este martes el mandatario de Santa Fe, Maximiliano Pullaro, acompa\u00f1ado por sus pares de C\u00f3rdoba, Mart\u00edn Llaryora, y de Entre R\u00edos, Rogelio Frigerio.<\/p>\n<p class=\"\">Adem\u00e1s de desactivar el reclamo ruralista, con la baja de retenciones el Gobierno de Milei aspira a estimular la liquidaci\u00f3n de exportaciones y el ingreso de divisas, mientras\u00a0<a href=\"https:\/\/elpais.com\/argentina\/2024-12-20\/el-fmi-y-el-gobierno-de-milei-negocian-un-nuevo-acuerdo-financiero-para-argentina.html\" data-link-track-dtm=\"\" data-mrf-link=\"https:\/\/elpais.com\/argentina\/2024-12-20\/el-fmi-y-el-gobierno-de-milei-negocian-un-nuevo-acuerdo-financiero-para-argentina.html\">negocia con el Fondo Monetario Internacional<\/a>\u00a0un nuevo acuerdo que inyecte fondos frescos en las necesitadas arcas argentinas.<\/p>\n","protected":false},"excerpt":{"rendered":"<p>&nbsp; &nbsp; &#8211; La disminuci\u00f3n del tributo que pagan la soja y otros cultivos regir\u00e1 hasta junio. El Gobierno anuncia tambi\u00e9n la eliminaci\u00f3n de las&hellip;<\/p>\n","protected":false},"author":99,"featured_media":527745,"comment_status":"open","ping_status":"open","sticky":false,"template":"","format":"standard","meta":{"footnotes":""},"categories":[23],"tags":[],"class_list":["post-527744","post","type-post","status-publish","format-standard","has-post-thumbnail","hentry","category-latinoamerica"],"_links":{"self":[{"href":"https:\/\/diarioelpopular.com\/index.php\/wp-json\/wp\/v2\/posts\/527744","targetHints":{"allow":["GET"]}}],"collection":[{"href":"https:\/\/diarioelpopular.com\/index.php\/wp-json\/wp\/v2\/posts"}],"about":[{"href":"https:\/\/diarioelpopular.com\/index.php\/wp-json\/wp\/v2\/types\/post"}],"author":[{"embeddable":true,"href":"https:\/\/diarioelpopular.com\/index.php\/wp-json\/wp\/v2\/users\/99"}],"replies":[{"embeddable":true,"href":"https:\/\/diarioelpopular.com\/index.php\/wp-json\/wp\/v2\/comments?post=527744"}],"version-history":[{"count":1,"href":"https:\/\/diarioelpopular.com\/index.php\/wp-json\/wp\/v2\/posts\/527744\/revisions"}],"predecessor-version":[{"id":527746,"href":"https:\/\/diarioelpopular.com\/index.php\/wp-json\/wp\/v2\/posts\/527744\/revisions\/527746"}],"wp:featuredmedia":[{"embeddable":true,"href":"https:\/\/diarioelpopular.com\/index.php\/wp-json\/wp\/v2\/media\/527745"}],"wp:attachment":[{"href":"https:\/\/diarioelpopular.com\/index.php\/wp-json\/wp\/v2\/media?parent=527744"}],"wp:term":[{"taxonomy":"category","embeddable":true,"href":"https:\/\/diarioelpopular.com\/index.php\/wp-json\/wp\/v2\/categories?post=527744"},{"taxonomy":"post_tag","embeddable":true,"href":"https:\/\/diarioelpopular.com\/index.php\/wp-json\/wp\/v2\/tags?post=527744"}],"curies":[{"name":"wp","href":"https:\/\/api.w.org\/{rel}","templated":true}]}}