{"id":527757,"date":"2025-01-25T10:57:43","date_gmt":"2025-01-25T14:57:43","guid":{"rendered":"https:\/\/diarioelpopular.com\/?p=527757"},"modified":"2025-01-25T10:57:43","modified_gmt":"2025-01-25T14:57:43","slug":"la-policia-publica-foto-de-ladron-tras-el-robo-de-un-ipad","status":"publish","type":"post","link":"https:\/\/diarioelpopular.com\/index.php\/2025\/01\/25\/la-policia-publica-foto-de-ladron-tras-el-robo-de-un-ipad\/","title":{"rendered":"La polic\u00eda publica foto de ladr\u00f3n tras el robo de un iPad"},"content":{"rendered":"<p><img loading=\"lazy\" decoding=\"async\" class=\"alignnone size-custom-full-size wp-image-527758\" src=\"https:\/\/diarioelpopular.com\/wp-content\/uploads\/2025\/01\/Screen-Shot-2025-01-25-at-9.49.45-AM.png\" alt=\"\" width=\"494\" height=\"376\" srcset=\"https:\/\/diarioelpopular.com\/wp-content\/uploads\/2025\/01\/Screen-Shot-2025-01-25-at-9.49.45-AM.png 494w, https:\/\/diarioelpopular.com\/wp-content\/uploads\/2025\/01\/Screen-Shot-2025-01-25-at-9.49.45-AM-300x228.png 300w, https:\/\/diarioelpopular.com\/wp-content\/uploads\/2025\/01\/Screen-Shot-2025-01-25-at-9.49.45-AM-96x73.png 96w\" sizes=\"auto, (max-width: 494px) 100vw, 494px\" \/><\/p>\n<p>La OPP de Caledon public\u00f3 es foto del ladr\u00f3n despu\u00e9s de que robara\u00a0 \u00a0 \u00a0 \u00a0 \u00a0 \u00a0 \u00a0 \u00a0 \u00a0 \u00a0 \u00a0 \u00a0 \u00a0 \u00a0 \u00a0 \u00a0 \u00a0 \u00a0 \u00a0 \u00a0 \u00a0 \u00a0 \u00a0 \u00a0 \u00a0 \u00a0 \u00a0 \u00a0 \u00a0 \u00a0 \u00a0 \u00a0 \u00a0 \u00a0 \u00a0 \u00a0 \u00a0 \u00a0un iPad. Foto de Handout \/ Caledon OPP<\/p>\n<p>&nbsp;<\/p>\n<ul>\n<li><em><strong>La polic\u00eda provincial de Ontario (OPP) est\u00e1 investigando el robo de un iPad que ocurri\u00f3 fuera de una escuela primaria de Caledon esta semana.<\/strong><\/em><\/li>\n<\/ul>\n<p>&nbsp;<\/p>\n<p>La polic\u00eda public\u00f3 una foto del ladr\u00f3n, que seg\u00fan dicen se encontr\u00f3 con la v\u00edctima despu\u00e9s de contactarlos a trav\u00e9s de Facebook Marketplace para realizar la venta.<\/p>\n<p>La polic\u00eda dijo que, justo antes de las 4 p. m. del lunes, los oficiales respondieron a un robo fuera de la escuela p\u00fablica Tony Pontes en Kennedy Rd.<\/p>\n<p>Las autoridades dijeron que, despu\u00e9s de acordar comprar un iPad, el vendedor y el potencial comprador se encontraron en la escuela.<\/p>\n<p>Sin realizar ning\u00fan pago, la polic\u00eda dijo que el ladr\u00f3n empuj\u00f3 a la v\u00edctima, emprendiendo carrera con el art\u00edculo. La v\u00edctima no report\u00f3 lesiones.<\/p>\n<p>El ladr\u00f3n es descrito como un hombre, de entre 16 y 17 a\u00f1os, de aproximadamente 5 pies y 9 pulgadas de altura y 120 libras de peso, de ascendencia hispana, seg\u00fan lo describieron por el acento, con cabello rizado en la parte superior y corto en los lados, y bigote fino. Vest\u00eda una chaqueta negra, una sudadera con capucha negra o gris y pantalones rojos.<\/p>\n<p>Cualquier persona que pueda identificar al sospechoso o tenga alguna informaci\u00f3n debe comunicarse con la polic\u00eda al 1-888-310-1122. Tambi\u00e9n puede comunicarse con Peel Crime Stoppers al 1-800-222-TIPS (8477) o en l\u00ednea en peelcrimestoppers.ca.<\/p>\n<p>La OPP dijo que los miembros de la comunidad pueden usar el estacionamiento del destacamento policial, ubicado en 15924 Innis Lake Rd., para completar de manera segura las transacciones organizadas en l\u00ednea, debido a que \u00e9stas est\u00e1n debidamente controladas por medio de v\u00eddeo c\u00e1maras.<\/p>\n","protected":false},"excerpt":{"rendered":"<p>La OPP de Caledon public\u00f3 es foto del ladr\u00f3n despu\u00e9s de que robara\u00a0 \u00a0 \u00a0 \u00a0 \u00a0 \u00a0 \u00a0 \u00a0 \u00a0 \u00a0 \u00a0 \u00a0 \u00a0&hellip;<\/p>\n","protected":false},"author":99,"featured_media":527758,"comment_status":"open","ping_status":"open","sticky":false,"template":"","format":"standard","meta":{"footnotes":""},"categories":[11364],"tags":[],"class_list":["post-527757","post","type-post","status-publish","format-standard","has-post-thumbnail","hentry","category-toronto-gta"],"_links":{"self":[{"href":"https:\/\/diarioelpopular.com\/index.php\/wp-json\/wp\/v2\/posts\/527757","targetHints":{"allow":["GET"]}}],"collection":[{"href":"https:\/\/diarioelpopular.com\/index.php\/wp-json\/wp\/v2\/posts"}],"about":[{"href":"https:\/\/diarioelpopular.com\/index.php\/wp-json\/wp\/v2\/types\/post"}],"author":[{"embeddable":true,"href":"https:\/\/diarioelpopular.com\/index.php\/wp-json\/wp\/v2\/users\/99"}],"replies":[{"embeddable":true,"href":"https:\/\/diarioelpopular.com\/index.php\/wp-json\/wp\/v2\/comments?post=527757"}],"version-history":[{"count":1,"href":"https:\/\/diarioelpopular.com\/index.php\/wp-json\/wp\/v2\/posts\/527757\/revisions"}],"predecessor-version":[{"id":527759,"href":"https:\/\/diarioelpopular.com\/index.php\/wp-json\/wp\/v2\/posts\/527757\/revisions\/527759"}],"wp:featuredmedia":[{"embeddable":true,"href":"https:\/\/diarioelpopular.com\/index.php\/wp-json\/wp\/v2\/media\/527758"}],"wp:attachment":[{"href":"https:\/\/diarioelpopular.com\/index.php\/wp-json\/wp\/v2\/media?parent=527757"}],"wp:term":[{"taxonomy":"category","embeddable":true,"href":"https:\/\/diarioelpopular.com\/index.php\/wp-json\/wp\/v2\/categories?post=527757"},{"taxonomy":"post_tag","embeddable":true,"href":"https:\/\/diarioelpopular.com\/index.php\/wp-json\/wp\/v2\/tags?post=527757"}],"curies":[{"name":"wp","href":"https:\/\/api.w.org\/{rel}","templated":true}]}}