{"id":527782,"date":"2025-01-25T12:24:41","date_gmt":"2025-01-25T16:24:41","guid":{"rendered":"https:\/\/diarioelpopular.com\/?p=527782"},"modified":"2025-01-25T12:24:41","modified_gmt":"2025-01-25T16:24:41","slug":"en-busca-de-nuevos-espacios-innovadores-de-aprendizaje","status":"publish","type":"post","link":"https:\/\/diarioelpopular.com\/index.php\/2025\/01\/25\/en-busca-de-nuevos-espacios-innovadores-de-aprendizaje\/","title":{"rendered":"En busca de nuevos espacios innovadores de aprendizaje"},"content":{"rendered":"<div id=\"attachment_527783\" style=\"width: 646px\" class=\"wp-caption alignnone\"><img loading=\"lazy\" decoding=\"async\" aria-describedby=\"caption-attachment-527783\" class=\"wp-image-527783 size-custom-full-size\" src=\"https:\/\/diarioelpopular.com\/wp-content\/uploads\/2025\/01\/Screen-Shot-2025-01-25-at-11.23.45-AM-636x428.png\" alt=\"\" width=\"636\" height=\"428\" srcset=\"https:\/\/diarioelpopular.com\/wp-content\/uploads\/2025\/01\/Screen-Shot-2025-01-25-at-11.23.45-AM-636x428.png 636w, https:\/\/diarioelpopular.com\/wp-content\/uploads\/2025\/01\/Screen-Shot-2025-01-25-at-11.23.45-AM-300x202.png 300w, https:\/\/diarioelpopular.com\/wp-content\/uploads\/2025\/01\/Screen-Shot-2025-01-25-at-11.23.45-AM-768x517.png 768w, https:\/\/diarioelpopular.com\/wp-content\/uploads\/2025\/01\/Screen-Shot-2025-01-25-at-11.23.45-AM-80x55.png 80w, https:\/\/diarioelpopular.com\/wp-content\/uploads\/2025\/01\/Screen-Shot-2025-01-25-at-11.23.45-AM-108x73.png 108w, https:\/\/diarioelpopular.com\/wp-content\/uploads\/2025\/01\/Screen-Shot-2025-01-25-at-11.23.45-AM.png 986w\" sizes=\"auto, (max-width: 636px) 100vw, 636px\" \/><p id=\"caption-attachment-527783\" class=\"wp-caption-text\">Una escuela p\u00fablica sustentable en el Departamento de Antioquia, Colombia, en 2022. Santiago Mesa<\/p><\/div>\n<p>&nbsp;<\/p>\n<p>&nbsp;<\/p>\n<h4 class=\"a_st\"><em>&#8211; No solo se trata de aprender mejor, sino de saber c\u00f3mo crear un entorno que lo facilite. Necesitamos generar cercan\u00eda y confianza en nuestros alumnos para que se apropien de sus propios procesos de aprendizaje<\/em><\/h4>\n<p>&nbsp;<\/p>\n<p class=\"\">\u00bfQu\u00e9 son los\u00a0<a href=\"https:\/\/elpais.com\/elpais\/2016\/05\/21\/eps\/1463781605_146378.html\" target=\"_self\" data-link-track-dtm=\"\" data-mrf-link=\"https:\/\/elpais.com\/elpais\/2016\/05\/21\/eps\/1463781605_146378.html\">espacios de aprendizaje<\/a>? Muchos de nosotros asociamos el t\u00e9rmino espacios de aprendizaje a la visi\u00f3n que recordamos de la experiencia vivida en los centros educativos en donde trascurri\u00f3 nuestra infancia y juventud; nos viene a la mente la imagen de un aula de clase, de un pasillo, de un patio, de un gimnasio.<\/p>\n<p class=\"\">Hist\u00f3ricamente, el t\u00e9rmino de espacios de aprendizaje se ha centrado en la infraestructura educativa. Hoy en d\u00eda, en muchos pa\u00edses se sigue dise\u00f1ando de forma disociada entre arquitectura e ingenier\u00eda, por un lado, y de la pedagog\u00eda educativa, por otro. No obstante, es momento de reivindicar el rol del espacio educativo como componente central del propio proceso de aprendizaje.<\/p>\n<p class=\"\">La reconceptualizaci\u00f3n del t\u00e9rmino de espacios de aprendizaje abarca desde el entorno f\u00edsico que utilizan los\/as estudiantes como es la infraestructura (aulas, jardines, laboratorios, bibliotecas, comedores, instalaciones deportivas y otros) e incorpora en s\u00ed mismo procesos de aprendizaje, innovaci\u00f3n e inclusi\u00f3n educativa.<\/p>\n<p class=\"\">Los espacios dise\u00f1ados en este marco promueven lugares para el aprendizaje individual, grupal y colectivo en diversos formatos y con un meticuloso dise\u00f1o de los mobiliarios como elementos facilitadores del aprendizaje: cuevas, manantiales, monta\u00f1as,etc. No s\u00f3lo se trata de aprender mejor, sino de saber c\u00f3mo crear un entorno que lo facilite.<b>\u00a0<\/b>Necesitamos generar cercan\u00eda y confianza en nuestros alumnos para que se apropien de sus propios procesos de aprendizaje.<\/p>\n<p>&nbsp;<\/p>\n<figure class=\"a_m a_m-h \">\n<p><div style=\"width: 424px\" class=\"wp-caption alignnone\"><img loading=\"lazy\" decoding=\"async\" class=\"_re lazyload a_m-h\" src=\"https:\/\/imagenes.elpais.com\/resizer\/v2\/MKRWZP5YYBDFHP5H6IJLTIW6KY.jpg?auth=b8daa1bf35d360784131038e808404f14410c7f2b80c64b8f0eb21ef8194f67d&amp;width=414\" sizes=\"auto, (min-width:1199px) 1155px,(min-width:1001px) calc(100vw - 44px),(min-width:768px) 767px, 100vw\" srcset=\"https:\/\/imagenes.elpais.com\/resizer\/v2\/MKRWZP5YYBDFHP5H6IJLTIW6KY.jpg?auth=b8daa1bf35d360784131038e808404f14410c7f2b80c64b8f0eb21ef8194f67d&amp;width=414 414w,https:\/\/imagenes.elpais.com\/resizer\/v2\/MKRWZP5YYBDFHP5H6IJLTIW6KY.jpg?auth=b8daa1bf35d360784131038e808404f14410c7f2b80c64b8f0eb21ef8194f67d&amp;width=828 640w,https:\/\/imagenes.elpais.com\/resizer\/v2\/MKRWZP5YYBDFHP5H6IJLTIW6KY.jpg?auth=b8daa1bf35d360784131038e808404f14410c7f2b80c64b8f0eb21ef8194f67d&amp;width=980 1000w,https:\/\/imagenes.elpais.com\/resizer\/v2\/MKRWZP5YYBDFHP5H6IJLTIW6KY.jpg?auth=b8daa1bf35d360784131038e808404f14410c7f2b80c64b8f0eb21ef8194f67d&amp;width=1960 1960w\" alt=\"Aula para clases especiales en una escuela p\u00fablica sustentable en Antioquia, Colombia.\" width=\"414\" height=\"277\" \/><p class=\"wp-caption-text\">Aula para clases especiales en una escuela p\u00fablica sustentable en el Departamento de Antioquia, Colombia.\u00a0 Santiago Mesa<\/p><\/div><figcaption class=\"a_m_p\"><\/figcaption><\/figure>\n<p>&nbsp;<\/p>\n<p class=\"\">Los espacios de aprendizaje pensados desde esta perspectiva se relacionan con estrategias de disoluci\u00f3n de los criterios tradicionales del dise\u00f1o de aulas, como las propuestas por el arquitecto colombiano\u00a0<a href=\"https:\/\/elpais.com\/cultura\/2015\/02\/18\/babelia\/1424274332_366991.html\" target=\"_self\" data-link-track-dtm=\"\" data-mrf-link=\"https:\/\/elpais.com\/cultura\/2015\/02\/18\/babelia\/1424274332_366991.html\">Giancarlo Mazzanti,<\/a>\u00a0para quien el juego act\u00faa como un catalizador de los espacios de aprendizaje: \u201cCuando se juega por curiosidad, siempre hay algo que se descubre, y ah\u00ed, en ese descubrir, aprendemos en comunidad\u201d. Por su parte, la dise\u00f1adora danesa\u00a0<a href=\"https:\/\/elpais.com\/eps\/2023-07-31\/rosan-bosch-y-el-arte-de-transformar-el-espacio-para-activar-la-mente.html\" data-link-track-dtm=\"\" data-mrf-link=\"https:\/\/elpais.com\/eps\/2023-07-31\/rosan-bosch-y-el-arte-de-transformar-el-espacio-para-activar-la-mente.html\">Rosan Bosch<\/a>\u00a0propone incorporar criterios de innovaci\u00f3n de aulas pensadas como un todo integral en el que se crean entornos estimulantes que facilitan el aprendizaje a partir de promover la confianza y el empoderamiento como base y motor exponencial de los procesos educativos.<\/p>\n<p class=\"\">Desde CAF -banco de Desarrollo de Am\u00e9rica Latina y el Caribe-, con motivo de la celebraci\u00f3n del D\u00eda internacional de la educaci\u00f3n el 24 de Enero, queremos destacar el apoyo que brindamos a los estados nacionales apoyando la construcci\u00f3n espacios educativos resilientes que promuevan esta visi\u00f3n y el desarrollo sostenible en la regi\u00f3n desde cuatro l\u00edneas de acci\u00f3n:<\/p>\n<ul>\n<li><b>Infraestructura como lugar de aprendizaje e inclusi\u00f3n:<\/b>\u00a0En el espacio educativo interact\u00faan docentes y estudiantes, por eso es necesario que este refleje el respeto a la diversidad cultural, \u00e9tnica y de g\u00e9nero.<\/li>\n<li><b>Articulaci\u00f3n de la infraestructura con su entorno:<\/b>\u00a0Se refiere a la conexi\u00f3n de los espacios educativos con la comunidad educativa para enriquecer el intercambio de conocimientos, fortaleciendo los lazos entre la escuela y la comunidad, creando un ecosistema educativo m\u00e1s rico y colaborativo.<\/li>\n<li><b>Transici\u00f3n y flexibilidad de los espacios de aprendizaje:\u00a0<\/b>El aprendizaje no se limita a cuatro paredes est\u00e1ticas; se necesita aportar flexibilidad para adaptarse a diferentes m\u00e9todos pedag\u00f3gicos y formas de aprendizaje.<\/li>\n<li><b>Ecoeficiencia y sustentabilidad ambiental:<\/b>\u00a0Promueve la importancia de mejorar la ecoeficiencia e incorporar la dimensi\u00f3n de sustentabilidad ambiental en proyectos de infraestructura educativa en Am\u00e9rica Latina y El Caribe. Al incorporar criterios de ecoeficiencia y sostenibilidad ambiental, se pueden optimizar recursos disponibles, reducir costos a largo plazo y mejorar la eficiencia operativa de las instituciones educativas y sanitarias, adem\u00e1s de generar ahorros sustanciales en el tiempo.<\/li>\n<\/ul>\n","protected":false},"excerpt":{"rendered":"<p>&nbsp; &nbsp; &#8211; No solo se trata de aprender mejor, sino de saber c\u00f3mo crear un entorno que lo facilite. Necesitamos generar cercan\u00eda y confianza&hellip;<\/p>\n","protected":false},"author":99,"featured_media":527783,"comment_status":"open","ping_status":"open","sticky":false,"template":"","format":"standard","meta":{"footnotes":""},"categories":[23],"tags":[],"class_list":["post-527782","post","type-post","status-publish","format-standard","has-post-thumbnail","hentry","category-latinoamerica"],"_links":{"self":[{"href":"https:\/\/diarioelpopular.com\/index.php\/wp-json\/wp\/v2\/posts\/527782","targetHints":{"allow":["GET"]}}],"collection":[{"href":"https:\/\/diarioelpopular.com\/index.php\/wp-json\/wp\/v2\/posts"}],"about":[{"href":"https:\/\/diarioelpopular.com\/index.php\/wp-json\/wp\/v2\/types\/post"}],"author":[{"embeddable":true,"href":"https:\/\/diarioelpopular.com\/index.php\/wp-json\/wp\/v2\/users\/99"}],"replies":[{"embeddable":true,"href":"https:\/\/diarioelpopular.com\/index.php\/wp-json\/wp\/v2\/comments?post=527782"}],"version-history":[{"count":1,"href":"https:\/\/diarioelpopular.com\/index.php\/wp-json\/wp\/v2\/posts\/527782\/revisions"}],"predecessor-version":[{"id":527784,"href":"https:\/\/diarioelpopular.com\/index.php\/wp-json\/wp\/v2\/posts\/527782\/revisions\/527784"}],"wp:featuredmedia":[{"embeddable":true,"href":"https:\/\/diarioelpopular.com\/index.php\/wp-json\/wp\/v2\/media\/527783"}],"wp:attachment":[{"href":"https:\/\/diarioelpopular.com\/index.php\/wp-json\/wp\/v2\/media?parent=527782"}],"wp:term":[{"taxonomy":"category","embeddable":true,"href":"https:\/\/diarioelpopular.com\/index.php\/wp-json\/wp\/v2\/categories?post=527782"},{"taxonomy":"post_tag","embeddable":true,"href":"https:\/\/diarioelpopular.com\/index.php\/wp-json\/wp\/v2\/tags?post=527782"}],"curies":[{"name":"wp","href":"https:\/\/api.w.org\/{rel}","templated":true}]}}