{"id":527786,"date":"2025-01-25T12:37:43","date_gmt":"2025-01-25T16:37:43","guid":{"rendered":"https:\/\/diarioelpopular.com\/?p=527786"},"modified":"2025-01-25T12:37:43","modified_gmt":"2025-01-25T16:37:43","slug":"vicepresidente-nombrada-por-decreto-vuelve-a-asumir-la-presidencia-de-ecuador-en-medio-de-denuncias","status":"publish","type":"post","link":"https:\/\/diarioelpopular.com\/index.php\/2025\/01\/25\/vicepresidente-nombrada-por-decreto-vuelve-a-asumir-la-presidencia-de-ecuador-en-medio-de-denuncias\/","title":{"rendered":"Vicepresidente nombrada por decreto vuelve a asumir la presidencia de Ecuador en medio de denuncias"},"content":{"rendered":"<p><img loading=\"lazy\" decoding=\"async\" class=\"alignnone size-custom-big-size wp-image-527787\" src=\"https:\/\/diarioelpopular.com\/wp-content\/uploads\/2025\/01\/Screen-Shot-2025-01-25-at-11.37.13-AM-1200x635.png\" alt=\"\" width=\"1200\" height=\"635\" srcset=\"https:\/\/diarioelpopular.com\/wp-content\/uploads\/2025\/01\/Screen-Shot-2025-01-25-at-11.37.13-AM-1200x635.png 1200w, https:\/\/diarioelpopular.com\/wp-content\/uploads\/2025\/01\/Screen-Shot-2025-01-25-at-11.37.13-AM-300x159.png 300w, https:\/\/diarioelpopular.com\/wp-content\/uploads\/2025\/01\/Screen-Shot-2025-01-25-at-11.37.13-AM-768x406.png 768w, https:\/\/diarioelpopular.com\/wp-content\/uploads\/2025\/01\/Screen-Shot-2025-01-25-at-11.37.13-AM-1990x1053.png 1990w, https:\/\/diarioelpopular.com\/wp-content\/uploads\/2025\/01\/Screen-Shot-2025-01-25-at-11.37.13-AM-636x337.png 636w, https:\/\/diarioelpopular.com\/wp-content\/uploads\/2025\/01\/Screen-Shot-2025-01-25-at-11.37.13-AM-138x73.png 138w, https:\/\/diarioelpopular.com\/wp-content\/uploads\/2025\/01\/Screen-Shot-2025-01-25-at-11.37.13-AM.png 1024w\" sizes=\"auto, (max-width: 1200px) 100vw, 1200px\" \/><\/p>\n<p>&nbsp;<\/p>\n<p>&nbsp;<\/p>\n<h4 class=\"c-lead__titulo\"><em>&#8211; La vicepresidente elegida por votaci\u00f3n popular ha calificado esta situaci\u00f3n de &#8220;golpe de Estado&#8221;.<\/em><\/h4>\n<p>&nbsp;<\/p>\n<div class=\"paragraph\">Cynthia Gellibert,\u00a0la &#8220;vicepresidente encargada&#8221;\u00a0nombrada por decreto por el presidente de Ecuador, Daniel Noboa, volvi\u00f3 a asumir este viernes la presidencia del pa\u00eds andino\u00a0para que el gobernante pueda dedicarse en el fin de semana a actividades de la campa\u00f1a electoral, con miras a ser reelegido en las elecciones convocadas para el domingo 9 de febrero.<\/div>\n<div id=\"contenido-meter-piano\" class=\"contenido-meter-piano\"><\/div>\n<div id=\"contenido-cerrado-piano\" class=\"contenido-cerrado-piano\">Gellibert, que ejerce habitualmente de secretaria de la Administraci\u00f3n P\u00fablica y Gabinete de la Presidencia, tendr\u00e1 la jefatura del Estado a su cargo desde las 6:00 hora local (11:00 GMT)\u00a0de este viernes hasta las 6:00 hora local del lunes 27 de febrero, seg\u00fan el nuevo decreto publicado el jueves por Noboa para notificar sus tres d\u00edas de &#8220;ausencia&#8221; como mandatario.<\/div>\n<aside class=\"c-add c-add-300x300 gpt-slot-inread\">\n<div class=\"ad-unit\" data-desktop-title=\"Inread\" data-mobile-title=\"Inread\">\n<div data-google-query-id=\"CLDOzK-lkYsDFQ-0pgQdQA8CWg\">\n<div><\/div>\n<div class=\"paragraph\">Desde que comenz\u00f3 la campa\u00f1a electoral el 5 de enero, esta es la tercera vez que la Presidencia queda temporalmente en manos de Gellibert,\u00a0ante la negativa de Noboa de ceder las funciones presidenciales durante el periodo de la campa\u00f1a electoral a la vicepresidente titular, Ver\u00f3nica Abad,\u00a0con quien mantiene un abierto enfrentamiento.<\/div>\n<div><\/div>\n<div class=\"paragraph\">Los anteriores decretos que encargaban la Presidencia a Gellibert han sido impugnados por Abad y se encuentran bajo an\u00e1lisis de la Corte Constitucional, que ha anunciado que dar\u00e1 prioridad a su tratamiento.<\/div>\n<div>\n<h2>Noboa apela a una cuesti\u00f3n de interpretaci\u00f3n legal<\/h2>\n<div class=\"paragraph\">La Constituci\u00f3n ecuatoriana indica que la vicepresidente debe sustituir al presidente en caso de ausencia de este, pero la administraci\u00f3n de Noboa interpreta que esto\u00a0no significa que necesariamente deba recaer en la vicepresidente que fue elegida en votaci\u00f3n popular, sino que puede ser en cualquiera que en ese momento ejerza como vicepresidente.<\/div>\n<div class=\"paragraph\">Precisamente el jueves, Noboa prorrog\u00f3 en un nuevo decreto la designaci\u00f3n de Gellibert como &#8220;vicepresidente encargada&#8221;, ante la negativa de Abad de viajar a Turqu\u00eda, donde el gobernante la envi\u00f3 como consejera de la Embajada de Ecuador en Turqu\u00eda.<\/div>\n<div><\/div>\n<div class=\"paragraph\">Abad fue enviada a la misi\u00f3n diplom\u00e1tica en Turqu\u00eda\u00a0despu\u00e9s de que la Justicia ecuatoriana anulase la suspensi\u00f3n de cinco meses que el Gobierno de Noboa le hab\u00eda impuesto a la vicepresidente por presuntamente no haberse presentado en Ankara en el plazo establecido tras ser evacuada de Tel Aviv, donde ejerc\u00eda como embajadora en Israel.<\/div>\n<div><\/div>\n<div class=\"paragraph\">La vicepresidente titular se mantiene en Quito a la espera de que se resuelvan sus procesos judiciales y\u00a0asumir ella la Presidencia durante el tiempo que queda de campa\u00f1a electoral, que concluye el 6 de febrero.<\/div>\n<div>\n<h2>Abad asegura que el gobierno de Noboa quiere &#8216;tomarse el poder por la fuerza&#8217;<\/h2>\n<div class=\"paragraph\">Abad ha calificado esta situaci\u00f3n de\u00a0&#8220;golpe de Estado&#8221;\u00a0por parte de Noboa al impedirle asumir los poderes presidenciales, e incluso ha reclamado a la Organizaci\u00f3n de Estados Americanos (OEA) la aplicaci\u00f3n de la Carta Democr\u00e1tica Interamericana, al considerar que se ha roto el orden constitucional en el pa\u00eds.<\/div>\n<div><\/div>\n<div class=\"paragraph\">&#8220;Han querido apartarme constantemente del cargo para que no ocurra esto.\u00a0Desde hace un a\u00f1o lo he venido advirtiendo\u00a0a los ecuatorianos, de lo que est\u00e1 claramente dibujado, que es \u00fanicamente tomarse el poder por la fuerza. Hoy ya lo vemos como acciones, y a esos hechos me refiero&#8221;, explic\u00f3 Abad.<\/div>\n<div><\/div>\n<div class=\"paragraph\">&#8220;Lo que he hecho es ampararme bajo las normas de un Estado de derecho, y hoy ha sido claramente violentado&#8221;, manifest\u00f3 la vicepresidente, quien record\u00f3 que fue elegida junto a Noboa dentro del mismo binomio en las elecciones extraordinarias de 2023, celebradas para completar el periodo 2021-2025 que no culmin\u00f3 el expresidente Guillermo Lasso (2021-2023).<\/div>\n<div>\n<div><\/div>\n<div class=\"paragraph\">Pol\u00e9micas como esta ser\u00e1n parte del an\u00e1lisis y evaluaci\u00f3n de la misi\u00f3n de observaci\u00f3n electoral (MOE) de la Uni\u00f3n Europea (UE) para las elecciones de Ecuador, seg\u00fan anticip\u00f3 su jefe, el eurodiputado espa\u00f1ol Gabriel Mato.<\/div>\n<h2>Noboa y Abad enfrentados desde el inicio<\/h2>\n<div class=\"paragraph\">El enfrentamiento entre Noboa y Abad\u00a0comenz\u00f3 en la campa\u00f1a electoral para la segunda vuelta electoral\u00a0para las elecciones extraordinarias de 2023, las primeras de Ecuador donde era obligatorio que los binomios de candidatos a la Presidencia y Vicepresidencia fueran paritarios.<\/div>\n<div><\/div>\n<div class=\"paragraph\">En ese contexto, Noboa se asoci\u00f3 con Abad, una pol\u00edtica derechista de la sure\u00f1a ciudad andina de Cuenca con posturas conservadoras y contactos con el partido espa\u00f1ol de ultraderecha Vox y con la vicepresidente argentina Victoria Villarruel, entre otros pol\u00edticos de tendencia similar.<\/div>\n<div>\n<div><\/div>\n<div class=\"paragraph\">El distanciamiento entre ambos se intensific\u00f3 al asumir los cargos, cuando en una de sus primeras decisiones, el mandatario envi\u00f3 a la vicepresidente a Israel como embajadora, con la misi\u00f3n de buscar la paz entre israel\u00edes y palestinos.<\/div>\n<div><\/div>\n<div class=\"paragraph\">Abad tambi\u00e9n ha acusado a Noboa de encanezar un acoso contra ella\u00a0desde el Gobierno para forzarla a dimitir, mientras que desde el Ejecutivo se le contrademand\u00f3 en los mismos t\u00e9rminos, a la vez que trat\u00f3 sin \u00e9xito en la Asamblea Nacional (Parlamento) que se le levantase el fuero para ser investigada por la Fiscal\u00eda dentro de un caso de presunta corrupci\u00f3n donde est\u00e1 inmerso su hijo<\/div>\n<\/div>\n<\/div>\n<\/div>\n<\/div>\n<\/div>\n<\/div>\n<\/aside>\n","protected":false},"excerpt":{"rendered":"<p>&nbsp; &nbsp; &#8211; La vicepresidente elegida por votaci\u00f3n popular ha calificado esta situaci\u00f3n de &#8220;golpe de Estado&#8221;. &nbsp; Cynthia Gellibert,\u00a0la &#8220;vicepresidente encargada&#8221;\u00a0nombrada por decreto por&hellip;<\/p>\n","protected":false},"author":99,"featured_media":527787,"comment_status":"open","ping_status":"open","sticky":false,"template":"","format":"standard","meta":{"footnotes":""},"categories":[23],"tags":[],"class_list":["post-527786","post","type-post","status-publish","format-standard","has-post-thumbnail","hentry","category-latinoamerica"],"_links":{"self":[{"href":"https:\/\/diarioelpopular.com\/index.php\/wp-json\/wp\/v2\/posts\/527786","targetHints":{"allow":["GET"]}}],"collection":[{"href":"https:\/\/diarioelpopular.com\/index.php\/wp-json\/wp\/v2\/posts"}],"about":[{"href":"https:\/\/diarioelpopular.com\/index.php\/wp-json\/wp\/v2\/types\/post"}],"author":[{"embeddable":true,"href":"https:\/\/diarioelpopular.com\/index.php\/wp-json\/wp\/v2\/users\/99"}],"replies":[{"embeddable":true,"href":"https:\/\/diarioelpopular.com\/index.php\/wp-json\/wp\/v2\/comments?post=527786"}],"version-history":[{"count":1,"href":"https:\/\/diarioelpopular.com\/index.php\/wp-json\/wp\/v2\/posts\/527786\/revisions"}],"predecessor-version":[{"id":527788,"href":"https:\/\/diarioelpopular.com\/index.php\/wp-json\/wp\/v2\/posts\/527786\/revisions\/527788"}],"wp:featuredmedia":[{"embeddable":true,"href":"https:\/\/diarioelpopular.com\/index.php\/wp-json\/wp\/v2\/media\/527787"}],"wp:attachment":[{"href":"https:\/\/diarioelpopular.com\/index.php\/wp-json\/wp\/v2\/media?parent=527786"}],"wp:term":[{"taxonomy":"category","embeddable":true,"href":"https:\/\/diarioelpopular.com\/index.php\/wp-json\/wp\/v2\/categories?post=527786"},{"taxonomy":"post_tag","embeddable":true,"href":"https:\/\/diarioelpopular.com\/index.php\/wp-json\/wp\/v2\/tags?post=527786"}],"curies":[{"name":"wp","href":"https:\/\/api.w.org\/{rel}","templated":true}]}}