{"id":527812,"date":"2025-01-26T13:57:10","date_gmt":"2025-01-26T17:57:10","guid":{"rendered":"https:\/\/diarioelpopular.com\/?p=527812"},"modified":"2025-01-26T13:57:10","modified_gmt":"2025-01-26T17:57:10","slug":"te-vas-a-morir-le-advirtieron-a-gaston-medina-periodista-de-investigacion-y-cumplieron-la-amenaza","status":"publish","type":"post","link":"https:\/\/diarioelpopular.com\/index.php\/2025\/01\/26\/te-vas-a-morir-le-advirtieron-a-gaston-medina-periodista-de-investigacion-y-cumplieron-la-amenaza\/","title":{"rendered":"\u201cTe vas a morir\u201d, le advirtieron a Gast\u00f3n Medina, periodista de investigaci\u00f3n. Y cumplieron la amenaza"},"content":{"rendered":"<div id=\"attachment_527813\" style=\"width: 1210px\" class=\"wp-caption alignnone\"><img loading=\"lazy\" decoding=\"async\" aria-describedby=\"caption-attachment-527813\" class=\"wp-image-527813 size-custom-big-size\" src=\"https:\/\/diarioelpopular.com\/wp-content\/uploads\/2025\/01\/Screen-Shot-2025-01-26-at-12.56.37-PM-1200x700.png\" alt=\"\" width=\"1200\" height=\"700\" srcset=\"https:\/\/diarioelpopular.com\/wp-content\/uploads\/2025\/01\/Screen-Shot-2025-01-26-at-12.56.37-PM-1200x700.png 1200w, https:\/\/diarioelpopular.com\/wp-content\/uploads\/2025\/01\/Screen-Shot-2025-01-26-at-12.56.37-PM-300x175.png 300w, https:\/\/diarioelpopular.com\/wp-content\/uploads\/2025\/01\/Screen-Shot-2025-01-26-at-12.56.37-PM-768x448.png 768w, https:\/\/diarioelpopular.com\/wp-content\/uploads\/2025\/01\/Screen-Shot-2025-01-26-at-12.56.37-PM-636x371.png 636w, https:\/\/diarioelpopular.com\/wp-content\/uploads\/2025\/01\/Screen-Shot-2025-01-26-at-12.56.37-PM-125x73.png 125w, https:\/\/diarioelpopular.com\/wp-content\/uploads\/2025\/01\/Screen-Shot-2025-01-26-at-12.56.37-PM.png 1024w\" sizes=\"auto, (max-width: 1200px) 100vw, 1200px\" \/><p id=\"caption-attachment-527813\" class=\"wp-caption-text\">El periodista Gast\u00f3n Medina.<\/p><\/div>\n<p>&nbsp;<\/p>\n<p>&nbsp;<\/p>\n<h4 class=\"a_st\"><em><strong>&#8211; El locutor radial y director de Cadena Sur TV fue ultimado en la acera de su casa por un sicario en Per\u00fa<\/strong><\/em><\/h4>\n<p>&nbsp;<\/p>\n<p class=\"\">A los sesenta a\u00f1os, Gast\u00f3n Medina Sotomayor era un hombre de prensa, curtido por las amenazas y los asedios del poder. Solo en el 2022, en la puerta de su canal, Cadena Sur TV, en la regi\u00f3n algodonera de Ica, dejaron el cad\u00e1ver de un perro y un arreglo funerario con un sobre que conten\u00eda una bala calibre 38 y dec\u00eda: \u201cGast\u00f3n Medina, te vas a morir\u201d. Tambi\u00e9n embarraron su fachada con excremento y pintura roja y, adem\u00e1s, le dejaron un cartucho de dinamita. Por esos d\u00edas, sus adversarios empapelaron el centro de la ciudad con su rostro y un traje a rayas, donde lo acusaban de chantajista, coimero y agresor de mujeres.<\/p>\n<p class=\"\"><a href=\"https:\/\/www.ifj.org\/media-centre\/news\/detail\/category\/latin-america\/article\/peru-asesinan-a-gaston-medina-sotomayor-en-ica\" target=\"_blank\" rel=\"noopener\" data-link-track-dtm=\"\" data-mrf-link=\"https:\/\/www.ifj.org\/media-centre\/news\/detail\/category\/latin-america\/article\/peru-asesinan-a-gaston-medina-sotomayor-en-ica\">Las intimidaciones se consumaron el \u00faltimo lunes,\u00a0<\/a>tres a\u00f1os despu\u00e9s, en la acera de su casa, en la urbanizaci\u00f3n San Isidro. El reloj a\u00fan no marcaba el mediod\u00eda. Gast\u00f3n Medina estaba por subirse al veh\u00edculo del administrador de Radio Nova para realizar su segundo programa del d\u00eda, cuando un encapuchado, montado en una moto lineal, pas\u00f3 por su costado y descarg\u00f3 su rev\u00f3lver. El periodista cay\u00f3 desplomado, en medio de los gritos del vecindario. Su acompa\u00f1ante, Edwin Uchuya Lazarte, sali\u00f3 ileso y fue quien lo condujo al hospital m\u00e1s cercano, donde solo certificaron su muerte.<\/p>\n<p class=\"\">En su programa matutino, el comunicador, formado en Derecho y Administraci\u00f3n de Empresas, hab\u00eda denunciado gastos sobrevalorados de la alcald\u00eda provincial de Ica y la venta de terrenos del municipio sin autorizaci\u00f3n. Tambi\u00e9n hab\u00eda alertado a la poblaci\u00f3n ique\u00f1a de un asunto muy delicado: que una jovencita hab\u00eda ingresado con una botella de pisco al despacho del coronel Daniel El\u00edas Soto, jefe policial de Chincha, una provincia aleda\u00f1a. \u201cNo me joroben. Trabajen en lo que tienen que hacer: chapar delincuentes [\u2026] Se\u00f1or coronel, si quiere hacer alg\u00fan devaneo en su vida, no me interesa, pero v\u00e1yase a un hotel\u201d, dijo con<a href=\"https:\/\/peru21.pe\/politica\/vivia-bajo-amenaza-por-que-mataron-al-periodista-gaston-medina-en-ica\/\" target=\"_blank\" rel=\"noopener\" data-link-track-dtm=\"\" data-mrf-link=\"https:\/\/peru21.pe\/politica\/vivia-bajo-amenaza-por-que-mataron-al-periodista-gaston-medina-en-ica\/\">\u00a0el estilo directo y popular que lo caracterizaba<\/a>, y que le vali\u00f3 no pocos anticuerpos.<\/p>\n<p class=\"\">Gast\u00f3n Medina Sotomayor es el primer periodista peruano asesinado desde el 2017. Y si bien la cifra, por fortuna, no es tan desoladora como en otros pa\u00edses, se da en un contexto donde la libertad de prensa est\u00e1 en riesgo. La Asociaci\u00f3n Nacional de Periodistas (ANP) document\u00f3 392 ataques contra medios de comunicaci\u00f3n y periodistas peruanos en el 2024. Los n\u00fameros son irrefutables y no han parado de incrementarse: all\u00e1 por el 2007 se registraron 212 episodios, en el 2020 crecieron a 239, en el 2022 superaron por primera vez las trescientas agresiones y en el 2023 fueron 352 ataques.<\/p>\n<p class=\"\">La muerte de Medina Sotomayor tambi\u00e9n ha ocurrido en medio de una ola de criminalidad que el Gobierno de\u00a0<a href=\"https:\/\/elpais.com\/america\/2024-01-23\/destituidos-altos-mandos-de-la-policia-peruana-por-la-agresion-contra-dina-boluarte.html\" target=\"_blank\" rel=\"noopener\" data-link-track-dtm=\"\" data-mrf-link=\"https:\/\/elpais.com\/america\/2024-01-23\/destituidos-altos-mandos-de-la-policia-peruana-por-la-agresion-contra-dina-boluarte.html\">Dina Boluarte no ha podido controlar<\/a>\u00a0y cuyos decretos de Estado de Emergencia han perdido legitimidad en la poblaci\u00f3n. Seg\u00fan el Sistema Inform\u00e1tico de Denuncias Policiales, el 2024 se cerr\u00f3 con 2.509 homicidios, lo cual representa un aumento del 125% en comparaci\u00f3n al 2019, cuando se reportaron 1.113 homicidios. El 2025 no est\u00e1 siendo un llamado a la calma: hasta el 20 de enero, el Sistema de Informaci\u00f3n de Defunciones del Ministerio de Salud registra 106 muertes por homicidios, el n\u00famero m\u00e1s alto desde el 2017.<\/p>\n<p class=\"\">La ANP ha emitido un comunicado sobre el asesinato de Gast\u00f3n Medina, donde ha sido enf\u00e1tica en se\u00f1alar que ser\u00eda un error atribuir el m\u00f3vil a la inseguridad ciudadana o a sus frustradas aspiraciones de ingresar a la vida pol\u00edtica. El periodista candidate\u00f3 al Congreso y al Gobierno Regional hasta en tres oportunidades. \u201cLa probable conexi\u00f3n del crimen con su labor informativa no puede ser descartada. Medina hab\u00eda recibido amenazas de muerte en el pasado, enfrent\u00f3 atentados y fue blanco de animadversiones debido a su estilo frontal y cr\u00edtico. Es inadmisible reducir este hecho a un caso m\u00e1s de inseguridad ciudadana\u201d, dice el documento.<\/p>\n<p class=\"\">La Fiscal\u00eda Penal Supraprovincial Especializada en Derechos Humanos e Interculturalidad, con sede en Pisco, ha iniciado una investigaci\u00f3n preliminar sobre el crimen. A mitad de semana, el ministro del Interior, Juan Jos\u00e9 Santiv\u00e1\u00f1ez, anunci\u00f3 que ya se hab\u00eda identificado al sicario y que ser\u00eda venezolano. No obstante, el general de la Polic\u00eda en Ica, Enrique Samam\u00e9 S\u00e1nchez, lo desminti\u00f3: \u201cHubo un sospechoso detenido, de nacionalidad extranjera, pero fue liberado al no reunir las caracter\u00edsticas del sicario. No coincid\u00eda plenamente\u201d. Santiv\u00e1\u00f1ez, quien carece de prestigio por haber defendido como abogado a organizaciones criminales y polic\u00edas vinculados en actos de corrupci\u00f3n, asegura haber puesto su cargo a disposici\u00f3n en la \u00faltima sesi\u00f3n de Consejo de Ministros.<\/p>\n<p class=\"\">Reporteros Sin Fronteras tambi\u00e9n conden\u00f3 en\u00e9rgicamente el asesinato de Medina. Su director en la oficina de Am\u00e9rica Latina, Artur Romeu, emplaz\u00f3 al Ejecutivo a llegar al meollo del asunto con rigor y transparencia. \u201cGarantizar que se hace justicia con Gast\u00f3n Medina Sotomayor no s\u00f3lo honrar\u00e1 su memoria, sino que tambi\u00e9n enviar\u00e1 un mensaje claro de que no se tolerar\u00e1 la impunidad de los cr\u00edmenes contra periodistas. Una acci\u00f3n de este tipo es crucial para demostrar el compromiso del gobierno con la prevenci\u00f3n de nuevos actos de violencia y la protecci\u00f3n de la libertad de prensa. El sistema judicial debe cumplir con su deber para garantizar que este caso no quede impune\u201d.<\/p>\n<p class=\"\">No solo el gremio period\u00edstico ha lamentado la partida del hombre de prensa, sino tambi\u00e9n el mundo del entretenimiento. Antes de denunciar a los funcionarios p\u00fablicos, Gast\u00f3n Medina fue un reconocido locutor de programas radiales de rock pop en los a\u00f1os ochenta, conocido con el apelativo de Wolfie. Por estos d\u00edas se ha recordado una entrevista suya con Gustavo Cerati, la leyenda de Soda Stereo. Cucho Galarza, l\u00edder del Grupo R\u00edo, ha tenido sentidas palabras para quien fue su jefe de prensa. \u201cFue un gran amigo y ayud\u00f3 mucho a la movida del rock. Estuve con \u00e9l la semana pasada y me cont\u00f3 que estaba siendo amenazado. Me apena mucho por su mujer y su peque\u00f1o hijo\u201d, sostuvo. Gast\u00f3n Medina deja en la orfandad a un hijo de diez a\u00f1os que lleva su nombre.<\/p>\n<p class=\"\">Este domingo se convoc\u00f3 una marcha y una vigila en la plazuela Barranca, en Ica, para exigir respuestas. Los familiares del periodista han se\u00f1alado que uno de sus adversarios m\u00e1s ac\u00e9rrimos era el gobernador de Ica, Javier Gallegos, quien afronta una denuncia por presunta organizaci\u00f3n criminal. Hace unos meses, durante una capacitaci\u00f3n period\u00edstica, Gast\u00f3n Medina tom\u00f3 la palabra para narrar todas las represalias que se hab\u00eda ganado por cumplir con su deber. Ten\u00eda el deseo de formar una red de protecci\u00f3n para sus colegas. \u201cAs\u00ed cuando toquen a uno, todos sacaremos cara para defenderlo, porque nos enfrentamos a poderes demasiado fuertes\u201d.<\/p>\n<p>&nbsp;<\/p>\n","protected":false},"excerpt":{"rendered":"<p>&nbsp; &nbsp; &#8211; El locutor radial y director de Cadena Sur TV fue ultimado en la acera de su casa por un sicario en Per\u00fa&hellip;<\/p>\n","protected":false},"author":99,"featured_media":527813,"comment_status":"open","ping_status":"open","sticky":false,"template":"","format":"standard","meta":{"footnotes":""},"categories":[23],"tags":[],"class_list":["post-527812","post","type-post","status-publish","format-standard","has-post-thumbnail","hentry","category-latinoamerica"],"_links":{"self":[{"href":"https:\/\/diarioelpopular.com\/index.php\/wp-json\/wp\/v2\/posts\/527812","targetHints":{"allow":["GET"]}}],"collection":[{"href":"https:\/\/diarioelpopular.com\/index.php\/wp-json\/wp\/v2\/posts"}],"about":[{"href":"https:\/\/diarioelpopular.com\/index.php\/wp-json\/wp\/v2\/types\/post"}],"author":[{"embeddable":true,"href":"https:\/\/diarioelpopular.com\/index.php\/wp-json\/wp\/v2\/users\/99"}],"replies":[{"embeddable":true,"href":"https:\/\/diarioelpopular.com\/index.php\/wp-json\/wp\/v2\/comments?post=527812"}],"version-history":[{"count":1,"href":"https:\/\/diarioelpopular.com\/index.php\/wp-json\/wp\/v2\/posts\/527812\/revisions"}],"predecessor-version":[{"id":527814,"href":"https:\/\/diarioelpopular.com\/index.php\/wp-json\/wp\/v2\/posts\/527812\/revisions\/527814"}],"wp:featuredmedia":[{"embeddable":true,"href":"https:\/\/diarioelpopular.com\/index.php\/wp-json\/wp\/v2\/media\/527813"}],"wp:attachment":[{"href":"https:\/\/diarioelpopular.com\/index.php\/wp-json\/wp\/v2\/media?parent=527812"}],"wp:term":[{"taxonomy":"category","embeddable":true,"href":"https:\/\/diarioelpopular.com\/index.php\/wp-json\/wp\/v2\/categories?post=527812"},{"taxonomy":"post_tag","embeddable":true,"href":"https:\/\/diarioelpopular.com\/index.php\/wp-json\/wp\/v2\/tags?post=527812"}],"curies":[{"name":"wp","href":"https:\/\/api.w.org\/{rel}","templated":true}]}}