{"id":527832,"date":"2025-01-26T19:19:35","date_gmt":"2025-01-26T23:19:35","guid":{"rendered":"https:\/\/diarioelpopular.com\/?p=527832"},"modified":"2025-01-26T19:19:35","modified_gmt":"2025-01-26T23:19:35","slug":"trump-anuncia-aranceles-del-25-a-colombia-por-rechazar-el-aterrizaje-de-dos-vuelos-con-migrantes-deportados","status":"publish","type":"post","link":"https:\/\/diarioelpopular.com\/index.php\/2025\/01\/26\/trump-anuncia-aranceles-del-25-a-colombia-por-rechazar-el-aterrizaje-de-dos-vuelos-con-migrantes-deportados\/","title":{"rendered":"Trump anuncia aranceles del 25% a Colombia por rechazar el aterrizaje de dos vuelos con migrantes deportados"},"content":{"rendered":"<p><img loading=\"lazy\" decoding=\"async\" class=\"alignnone size-custom-full-size wp-image-527833\" src=\"https:\/\/diarioelpopular.com\/wp-content\/uploads\/2025\/01\/Screen-Shot-2025-01-26-at-6.19.07-PM-636x462.png\" alt=\"\" width=\"636\" height=\"462\" srcset=\"https:\/\/diarioelpopular.com\/wp-content\/uploads\/2025\/01\/Screen-Shot-2025-01-26-at-6.19.07-PM-636x462.png 636w, https:\/\/diarioelpopular.com\/wp-content\/uploads\/2025\/01\/Screen-Shot-2025-01-26-at-6.19.07-PM-300x218.png 300w, https:\/\/diarioelpopular.com\/wp-content\/uploads\/2025\/01\/Screen-Shot-2025-01-26-at-6.19.07-PM-768x558.png 768w, https:\/\/diarioelpopular.com\/wp-content\/uploads\/2025\/01\/Screen-Shot-2025-01-26-at-6.19.07-PM-100x73.png 100w, https:\/\/diarioelpopular.com\/wp-content\/uploads\/2025\/01\/Screen-Shot-2025-01-26-at-6.19.07-PM.png 872w\" sizes=\"auto, (max-width: 636px) 100vw, 636px\" \/><\/p>\n<p>&nbsp;<\/p>\n<h4 class=\"a_st\"><em>&#8211; La primera imposici\u00f3n de grav\u00e1menes de la Administraci\u00f3n republicana va acompa\u00f1ada de la revocaci\u00f3n inmediata de visados a los funcionarios del Gobierno de Petro. El presidente respondi\u00f3 con la misma sanci\u00f3n: aranceles del 25%<\/em><\/h4>\n<p>&nbsp;<\/p>\n<p class=\"\">El presidente de Estados Unidos, Donald Trump, ha anunciado este domingo la imposici\u00f3n de aranceles a Colombia despu\u00e9s de que este pa\u00eds no permitiera aterrizar a dos vuelos de repatriaci\u00f3n de migrantes indocumentados. La activaci\u00f3n de un gravamen del 25% a todos los bienes colombianos se elevar\u00e1 al 50% en una semana, seg\u00fan ha informado el mandatario en su red Truth Social.<\/p>\n<p class=\"\">Como respuesta, tres horas despu\u00e9s del anuncio de Trump, Petro orden\u00f3 a su ministro de Comercio Exterior que elevara los aranceles de importaciones estadounidenses en un 25%. \u201cLos productos norteamericanos cuyo precio subir\u00e1 dentro de la econom\u00eda nacional deben ser reemplazados por producci\u00f3n nacional, el gobierno ayudar\u00e1 en este prop\u00f3sito\u201d, a\u00f1adi\u00f3 Petro en X, apuntando que subir\u00e1 al 50% el gravamen si Trump, que se refiri\u00f3 a \u201cColumbia\u201d al mencionar al pa\u00eds sudamericano, hace lo mismo.<\/p>\n<p class=\"\">La de este domingo no solo es la primera represalia que adopta la Administraci\u00f3n republicana contra otro pa\u00eds por temas migratorios: tambi\u00e9n es el primer anuncio formal de aranceles, a pesar de las repetidas amenazas proferidas por el republicano durante la campa\u00f1a y \u2014m\u00e1s recientemente\u2014 en su toma de posesi\u00f3n, el pasado lunes. Estas medidas, ha indicado el mandatario, \u201cson solo el comienzo\u201d. \u201c\u00a1No permitiremos que el Gobierno Colombiano viole sus obligaciones legales con respecto a la aceptaci\u00f3n y retorno de los Criminales que ellos forzaron a entrar a los Estados Unidos!\u201d, concluye el\u00a0<i>post\u00a0<\/i>del republicano.<\/p>\n<p class=\"\">Al margen de lo puramente comercial, el anuncio de Trump incluye un paquete m\u00e1s amplio de sanciones. A los \u201caranceles de emergencia\u201d se suma \u201cla prohibici\u00f3n de viajar y la revocaci\u00f3n inmediata de visados a los funcionarios del Gobierno colombiano y a todos sus aliados y simpatizantes; sanciones relativas a visas a todos los miembros del partido, familiares y simpatizantes del Gobierno colombiano; inspecciones reforzadas de aduanas de todos los nacionales colombianos y de la carga por motivos de seguridad nacional e imposici\u00f3n total de sanciones fiscales, bancarias y financieras\u201d, seg\u00fan se lee en la publicaci\u00f3n de Truth Social.<\/p>\n<p class=\"\">Menos de una semana despu\u00e9s de que\u00a0<a href=\"https:\/\/elpais.com\/noticias\/donald-trump\/\" target=\"_blank\" rel=\"noopener\" data-link-track-dtm=\"\" data-mrf-link=\"https:\/\/elpais.com\/noticias\/donald-trump\/\">Trump<\/a>\u00a0asumiera de nuevo la presidencia de la primera potencia mundial, su Administraci\u00f3n ha chocado frontalmente con el Gobierno de izquierda de Gustavo Petro en Colombia. El mandatario sudamericano hab\u00eda anunciado en la madrugada de este domingo que no permitir\u00e1 la llegada de vuelos militares norteamericanos con colombianos deportados. Estaba previsto, sin embargo, que el domingo llegaran dos de estos vuelos con al menos 160 personas a bordo. Seg\u00fan ha explicado posteriormente el secretario de Estado estadounidense, Marco Rubio, el presidente colombiano hab\u00eda autorizado inicialmente los vuelos, para m\u00e1s tarde cancelar el permiso de entrada cuando los aparatos ya estaban en el aire.<\/p>\n<p class=\"\">El republicano ha respondido horas despu\u00e9s al rechazo de Petro con la suspensi\u00f3n por tiempo indeterminado de las operaciones en la secci\u00f3n de visas de su embajada en Bogot\u00e1. Y tambi\u00e9n con la promesa de m\u00e1s represalias, que han culminado en forma de aranceles.<\/p>\n<p class=\"\">Para la econom\u00eda de Colombia, las exportaciones a Estados Unidos son fundamentales. Una cuarta parte del total tienen como destino el pa\u00eds norteamericano, seg\u00fan datos de 2022, y se concentran en productos b\u00e1sicos: casi un 40% fue petr\u00f3leo crudo, otro 11% caf\u00e9 y un 10,5%, flores. Ese \u00faltimo sector, con epicentros cerca de Bogot\u00e1 y Medell\u00edn y 200.000 empleos \u2014la mitad de ellos de mujeres cabeza de familia\u2014, aparece como el primer damnificado: la celebraci\u00f3n de San Valent\u00edn es momento \u00e1lgido de ventas a Estados Unidos, con el 20% de todas las exportaciones en 2023. El segundo exportador de flores en el mundo esperaba enviar este a\u00f1o 45.000 toneladas de flores, por valor de 40 millones de d\u00f3lares (38 millones de euros).<\/p>\n<p class=\"\">El endurecimiento de la pol\u00edtica migratoria fue uno de los ejes de la campa\u00f1a del magnate, y tambi\u00e9n uno de los asuntos que concentraron el aluvi\u00f3n de \u00f3rdenes ejecutivas que han definido su agenda de gobierno. Solo en su primer d\u00eda en la Casa Blanca fueron detenidos en EE UU m\u00e1s de 300 migrantes en redadas. \u201cLa operaci\u00f3n de deportaci\u00f3n masiva m\u00e1s grande de la historia est\u00e1 en marcha. Promesas hechas. Promesas cumplidas\u201d, dec\u00eda un comunicado gubernamental emitido el viernes. Colombia es uno de los principales pa\u00edses emisores de migrantes a EE UU, y Petro ha exigido un \u201ctratamiento digno\u201d a quienes sean enviados de vuelta al pa\u00eds.<\/p>\n<p class=\"\">En un comunicado oficial de Presidencia, el Gobierno colombiano confirm\u00f3 su participaci\u00f3n en la Asamblea Extraordinaria de la Comunidad de Estados Latinoamericanos y Caribe\u00f1os (Celac), convocada para el pr\u00f3ximo 30 de enero, donde se abordar\u00e1n temas cruciales como la cooperaci\u00f3n entre pa\u00edses miembros en materia migratoria y la protecci\u00f3n de los derechos humanos. Paralelamente, anunciaron que se dispondr\u00e1 del avi\u00f3n presidencial para facilitar el retorno digno de los connacionales que iban a llegar hoy a Colombia. \u201cDe ninguna manera los colombianos, como patriotas y sujetos de derechos, han sido ni ser\u00e1n desterrados del territorio colombiano\u201d, se lee.<\/p>\n<div id=\"sum_twitter\" class=\"a_em _df\" data-oembed-type=\"twitter\">\n<p class=\"\">Como respuesta, la secretar\u00eda de Estado norteamericana anunci\u00f3 en la ma\u00f1ana del domingo que suspender\u00e1 temporalmente el tr\u00e1mite y expedici\u00f3n de visas en Bogot\u00e1, medida que afecta a miles de colombianos. Petro, a su vez, respondi\u00f3 recordando que hay 15.560 estadounidenses establecidos de forma irregular en Colombia y exigiendo que se presenten a las autoridades locales.<\/p>\n<h3 class=\"\">\u201cPor la dignidad de todos los colombianos\u201d<\/h3>\n<p class=\"\">Laura Sarabia, la\u00a0<i>n\u00famero dos<\/i>\u00a0del presidente de izquierdas y quien asumir\u00e1 como canciller el pr\u00f3ximo 1 de febrero,\u00a0<a href=\"https:\/\/x.com\/laurisarabia\/status\/1883555605220315216\" target=\"_blank\" rel=\"noopener\" data-link-track-dtm=\"\" data-mrf-link=\"https:\/\/x.com\/laurisarabia\/status\/1883555605220315216\">tambi\u00e9n se pronunci\u00f3 en X<\/a>\u00a0(antes Twitter). Asegur\u00f3 que el Gobierno reafirma su compromiso con un regreso \u201cdigno\u201d de sus connacionales, a partir de tres puntos: \u201cGarantizar un trato respetuoso y humano, asegurar condiciones adecuadas, con transporte civil y digno, abiertos al di\u00e1logo con EE UU para verificar protocolos y fortalecerlos\u201d. Y zanj\u00f3: \u201cPor la dignidad de todos los colombianos\u201d.<\/p>\n<p class=\"\">Hace poco m\u00e1s de un a\u00f1o, durante el mandato de Joe Biden, Colombia y Estados Unidos hab\u00edan firmado un nuevo protocolo para el retorno de nacionales repatriados o deportados que aceler\u00f3 el proceso y ampli\u00f3 la frecuencia de los vuelos a un promedio de cuatro por mes. Este acuerdo fue conculcado con la promesa de expulsar a todos los inmigrantes irregulares \u201cmasivamente\u201d del pa\u00eds que ahora preside Trump.<\/p>\n<p class=\"\">La negativa de Petro se produce en medio de la pol\u00e9mica existente en varios pa\u00edses de Am\u00e9rica Latina por el endurecimiento de las medidas migratorias en Washington. El Gobierno de Brasil denunci\u00f3 este s\u00e1bado el uso de esposas por parte de las autoridades estadounidenses contra ciudadanos del pa\u00eds, acusados de cr\u00edmenes, durante un vuelo de deportaci\u00f3n. El ministro de Justicia y Seguridad P\u00fablica, Ricardo Lewandowski, orden\u00f3 a la Polic\u00eda Federal que pidiera a los agentes la retirada \u201cinmediata\u201d de las mismas, en cuanto el avi\u00f3n hizo una parada t\u00e9cnica en la ciudad de Manaus.<\/p>\n<p class=\"\">Mientras, constituye una inc\u00f3gnita c\u00f3mo proceder\u00e1 Washington en la devoluci\u00f3n de sin papeles a pa\u00edses con los que mantiene relaciones tensas o incluso inexistentes, como Venezuela \u2014desde 2022 han llegado a Estados Unidos decenas de miles de venezolanos\u2014, el jueves fueron devueltos a Guatemala en aviones militares los primeros deportados de ese origen. La expulsi\u00f3n de personas sin papeles contin\u00faa por los puertos de entrada terrestres a lo largo de la frontera sur de EE UU, aunque M\u00e9xico tambi\u00e9n pareci\u00f3 dar la vuelta a un vuelo militar con destino al pa\u00eds la semana pasada, seg\u00fan inform\u00f3 la CNN.<\/p>\n<p class=\"\">La presidente de M\u00e9xico, Claudia Sheinbaum, prometi\u00f3 este viernes que habr\u00e1 una estrategia integral para garantizar empleo y programas sociales para las personas repatriadas. \u201cNos hemos estado preparando para recibir a las y a los mexicanos que tengan un espacio en la frontera y en otros lugares para que puedan tener acceso a los programas sociales, al empleo, a poderse mover en nuestro territorio nacional para ir a sus lugares de origen\u201d, se\u00f1al\u00f3 la mandataria durante su conferencia matutina.<\/p>\n<p class=\"\">Los mexicanos son cerca de la mitad de los 11 millones de indocumentados en Estados Unidos y sus remesas representan casi el 4% del producto interior bruto (PIB) de M\u00e9xico, que en 2024 habr\u00eda recibido un estimado de 65.000 millones de d\u00f3lares.<\/p>\n<\/div>\n","protected":false},"excerpt":{"rendered":"<p>&nbsp; &#8211; La primera imposici\u00f3n de grav\u00e1menes de la Administraci\u00f3n republicana va acompa\u00f1ada de la revocaci\u00f3n inmediata de visados a los funcionarios del Gobierno de&hellip;<\/p>\n","protected":false},"author":99,"featured_media":527833,"comment_status":"open","ping_status":"open","sticky":false,"template":"","format":"standard","meta":{"footnotes":""},"categories":[23],"tags":[],"class_list":["post-527832","post","type-post","status-publish","format-standard","has-post-thumbnail","hentry","category-latinoamerica"],"_links":{"self":[{"href":"https:\/\/diarioelpopular.com\/index.php\/wp-json\/wp\/v2\/posts\/527832","targetHints":{"allow":["GET"]}}],"collection":[{"href":"https:\/\/diarioelpopular.com\/index.php\/wp-json\/wp\/v2\/posts"}],"about":[{"href":"https:\/\/diarioelpopular.com\/index.php\/wp-json\/wp\/v2\/types\/post"}],"author":[{"embeddable":true,"href":"https:\/\/diarioelpopular.com\/index.php\/wp-json\/wp\/v2\/users\/99"}],"replies":[{"embeddable":true,"href":"https:\/\/diarioelpopular.com\/index.php\/wp-json\/wp\/v2\/comments?post=527832"}],"version-history":[{"count":1,"href":"https:\/\/diarioelpopular.com\/index.php\/wp-json\/wp\/v2\/posts\/527832\/revisions"}],"predecessor-version":[{"id":527834,"href":"https:\/\/diarioelpopular.com\/index.php\/wp-json\/wp\/v2\/posts\/527832\/revisions\/527834"}],"wp:featuredmedia":[{"embeddable":true,"href":"https:\/\/diarioelpopular.com\/index.php\/wp-json\/wp\/v2\/media\/527833"}],"wp:attachment":[{"href":"https:\/\/diarioelpopular.com\/index.php\/wp-json\/wp\/v2\/media?parent=527832"}],"wp:term":[{"taxonomy":"category","embeddable":true,"href":"https:\/\/diarioelpopular.com\/index.php\/wp-json\/wp\/v2\/categories?post=527832"},{"taxonomy":"post_tag","embeddable":true,"href":"https:\/\/diarioelpopular.com\/index.php\/wp-json\/wp\/v2\/tags?post=527832"}],"curies":[{"name":"wp","href":"https:\/\/api.w.org\/{rel}","templated":true}]}}