{"id":527857,"date":"2025-01-27T11:16:45","date_gmt":"2025-01-27T15:16:45","guid":{"rendered":"https:\/\/diarioelpopular.com\/?p=527857"},"modified":"2025-01-27T11:16:45","modified_gmt":"2025-01-27T15:16:45","slug":"coopera-por-tu-bien-por-que-el-choque-con-petro-es-un-mensaje-de-trump-para-todos-los-lideres-mundiales","status":"publish","type":"post","link":"https:\/\/diarioelpopular.com\/index.php\/2025\/01\/27\/coopera-por-tu-bien-por-que-el-choque-con-petro-es-un-mensaje-de-trump-para-todos-los-lideres-mundiales\/","title":{"rendered":"Coopera por tu bien: por qu\u00e9 el choque con Petro es un mensaje de Trump para todos los l\u00edderes mundiales"},"content":{"rendered":"<div id=\"attachment_527858\" style=\"width: 646px\" class=\"wp-caption alignnone\"><img loading=\"lazy\" decoding=\"async\" aria-describedby=\"caption-attachment-527858\" class=\"wp-image-527858 size-custom-full-size\" src=\"https:\/\/diarioelpopular.com\/wp-content\/uploads\/2025\/01\/Screen-Shot-2025-01-27-at-10.16.02-AM-636x359.png\" alt=\"\" width=\"636\" height=\"359\" srcset=\"https:\/\/diarioelpopular.com\/wp-content\/uploads\/2025\/01\/Screen-Shot-2025-01-27-at-10.16.02-AM-636x359.png 636w, https:\/\/diarioelpopular.com\/wp-content\/uploads\/2025\/01\/Screen-Shot-2025-01-27-at-10.16.02-AM-300x169.png 300w, https:\/\/diarioelpopular.com\/wp-content\/uploads\/2025\/01\/Screen-Shot-2025-01-27-at-10.16.02-AM-768x433.png 768w, https:\/\/diarioelpopular.com\/wp-content\/uploads\/2025\/01\/Screen-Shot-2025-01-27-at-10.16.02-AM-129x73.png 129w, https:\/\/diarioelpopular.com\/wp-content\/uploads\/2025\/01\/Screen-Shot-2025-01-27-at-10.16.02-AM.png 1024w\" sizes=\"auto, (max-width: 636px) 100vw, 636px\" \/><p id=\"caption-attachment-527858\" class=\"wp-caption-text\">El gobierno de Trump logr\u00f3 que Petro aceptara los t\u00e9rminos de las deportaciones de migrantes a Colombia.<\/p><\/div>\n<p>&nbsp;<\/p>\n<p>&nbsp;<\/p>\n<div class=\"bbc-19j92fr ebmt73l0\" dir=\"ltr\">\n<ul>\n<li class=\"bbc-hhl7in e17g058b0\" dir=\"ltr\"><em><b>El presidente Petro recula. A menos de una semana de asumir la presidencia, Donald Trump gener\u00f3 su primera disputa arancelaria internacional.<\/b><\/em><\/li>\n<\/ul>\n<\/div>\n<div class=\"bbc-19j92fr ebmt73l0\" dir=\"ltr\">\n<p dir=\"ltr\">\n<p dir=\"ltr\">\n<p class=\"bbc-hhl7in e17g058b0\" dir=\"ltr\">Y el objetivo no fue China, M\u00e9xico o Canad\u00e1, blancos frecuentes de su ira, sino Colombia, uno de los aliados m\u00e1s cercanos de Estados Unidos en Sudam\u00e9rica.<\/p>\n<\/div>\n<div class=\"bbc-19j92fr ebmt73l0\" dir=\"ltr\">\n<p class=\"bbc-hhl7in e17g058b0\" dir=\"ltr\">El delito de Colombia fue negarse a permitir el aterrizaje de dos vuelos estadounidenses que transportaban a migrantes y delincuentes deportados porque eran aviones militares y no civiles. Eso parece haber sido suficiente para que Trump soltara el martillo.<\/p>\n<\/div>\n<div class=\"bbc-19j92fr ebmt73l0\" dir=\"ltr\">\n<p class=\"bbc-hhl7in e17g058b0\" dir=\"ltr\">&#8220;No permitiremos que el gobierno colombiano viole sus obligaciones legales con respecto a la aceptaci\u00f3n y el regreso de los muchos criminales que forzaron a entrar en Estados Unidos&#8221;, public\u00f3 Trump en su sitio de redes sociales.<\/p>\n<\/div>\n<div class=\"bbc-19j92fr ebmt73l0\" dir=\"ltr\">\n<p class=\"bbc-hhl7in e17g058b0\" dir=\"ltr\">Adem\u00e1s de los aranceles del 25% que ofreci\u00f3 imponer de inmediato, Trump dijo que Estados Unidos introducir\u00eda una prohibici\u00f3n de viajes y revocar\u00eda de forma &#8220;inmediata&#8221; las visas a los funcionarios del gobierno colombiano, as\u00ed como a sus aliados y partidarios.<\/p>\n<\/div>\n<div class=\"bbc-19j92fr ebmt73l0\" dir=\"ltr\">\n<p class=\"bbc-hhl7in e17g058b0\" dir=\"ltr\">A \u00faltimas horas del domingo, sin embargo, el gobierno de Petro dio reverso a su negativa y anunci\u00f3 que hab\u00eda superado, lo que Petro llam\u00f3 como un &#8220;<i class=\"bbc-h1y5j7 eih42320\">impasse<\/i>&#8221; con la Casa Blanca y debido al gran enojo y reclamo del sector comercial, se vio obligado a declarar que aceptar\u00eda recibir a los migrantes deportados por Estados Unidos.<\/p>\n<\/div>\n<div class=\"bbc-19j92fr ebmt73l0\" dir=\"ltr\">\n<p class=\"bbc-hhl7in e17g058b0\" dir=\"ltr\">Durante su primera semana en el cargo, el presidente estadounidense pareci\u00f3 priorizar las medidas ejecutivas en materia de migraci\u00f3n por sobre las comerciales, incluso si estas \u00faltimas fueron una promesa clave de campa\u00f1a.<\/p>\n<\/div>\n<div class=\"bbc-19j92fr ebmt73l0\" dir=\"ltr\">\n<p class=\"bbc-hhl7in e17g058b0\" dir=\"ltr\">Para enfatizar ese punto, por primera vez el presidente us\u00f3 los aranceles para castigar a un pa\u00eds que, en su opini\u00f3n, no apoyaba lo suficiente las nuevas pol\u00edticas migratorias de l\u00ednea dura de Estados Unidos.<\/p>\n<\/div>\n<div class=\"bbc-19j92fr ebmt73l0\" dir=\"ltr\">\n<p class=\"bbc-hhl7in e17g058b0\" dir=\"ltr\">En un d\u00eda en el que Trump no ten\u00eda previstas apariciones p\u00fablicas (se encuentra en su resort de Miami, despu\u00e9s de haber jugado golf por la ma\u00f1ana), el presidente decidi\u00f3 dar un ejemplo con Colombia.<\/p>\n<\/div>\n<div class=\"bbc-19j92fr ebmt73l0\" dir=\"ltr\">\n<p class=\"bbc-hhl7in e17g058b0\" dir=\"ltr\">Y con ello, Trump est\u00e1 enviando una clara advertencia a los aliados y a los adversarios de Estados Unidos por igual: si no cooperan con Estados Unidos, las consecuencias ser\u00e1n severas.<\/p>\n<p dir=\"ltr\">\n<\/div>\n<figure class=\"bbc-1qn0xuy\">\n<div class=\"bbc-18ywsw9\">\n<div style=\"width: 810px\" class=\"wp-caption alignnone\"><img loading=\"lazy\" decoding=\"async\" class=\"bbc-139onq\" src=\"https:\/\/ichef.bbci.co.uk\/ace\/ws\/640\/cpsprodpb\/a161\/live\/59bb3d00-dc67-11ef-902e-cf9b84dc1357.jpg.webp\" alt=\"Migrantes deportados\" width=\"800\" height=\"450\" \/><p class=\"wp-caption-text\">Fuente de la imagen,Cortes\u00eda de la Casa Blanca.\u00a0\u00a0La Casa Blanca public\u00f3 im\u00e1genes de migrantes deportados en aviones militares.<\/p><\/div>\n<p class=\"bbc-by8ykd\" role=\"text\">\n<\/div>\n<\/figure>\n<div class=\"bbc-19j92fr ebmt73l0\" dir=\"ltr\">\n<h2 id=\"Trabajar-con-otros-pa\u00edses\" class=\"bbc-1lgzob2 eglt09e0\" tabindex=\"-1\">Trabajar con otros pa\u00edses<\/h2>\n<\/div>\n<div class=\"bbc-19j92fr ebmt73l0\" dir=\"ltr\">\n<p class=\"bbc-hhl7in e17g058b0\" dir=\"ltr\">Aunque finalmente el gobierno izquierdista de Petro tuvo que aceptar los t\u00e9rminos de las deportaciones despu\u00e9s de que el mandatario critic\u00f3 duramente a su hom\u00f3logo estadounidense en las redes sociales, funcionarios entrantes han se\u00f1alado que la pol\u00edtica migratoria de Estados Unidos requerir\u00e1 mirar m\u00e1s all\u00e1 de la frontera con M\u00e9xico.<\/p>\n<\/div>\n<div class=\"bbc-19j92fr ebmt73l0\" dir=\"ltr\">\n<p class=\"bbc-hhl7in e17g058b0\" dir=\"ltr\">El candidato de Trump para subsecretario de Estado, Christopher Landau, ha sostenido durante mucho tiempo que &#8220;trabajar con otros pa\u00edses para detener esos flujos migratorios&#8221; debe ser un &#8220;imperativo global de la pol\u00edtica exterior estadounidense&#8221;.<\/p>\n<\/div>\n<div class=\"bbc-19j92fr ebmt73l0\" dir=\"ltr\">\n<p class=\"bbc-hhl7in e17g058b0\" dir=\"ltr\">Sin embargo, la disputa del domingo podr\u00eda dificultar que trabajen juntos.<\/p>\n<\/div>\n<div class=\"bbc-19j92fr ebmt73l0\" dir=\"ltr\">\n<p class=\"bbc-hhl7in e17g058b0\" dir=\"ltr\">Cada a\u00f1o, decenas de miles de migrantes de todo el mundo, desde India hasta China, se dirigen hacia Estados Unidos despu\u00e9s de aterrizar en Am\u00e9rica del Sur y viajar a trav\u00e9s del Tap\u00f3n del Dari\u00e9n, un punto clave en el norte de la frontera con Colombia, y que comparte con Panam\u00e1.<\/p>\n<\/div>\n<div class=\"bbc-19j92fr ebmt73l0\" dir=\"ltr\">\n<p class=\"bbc-hhl7in e17g058b0\" dir=\"ltr\">Es un viaje peligroso, en el que los migrantes suelen afrontar la presencia de bandas criminales aparte de las inclemencias del terreno.<\/p>\n<p dir=\"ltr\">\n<\/div>\n<figure class=\"bbc-1qn0xuy\">\n<div class=\"bbc-18ywsw9\">\n<div style=\"width: 1034px\" class=\"wp-caption alignnone\"><img loading=\"lazy\" decoding=\"async\" class=\"bbc-139onq\" src=\"https:\/\/ichef.bbci.co.uk\/ace\/ws\/640\/cpsprodpb\/82f6\/live\/8cfc6c70-dc67-11ef-902e-cf9b84dc1357.jpg.webp\" alt=\"Migrantes que cruzan el Dari\u00e9n \" width=\"1024\" height=\"575\" \/><p class=\"wp-caption-text\">Fuente de la imagen,Reuters.\u00a0\u00a0El cruce de migrantes por el Tap\u00f3n del Dari\u00e9n es un tema sensible de discusi\u00f3n entre Colombia y EE.UU.<\/p><\/div>\n<\/div>\n<\/figure>\n<div class=\"bbc-19j92fr ebmt73l0\" dir=\"ltr\">\n<p dir=\"ltr\">\n<p dir=\"ltr\">\n<p class=\"bbc-hhl7in e17g058b0\" dir=\"ltr\">Las medidas de represalia de Estados Unidos podr\u00edan hacer m\u00e1s dif\u00edcil que el gobierno de Trump trabaje con Colombia en este tema.<\/p>\n<\/div>\n<div class=\"bbc-19j92fr ebmt73l0\" dir=\"ltr\">\n<p class=\"bbc-hhl7in e17g058b0\" dir=\"ltr\">Petro aludi\u00f3 a esto en su respuesta a las acciones de Trump, se\u00f1alando que si se suspenden las conversaciones sobre la gesti\u00f3n de la migraci\u00f3n a trav\u00e9s del Dari\u00e9n, &#8220;las actividades ilegales aumentar\u00e1n&#8221;.<\/p>\n<\/div>\n<div class=\"bbc-19j92fr ebmt73l0\" dir=\"ltr\">\n<p class=\"bbc-hhl7in e17g058b0\" dir=\"ltr\">Esos comentarios podr\u00edan interpretarse como una amenaza velada de que vendr\u00e1n m\u00e1s migrantes indocumentados.<\/p>\n<\/div>\n<div class=\"bbc-19j92fr ebmt73l0\" dir=\"ltr\">\n<p class=\"bbc-hhl7in e17g058b0\" dir=\"ltr\">Petro se apresur\u00f3 a decir que su pa\u00eds no rechazar\u00eda a los ciudadanos colombianos, delincuentes o no, deportados de Estados Unidos, solo que deben recibir un &#8220;trato digno&#8221;. Incluso ofreci\u00f3 el uso de su avi\u00f3n presidencial como medio de transporte alternativo.<\/p>\n<\/div>\n<div class=\"bbc-19j92fr ebmt73l0\" dir=\"ltr\">\n<p class=\"bbc-hhl7in e17g058b0\" dir=\"ltr\">Sin embargo, el mandatario colombiano se vio obligado a aceptar los t\u00e9rminos de las deportaciones, despu\u00e9s de retractarse en su posici\u00f3n de responder a Estados Unidos con la implementaci\u00f3n de aranceles similares a los productos estadounidenses importados a Colombia.<\/p>\n<\/div>\n<div class=\"bbc-19j92fr ebmt73l0\" dir=\"ltr\">\n<p class=\"bbc-hhl7in e17g058b0\" dir=\"ltr\">Aunque fue un domingo de gran dramatismo, este repentino enfrentamiento diplom\u00e1tico fue resuelto.<\/p>\n<\/div>\n<div class=\"bbc-19j92fr ebmt73l0\" dir=\"ltr\">\n<p class=\"bbc-hhl7in e17g058b0\" dir=\"ltr\">En cualquier caso, los aranceles son una prueba de voluntad. Y Trump demostr\u00f3 que \u00e9ste ser\u00eda apenas su primer movimiento.<\/p>\n<\/div>\n","protected":false},"excerpt":{"rendered":"<p>&nbsp; &nbsp; El presidente Petro recula. A menos de una semana de asumir la presidencia, Donald Trump gener\u00f3 su primera disputa arancelaria internacional. Y el&hellip;<\/p>\n","protected":false},"author":99,"featured_media":527858,"comment_status":"open","ping_status":"open","sticky":false,"template":"","format":"standard","meta":{"footnotes":""},"categories":[23],"tags":[],"class_list":["post-527857","post","type-post","status-publish","format-standard","has-post-thumbnail","hentry","category-latinoamerica"],"_links":{"self":[{"href":"https:\/\/diarioelpopular.com\/index.php\/wp-json\/wp\/v2\/posts\/527857","targetHints":{"allow":["GET"]}}],"collection":[{"href":"https:\/\/diarioelpopular.com\/index.php\/wp-json\/wp\/v2\/posts"}],"about":[{"href":"https:\/\/diarioelpopular.com\/index.php\/wp-json\/wp\/v2\/types\/post"}],"author":[{"embeddable":true,"href":"https:\/\/diarioelpopular.com\/index.php\/wp-json\/wp\/v2\/users\/99"}],"replies":[{"embeddable":true,"href":"https:\/\/diarioelpopular.com\/index.php\/wp-json\/wp\/v2\/comments?post=527857"}],"version-history":[{"count":1,"href":"https:\/\/diarioelpopular.com\/index.php\/wp-json\/wp\/v2\/posts\/527857\/revisions"}],"predecessor-version":[{"id":527859,"href":"https:\/\/diarioelpopular.com\/index.php\/wp-json\/wp\/v2\/posts\/527857\/revisions\/527859"}],"wp:featuredmedia":[{"embeddable":true,"href":"https:\/\/diarioelpopular.com\/index.php\/wp-json\/wp\/v2\/media\/527858"}],"wp:attachment":[{"href":"https:\/\/diarioelpopular.com\/index.php\/wp-json\/wp\/v2\/media?parent=527857"}],"wp:term":[{"taxonomy":"category","embeddable":true,"href":"https:\/\/diarioelpopular.com\/index.php\/wp-json\/wp\/v2\/categories?post=527857"},{"taxonomy":"post_tag","embeddable":true,"href":"https:\/\/diarioelpopular.com\/index.php\/wp-json\/wp\/v2\/tags?post=527857"}],"curies":[{"name":"wp","href":"https:\/\/api.w.org\/{rel}","templated":true}]}}