{"id":527894,"date":"2025-01-28T11:19:47","date_gmt":"2025-01-28T15:19:47","guid":{"rendered":"https:\/\/diarioelpopular.com\/?p=527894"},"modified":"2025-01-28T11:19:47","modified_gmt":"2025-01-28T15:19:47","slug":"cipriani-fue-cardenal-muy-joven-doctor-honoris-causa-amigo-del-papa-y-un-depredador-sexual","status":"publish","type":"post","link":"https:\/\/diarioelpopular.com\/index.php\/2025\/01\/28\/cipriani-fue-cardenal-muy-joven-doctor-honoris-causa-amigo-del-papa-y-un-depredador-sexual\/","title":{"rendered":"Cipriani fue cardenal muy joven, doctor honoris causa, amigo del Papa. Y un depredador sexual"},"content":{"rendered":"<div id=\"attachment_527895\" style=\"width: 1210px\" class=\"wp-caption alignnone\"><img loading=\"lazy\" decoding=\"async\" aria-describedby=\"caption-attachment-527895\" class=\"wp-image-527895 size-custom-big-size\" src=\"https:\/\/diarioelpopular.com\/wp-content\/uploads\/2025\/01\/Screen-Shot-2025-01-28-at-10.18.41-AM-1200x872.png\" alt=\"\" width=\"1200\" height=\"872\" srcset=\"https:\/\/diarioelpopular.com\/wp-content\/uploads\/2025\/01\/Screen-Shot-2025-01-28-at-10.18.41-AM-1200x872.png 1200w, https:\/\/diarioelpopular.com\/wp-content\/uploads\/2025\/01\/Screen-Shot-2025-01-28-at-10.18.41-AM-300x218.png 300w, https:\/\/diarioelpopular.com\/wp-content\/uploads\/2025\/01\/Screen-Shot-2025-01-28-at-10.18.41-AM-768x558.png 768w, https:\/\/diarioelpopular.com\/wp-content\/uploads\/2025\/01\/Screen-Shot-2025-01-28-at-10.18.41-AM-636x462.png 636w, https:\/\/diarioelpopular.com\/wp-content\/uploads\/2025\/01\/Screen-Shot-2025-01-28-at-10.18.41-AM-101x73.png 101w, https:\/\/diarioelpopular.com\/wp-content\/uploads\/2025\/01\/Screen-Shot-2025-01-28-at-10.18.41-AM.png 1024w\" sizes=\"auto, (max-width: 1200px) 100vw, 1200px\" \/><p id=\"caption-attachment-527895\" class=\"wp-caption-text\">Juan Luis Cipriani en una imagen de archivo. Creative Commons Renzo G\u00f3mez Vega Renzo G\u00f3mez Vega Lima &#8211; 27 ENE 2025<\/p><\/div>\n<p>&nbsp;<\/p>\n<p>&nbsp;<\/p>\n<div class=\"a_e_txt _df\">\n<h4 class=\"a_st\"><em>&#8211; Como centenares de otros cl\u00e9rigos que se esconden debajo de una sotana para cometer sus deplorables abusos, el ultraconservador exarzobispo de Lima miembro del Opus Dei fue apartado y exiliado de Per\u00fa por una denuncia por pederastia que lleg\u00f3 hasta el Vaticano<\/em><\/h4>\n<\/div>\n<div class=\"a_e_m\"><\/div>\n<div><\/div>\n<div>\n<p class=\"\">Fue proclamado cardenal por Juan Pablo II con apenas 57 a\u00f1os; ha sido distinguido por el Estado con los reconocimientos m\u00e1s altos que pueden otorgarse: Orden El Sol y Medalla de Honor en el Grado de Gran Cruz; y seg\u00fan algunos medios estuvo cerca de ser el primer papa latinoamericano en el c\u00f3nclave de 2005. Seis universidades le concedieron el Doctorado honoris causa; condujo un programa radial y televisivo durante dieciocho a\u00f1os; y goz\u00f3 de un poder influyente en las decisiones pol\u00edticas del Per\u00fa, un pa\u00eds mayoritariamente cat\u00f3lico.<\/p>\n<p class=\"\">A pesar de contar con estas condecoraciones, Juan Luis Cipriani siempre dividi\u00f3 aguas por su talante beligerante y ultraconservador. Pero hoy, tras\u00a0<a href=\"https:\/\/elpais.com\/sociedad\/2025-01-26\/el-vaticano-confirma-el-castigo-al-cardenal-cipriani-del-opus-dei-por-acusaciones-de-pederastia-y-le-recuerda-que-sigue-en-vigor.html\" data-link-track-dtm=\"\" data-mrf-link=\"https:\/\/elpais.com\/sociedad\/2025-01-26\/el-vaticano-confirma-el-castigo-al-cardenal-cipriani-del-opus-dei-por-acusaciones-de-pederastia-y-le-recuerda-que-sigue-en-vigor.html\">la primicia develada por el diario espa\u00f1ol EL PA\u00cdS<\/a>, su memoria se encamina a ser la de uno de esos hombres malignos de iglesia que da\u00f1\u00f3 al pr\u00f3jimo y escondi\u00f3 sus pecados debajo de su sotana.<\/p>\n<p class=\"\">Despu\u00e9s de seis a\u00f1os, por primera vez un medio de comunicaci\u00f3n explic\u00f3 la verdadera raz\u00f3n por la que Cipriani fue apartado de su cargo y exiliado del Per\u00fa en el 2019: una denuncia por pederastia que fue silenciada durante m\u00e1s de cuarenta a\u00f1os.<\/p>\n<p class=\"\">Un laico que all\u00e1 por 1983, cuando todav\u00eda era un adolescente, asegura haber sido tocado y besado por Cipriani durante el sacramento de la confesi\u00f3n. Mediante una carta, el exarzobispo de Lima,\u00a0<a href=\"https:\/\/www.swissinfo.ch\/spa\/cardenal-peruano-cipriani-niega-acusaciones-de-pederastia-por-las-que-habr%C3%ADa-sido-apartado\/88780013\" target=\"_blank\" rel=\"noopener\" data-link-track-dtm=\"\" data-mrf-link=\"https:\/\/www.swissinfo.ch\/spa\/cardenal-peruano-cipriani-niega-acusaciones-de-pederastia-por-las-que-habr%C3%ADa-sido-apartado\/88780013\">ha negado los hechos<\/a>\u00a0e incluso ha se\u00f1alado que no fue escuchado por el papa Francisco. \u201cNo es la primera vez que se acusa a un cardenal en falso, con relatos llenos de detalles escabrosos. Aprovecho esta ocasi\u00f3n para manifestar mi rechazo y repulsa total a los abusos sexuales a menores y personas vulnerables\u201d, ha dicho en su defensa.<\/p>\n<p class=\"\">En el 2013, Cipriani no fue tan enf\u00e1tico que digamos con Gabino Miranda Melgarejo, entonces obispo auxiliar de Ayacucho y miembro de una organizaci\u00f3n vinculada estrechamente al Opus Dei. Una novicia y un monaguillo de 14 a\u00f1os lo acusaron de tocamientos indebidos y de abuso sexual. Cipriani, m\u00e1xima autoridad del Opus Dei en el Per\u00fa, pidi\u00f3 compasi\u00f3n para Miranda y trat\u00f3 por todos los medios que su prelatura quedara al margen del esc\u00e1ndalo. \u201cNo hagamos le\u00f1a del \u00e1rbol ca\u00eddo. Las personas tienen derecho a defenderse [\u2026] Ser\u00eda de muy mal gusto que en una situaci\u00f3n as\u00ed se quisiera maltratar a una instituci\u00f3n que goza de enorme salud espiritual, cercan\u00eda con Dios y que procura siempre hacer el bien en la iglesia. El Opus Dei jam\u00e1s va a tolerar o encubrir situaciones de este tipo\u201d, indic\u00f3.<\/p>\n<p class=\"\">Gabino Miranda, finalmente, fue destituido como obispo e incluso como sacerdote, en aparente venganza por sus afirmaciones.<\/p>\n<p class=\"\">El reportaje del diario espa\u00f1ol EL PA\u00cdS cuenta que la v\u00edctima de Juan Luis Cipriani\u00a0<a href=\"https:\/\/elpais.com\/sociedad\/2025-01-26\/el-vaticano-confirma-el-castigo-al-cardenal-cipriani-del-opus-dei-por-acusaciones-de-pederastia-y-le-recuerda-que-sigue-en-vigor.html\" data-link-track-dtm=\"\" data-mrf-link=\"https:\/\/elpais.com\/sociedad\/2025-01-26\/el-vaticano-confirma-el-castigo-al-cardenal-cipriani-del-opus-dei-por-acusaciones-de-pederastia-y-le-recuerda-que-sigue-en-vigor.html\">fue acosada por familiares y conocidos vinculados al Opus Dei\u00a0<\/a>para que se retractara. Reci\u00e9n en las \u00faltimas horas, frente a los hechos, el vicario regional del Opus Dei en el Per\u00fa, \u00c1ngel G\u00f3mez-Hortig\u00fcela, se ha disculpado por no haberse comportado a la altura de las circunstancias, aunque en un tono condicional. \u201cPido perd\u00f3n de todo coraz\u00f3n si no he sabido atender con plena acogida a una persona que deseaba ser escuchada [\u2026] Hoy me doy cuenta de que podr\u00eda haberle ofrecido una acogida personal, humana y espiritual, que s\u00ed me consta que recibi\u00f3 de otras personas del Opus Dei\u201d, expuso.<\/p>\n<p class=\"\">A mediados del 2016, en su programa Di\u00e1logos de fe, el cardenal cercano al fujimorismo desencaden\u00f3 un terremoto al justificar las violaciones sexuales por la manera como se conduce una mujer. \u201cLas estad\u00edsticas nos dicen que hay abortos de ni\u00f1as, pero no es porque hayan abusado de las ni\u00f1as, sino porque, muchas veces, la mujer se pone, como en un escaparate, provocando\u201d. La ofensa de culpar a la mujer de ser ultrajada le vali\u00f3 la indignaci\u00f3n de un gran sector de la poblaci\u00f3n que realiz\u00f3 un plant\u00f3n en las instalaciones de Radio Programas del Per\u00fa.<\/p>\n<p class=\"\">Fue en esa misma radio, que lo acogi\u00f3 por dos d\u00e9cadas, que el principal promotor de la Marcha por vida en el pa\u00eds andino \u2014iniciativa que est\u00e1 en contra de todo tipo de aborto y excluye a las familias que no sigan el modelo tradicional\u2014 tuvo palabras impropias para un hombre de fe hacia quienes luchan por que se despenalice el aborto en caso de violaci\u00f3n. \u201cSi no est\u00e1s de acuerdo con la vida, suprime la tuya. Pero ese ni\u00f1o que ya est\u00e1 en el vientre de su madre, vamos a darle un ambiente grato, acogedor\u201d, dijo.<\/p>\n<p class=\"\">Juan Luis Cipriani, ingeniero industrial y seleccionado nacional de b\u00e1squetbol antes de dedicarle su vida a Dios, promovi\u00f3 que se sometiera a refer\u00e9ndum la legalizaci\u00f3n del matrimonio entre personas del mismo sexo y la entrega gratuita de p\u00edldoras anticonceptivas.<\/p>\n<p class=\"\">Adem\u00e1s hizo gala de su intolerancia al referirse al nuevo curr\u00edculo escolar con enfoque de igualdad de g\u00e9nero. \u201cPor qu\u00e9 tanto af\u00e1n de corromper nuestra moral [\u2026] Queremos ense\u00f1arle a nuestros ni\u00f1os que las mujeres pueden ser hombres y los hombres pueden ser mujeres [\u2026] Si seguimos en este enga\u00f1o de que todo puede ser, entonces d\u00e9mosle de comer excremento a los ni\u00f1os en vez de un pedazo de carne. D\u00e9mosle un poco de veneno\u201d, subray\u00f3, desbordado, en el 2017.<\/p>\n<p class=\"\">Para ese momento, la imagen de Cipriani hab\u00eda dejado de ser inmaculada. En agosto del 2015 fue separado del diario El Comercio por plagiar p\u00e1rrafos enteros de los papas Paulo VI y Benedicto XVI en sus columnas de opini\u00f3n. El cardenal intent\u00f3 hacer un control de da\u00f1os con el argumento de que \u201cla brevedad del espacio lo llev\u00f3 a omitir las fuentes\u201d, pero fue expectorado. Hab\u00eda pecado por omisi\u00f3n.<\/p>\n<p class=\"\">A fines de los ochenta, en los m\u00e1s \u00e1lgidos de la guerra interna, Cipriani fue nombrado obispo auxiliar de Ayacucho, la regi\u00f3n m\u00e1s golpeada por el terrorismo y las fuerzas militares. Diversos actores pol\u00edticos, organizaciones y dirigentes vecinales lo han acusado en reiteradas oportunidades de no haber atendido los reclamos de la gente y m\u00e1s bien haberse puesto de lado de los comandos.<\/p>\n<p class=\"\">Seg\u00fan la prensa, el cura fue despectivo con la labor de la Coordinadora Nacional de Derechos Humanos, una coalici\u00f3n de organismos de la sociedad civil. Seg\u00fan Cipriani, manipularon lo que dijo. Pero lo cierto es que la siguiente frase, que data de 1994, lo seguir\u00e1 acompa\u00f1ando por el resto de sus d\u00edas: \u201cHe salido al frente de los pobres y de los que han masacrado esta ciudad. Y durante ese traj\u00edn no he visto a los de la Coordinadora de Derechos Humanos, esa cojudez\u201d.<\/p>\n<p class=\"\">A sus 81 a\u00f1os, Juan Luis Cipriani, el primer cardenal del Opus Dei, afronta sus d\u00edas m\u00e1s aciagos. Algunos de sus escuderos han salido en su auxilio, como el alcalde de Lima, Rafael L\u00f3pez Aliaga, quien lo condecor\u00f3 hace un par de semanas. \u201cEs injusto acusar a un ser humano y no darle derecho a defenderse\u201d, ha dicho. Otros se han inclinado por el silencio. Sea como fuere, queda para la posteridad su antolog\u00eda de frases.<\/p>\n<\/div>\n","protected":false},"excerpt":{"rendered":"<p>&nbsp; &nbsp; &#8211; Como centenares de otros cl\u00e9rigos que se esconden debajo de una sotana para cometer sus deplorables abusos, el ultraconservador exarzobispo de Lima&hellip;<\/p>\n","protected":false},"author":99,"featured_media":527895,"comment_status":"open","ping_status":"open","sticky":false,"template":"","format":"standard","meta":{"footnotes":""},"categories":[23],"tags":[],"class_list":["post-527894","post","type-post","status-publish","format-standard","has-post-thumbnail","hentry","category-latinoamerica"],"_links":{"self":[{"href":"https:\/\/diarioelpopular.com\/index.php\/wp-json\/wp\/v2\/posts\/527894","targetHints":{"allow":["GET"]}}],"collection":[{"href":"https:\/\/diarioelpopular.com\/index.php\/wp-json\/wp\/v2\/posts"}],"about":[{"href":"https:\/\/diarioelpopular.com\/index.php\/wp-json\/wp\/v2\/types\/post"}],"author":[{"embeddable":true,"href":"https:\/\/diarioelpopular.com\/index.php\/wp-json\/wp\/v2\/users\/99"}],"replies":[{"embeddable":true,"href":"https:\/\/diarioelpopular.com\/index.php\/wp-json\/wp\/v2\/comments?post=527894"}],"version-history":[{"count":1,"href":"https:\/\/diarioelpopular.com\/index.php\/wp-json\/wp\/v2\/posts\/527894\/revisions"}],"predecessor-version":[{"id":527896,"href":"https:\/\/diarioelpopular.com\/index.php\/wp-json\/wp\/v2\/posts\/527894\/revisions\/527896"}],"wp:featuredmedia":[{"embeddable":true,"href":"https:\/\/diarioelpopular.com\/index.php\/wp-json\/wp\/v2\/media\/527895"}],"wp:attachment":[{"href":"https:\/\/diarioelpopular.com\/index.php\/wp-json\/wp\/v2\/media?parent=527894"}],"wp:term":[{"taxonomy":"category","embeddable":true,"href":"https:\/\/diarioelpopular.com\/index.php\/wp-json\/wp\/v2\/categories?post=527894"},{"taxonomy":"post_tag","embeddable":true,"href":"https:\/\/diarioelpopular.com\/index.php\/wp-json\/wp\/v2\/tags?post=527894"}],"curies":[{"name":"wp","href":"https:\/\/api.w.org\/{rel}","templated":true}]}}