{"id":527897,"date":"2025-01-28T11:25:05","date_gmt":"2025-01-28T15:25:05","guid":{"rendered":"https:\/\/diarioelpopular.com\/?p=527897"},"modified":"2025-01-28T11:25:05","modified_gmt":"2025-01-28T15:25:05","slug":"el-gobierno-de-milei-levantara-una-cerca-de-alambre-en-la-frontera-con-bolivia-contra-el-narcotrafico","status":"publish","type":"post","link":"https:\/\/diarioelpopular.com\/index.php\/2025\/01\/28\/el-gobierno-de-milei-levantara-una-cerca-de-alambre-en-la-frontera-con-bolivia-contra-el-narcotrafico\/","title":{"rendered":"El Gobierno de Milei levantar\u00e1 una cerca de alambre en la frontera con Bolivia contra el narcotr\u00e1fico"},"content":{"rendered":"<div id=\"attachment_527898\" style=\"width: 1210px\" class=\"wp-caption alignnone\"><img loading=\"lazy\" decoding=\"async\" aria-describedby=\"caption-attachment-527898\" class=\"wp-image-527898 size-custom-big-size\" src=\"https:\/\/diarioelpopular.com\/wp-content\/uploads\/2025\/01\/Screen-Shot-2025-01-28-at-10.24.26-AM-1200x665.png\" alt=\"\" width=\"1200\" height=\"665\" srcset=\"https:\/\/diarioelpopular.com\/wp-content\/uploads\/2025\/01\/Screen-Shot-2025-01-28-at-10.24.26-AM-1200x665.png 1200w, https:\/\/diarioelpopular.com\/wp-content\/uploads\/2025\/01\/Screen-Shot-2025-01-28-at-10.24.26-AM-300x166.png 300w, https:\/\/diarioelpopular.com\/wp-content\/uploads\/2025\/01\/Screen-Shot-2025-01-28-at-10.24.26-AM-768x426.png 768w, https:\/\/diarioelpopular.com\/wp-content\/uploads\/2025\/01\/Screen-Shot-2025-01-28-at-10.24.26-AM-636x353.png 636w, https:\/\/diarioelpopular.com\/wp-content\/uploads\/2025\/01\/Screen-Shot-2025-01-28-at-10.24.26-AM-132x73.png 132w, https:\/\/diarioelpopular.com\/wp-content\/uploads\/2025\/01\/Screen-Shot-2025-01-28-at-10.24.26-AM.png 1024w\" sizes=\"auto, (max-width: 1200px) 100vw, 1200px\" \/><p id=\"caption-attachment-527898\" class=\"wp-caption-text\">Guardias fronterizos frente al r\u00edo Bermejo, en la frontera con Bolivia, en agosto de 2020 en Salta, Argentina. Pool (Reuters)<\/p><\/div>\n<p>&nbsp;<\/p>\n<p>&nbsp;<\/p>\n<h4 class=\"a_st\"><em>&#8211; La Administraci\u00f3n de Argentina anuncia la construcci\u00f3n de un alambrado de 200 metros en la provincia norte\u00f1a de Salta. El Gobierno boliviano expresa preocupaci\u00f3n por la medida y reclama un di\u00e1logo bilateral<\/em><\/h4>\n<p>&nbsp;<\/p>\n<p class=\"\">La escala de la econom\u00eda es otra, pero\u00a0<a href=\"https:\/\/elpais.com\/argentina\/2025-01-24\/milei-pedira-al-congreso-el-fin-de-la-figura-de-feminicidio-y-las-leyes-de-paridad-de-genero.html\" data-link-track-dtm=\"\" data-mrf-link=\"https:\/\/elpais.com\/argentina\/2025-01-24\/milei-pedira-al-congreso-el-fin-de-la-figura-de-feminicidio-y-las-leyes-de-paridad-de-genero.html\">Javier Milei<\/a>\u00a0no resigna su af\u00e1n por emular a\u00a0<a href=\"https:\/\/elpais.com\/mexico\/2025-01-26\/trump-tambien-pulveriza-la-vida-en-la-frontera.html\" data-link-track-dtm=\"\" data-mrf-link=\"https:\/\/elpais.com\/mexico\/2025-01-26\/trump-tambien-pulveriza-la-vida-en-la-frontera.html\">Donald Trump<\/a>: el Gobierno argentino impulsa la construcci\u00f3n de un l\u00edmite material en la frontera con Bolivia. No ser\u00e1 un muro kilom\u00e9trico como el que quiere Trump para separar a EE UU de M\u00e9xico, sino un cerco de alambre de unos 200 metros que intentar\u00e1 detener el paso ilegal de personas y, seg\u00fan las autoridades, el narcotr\u00e1fico. El Gobierno de Bolivia expres\u00f3 su preocupaci\u00f3n por la medida y se\u00f1al\u00f3 que \u201clos temas fronterizos deben ser tratados por medio de mecanismos de di\u00e1logo bilaterales\u201d.<\/p>\n<p class=\"\">La Administraci\u00f3n confirm\u00f3 este lunes que pretende instalar un alambrado en el paso de frontera de la localidad de Aguas Blancas, en la provincia norte\u00f1a de Salta. La ministra de Seguridad,\u00a0<a href=\"https:\/\/x.com\/PatoBullrich\/status\/1883944942902599773\" target=\"_blank\" rel=\"noopener\" data-link-track-dtm=\"\" data-mrf-link=\"https:\/\/x.com\/PatoBullrich\/status\/1883944942902599773\">Patricia Bullrich<\/a>, afirm\u00f3 que la zona \u201cse encontraba completamente descontrolada\u201d. El cerco intentar\u00e1 delimitar la distancia que hay entre la estaci\u00f3n de \u00f3mnibus del lugar y la oficina de migraciones del Puerto de Chalanas, por donde las personas circulan sin pasar por los controles, dando paso al narcotr\u00e1fico, sostienen las autoridades.<\/p>\n<p class=\"\">\u201cEl cruce fronterizo era tierra de nadie: narcotr\u00e1fico, muertes y descontrol\u201d, indic\u00f3 el Ministerio de Seguridad nacional en un comunicado. El Gobierno ya hab\u00eda enviado unos 300 agentes de fuerzas federales a Aguas Blancas en diciembre pasado, para reforzar los controles migratorios y aduaneros. Con el alambrado, inform\u00f3 la cartera liderada por Bullrich, se buscar\u00e1 \u201creforzar la pared existente, vulnerada repetidamente por el narcotr\u00e1fico para ingresar coca\u00edna\u201d. El interventor de Aguas Blancas, Adri\u00e1n Zigar\u00e1n, explic\u00f3 que la zona es \u201cun punto al que la gente llegaba [\u2026] ya sea por taxi, colectivo [\u00f3mnibus], por lo que sea, y de ah\u00ed saltaban un muro, que es de protecci\u00f3n por las inundaciones que genera el [r\u00edo] Bermejo, y la gente sal\u00eda caminando e iba para las chalanas. O sea, del puesto de migraciones, 200 metros antes, la gente saltaba hacia el r\u00edo\u201d, dijo a la prensa local.<\/p>\n<p class=\"\">La medida no fue bien recibida por el Gobierno de Bolivia. El\u00a0<a href=\"https:\/\/cancilleria.gob.bo\/mre\/2025\/01\/26\/20056\/\" target=\"_blank\" rel=\"noopener\" data-link-track-dtm=\"\" data-mrf-link=\"https:\/\/cancilleria.gob.bo\/mre\/2025\/01\/26\/20056\/\">Ministerio de Relaciones Exteriores<\/a>\u00a0manifest\u00f3 a trav\u00e9s de un comunicado \u201csu preocupaci\u00f3n ante el anuncio del Gobierno de Argentina de instalar una cerca de 200 metros en la frontera entre ambos pa\u00edses\u201d y reclam\u00f3 el di\u00e1logo bilateral \u201cpara encontrar soluciones coordinadas a temas en com\u00fan. Cualquier medida unilateral puede afectar la buena vecindad y la convivencia pac\u00edfica entre pueblos hermanos\u201d.<\/p>\n<p class=\"\">La Administraci\u00f3n de\u00a0<a href=\"https:\/\/elpais.com\/america\/2024-10-06\/evo-morales-y-luis-arce-una-guerra-fratricida-en-el-corazon-del-poder-en-bolivia.html\" data-link-track-dtm=\"\" data-mrf-link=\"https:\/\/elpais.com\/america\/2024-10-06\/evo-morales-y-luis-arce-una-guerra-fratricida-en-el-corazon-del-poder-en-bolivia.html\">Luis Arce<\/a>\u00a0anunci\u00f3 que solicitar\u00e1 \u201ca trav\u00e9s de los canales diplom\u00e1ticos la informaci\u00f3n sobre este tema para emprender las acciones que correspondan\u201d. El ministro de Justicia boliviano, C\u00e9sar Siles, consider\u00f3 que el anuncio del Gobierno de Milei \u201ces vulneratorio de los principios m\u00e1s elementales de la convivencia pac\u00edfica en el nivel internacional\u201d y que \u201cir\u00eda en contra de los tratados internacionales\u201d.<\/p>\n","protected":false},"excerpt":{"rendered":"<p>&nbsp; &nbsp; &#8211; La Administraci\u00f3n de Argentina anuncia la construcci\u00f3n de un alambrado de 200 metros en la provincia norte\u00f1a de Salta. El Gobierno boliviano&hellip;<\/p>\n","protected":false},"author":99,"featured_media":527898,"comment_status":"open","ping_status":"open","sticky":false,"template":"","format":"standard","meta":{"footnotes":""},"categories":[23],"tags":[],"class_list":["post-527897","post","type-post","status-publish","format-standard","has-post-thumbnail","hentry","category-latinoamerica"],"_links":{"self":[{"href":"https:\/\/diarioelpopular.com\/index.php\/wp-json\/wp\/v2\/posts\/527897","targetHints":{"allow":["GET"]}}],"collection":[{"href":"https:\/\/diarioelpopular.com\/index.php\/wp-json\/wp\/v2\/posts"}],"about":[{"href":"https:\/\/diarioelpopular.com\/index.php\/wp-json\/wp\/v2\/types\/post"}],"author":[{"embeddable":true,"href":"https:\/\/diarioelpopular.com\/index.php\/wp-json\/wp\/v2\/users\/99"}],"replies":[{"embeddable":true,"href":"https:\/\/diarioelpopular.com\/index.php\/wp-json\/wp\/v2\/comments?post=527897"}],"version-history":[{"count":1,"href":"https:\/\/diarioelpopular.com\/index.php\/wp-json\/wp\/v2\/posts\/527897\/revisions"}],"predecessor-version":[{"id":527899,"href":"https:\/\/diarioelpopular.com\/index.php\/wp-json\/wp\/v2\/posts\/527897\/revisions\/527899"}],"wp:featuredmedia":[{"embeddable":true,"href":"https:\/\/diarioelpopular.com\/index.php\/wp-json\/wp\/v2\/media\/527898"}],"wp:attachment":[{"href":"https:\/\/diarioelpopular.com\/index.php\/wp-json\/wp\/v2\/media?parent=527897"}],"wp:term":[{"taxonomy":"category","embeddable":true,"href":"https:\/\/diarioelpopular.com\/index.php\/wp-json\/wp\/v2\/categories?post=527897"},{"taxonomy":"post_tag","embeddable":true,"href":"https:\/\/diarioelpopular.com\/index.php\/wp-json\/wp\/v2\/tags?post=527897"}],"curies":[{"name":"wp","href":"https:\/\/api.w.org\/{rel}","templated":true}]}}