{"id":527940,"date":"2025-01-29T10:23:21","date_gmt":"2025-01-29T14:23:21","guid":{"rendered":"https:\/\/diarioelpopular.com\/?p=527940"},"modified":"2025-01-29T10:23:21","modified_gmt":"2025-01-29T14:23:21","slug":"policia-tras-la-pista-de-3-sujetos-en-choque-premeditado-y-robo-de-auto-en-la-region-de-york","status":"publish","type":"post","link":"https:\/\/diarioelpopular.com\/index.php\/2025\/01\/29\/policia-tras-la-pista-de-3-sujetos-en-choque-premeditado-y-robo-de-auto-en-la-region-de-york\/","title":{"rendered":"Polic\u00eda tras la pista de 3 sujetos en choque premeditado y robo de auto en la regi\u00f3n de York"},"content":{"rendered":"<p><img loading=\"lazy\" decoding=\"async\" class=\"alignnone size-custom-full-size wp-image-527941\" src=\"https:\/\/diarioelpopular.com\/wp-content\/uploads\/2025\/01\/Screen-Shot-2025-01-29-at-9.13.23-AM-636x476.png\" alt=\"\" width=\"636\" height=\"476\" srcset=\"https:\/\/diarioelpopular.com\/wp-content\/uploads\/2025\/01\/Screen-Shot-2025-01-29-at-9.13.23-AM-636x476.png 636w, https:\/\/diarioelpopular.com\/wp-content\/uploads\/2025\/01\/Screen-Shot-2025-01-29-at-9.13.23-AM-300x225.png 300w, https:\/\/diarioelpopular.com\/wp-content\/uploads\/2025\/01\/Screen-Shot-2025-01-29-at-9.13.23-AM-768x575.png 768w, https:\/\/diarioelpopular.com\/wp-content\/uploads\/2025\/01\/Screen-Shot-2025-01-29-at-9.13.23-AM-97x73.png 97w, https:\/\/diarioelpopular.com\/wp-content\/uploads\/2025\/01\/Screen-Shot-2025-01-29-at-9.13.23-AM.png 844w\" sizes=\"auto, (max-width: 636px) 100vw, 636px\" \/><\/p>\n<p>&nbsp;<\/p>\n<p><em><strong>La polic\u00eda est\u00e1 pidiendo testigos tras otro robo y colisi\u00f3n premeditado en la regi\u00f3n de York.<\/strong><\/em><\/p>\n<p>&nbsp;<\/p>\n<p>La polic\u00eda regional de York dijo que los oficiales respondieron el domingo alrededor de las 10:20 p. m. a un robo de auto en el \u00e1rea de Major Mackenzie Dr. E.-Reesor Rd.<\/p>\n<p>La polic\u00eda anot\u00f3 que el Mercedes-Benz G-Wagon de la v\u00edctima fue chocado por detr\u00e1s por un sed\u00e1n de color oscuro y dos sujetos obligaron a la v\u00edctima a salir de su veh\u00edculo y huyeran, llev\u00e1ndoselo.<\/p>\n<p>La polic\u00eda dijo que al menos tres delincuentes estaban involucrados. Los dos primeros son de complexi\u00f3n delgada que vest\u00edan ropa oscura y un pasamonta\u00f1as. El tercero era el conductor del veh\u00edculo, pero no hubo una descripci\u00f3n disponible.<\/p>\n<p>El \u00faltimo incidente se produjo una semana despu\u00e9s de que la polic\u00eda regional de York emitiera otra advertencia al p\u00fablico tras el resurgimiento de robos de autos con colisiones simuladas este invierno.<\/p>\n<p>En esta estafa, los delincuentes provocan a prop\u00f3sito colisiones menores al chocar contra el veh\u00edculo de la v\u00edctima y, cuando \u00e9sta sale para evaluar los da\u00f1os, los sujetos se enfrentan a ellos, a menudo con armas de fuego, y roban el veh\u00edculo.<\/p>\n<p>Los delincuentes tambi\u00e9n han utilizado otras t\u00e9cnicas de distracci\u00f3n para permitir que otro robe el veh\u00edculo.<\/p>\n<p>&#8220;Desafortunadamente, esto no es nada nuevo&#8221;, dijo el agente James Dickson la semana pasada. &#8220;Hemos visto este estilo de robo de veh\u00edculos anteriormente en el pasado. En 2023, vimos tres incidentes en una sucesi\u00f3n muy corta en Markham&#8221;.<\/p>\n<p>La polic\u00eda dijo que el 3 de noviembre, aproximadamente a las 7 p. m., un Lexus fue chocado y robado por dos ladrones armados. El 20 de noviembre, aproximadamente a las 7:10 p. m., un Cadillac Escalade fue chocado por una motocicleta y robado por dos sujetos armados que se detuvieron en un sed\u00e1n. El 9 de enero, alrededor de las 8:20 p. m., un Cadillac Escalade fue chocado y dos sospechosos, uno de ellos armado, intentaron robar el veh\u00edculo antes de que el interruptor de seguridad impidiera el robo. Y apenas el viernes pasado, alrededor de las 5:50 p. m., otro Mercedes-Benz G-Wagon fue chocado y robado por un delincuente.<\/p>\n<p>Los investigadores est\u00e1n pidiendo que los testigos del incidente del domingo se presenten. Se solicita a cualquier persona que tenga im\u00e1genes de video del \u00e1rea en el momento del incidente que llame a la polic\u00eda al 1-866-876-5423, Ext. 6630, o que se comunique con Crime Stoppers al 1-800-222-TIPS o 1800222tips.com.<\/p>\n","protected":false},"excerpt":{"rendered":"<p>&nbsp; La polic\u00eda est\u00e1 pidiendo testigos tras otro robo y colisi\u00f3n premeditado en la regi\u00f3n de York. &nbsp; La polic\u00eda regional de York dijo que&hellip;<\/p>\n","protected":false},"author":99,"featured_media":527941,"comment_status":"open","ping_status":"open","sticky":false,"template":"","format":"standard","meta":{"footnotes":""},"categories":[11364],"tags":[],"class_list":["post-527940","post","type-post","status-publish","format-standard","has-post-thumbnail","hentry","category-toronto-gta"],"_links":{"self":[{"href":"https:\/\/diarioelpopular.com\/index.php\/wp-json\/wp\/v2\/posts\/527940","targetHints":{"allow":["GET"]}}],"collection":[{"href":"https:\/\/diarioelpopular.com\/index.php\/wp-json\/wp\/v2\/posts"}],"about":[{"href":"https:\/\/diarioelpopular.com\/index.php\/wp-json\/wp\/v2\/types\/post"}],"author":[{"embeddable":true,"href":"https:\/\/diarioelpopular.com\/index.php\/wp-json\/wp\/v2\/users\/99"}],"replies":[{"embeddable":true,"href":"https:\/\/diarioelpopular.com\/index.php\/wp-json\/wp\/v2\/comments?post=527940"}],"version-history":[{"count":1,"href":"https:\/\/diarioelpopular.com\/index.php\/wp-json\/wp\/v2\/posts\/527940\/revisions"}],"predecessor-version":[{"id":527942,"href":"https:\/\/diarioelpopular.com\/index.php\/wp-json\/wp\/v2\/posts\/527940\/revisions\/527942"}],"wp:featuredmedia":[{"embeddable":true,"href":"https:\/\/diarioelpopular.com\/index.php\/wp-json\/wp\/v2\/media\/527941"}],"wp:attachment":[{"href":"https:\/\/diarioelpopular.com\/index.php\/wp-json\/wp\/v2\/media?parent=527940"}],"wp:term":[{"taxonomy":"category","embeddable":true,"href":"https:\/\/diarioelpopular.com\/index.php\/wp-json\/wp\/v2\/categories?post=527940"},{"taxonomy":"post_tag","embeddable":true,"href":"https:\/\/diarioelpopular.com\/index.php\/wp-json\/wp\/v2\/tags?post=527940"}],"curies":[{"name":"wp","href":"https:\/\/api.w.org\/{rel}","templated":true}]}}