{"id":527951,"date":"2025-01-29T10:56:31","date_gmt":"2025-01-29T14:56:31","guid":{"rendered":"https:\/\/diarioelpopular.com\/?p=527951"},"modified":"2025-01-29T10:56:31","modified_gmt":"2025-01-29T14:56:31","slug":"por-que-el-reloj-del-juicio-final-se-ha-acercado-mas-que-nunca-a-la-hora-de-la-destruccion","status":"publish","type":"post","link":"https:\/\/diarioelpopular.com\/index.php\/2025\/01\/29\/por-que-el-reloj-del-juicio-final-se-ha-acercado-mas-que-nunca-a-la-hora-de-la-destruccion\/","title":{"rendered":"Por qu\u00e9 el Reloj del Juicio Final se ha acercado m\u00e1s que nunca a la hora de la destrucci\u00f3n"},"content":{"rendered":"<div id=\"attachment_527952\" style=\"width: 646px\" class=\"wp-caption alignnone\"><img loading=\"lazy\" decoding=\"async\" aria-describedby=\"caption-attachment-527952\" class=\"wp-image-527952 size-custom-full-size\" src=\"https:\/\/diarioelpopular.com\/wp-content\/uploads\/2025\/01\/Screen-Shot-2025-01-29-at-9.55.49-AM-636x356.png\" alt=\"\" width=\"636\" height=\"356\" srcset=\"https:\/\/diarioelpopular.com\/wp-content\/uploads\/2025\/01\/Screen-Shot-2025-01-29-at-9.55.49-AM-636x356.png 636w, https:\/\/diarioelpopular.com\/wp-content\/uploads\/2025\/01\/Screen-Shot-2025-01-29-at-9.55.49-AM-300x168.png 300w, https:\/\/diarioelpopular.com\/wp-content\/uploads\/2025\/01\/Screen-Shot-2025-01-29-at-9.55.49-AM-768x429.png 768w, https:\/\/diarioelpopular.com\/wp-content\/uploads\/2025\/01\/Screen-Shot-2025-01-29-at-9.55.49-AM-131x73.png 131w, https:\/\/diarioelpopular.com\/wp-content\/uploads\/2025\/01\/Screen-Shot-2025-01-29-at-9.55.49-AM.png 1024w\" sizes=\"auto, (max-width: 636px) 100vw, 636px\" \/><p id=\"caption-attachment-527952\" class=\"wp-caption-text\">El expresidente colombiano y premio Nobel de la Paz, Juan Manuel Santos, particip\u00f3 en la presentaci\u00f3n del reloj, as\u00ed como el profesor em\u00e9rito del Departamento de Ingenier\u00eda y Mec\u00e1nica Aeroespacial de la Universidad de Princeton, Robert Socolow.<\/p><\/div>\n<p>&nbsp;<\/p>\n<p>&nbsp;<\/p>\n<div class=\"bbc-19j92fr ebmt73l0\" dir=\"ltr\">\n<ul>\n<li class=\"bbc-hhl7in e17g058b0\" dir=\"ltr\"><em><b>El Reloj del Juicio Final, que simboliza lo cerca que est\u00e1 la humanidad de la destrucci\u00f3n, se ha adelantado un segundo hasta situarse a 89 segundos de la medianoche, lo m\u00e1s cerca que ha estado nunca.<\/b><\/em><\/li>\n<\/ul>\n<\/div>\n<div class=\"bbc-19j92fr ebmt73l0\" dir=\"ltr\">\n<p dir=\"ltr\">\n<p class=\"bbc-hhl7in e17g058b0\" dir=\"ltr\">El Bolet\u00edn de Cient\u00edficos At\u00f3micos (BAS), que ajusta anualmente el reloj, afirma que los factores clave de este adelanto son las amenazas nucleares, los posibles usos indebidos de los avances en biolog\u00eda e inteligencia artificial y el cambio clim\u00e1tico.<\/p>\n<\/div>\n<div class=\"bbc-19j92fr ebmt73l0\" dir=\"ltr\">\n<p class=\"bbc-hhl7in e17g058b0\" dir=\"ltr\">Daniel Holz, Presidente del Consejo de Ciencia y Seguridad del BAS, declar\u00f3 que este avance era &#8220;una advertencia a todos los l\u00edderes mundiales&#8221;.<\/p>\n<\/div>\n<div class=\"bbc-19j92fr ebmt73l0\" dir=\"ltr\">\n<p class=\"bbc-hhl7in e17g058b0\" dir=\"ltr\">El reloj se coloc\u00f3 originalmente a siete minutos de la medianoche en 1947. El a\u00f1o pasado se mantuvo en 90 segundos.<\/p>\n<\/div>\n<div class=\"bbc-19j92fr ebmt73l0\" dir=\"ltr\">\n<p class=\"bbc-hhl7in e17g058b0\" dir=\"ltr\">En la declaraci\u00f3n del martes, el BAS, una organizaci\u00f3n sin \u00e1nimo de lucro con sede en Chicago, afirmaba que &#8220;al acercar el reloj un segundo a la medianoche, enviamos una se\u00f1al clara&#8221;.<\/p>\n<\/div>\n<div class=\"bbc-19j92fr ebmt73l0\" dir=\"ltr\">\n<p class=\"bbc-hhl7in e17g058b0\" dir=\"ltr\">&#8220;Dado que el mundo ya se encuentra peligrosamente cerca del precipicio, un cambio de incluso un solo segundo debe tomarse como una indicaci\u00f3n de peligro extremo y una advertencia inequ\u00edvoca de que cada segundo de retraso en invertir el rumbo aumenta la probabilidad de un desastre global&#8221;.<\/p>\n<\/div>\n<div class=\"bbc-19j92fr ebmt73l0\" dir=\"ltr\">\n<p class=\"bbc-hhl7in e17g058b0\" dir=\"ltr\">&#8220;Este reloj constituye un crudo diagn\u00f3stico de nuestra realidad&#8221;, advirti\u00f3 el expresidente colombiano y Nobel de la Paz Juan Manuel Santos.<\/p>\n<\/div>\n<div class=\"bbc-19j92fr ebmt73l0\" dir=\"ltr\">\n<p class=\"bbc-hhl7in e17g058b0\" dir=\"ltr\">Santos, que preside la organizaci\u00f3n The Elders (Los mayores), fundada por Nelson Mandela, particip\u00f3 en la presentaci\u00f3n del reloj.<\/p>\n<\/div>\n<div class=\"bbc-19j92fr ebmt73l0\" dir=\"ltr\">\n<p class=\"bbc-hhl7in e17g058b0\" dir=\"ltr\">&#8220;La \u00fanica respuesta eficaz es que las naciones trabajen juntas, por eso es tan alarmante que el presidente Trump haya manifestado su intenci\u00f3n de retirar a Estados Unidos del Acuerdo de Par\u00eds&#8221;, expres\u00f3 Santos en referencia al tratado internacional que busca limitar el calentamiento global.<\/p>\n<\/div>\n<div class=\"bbc-19j92fr ebmt73l0\" dir=\"ltr\">\n<p class=\"bbc-hhl7in e17g058b0\" dir=\"ltr\">El colombiano tambi\u00e9n lament\u00f3 la &#8220;perjudicial&#8221; decisi\u00f3n de Trump de sacar a EE.UU. de la Organizaci\u00f3n Mundial de la Salud (OMS), ya que &#8220;tendr\u00e1 enormes ramificaciones para la seguridad sanitaria mundial&#8221;.<\/p>\n<\/div>\n<div class=\"bbc-19j92fr ebmt73l0\" dir=\"ltr\">\n<p class=\"bbc-hhl7in e17g058b0\" dir=\"ltr\">El Bolet\u00edn de Cient\u00edficos At\u00f3micos advirti\u00f3 de que la guerra en Ucrania -que se acerca a su tercer a\u00f1o desde la invasi\u00f3n rusa- &#8220;podr\u00eda convertirse en nuclear en cualquier momento por una decisi\u00f3n precipitada, un accidente o un error de c\u00e1lculo&#8221;.<\/p>\n<\/div>\n<div class=\"bbc-19j92fr ebmt73l0\" dir=\"ltr\">\n<p class=\"bbc-hhl7in e17g058b0\" dir=\"ltr\">&#8220;El conflicto en Oriente Pr\u00f3ximo amenaza con descontrolarse y desembocar en una guerra m\u00e1s amplia sin previo aviso&#8221;.<\/p>\n<\/div>\n<div class=\"bbc-19j92fr ebmt73l0\" dir=\"ltr\">\n<p class=\"bbc-hhl7in e17g058b0\" dir=\"ltr\">El grupo de cient\u00edficos tambi\u00e9n afirm\u00f3 que &#8220;el pron\u00f3stico a largo plazo para los intentos del mundo de hacer frente al cambio clim\u00e1tico sigue siendo malo, ya que la mayor\u00eda de los gobiernos no logran promulgar las iniciativas financieras y pol\u00edticas necesarias para detener el calentamiento global&#8221;.<\/p>\n<p dir=\"ltr\">\n<\/div>\n<figure class=\"bbc-1qn0xuy\">\n<div class=\"bbc-18ywsw9\">\n<div style=\"width: 1034px\" class=\"wp-caption alignnone\"><img loading=\"lazy\" decoding=\"async\" class=\"bbc-139onq\" src=\"https:\/\/ichef.bbci.co.uk\/ace\/ws\/640\/cpsprodpb\/6814\/live\/0688b860-de2e-11ef-a69b-6ddb4eb9391c.jpg.webp\" alt=\"Leonard Riese, presidente del Consejo del Bolet\u00edn de Cient\u00edficos At\u00f3micos en 1991.\" width=\"1024\" height=\"733\" \/><p class=\"wp-caption-text\">Fuente de la imagen,Getty Images.\u00a0\u00a0En 1991 el reloj fue atrasado hasta 17 minutos antes de la medianoche, la vez que m\u00e1s lejos hemos estado, seg\u00fan el BAS, de la destrucci\u00f3n desde la Segunda Guerra Mundial.<\/p><\/div>\n<p class=\"bbc-by8ykd\" role=\"text\">\n<\/div>\n<\/figure>\n<div class=\"bbc-19j92fr ebmt73l0\" dir=\"ltr\">\n<p dir=\"ltr\">\n<p class=\"bbc-hhl7in e17g058b0\" dir=\"ltr\">En el \u00e1mbito biol\u00f3gico, prosigui\u00f3 el BAS, &#8220;las enfermedades emergentes y reemergentes siguen amenazando la econom\u00eda, la sociedad y la seguridad del mundo&#8221;.<\/p>\n<\/div>\n<div class=\"bbc-19j92fr ebmt73l0\" dir=\"ltr\">\n<p class=\"bbc-hhl7in e17g058b0\" dir=\"ltr\">Tambi\u00e9n advirti\u00f3 de que &#8220;una variedad de otras tecnolog\u00edas disruptivas avanzaron el a\u00f1o pasado de forma que hacen que el mundo sea m\u00e1s peligroso&#8221;.<\/p>\n<\/div>\n<div class=\"bbc-19j92fr ebmt73l0\" dir=\"ltr\">\n<p class=\"bbc-hhl7in e17g058b0\" dir=\"ltr\">&#8220;En Ucrania y Oriente Medio se han utilizado sistemas que incorporan la inteligencia artificial a los objetivos militares, y varios pa\u00edses est\u00e1n avanzando en la integraci\u00f3n de la inteligencia artificial en sus ej\u00e9rcitos&#8221;.<\/p>\n<\/div>\n<div class=\"bbc-19j92fr ebmt73l0\" dir=\"ltr\">\n<p class=\"bbc-hhl7in e17g058b0\" dir=\"ltr\">La organizaci\u00f3n subray\u00f3 que todos estos peligros &#8220;se ven exacerbados en gran medida por un potente multiplicador de amenazas: la propagaci\u00f3n de informaci\u00f3n err\u00f3nea, desinformaci\u00f3n y teor\u00edas conspirativas que degradan el ecosistema de la comunicaci\u00f3n y difuminan cada vez m\u00e1s la l\u00ednea que separa la verdad de la falsedad&#8221;.<\/p>\n<\/div>\n<div class=\"bbc-19j92fr ebmt73l0\" dir=\"ltr\">\n<p class=\"bbc-hhl7in e17g058b0\" dir=\"ltr\">Seg\u00fan el BAS, Estados Unidos, China y Rusia &#8220;tienen el poder colectivo de destruir la civilizaci\u00f3n&#8221;, y a\u00f1adi\u00f3 que las tres naciones &#8220;tienen la responsabilidad primordial de sacar al mundo del abismo&#8221;.<\/p>\n<\/div>\n<div class=\"bbc-19j92fr ebmt73l0\" dir=\"ltr\">\n<p class=\"bbc-hhl7in e17g058b0\" dir=\"ltr\">&#8220;A\u00fan estamos a tiempo de tomar las decisiones correctas para hacer retroceder las manecillas del Reloj del Juicio Final&#8221;, apremi\u00f3 Santos. &#8220;En Colombia decimos &#8216;cada segundo cuenta'&#8221;.<\/p>\n<\/div>\n<div class=\"bbc-19j92fr ebmt73l0\" dir=\"ltr\">\n<p class=\"bbc-hhl7in e17g058b0\" dir=\"ltr\">En 2020, las manecillas del reloj se movieron a 100 segundos de la medianoche. Los a\u00f1os siguientes, en 2021 y 2022, las agujas se quedaron en el mismo lugar, pero en 2023 se avanzaron hasta los 90 segundos, donde permanecieron en 2024.<\/p>\n<\/div>\n<div class=\"bbc-19j92fr ebmt73l0\" dir=\"ltr\">\n<p class=\"bbc-hhl7in e17g058b0\" dir=\"ltr\">En 1991, con el final de la Guerra Fr\u00eda, Estados Unidos y la Uni\u00f3n Sovi\u00e9tica firmaron el Tratado de Reducci\u00f3n de Armas Estrat\u00e9gicas (START, por sus siglas en ingl\u00e9s), el primer tratado que preve\u00eda profundos recortes en los arsenales de armas nucleares estrat\u00e9gicas de ambos pa\u00edses, lo que llev\u00f3 al Bolet\u00edn a retrasar la aguja del reloj 17 minutos antes de la medianoche.<\/p>\n<\/div>\n<div class=\"bbc-19j92fr ebmt73l0\" dir=\"ltr\">\n<p class=\"bbc-hhl7in e17g058b0\" dir=\"ltr\">Esa fue la vez que m\u00e1s lejos han estado las manecillas del reloj del desastre.<\/p>\n<\/div>\n","protected":false},"excerpt":{"rendered":"<p>&nbsp; &nbsp; El Reloj del Juicio Final, que simboliza lo cerca que est\u00e1 la humanidad de la destrucci\u00f3n, se ha adelantado un segundo hasta situarse&hellip;<\/p>\n","protected":false},"author":99,"featured_media":527952,"comment_status":"open","ping_status":"open","sticky":false,"template":"","format":"standard","meta":{"footnotes":""},"categories":[24],"tags":[],"class_list":["post-527951","post","type-post","status-publish","format-standard","has-post-thumbnail","hentry","category-mundo"],"_links":{"self":[{"href":"https:\/\/diarioelpopular.com\/index.php\/wp-json\/wp\/v2\/posts\/527951","targetHints":{"allow":["GET"]}}],"collection":[{"href":"https:\/\/diarioelpopular.com\/index.php\/wp-json\/wp\/v2\/posts"}],"about":[{"href":"https:\/\/diarioelpopular.com\/index.php\/wp-json\/wp\/v2\/types\/post"}],"author":[{"embeddable":true,"href":"https:\/\/diarioelpopular.com\/index.php\/wp-json\/wp\/v2\/users\/99"}],"replies":[{"embeddable":true,"href":"https:\/\/diarioelpopular.com\/index.php\/wp-json\/wp\/v2\/comments?post=527951"}],"version-history":[{"count":1,"href":"https:\/\/diarioelpopular.com\/index.php\/wp-json\/wp\/v2\/posts\/527951\/revisions"}],"predecessor-version":[{"id":527953,"href":"https:\/\/diarioelpopular.com\/index.php\/wp-json\/wp\/v2\/posts\/527951\/revisions\/527953"}],"wp:featuredmedia":[{"embeddable":true,"href":"https:\/\/diarioelpopular.com\/index.php\/wp-json\/wp\/v2\/media\/527952"}],"wp:attachment":[{"href":"https:\/\/diarioelpopular.com\/index.php\/wp-json\/wp\/v2\/media?parent=527951"}],"wp:term":[{"taxonomy":"category","embeddable":true,"href":"https:\/\/diarioelpopular.com\/index.php\/wp-json\/wp\/v2\/categories?post=527951"},{"taxonomy":"post_tag","embeddable":true,"href":"https:\/\/diarioelpopular.com\/index.php\/wp-json\/wp\/v2\/tags?post=527951"}],"curies":[{"name":"wp","href":"https:\/\/api.w.org\/{rel}","templated":true}]}}