{"id":527959,"date":"2025-01-29T11:11:49","date_gmt":"2025-01-29T15:11:49","guid":{"rendered":"https:\/\/diarioelpopular.com\/?p=527959"},"modified":"2025-01-30T10:46:33","modified_gmt":"2025-01-30T14:46:33","slug":"asi-es-como-cerca-de-5-000-migrantes-indocumentados-han-sido-detenidos-desde-la-llegada-de-trump-a-la-casa-blanca","status":"publish","type":"post","link":"https:\/\/diarioelpopular.com\/index.php\/2025\/01\/29\/asi-es-como-cerca-de-5-000-migrantes-indocumentados-han-sido-detenidos-desde-la-llegada-de-trump-a-la-casa-blanca\/","title":{"rendered":"As\u00ed es como cerca de 5.000 migrantes indocumentados han sido detenidos desde la llegada de Trump a la Casa Blanca"},"content":{"rendered":"<p><img loading=\"lazy\" decoding=\"async\" class=\"alignnone size-custom-full-size wp-image-527960\" src=\"https:\/\/diarioelpopular.com\/wp-content\/uploads\/2025\/01\/Screen-Shot-2025-01-29-at-10.07.57-AM-636x358.png\" alt=\"\" width=\"636\" height=\"358\" srcset=\"https:\/\/diarioelpopular.com\/wp-content\/uploads\/2025\/01\/Screen-Shot-2025-01-29-at-10.07.57-AM-636x358.png 636w, https:\/\/diarioelpopular.com\/wp-content\/uploads\/2025\/01\/Screen-Shot-2025-01-29-at-10.07.57-AM-300x169.png 300w, https:\/\/diarioelpopular.com\/wp-content\/uploads\/2025\/01\/Screen-Shot-2025-01-29-at-10.07.57-AM-768x432.png 768w, https:\/\/diarioelpopular.com\/wp-content\/uploads\/2025\/01\/Screen-Shot-2025-01-29-at-10.07.57-AM-130x73.png 130w, https:\/\/diarioelpopular.com\/wp-content\/uploads\/2025\/01\/Screen-Shot-2025-01-29-at-10.07.57-AM.png 942w\" sizes=\"auto, (max-width: 636px) 100vw, 636px\" \/><\/p>\n<p>&nbsp;<\/p>\n<div id=\"\" class=\"portlet-boundary portlet-static-end content-viewer-portlet last full-access norestricted\">\n<div class=\"ecr_articulo_titulo_multimedia art_26471000\">\n<div class=\"block-headline\">\n<ul>\n<li class=\"lead cita\"><em><strong>Con d\u00edas en los que se han registrado cerca de mil personas, Trump concentra sus esfuerzos en detener a los indocumentados en Estados Unidos.<\/strong><\/em><\/li>\n<\/ul>\n<\/div>\n<div class=\"block-image\">\n<div class=\"multimediaMacroWrapper\">\n<div class=\"slick-list draggable\">\n<div class=\"slick-track\"><\/div>\n<\/div>\n<\/div>\n<\/div>\n<\/div>\n<\/div>\n<div id=\"\" class=\"portlet-boundary portlet-static-end content-viewer-portlet section__textos last full-access norestricted\">\n<div class=\"ecr_articulo art_26471000\">\n<div class=\"block-date information-noticia toolsWrapper\">\n<div class=\"tools\">\n<div class=\"autor\">\n<div class=\"author_guardar_compartir_redi\">\n<div class=\"div_author_r\">\n<div class=\"autor_rediseno\">\n<div class=\"paragraph\">\n<p>&nbsp;<\/p>\n<p>En tan solo una semana, el Servicio de Inmigraci\u00f3n y Control de Aduanas de Estados Unidos (ICE, por sus siglas en ingl\u00e9s) ha intensificado sus operaciones\u00a0deteniendo a, por lo menos, 5.000 inmigrantes indocumentados y emitiendo 1.797 \u00f3rdenes de captura.<\/p>\n<p>Solo el domingo pasado,\u00a0965 personas fueron detenidas y se emitieron 554 \u00f3rdenes de captura,\u00a0un r\u00e9cord para una sola jornada. Desde el 23 de enero, ICE ha publicado diariamente estos datos como parte de la nueva estrategia del Gobierno de Trump para hacer cumplir con m\u00e1s rigor las leyes de inmigraci\u00f3n.<\/p>\n<\/div>\n<div class=\"Article_Text 26470166 47059315\">\n<div class=\"left\">Las autoridades afirman que estas detenciones se justifican bajo la premisa de que\u00a0\u201cexiste una causa probable para creer que la persona arrestada puede ser deportada de los Estados Unidos\u00a0seg\u00fan la ley federal de inmigraci\u00f3n\u201d. Adem\u00e1s en un reciente anuncio realizado por la portavoz de la Casa Blanca, aseguran que \u201cmuchos de los migrantes son delincuentes, puesto que entrar indocumentado a un pa\u00eds es un acto ilegal\u201d.<\/div>\n<div>\n<p>Los \u00faltimos d\u00edas de enero han sido los d\u00edas con las mas grandes redadas,\u00a0el 25 de enero hubo 286 arrestos y 421 \u00f3rdenes de detenci\u00f3n; el 24, se registraron 593 detenciones y 449 \u00f3rdenes;\u00a0mientras que el 23 de enero se totalizaron 538 arrestos y 373 \u00f3rdenes de detenci\u00f3n.<\/p>\n<p>Adem\u00e1s del refuerzo en la frontera con M\u00e9xico, donde se han realizado importantes detenciones,\u00a0el Departamento de Seguridad Nacional autoriz\u00f3 los arrestos en lugares considerados previamente seguros,\u00a0como escuelas e iglesia lo que ha ocasionado que las detenciones incrementen su n\u00famero dr\u00e1sticamente.<\/p>\n<div class=\"paragraph\">\n<p>Ya son decenas de vuelos con migrantes detenidos los que Estados Unidos ha enviado a diferentes pa\u00edses de Am\u00e9rica Latina.\u00a0En caso de que los pa\u00edses no quieran recibir a los deportados, Trump ya tiene previsto todo un esquema de acciones.\u00a0Por un lado est\u00e1n los paquetes de sanciones como los que impuso a Colombia, por otro, tambi\u00e9n ha estado en\u00a0negociaciones con El Salvador para establecer un acuerdo que permitir\u00eda a Estados Unidos deportar inmigrantes de terceros pa\u00edses,\u00a0incluyendo presuntos miembros de bandas criminales.<\/p>\n<\/div>\n<div class=\"Article_Text 26470476 47059314\">\n<div class=\"template-ec-14\" data-mrf-recirculation=\"Article - inline\">\n<div class=\"left\">\n<p>Como si no fuera poco,\u00a0el Gobierno estadounidense emiti\u00f3 una nueva medida que golpea duramente a los venezolanos, y ha revocado una extensi\u00f3n del Estatuto de Protecci\u00f3n Temporal (TPS) que\u00a0hab\u00eda sido otorgada por el expresidente Joe Biden a m\u00e1s de 600.000 venezolanos.<\/p>\n<div id=\"Mid-Article-Reco-Reel-1\" class=\"trc_related_container tbl-trecs-container trc_spotlight_widget trc_elastic trc_elastic_alternating-thumbnails-mid-article-rr tbl-reco-reel-desktop tbl-story-desktop\" data-placement-name=\"Mid Article Reco Reel\">\n<div class=\"trc_rbox_container tbl-slides-container tbl-reco-reel story-widget tbl-trecs-reco-reel tbl-reco-reel-desktop tbl-story-desktop tbl-reco-reel-text-under-slide-in story-widget-text-under-slide-in\">\n<div>\n<div id=\"trc_wrapper_115335426\" class=\"trc_rbox alternating-thumbnails-mid-article-rr trc-content-hybrid\">\n<div id=\"outer_115335426\" class=\"trc_rbox_outer\">\n<div id=\"rbox-t2m\" class=\"trc_rbox_div trc_rbox_border_elm\">\n<div id=\"internal_trc_115335426\" class=\"tbl-recommendation-reel\">\n<div class=\"videoCube trc_spotlight_item origin-default textItem thumbnail_top videoCube_1_child trc-first-recommendation trc-spotlight-first-recommendation trc_excludable tbl-show-item tbl-zoom-in-item\" data-item-id=\"~~V1~~6309535641803630326~~CtMjjUD1wKMfAFL5TwIcVw\" data-item-title=\"Mataron a un hombre dentro de un carro particular en la entrada de Girardota\" data-item-thumb=\"https:\/\/estaticos.elcolombiano.com\/binrepository\/1201x785\/1c0\/1200d627\/none\/11101\/HUGL\/girardota_47049347_20250128171350.jpg\" data-item-syndicated=\"false\">\n<p>Seg\u00fan inform\u00f3\u00a0<i>The New York Times<\/i>, la orden, firmada por la secretaria de Seguridad Nacional, Kristi Noem,\u00a0anula la pr\u00f3rroga de 18 meses del TPS que Biden hab\u00eda aprobado el pasado 10 de enero.La decisi\u00f3n deja a cientos de miles de venezolanos en situaci\u00f3n de riesgo, ya que no podr\u00edan evitar la deportaci\u00f3n y sus permisos de trabajo, que estaban garantizados hasta octubre de 2026, quedar\u00edan anulados.<\/p>\n<p>Las pol\u00edticas migratorias de Trump se han venido endureciendo cada vez m\u00e1s, en medio de un plan que seg\u00fan \u00e9l, va a expulsar a millones de migrantes indocumentados de su pa\u00eds.<\/p>\n<p>&nbsp;<\/p>\n<\/div>\n<\/div>\n<\/div>\n<\/div>\n<\/div>\n<\/div>\n<\/div>\n<\/div>\n<\/div>\n<\/div>\n<\/div>\n<\/div>\n<\/div>\n<\/div>\n<\/div>\n<\/div>\n<\/div>\n<\/div>\n<\/div>\n<\/div>\n<\/div>\n","protected":false},"excerpt":{"rendered":"<p>&nbsp; Con d\u00edas en los que se han registrado cerca de mil personas, Trump concentra sus esfuerzos en detener a los indocumentados en Estados Unidos.&hellip;<\/p>\n","protected":false},"author":99,"featured_media":527960,"comment_status":"open","ping_status":"open","sticky":false,"template":"","format":"standard","meta":{"footnotes":""},"categories":[24],"tags":[],"class_list":["post-527959","post","type-post","status-publish","format-standard","has-post-thumbnail","hentry","category-mundo"],"_links":{"self":[{"href":"https:\/\/diarioelpopular.com\/index.php\/wp-json\/wp\/v2\/posts\/527959","targetHints":{"allow":["GET"]}}],"collection":[{"href":"https:\/\/diarioelpopular.com\/index.php\/wp-json\/wp\/v2\/posts"}],"about":[{"href":"https:\/\/diarioelpopular.com\/index.php\/wp-json\/wp\/v2\/types\/post"}],"author":[{"embeddable":true,"href":"https:\/\/diarioelpopular.com\/index.php\/wp-json\/wp\/v2\/users\/99"}],"replies":[{"embeddable":true,"href":"https:\/\/diarioelpopular.com\/index.php\/wp-json\/wp\/v2\/comments?post=527959"}],"version-history":[{"count":1,"href":"https:\/\/diarioelpopular.com\/index.php\/wp-json\/wp\/v2\/posts\/527959\/revisions"}],"predecessor-version":[{"id":527961,"href":"https:\/\/diarioelpopular.com\/index.php\/wp-json\/wp\/v2\/posts\/527959\/revisions\/527961"}],"wp:featuredmedia":[{"embeddable":true,"href":"https:\/\/diarioelpopular.com\/index.php\/wp-json\/wp\/v2\/media\/527960"}],"wp:attachment":[{"href":"https:\/\/diarioelpopular.com\/index.php\/wp-json\/wp\/v2\/media?parent=527959"}],"wp:term":[{"taxonomy":"category","embeddable":true,"href":"https:\/\/diarioelpopular.com\/index.php\/wp-json\/wp\/v2\/categories?post=527959"},{"taxonomy":"post_tag","embeddable":true,"href":"https:\/\/diarioelpopular.com\/index.php\/wp-json\/wp\/v2\/tags?post=527959"}],"curies":[{"name":"wp","href":"https:\/\/api.w.org\/{rel}","templated":true}]}}