{"id":528001,"date":"2025-01-30T11:51:14","date_gmt":"2025-01-30T15:51:14","guid":{"rendered":"https:\/\/diarioelpopular.com\/?p=528001"},"modified":"2025-01-30T11:51:14","modified_gmt":"2025-01-30T15:51:14","slug":"canada-y-mexico-pueden-evitar-los-aranceles-de-estados-unidos-segun-el-candidato-a-secretario-de-comercio","status":"publish","type":"post","link":"https:\/\/diarioelpopular.com\/index.php\/2025\/01\/30\/canada-y-mexico-pueden-evitar-los-aranceles-de-estados-unidos-segun-el-candidato-a-secretario-de-comercio\/","title":{"rendered":"Canad\u00e1 y M\u00e9xico pueden evitar los aranceles de Estados Unidos, seg\u00fan el candidato a secretario de Comercio"},"content":{"rendered":"<div id=\"attachment_528002\" style=\"width: 1210px\" class=\"wp-caption alignnone\"><img loading=\"lazy\" decoding=\"async\" aria-describedby=\"caption-attachment-528002\" class=\"wp-image-528002 size-custom-big-size\" src=\"https:\/\/diarioelpopular.com\/wp-content\/uploads\/2025\/01\/Screen-Shot-2025-01-30-at-10.50.26-AM-1200x800.png\" alt=\"\" width=\"1200\" height=\"800\" srcset=\"https:\/\/diarioelpopular.com\/wp-content\/uploads\/2025\/01\/Screen-Shot-2025-01-30-at-10.50.26-AM-1200x800.png 1200w, https:\/\/diarioelpopular.com\/wp-content\/uploads\/2025\/01\/Screen-Shot-2025-01-30-at-10.50.26-AM-300x200.png 300w, https:\/\/diarioelpopular.com\/wp-content\/uploads\/2025\/01\/Screen-Shot-2025-01-30-at-10.50.26-AM-768x512.png 768w, https:\/\/diarioelpopular.com\/wp-content\/uploads\/2025\/01\/Screen-Shot-2025-01-30-at-10.50.26-AM-636x424.png 636w, https:\/\/diarioelpopular.com\/wp-content\/uploads\/2025\/01\/Screen-Shot-2025-01-30-at-10.50.26-AM-110x73.png 110w, https:\/\/diarioelpopular.com\/wp-content\/uploads\/2025\/01\/Screen-Shot-2025-01-30-at-10.50.26-AM.png 1024w\" sizes=\"auto, (max-width: 1200px) 100vw, 1200px\" \/><p id=\"caption-attachment-528002\" class=\"wp-caption-text\">El presidente de Estados Unidos, Donald Trump, en la firma de una ley para la deportaci\u00f3n de migrantes irregulares que hayan cometido delitos Elizabeth Frantz (REUTERS)<\/p><\/div>\n<p>&nbsp;<\/p>\n<h4 class=\"a_st\"><em>&#8211; Howard Lutnick ha explicado ante el Congreso estadounidense que estudiar\u00e1 la pertinencia del TMEC y publicar\u00e1 sus conclusiones en \u201cmarzo o abril\u201d<\/em><\/h4>\n<p>&nbsp;<\/p>\n<p class=\"\">Canad\u00e1 y M\u00e9xico pueden\u00a0<a href=\"https:\/\/elpais.com\/mexico\/economia\/2025-01-29\/el-gobierno-de-sheinbaum-cierra-filas-ante-los-amagos-arancelarios-de-trump-no-creemos-que-vaya-a-ocurrir.html\" data-link-track-dtm=\"\" data-mrf-link=\"https:\/\/elpais.com\/mexico\/economia\/2025-01-29\/el-gobierno-de-sheinbaum-cierra-filas-ante-los-amagos-arancelarios-de-trump-no-creemos-que-vaya-a-ocurrir.html\">evitar la imposici\u00f3n de aranceles estadounidenses<\/a>\u00a0a sus productos este mismo s\u00e1bado si toman medidas contra el tr\u00e1fico de drogas. As\u00ed lo ha declarado el candidato del\u00a0<a href=\"https:\/\/elpais.com\/internacional\/2025-01-26\/el-nuevo-trump-vuelve-con-ansia-de-revancha.html\" data-link-track-dtm=\"\" data-mrf-link=\"https:\/\/elpais.com\/internacional\/2025-01-26\/el-nuevo-trump-vuelve-con-ansia-de-revancha.html\">presidente Donald Trump<\/a>\u00a0a secretario de Comercio,\u00a0<a href=\"https:\/\/elpais.com\/internacional\/elecciones-usa\/2024-11-19\/el-banquero-howard-lutnick-se-perfila-como-secretario-de-comercio-de-trump.html\" data-link-track-dtm=\"\" data-mrf-link=\"https:\/\/elpais.com\/internacional\/elecciones-usa\/2024-11-19\/el-banquero-howard-lutnick-se-perfila-como-secretario-de-comercio-de-trump.html\">Howard Lutnick<\/a>, en su audiencia de confirmaci\u00f3n. El banquero matiz\u00f3, no obstante, que otras tandas de tasas se decidir\u00e1n a finales de marzo o abril.<\/p>\n<p class=\"\">Trump hab\u00eda amenazado la semana pasada con aplicar\u00a0<a href=\"https:\/\/elpais.com\/america\/2025-01-28\/la-casa-blanca-insiste-en-que-los-aranceles-contra-mexico-y-canada-se-mantienen-para-el-sabado.html\" data-link-track-dtm=\"\" data-mrf-link=\"https:\/\/elpais.com\/america\/2025-01-28\/la-casa-blanca-insiste-en-que-los-aranceles-contra-mexico-y-canada-se-mantienen-para-el-sabado.html\">aranceles del 25% contra M\u00e9xico y Canad\u00e1<\/a>, los pa\u00edses vecinos y socios en el acuerdo de libre comercio conocido como TMEC, a partir del 1 de febrero si estos pa\u00edses no tomaban medidas, como \u00e9l exige, para atajar la inmigraci\u00f3n ilegal y la entrada de fentanilo, que desde Canada es pr\u00e1cticamente escasa en territorio estadounidense. El nuevo presidente estadounidense tambi\u00e9n apuntaba la posibilidad de imponer grav\u00e1menes del 10% contra China.<\/p>\n<p class=\"\">En su primera rueda de prensa, este martes, la nueva portavoz de la Casa Blanca, Karoline Leavitt, aseguraba que esas medidas continuaban en marcha, aunque tambi\u00e9n reconoc\u00eda que su Gobierno ha visto \u201cun nivel hist\u00f3rico de cooperaci\u00f3n por parte de M\u00e9xico\u201d.<\/p>\n<p class=\"\">Lutnick ha matizado este mi\u00e9rcoles esas consideraciones en su comparecencia ante los miembros del Comit\u00e9 de Comercio, Ciencia y Transporte en el Senado. Seg\u00fan declaraba, la idea de Trump es estudiar dos tipos de aranceles. Los primeros, aquellos con los que ha amenazado para el s\u00e1bado, tienen car\u00e1cter pol\u00edtico: buscan \u201cponer fin a la llegada de fentanilo\u201d a Estados Unidos y que \u201cnuestros socios dejen de faltarnos al respeto\u201d. Trump se lamenta una y otra vez de que los pa\u00edses socios, sea en Am\u00e9rica o en Europa, \u201ctratan de manera p\u00e9sima\u201d a su pa\u00eds.<\/p>\n<p class=\"\">\u201cNo es un arancel en s\u00ed mismo. Es una medida de pol\u00edtica dom\u00e9stica: cierren sus fronteras y detengan el flujo de fentanilo que entra en nuestro pa\u00eds y mata gente\u201d, explicaba el aspirante a la cartera de comercio. \u201cEs un arancel para conseguir acciones en M\u00e9xico y Canad\u00e1\u201d, insist\u00eda.<\/p>\n<p class=\"\">Seg\u00fan Lutnick, que no se refiri\u00f3 espec\u00edficamente a la fecha del 1 de febrero, \u201chasta donde yo s\u00e9 (M\u00e9xico y Canad\u00e1) est\u00e1n actuando r\u00e1pido, si siguen as\u00ed no habr\u00e1 aranceles\u201d.<\/p>\n<p class=\"\">El segundo tipo de grav\u00e1menes tendr\u00eda un car\u00e1cter m\u00e1s puramente comercial. Seg\u00fan el candidato, el Departamento de Comercio y el representante para Comercio Exterior estudiar\u00e1n la necesidad de cambiar la estructura de aranceles con los socios del TMEC. \u201cLas conclusiones de esos estudios ver\u00e1n la luz a finales de marzo o en abril y les informaremos sobre ellas\u201d, indic\u00f3 Lutnick a los senadores del Comit\u00e9 de Comercio, Ciencia y Transporte.<\/p>\n<p class=\"\"><a href=\"https:\/\/elpais.com\/mexico\/economia\/2024-12-15\/el-tmec-en-cinco-graficos-mas-exportaciones-mas-inversion-extranjera-pero-debil-crecimiento-economico.html\" data-link-track-dtm=\"\" data-mrf-link=\"https:\/\/elpais.com\/mexico\/economia\/2024-12-15\/el-tmec-en-cinco-graficos-mas-exportaciones-mas-inversion-extranjera-pero-debil-crecimiento-economico.html\">El TMEC<\/a>, heredero de la antigua \u00c1rea de Libre Comercio para Am\u00e9rica del Norte (TLCAN) negociada en la era de Bill Clinton, es resultado de las negociaciones durante el primer mandato de Donald Trump, y su revisi\u00f3n est\u00e1 prevista para 2026.<\/p>\n<p class=\"\">Como parte de un despliegue diplom\u00e1tico para evitar las sanciones de este s\u00e1bado, la ministra de Asuntos Exteriores de Canad\u00e1, M\u00e9lanie Joly, se reun\u00eda este mi\u00e9rcoles con el secretario de Estado, Marco Rubio, en Washington. Ninguno de los dos efectu\u00f3 declaraciones a la prensa durante una muy breve comparecencia al comienzo de su encuentro. Previamente, Joly hab\u00eda mantenido conversaciones con legisladores estadounidenses para explicar que si Estados Unidos cumple su amenaza de aranceles, las econom\u00edas de ambos pa\u00edses saldr\u00e1n perjudicadas. Tambi\u00e9n detall\u00f3 el plan de control de la frontera que se ha puesto en marcha, con un presupuesto de 1.300 millones de d\u00f3lares.<\/p>\n<p class=\"\">Tanto M\u00e9xico como Canad\u00e1 prev\u00e9n responder con aranceles a productos estadounidenses en caso de que Trump cumpla su amenaza. Ello podr\u00eda desencadenar una guerra comercial en el continente americano de consecuencias globales. El intercambio de Estados Unidos con M\u00e9xico super\u00f3 los 776.000 millones de d\u00f3lares en los primeros once meses del a\u00f1o pasado. Con Canad\u00e1 rond\u00f3 los 700.000 millones de d\u00f3lares.<\/p>\n","protected":false},"excerpt":{"rendered":"<p>&nbsp; &#8211; Howard Lutnick ha explicado ante el Congreso estadounidense que estudiar\u00e1 la pertinencia del TMEC y publicar\u00e1 sus conclusiones en \u201cmarzo o abril\u201d &nbsp;&hellip;<\/p>\n","protected":false},"author":99,"featured_media":528002,"comment_status":"open","ping_status":"open","sticky":false,"template":"","format":"standard","meta":{"footnotes":""},"categories":[24],"tags":[],"class_list":["post-528001","post","type-post","status-publish","format-standard","has-post-thumbnail","hentry","category-mundo"],"_links":{"self":[{"href":"https:\/\/diarioelpopular.com\/index.php\/wp-json\/wp\/v2\/posts\/528001","targetHints":{"allow":["GET"]}}],"collection":[{"href":"https:\/\/diarioelpopular.com\/index.php\/wp-json\/wp\/v2\/posts"}],"about":[{"href":"https:\/\/diarioelpopular.com\/index.php\/wp-json\/wp\/v2\/types\/post"}],"author":[{"embeddable":true,"href":"https:\/\/diarioelpopular.com\/index.php\/wp-json\/wp\/v2\/users\/99"}],"replies":[{"embeddable":true,"href":"https:\/\/diarioelpopular.com\/index.php\/wp-json\/wp\/v2\/comments?post=528001"}],"version-history":[{"count":1,"href":"https:\/\/diarioelpopular.com\/index.php\/wp-json\/wp\/v2\/posts\/528001\/revisions"}],"predecessor-version":[{"id":528003,"href":"https:\/\/diarioelpopular.com\/index.php\/wp-json\/wp\/v2\/posts\/528001\/revisions\/528003"}],"wp:featuredmedia":[{"embeddable":true,"href":"https:\/\/diarioelpopular.com\/index.php\/wp-json\/wp\/v2\/media\/528002"}],"wp:attachment":[{"href":"https:\/\/diarioelpopular.com\/index.php\/wp-json\/wp\/v2\/media?parent=528001"}],"wp:term":[{"taxonomy":"category","embeddable":true,"href":"https:\/\/diarioelpopular.com\/index.php\/wp-json\/wp\/v2\/categories?post=528001"},{"taxonomy":"post_tag","embeddable":true,"href":"https:\/\/diarioelpopular.com\/index.php\/wp-json\/wp\/v2\/tags?post=528001"}],"curies":[{"name":"wp","href":"https:\/\/api.w.org\/{rel}","templated":true}]}}