{"id":528079,"date":"2025-02-01T11:17:32","date_gmt":"2025-02-01T15:17:32","guid":{"rendered":"https:\/\/diarioelpopular.com\/?p=528079"},"modified":"2025-02-01T11:17:32","modified_gmt":"2025-02-01T15:17:32","slug":"quien-se-atreva-con-la-sagrada-propiedad-privada-es-el-terrorista-mas-radical-del-mundo","status":"publish","type":"post","link":"https:\/\/diarioelpopular.com\/index.php\/2025\/02\/01\/quien-se-atreva-con-la-sagrada-propiedad-privada-es-el-terrorista-mas-radical-del-mundo\/","title":{"rendered":"&#8220;Quien se atreva con la sagrada propiedad privada es el terrorista m\u00e1s radical del mundo&#8221;"},"content":{"rendered":"<div id=\"attachment_528080\" style=\"width: 646px\" class=\"wp-caption alignnone\"><img loading=\"lazy\" decoding=\"async\" aria-describedby=\"caption-attachment-528080\" class=\"wp-image-528080 size-custom-full-size\" src=\"https:\/\/diarioelpopular.com\/wp-content\/uploads\/2025\/02\/Screen-Shot-2025-02-01-at-10.16.56-AM-636x362.png\" alt=\"\" width=\"636\" height=\"362\" srcset=\"https:\/\/diarioelpopular.com\/wp-content\/uploads\/2025\/02\/Screen-Shot-2025-02-01-at-10.16.56-AM-636x362.png 636w, https:\/\/diarioelpopular.com\/wp-content\/uploads\/2025\/02\/Screen-Shot-2025-02-01-at-10.16.56-AM-300x171.png 300w, https:\/\/diarioelpopular.com\/wp-content\/uploads\/2025\/02\/Screen-Shot-2025-02-01-at-10.16.56-AM-768x438.png 768w, https:\/\/diarioelpopular.com\/wp-content\/uploads\/2025\/02\/Screen-Shot-2025-02-01-at-10.16.56-AM-128x73.png 128w, https:\/\/diarioelpopular.com\/wp-content\/uploads\/2025\/02\/Screen-Shot-2025-02-01-at-10.16.56-AM.png 1024w\" sizes=\"auto, (max-width: 636px) 100vw, 636px\" \/><p id=\"caption-attachment-528080\" class=\"wp-caption-text\">En Europa las protestas contra el desalojo de propiedades ocupadas que estaban abandonadas son comunes.<\/p><\/div>\n<p>&nbsp;<\/p>\n<p>&nbsp;<\/p>\n<div class=\"bbc-19j92fr ebmt73l0\" dir=\"ltr\">\n<ul>\n<li class=\"bbc-hhl7in e17g058b0\" dir=\"ltr\"><em><b>La casa habla, describe a quienes la habitan y recorren sus rincones, le acarician el paladar y le abren las ventanas para que entren los p\u00e1jaros.<\/b><\/em><\/li>\n<\/ul>\n<\/div>\n<div class=\"bbc-19j92fr ebmt73l0\" dir=\"ltr\">\n<p dir=\"ltr\">\n<p class=\"bbc-hhl7in e17g058b0\" dir=\"ltr\">La casa, que se levanta en San Telmo, dice que no quiere a quienes la poseen, que prefiere mil veces a las sirvientas, Vira y Olena, dos inmigrantes ucranianas explotadas por sus patrones, Don Demetrio y Do\u00f1a Ramona.<\/p>\n<\/div>\n<div class=\"bbc-19j92fr ebmt73l0\" dir=\"ltr\">\n<p class=\"bbc-hhl7in e17g058b0\" dir=\"ltr\">La casa es ind\u00f3cil, palabra que le da el t\u00edtulo a la primera novela de la colombiana Laura Ortiz G\u00f3mez (Bogot\u00e1, 1986), que vivi\u00f3 siete a\u00f1os en Buenos Aires y como migrante sufri\u00f3 en carne propia la crisis de acceso a la vivienda.<\/p>\n<\/div>\n<div class=\"bbc-19j92fr ebmt73l0\" dir=\"ltr\">\n<p class=\"bbc-hhl7in e17g058b0\" dir=\"ltr\">&#8220;Consegu\u00ed una casa derruida de comienzos del siglo XX y me obsesion\u00e9 con el origen hist\u00f3rico de la especulaci\u00f3n sobre la tierra y del por qu\u00e9 la vivienda est\u00e1 en muy pocas manos en Buenos Aires&#8221;.<\/p>\n<\/div>\n<div class=\"bbc-19j92fr ebmt73l0\" dir=\"ltr\">\n<p class=\"bbc-hhl7in e17g058b0\" dir=\"ltr\">Descubri\u00f3 entonces la huelga de los inquilinos, o de las escobas, que en 1907 convoc\u00f3 a dos mil conventillos en Argentina. Grandes casonas eran alquiladas por habitaciones a familias completas, muchas de ellas inmigrantes y los due\u00f1os cobraban arriendos de usura, una situaci\u00f3n que termin\u00f3 a escobazos en las calles, y en enfrentamientos de los arrendatarios con la polic\u00eda contra el desalojo por negarse a pagar un nuevo aumento de la renta.<\/p>\n<\/div>\n<div class=\"bbc-19j92fr ebmt73l0\" dir=\"ltr\">\n<p class=\"bbc-hhl7in e17g058b0\" dir=\"ltr\">&#8220;Era la primera gran oleada migrante y por ah\u00ed me conectaba; pens\u00e9 bueno, soy como estas personas&#8221;, cuenta la autora, quien le da a sus personajes, Vira y Olena, un lugar importante en esta revuelta, pues Demetrio y Ramona huyen a otros barrios y las convierten en sus inquilinas.<\/p>\n<\/div>\n<div class=\"bbc-19j92fr ebmt73l0\" dir=\"ltr\">\n<p class=\"bbc-hhl7in e17g058b0\" dir=\"ltr\">La casa las defiende, las ama, las protege y eso le vale insultos y discriminaci\u00f3n de las viviendas vecinas, que la tratan entre muchas otras cosas de ramera, depravada, corrupta, libertina, lujuriosa, fulana, mesalina, pecadora, ninfa, gamberra, casa galante, de vida airada, de mal vivir, concubina, mantenida, ad\u00faltera y madame&#8221;.<\/p>\n<\/div>\n<div class=\"bbc-19j92fr ebmt73l0\" dir=\"ltr\">\n<p class=\"bbc-hhl7in e17g058b0\" dir=\"ltr\">La BBC de Londres habl\u00f3 con Ortiz en el marco del Hay Festival de Cartagena que se celebra entre el 30 de enero y el 2 de febrero en esa ciudad del Caribe colombiano.<\/p>\n<p dir=\"ltr\">\n<\/div>\n<figure class=\"bbc-1qn0xuy\">\n<div class=\"bbc-18ywsw9\"><img loading=\"lazy\" decoding=\"async\" class=\"bbc-139onq\" src=\"https:\/\/ichef.bbci.co.uk\/ace\/ws\/640\/cpsprodpb\/2f47\/live\/b0b69a00-da5f-11ef-907e-55e025d54ff9.jpg.webp\" sizes=\"auto, (min-width: 1008px) 760px, 100vw\" srcset=\"https:\/\/ichef.bbci.co.uk\/ace\/ws\/240\/cpsprodpb\/2f47\/live\/b0b69a00-da5f-11ef-907e-55e025d54ff9.jpg.webp 240w, https:\/\/ichef.bbci.co.uk\/ace\/ws\/320\/cpsprodpb\/2f47\/live\/b0b69a00-da5f-11ef-907e-55e025d54ff9.jpg.webp 320w, https:\/\/ichef.bbci.co.uk\/ace\/ws\/480\/cpsprodpb\/2f47\/live\/b0b69a00-da5f-11ef-907e-55e025d54ff9.jpg.webp 480w, https:\/\/ichef.bbci.co.uk\/ace\/ws\/624\/cpsprodpb\/2f47\/live\/b0b69a00-da5f-11ef-907e-55e025d54ff9.jpg.webp 624w, https:\/\/ichef.bbci.co.uk\/ace\/ws\/800\/cpsprodpb\/2f47\/live\/b0b69a00-da5f-11ef-907e-55e025d54ff9.jpg.webp 800w\" alt=\"Laura Ort\u00edz G\u00f3mez\" width=\"1280\" height=\"720\" \/><\/p>\n<p class=\"bbc-by8ykd\" role=\"text\"><span class=\"bbc-m04vo2\">Fuente de la imagen,<\/span><span lang=\"en-GB\">Catalina Bartolom\u00e9.\u00a0\u00a0<\/span>Laura Ortiz G\u00f3mez (Bogot\u00e1, 1986) vivi\u00f3 siete a\u00f1os en Buenos Aires.<\/p>\n<\/div>\n<\/figure>\n<figure class=\"bbc-1qn0xuy\">\n<div class=\"bbc-18ywsw9\"><img loading=\"lazy\" decoding=\"async\" class=\"bbc-139onq\" src=\"https:\/\/ichef.bbci.co.uk\/ace\/ws\/640\/cpsprodpb\/10b9\/live\/a9e2f8a0-da5e-11ef-a37f-eba91255dc3d.png.webp\" sizes=\"auto, (min-width: 1008px) 760px, 100vw\" srcset=\"https:\/\/ichef.bbci.co.uk\/ace\/ws\/240\/cpsprodpb\/10b9\/live\/a9e2f8a0-da5e-11ef-a37f-eba91255dc3d.png.webp 240w, https:\/\/ichef.bbci.co.uk\/ace\/ws\/320\/cpsprodpb\/10b9\/live\/a9e2f8a0-da5e-11ef-a37f-eba91255dc3d.png.webp 320w, https:\/\/ichef.bbci.co.uk\/ace\/ws\/480\/cpsprodpb\/10b9\/live\/a9e2f8a0-da5e-11ef-a37f-eba91255dc3d.png.webp 480w, https:\/\/ichef.bbci.co.uk\/ace\/ws\/624\/cpsprodpb\/10b9\/live\/a9e2f8a0-da5e-11ef-a37f-eba91255dc3d.png.webp 624w, https:\/\/ichef.bbci.co.uk\/ace\/ws\/800\/cpsprodpb\/10b9\/live\/a9e2f8a0-da5e-11ef-a37f-eba91255dc3d.png.webp 800w\" alt=\"L\u00ednea gris\" width=\"800\" height=\"100\" \/><\/div>\n<\/figure>\n<div class=\"bbc-19j92fr ebmt73l0\" dir=\"ltr\">\n<p class=\"bbc-hhl7in e17g058b0\" dir=\"ltr\"><b>\u00bfPor qu\u00e9 habla esta casa?<\/b><\/p>\n<\/div>\n<div class=\"bbc-19j92fr ebmt73l0\" dir=\"ltr\">\n<p class=\"bbc-hhl7in e17g058b0\" dir=\"ltr\">Le\u00ed much\u00edsimo sobre anarquismo porque quienes hicieron esta huelga de los inquilinos o las escobas eran anarquistas, y hab\u00eda corrientes extremas que cuestionaban la propiedad en s\u00ed misma. Dec\u00edan: \u00bfqui\u00e9n determina qu\u00e9 es de qui\u00e9n?&#8230; La propiedad es una invenci\u00f3n y el Estado tambi\u00e9n, que protege a quienes robaron y se quedaron con las mayores extensiones de tierra.<\/p>\n<\/div>\n<div class=\"bbc-19j92fr ebmt73l0\" dir=\"ltr\">\n<p class=\"bbc-hhl7in e17g058b0\" dir=\"ltr\">Nunca hab\u00eda cuestionado la propiedad, la tenemos culturalmente tan apropiada que es dif\u00edcil imaginar un mundo sin ella.<\/p>\n<\/div>\n<div class=\"bbc-19j92fr ebmt73l0\" dir=\"ltr\">\n<p class=\"bbc-hhl7in e17g058b0\" dir=\"ltr\">Pens\u00e9 entonces que si las cosas no son de alguien, tendr\u00edan su vida, su dignidad, su relato. La casa dice \u00bfc\u00f3mo as\u00ed que mi destino est\u00e1 atado a alguien que ni quiero, ni me quiere?<\/p>\n<\/div>\n<div class=\"bbc-19j92fr ebmt73l0\" dir=\"ltr\">\n<p class=\"bbc-hhl7in e17g058b0\" dir=\"ltr\">Era la sensaci\u00f3n que ten\u00eda yo con los due\u00f1os de la casa donde viv\u00eda; no les importaba, no le hicieron mantenimiento en 100 a\u00f1os. Para ellos, era un lucro y para m\u00ed era mi hogar, mi espacio afectivo.<\/p>\n<\/div>\n<div class=\"bbc-19j92fr ebmt73l0\" dir=\"ltr\">\n<p class=\"bbc-hhl7in e17g058b0\" dir=\"ltr\">Esa desproporci\u00f3n es dolorosa, porque no es solo una experiencia material, es sensorial, emocional: uno le pone cuadritos, plantitas, es otra cosa.<\/p>\n<\/div>\n<div class=\"bbc-19j92fr ebmt73l0\" dir=\"ltr\">\n<p class=\"bbc-hhl7in e17g058b0\" dir=\"ltr\"><b>\u00bfC\u00f3mo empieza a gestarse la huelga de las escobas?<\/b><\/p>\n<\/div>\n<div class=\"bbc-19j92fr ebmt73l0\" dir=\"ltr\">\n<p class=\"bbc-hhl7in e17g058b0\" dir=\"ltr\">Empez\u00f3 en Monserrat, La Boca y San Telmo, tres barrios de Buenos Aires, donde era m\u00e1s caro rentar una pieza en un conventillo que un cuarto en Par\u00eds, y la gente viv\u00eda en hacinamiento. Las fotos de la \u00e9poca son impresionantes.<\/p>\n<\/div>\n<div class=\"bbc-19j92fr ebmt73l0\" dir=\"ltr\">\n<p class=\"bbc-hhl7in e17g058b0\" dir=\"ltr\">Lo que sucedi\u00f3 es que iba a haber un aumento de los impuestos y los due\u00f1os de las casas lo trasladaron a los inquilinos. Era exorbitante y cruel, porque la polic\u00eda pagada con esos mismos impuestos los reprim\u00eda.<\/p>\n<\/div>\n<div class=\"bbc-19j92fr ebmt73l0\" dir=\"ltr\">\n<p class=\"bbc-hhl7in e17g058b0\" dir=\"ltr\">Fue la primera huelga de consumo en la Argentina, no fue el parar una industria, sino dejar de consumir un servicio. Y las mujeres salieron a defender los espacios, porque ellas trabajaban en la casa, lavaban, cos\u00edan, la casa era la f\u00e1brica\u2026 Es muy contempor\u00e1neo, el\u00a0<i class=\"bbc-h1y5j7 eih42320\">home office<\/i>, \u00bfno?<\/p>\n<\/div>\n<div class=\"bbc-19j92fr ebmt73l0\" dir=\"ltr\">\n<p class=\"bbc-hhl7in e17g058b0\" dir=\"ltr\">&#8220;Salieron millones de mujeres (\u2026) Mientras amanec\u00eda Olena alz\u00f3 la escoba y grit\u00f3: &#8220;Compa\u00f1eras, estamos barriendo la inmundicia del mundo capitalista&#8221;. \u00bfLo lograron?<\/p>\n<p dir=\"ltr\">\n<\/div>\n<figure class=\"bbc-1qn0xuy\">\n<div class=\"bbc-18ywsw9\">\n<div style=\"width: 2110px\" class=\"wp-caption alignnone\"><img loading=\"lazy\" decoding=\"async\" class=\"bbc-139onq\" src=\"https:\/\/ichef.bbci.co.uk\/ace\/ws\/640\/cpsprodpb\/b290\/live\/07175560-da60-11ef-907e-55e025d54ff9.jpg.webp\" alt=\"Libro de Laura Ort\u00edz \" width=\"2100\" height=\"3150\" \/><p class=\"wp-caption-text\">Fuente de la imagen,Cortes\u00eda Editorial Tusquets<\/p><\/div>\n<p class=\"bbc-by8ykd\" role=\"text\">\n<\/div>\n<\/figure>\n<div class=\"bbc-19j92fr ebmt73l0\" dir=\"ltr\">\n<p class=\"bbc-hhl7in e17g058b0\" dir=\"ltr\">Primero decidieron que no iban a pagar y como en los conventillos hab\u00eda gente de muchas nacionalidades, los imprenteros hac\u00edan panfletos en diversos idiomas.<\/p>\n<\/div>\n<div class=\"bbc-19j92fr ebmt73l0\" dir=\"ltr\">\n<p class=\"bbc-hhl7in e17g058b0\" dir=\"ltr\">Siendo anarquistas no era jer\u00e1rquico ni hab\u00eda un sindicato que los organizara, no era f\u00e1cil ponerse de acuerdo. La lucha se extendi\u00f3 a Bah\u00eda Blanca, C\u00f3rdoba y en un momento fueron 2000 inquilinatos, pero estaban atomizados.<\/p>\n<\/div>\n<div class=\"bbc-19j92fr ebmt73l0\" dir=\"ltr\">\n<p class=\"bbc-hhl7in e17g058b0\" dir=\"ltr\">Algunos due\u00f1os cedieron, otros no, y empezaban unos desalojos crueles y unas batallas con la polic\u00eda en las que lo dom\u00e9stico se convert\u00eda en arma; peleaban tir\u00e1ndoles ollas de agua hirviendo desde el techo.<\/p>\n<\/div>\n<div class=\"bbc-19j92fr ebmt73l0\" dir=\"ltr\">\n<p class=\"bbc-hhl7in e17g058b0\" dir=\"ltr\">Y mujeres de muchos conventillos salieron con las escobas, dec\u00edan que estaban barriendo la inmundicia del mundo capitalista; imag\u00ednate ese eslogan ahorita es imposible, ser\u00eda ultra radical.<\/p>\n<\/div>\n<div class=\"bbc-19j92fr ebmt73l0\" dir=\"ltr\">\n<p class=\"bbc-hhl7in e17g058b0\" dir=\"ltr\">El capitalismo nos ha cooptado, lo veo en Estados Unidos, nuestro faro cultural. All\u00ed se discuten cosas ch\u00e9veres como los derechos civiles, los temas de raza, de g\u00e9nero, pero que nadie vaya a discutir el sistema econ\u00f3mico, es intocable.<\/p>\n<\/div>\n<div class=\"bbc-19j92fr ebmt73l0\" dir=\"ltr\">\n<p class=\"bbc-hhl7in e17g058b0\" dir=\"ltr\">Quien se atreva con la sagrada propiedad privada, es el terrorista m\u00e1s radical del mundo.<\/p>\n<\/div>\n<div class=\"bbc-19j92fr ebmt73l0\" dir=\"ltr\">\n<p class=\"bbc-hhl7in e17g058b0\" dir=\"ltr\"><b>\u00bfPor qu\u00e9 en &#8220;Ind\u00f3cil&#8221; la casa rechaza a los due\u00f1os y se pone del lado de Vira y Olena?<\/b><\/p>\n<\/div>\n<div class=\"bbc-19j92fr ebmt73l0\" dir=\"ltr\">\n<p class=\"bbc-hhl7in e17g058b0\" dir=\"ltr\">Obviamente va a querer a quien la cuide, que son las personas que hacen las labores de servicio.<\/p>\n<\/div>\n<div class=\"bbc-19j92fr ebmt73l0\" dir=\"ltr\">\n<p class=\"bbc-hhl7in e17g058b0\" dir=\"ltr\">Yo sent\u00eda esa misma disparidad con los due\u00f1os de mi casa: la amo, ustedes no la aman, la limpio y la pinto, trato de reparar lo que no han reparado en a\u00f1os.<\/p>\n<\/div>\n<div class=\"bbc-19j92fr ebmt73l0\" dir=\"ltr\">\n<p class=\"bbc-hhl7in e17g058b0\" dir=\"ltr\">Las otras casas del barrio le dicen, t\u00fa eres bruta, \u00bfno entiendes que debes tu lealtad al due\u00f1o, al que te hizo? Y la casa se pregunta, \u00bfel due\u00f1o me hizo? \u00a1No!, me hicieron los alba\u00f1iles. \u00bfY qui\u00e9n me cuida? Ah, estas dos mujeres que me ponen linda, me acarician con las escobas y est\u00e1n pendientes de m\u00ed.<\/p>\n<\/div>\n<div class=\"bbc-19j92fr ebmt73l0\" dir=\"ltr\">\n<p class=\"bbc-hhl7in e17g058b0\" dir=\"ltr\"><b>En la casa tambi\u00e9n habita un personaje misterioso: la ni\u00f1a tehuelche, cuyos huesos son conservados en una vitrina. \u00bfC\u00f3mo llega la ni\u00f1a hasta all\u00ed?<\/b><\/p>\n<\/div>\n<div class=\"bbc-19j92fr ebmt73l0\" dir=\"ltr\">\n<p class=\"bbc-hhl7in e17g058b0\" dir=\"ltr\">Quer\u00eda narrar la &#8220;Campa\u00f1a del desierto&#8221; (1878-1885, en que fueron conquistados grandes territorios habitados por pueblos originarios) y tuve que hacerlo de una manera sint\u00e9tica.<\/p>\n<\/div>\n<div class=\"bbc-19j92fr ebmt73l0\" dir=\"ltr\">\n<p class=\"bbc-hhl7in e17g058b0\" dir=\"ltr\">Los pueblos ind\u00edgenas no tienen la noci\u00f3n de propiedad privada ni tampoco de nacionalidad; en ese sentido son cercanos a las ideas anarquistas. Y la prensa los equiparaba.<\/p>\n<\/div>\n<div class=\"bbc-19j92fr ebmt73l0\" dir=\"ltr\">\n<p class=\"bbc-hhl7in e17g058b0\" dir=\"ltr\">Le\u00ed diarios de 1907 que dec\u00edan: hay que matarlos porque no se consideran argentinos, son enemigos del Estado, lo que sigue siendo un discurso muy actual.<\/p>\n<\/div>\n<div class=\"bbc-19j92fr ebmt73l0\" dir=\"ltr\">\n<p class=\"bbc-hhl7in e17g058b0\" dir=\"ltr\">En estas campa\u00f1as, junto con los ej\u00e9rcitos, iban cient\u00edficos que sacaban los huesos de los muertos.<\/p>\n<p dir=\"ltr\">\n<\/div>\n<figure class=\"bbc-1qn0xuy\">\n<div class=\"bbc-18ywsw9\">\n<div style=\"width: 1034px\" class=\"wp-caption alignnone\"><img loading=\"lazy\" decoding=\"async\" class=\"bbc-139onq\" src=\"https:\/\/ichef.bbci.co.uk\/ace\/ws\/640\/cpsprodpb\/d6bf\/live\/805e21d0-e021-11ef-a819-277e390a7a08.jpg.webp\" alt=\"&quot;Okupa&quot; en Espa\u00f1a.\" width=\"1024\" height=\"683\" \/><p class=\"wp-caption-text\">Fuente de la imagen,Getty Images.\u00a0\u00a0En Espa\u00f1a existe un fuerte movimiento &#8220;okupa&#8221; que defiende el anarquismo y no cree en la propiedad privada.<\/p><\/div>\n<\/div>\n<\/figure>\n<div class=\"bbc-19j92fr ebmt73l0\" dir=\"ltr\">\n<p dir=\"ltr\">\n<p class=\"bbc-hhl7in e17g058b0\" dir=\"ltr\">En el s\u00f3tano del Museo de Historia Natural de La Plata hay cientos de huesos ind\u00edgenas, que se expon\u00edan junto a los simios en un ejercicio de deshumanizaci\u00f3n; y a otros tehuelches los obligaban a limpiar esos huesos, en un ejercicio de crueldad muy tenaz.<\/p>\n<\/div>\n<div class=\"bbc-19j92fr ebmt73l0\" dir=\"ltr\">\n<p class=\"bbc-hhl7in e17g058b0\" dir=\"ltr\">Tanto el anarquismo como las campa\u00f1as del desierto son memorias ocultas en la historia mainstream argentina. No se habla de la masacre ind\u00edgena y tampoco de que el primer sindicato fue anarquista.<\/p>\n<\/div>\n<div class=\"bbc-19j92fr ebmt73l0\" dir=\"ltr\">\n<p class=\"bbc-hhl7in e17g058b0\" dir=\"ltr\">Se borr\u00f3, se volvi\u00f3 una memoria peronista o socialista y yo quer\u00eda ir a una memoria anterior.<\/p>\n<\/div>\n<div class=\"bbc-19j92fr ebmt73l0\" dir=\"ltr\">\n<p class=\"bbc-hhl7in e17g058b0\" dir=\"ltr\"><b>De las ideas anarquistas, \u00bfqu\u00e9 rescatas para el hoy?<\/b><\/p>\n<\/div>\n<div class=\"bbc-19j92fr ebmt73l0\" dir=\"ltr\">\n<p class=\"bbc-hhl7in e17g058b0\" dir=\"ltr\">El anarquismo lleg\u00f3 a ser muy importante en tres puntos del planeta: en Espa\u00f1a, en Chicago, donde los obreros consiguieron la reducci\u00f3n de la jornada, y en Argentina, pero se olvid\u00f3 o se le relaciona solo con gente que tira bombas.<\/p>\n<\/div>\n<div class=\"bbc-19j92fr ebmt73l0\" dir=\"ltr\">\n<p class=\"bbc-hhl7in e17g058b0\" dir=\"ltr\">Su organizaci\u00f3n obviamente es ut\u00f3pica, pero en el centro hay una fe en el humano que yo quiero tener, la fe de que si nos organizamos de una manera no jer\u00e1rquica no nos vamos a querer cagar unos a otros y eso es algo que no hemos probado.<\/p>\n<\/div>\n<div class=\"bbc-19j92fr ebmt73l0\" dir=\"ltr\">\n<p class=\"bbc-hhl7in e17g058b0\" dir=\"ltr\">En Argentina, despu\u00e9s del 2001 hubo f\u00e1bricas que quebraron y los due\u00f1os se fugaban con la plata. Algunos obreros las hicieron cooperativas, y muchas todav\u00eda funcionan, son exitosas, amigables con sus barrios, no lucran exponencialmente y reparten los ingresos.<\/p>\n<\/div>\n<div class=\"bbc-19j92fr ebmt73l0\" dir=\"ltr\">\n<p class=\"bbc-hhl7in e17g058b0\" dir=\"ltr\">Creo que si desescalamos el capitalismo, vamos a tener un impulso humano de tratar bien al vecino, porque el sistema econ\u00f3mico nos aleja tanto del lugar de la producci\u00f3n que no nos conduele. \u00bfA m\u00ed qu\u00e9 me importa si esto lo hizo alguien en Indonesia? Pero si son mis vecinos, voy a pagar un precio justo.<\/p>\n<\/div>\n<div class=\"bbc-19j92fr ebmt73l0\" dir=\"ltr\">\n<p class=\"bbc-hhl7in e17g058b0\" dir=\"ltr\"><b>Entre las ideas anarquistas est\u00e1 que &#8220;el trabajo es la miseria en el mundo&#8221;, un invento &#8220;que nos mantiene sumisos&#8221;. \u00bfEst\u00e1s de acuerdo?<\/b><\/p>\n<\/div>\n<div class=\"bbc-19j92fr ebmt73l0\" dir=\"ltr\">\n<p class=\"bbc-hhl7in e17g058b0\" dir=\"ltr\">A comienzos del siglo XX en Argentina estaba la figura de los crotos, una especie de viajeros, de trabajadores golondrina de doctrina anarquista que hac\u00edan bibliotecas comunitarias y teatro.<\/p>\n<\/div>\n<div class=\"bbc-19j92fr ebmt73l0\" dir=\"ltr\">\n<p class=\"bbc-hhl7in e17g058b0\" dir=\"ltr\">Iban de un lado al otro, viv\u00edan en trenes, dec\u00edan que su techo era las estrellas, que su casa era la pampa.<\/p>\n<\/div>\n<div class=\"bbc-19j92fr ebmt73l0\" dir=\"ltr\">\n<p class=\"bbc-hhl7in e17g058b0\" dir=\"ltr\">Defend\u00edan otra forma de trabajo, de no sometimiento al patr\u00f3n, de tener cierta libertad. Dec\u00edan que fueron los socialistas los que hablaban de que el trabajo dignifica, pero para ellos la cultura y el placer dignifican: no todo tiene que ser productivo ni tiene que ser mercanc\u00eda\u2026 Volvamos a las cosas que no producen dinero.<\/p>\n<\/div>\n<div class=\"bbc-19j92fr ebmt73l0\" dir=\"ltr\">\n<p class=\"bbc-hhl7in e17g058b0\" dir=\"ltr\"><b>Sin embargo, en tu novela cuando las mujeres escuchan a los hombres debatiendo dicen: &#8220;Libertarios mi co\u00f1o, ver\u00e1s qui\u00e9n es la que cocina y pare y barre y amamanta y no duerme y le hacen &#8216;el amor&#8217; sin gusto y sin ganas. \u00bfCu\u00e1l fin de la propiedad privada?\u2026 Mir\u00e1, nos tratan como cosas'&#8221;<\/b><\/p>\n<\/div>\n<div class=\"bbc-19j92fr ebmt73l0\" dir=\"ltr\">\n<p class=\"bbc-hhl7in e17g058b0\" dir=\"ltr\">Las ideas anarquistas se expanden y las mujeres se contagian, era inevitable. Los tipos hablan de no jerarqu\u00eda, no Estado, no Iglesia y ellas muy r\u00e1pido les dicen \u00bfpero c\u00f3mo as\u00ed? \u00bfno jerarqu\u00eda? Si usted me trata re mal a m\u00ed.<\/p>\n<\/div>\n<div class=\"bbc-19j92fr ebmt73l0\" dir=\"ltr\">\n<p class=\"bbc-hhl7in e17g058b0\" dir=\"ltr\">Hab\u00eda mucha prensa anarquista, peri\u00f3dicos de mujeres que eran de vanguardia, hablando de no matrimonio, de v\u00ednculos distintos, cosas que est\u00e1n de moda ahora, como la no exclusividad con una pareja. Hablaban de contracepci\u00f3n, de aborto.<\/p>\n<\/div>\n<div class=\"bbc-19j92fr ebmt73l0\" dir=\"ltr\">\n<p class=\"bbc-hhl7in e17g058b0\" dir=\"ltr\">Estas se\u00f1oras de 1907 son fascinantes y su reclamo era ese: est\u00e1 buen\u00edsimo pensar un mundo sin jerarqu\u00edas y sin materialidad, pero quienes se han encargado de sostener y cuidar el mundo son las mujeres.<\/p>\n<\/div>\n<div class=\"bbc-19j92fr ebmt73l0\" dir=\"ltr\">\n<p class=\"bbc-hhl7in e17g058b0\" dir=\"ltr\"><b>Vira y Olena se salvan por el amor que se tienen y que le tienen a Acracia, la ni\u00f1a muda que adoptaron, \u00bfpor qu\u00e9 la nombraste as\u00ed?<\/b><\/p>\n<\/div>\n<div class=\"bbc-19j92fr ebmt73l0\" dir=\"ltr\">\n<p class=\"bbc-hhl7in e17g058b0\" dir=\"ltr\">Acracia es la utop\u00eda anarquista, sin gobierno, sin Estado.<\/p>\n<\/div>\n<div class=\"bbc-19j92fr ebmt73l0\" dir=\"ltr\">\n<p class=\"bbc-hhl7in e17g058b0\" dir=\"ltr\">Escog\u00ed ese nombre porque quer\u00eda imaginar cu\u00e1l ser\u00eda una alternativa. Le\u00ed &#8220;Utop\u00eda&#8221; de Tom\u00e1s Moro para ver si me inventaba una. Creo que no puede ser estalinista, todos con un pan y ya.<\/p>\n<\/div>\n<div class=\"bbc-19j92fr ebmt73l0\" dir=\"ltr\">\n<p class=\"bbc-hhl7in e17g058b0\" dir=\"ltr\">La utop\u00eda es espiritual, afectiva, lo que para cada uno es importante.<\/p>\n<\/div>\n<div class=\"bbc-19j92fr ebmt73l0\" dir=\"ltr\">\n<p class=\"bbc-hhl7in e17g058b0\" dir=\"ltr\">Pero tambi\u00e9n es colectiva, es un estado del alma y la ni\u00f1a tiene un poder: cuando la gente est\u00e1 a su lado siente que es posible ser bella, ser deseada y deseante, tener la tierra, tener cabritas, cultivar manzanas; el sue\u00f1o de cada uno.<\/p>\n<\/div>\n<div class=\"bbc-19j92fr ebmt73l0\" dir=\"ltr\">\n<p class=\"bbc-hhl7in e17g058b0\" dir=\"ltr\">Quer\u00eda que estuviera como la posibilidad, porque el capitalismo nos derrota la esperanza; ah\u00ed ya nos gan\u00f3. La posibilidad es compleja pero tiene que existir.<\/p>\n<\/div>\n<div class=\"bbc-19j92fr ebmt73l0\" dir=\"ltr\">\n<p class=\"bbc-hhl7in e17g058b0\" dir=\"ltr\">El anarquismo me ense\u00f1\u00f3 el autogobierno y la autodeterminaci\u00f3n.<\/p>\n<\/div>\n<div class=\"bbc-19j92fr ebmt73l0\" dir=\"ltr\">\n<p class=\"bbc-hhl7in e17g058b0\" dir=\"ltr\">Por supuesto, que estamos atravesados por poderes que nos exceden, econ\u00f3micos, pol\u00edticos, sociales; de una manera desigual, hay gente que est\u00e1 m\u00e1s oprimida por ellos, pero si hay algo que admiro de los anarquistas es que siempre hay un lugarcillo, as\u00ed sea un resquicio, de autodeterminaci\u00f3n y de resistencia, donde una casa puede decir yo soy la casa de m\u00ed.<\/p>\n<\/div>\n<div class=\"bbc-19j92fr ebmt73l0\" dir=\"ltr\">\n<p class=\"bbc-hhl7in e17g058b0\" dir=\"ltr\"><b>\u00bfY qu\u00e9 dir\u00edan las casas hoy?<\/b><\/p>\n<\/div>\n<div class=\"bbc-19j92fr ebmt73l0\" dir=\"ltr\">\n<p class=\"bbc-hhl7in e17g058b0\" dir=\"ltr\">Una casa que la cogen de Airbnb est\u00e1 muy triste, la decoran feo, la usan, no es hogar, no construye v\u00ednculos con nadie.<\/p>\n<\/div>\n<div class=\"bbc-19j92fr ebmt73l0\" dir=\"ltr\">\n<p class=\"bbc-hhl7in e17g058b0\" dir=\"ltr\">Las casas que la gente compra como ahorro, digamos, Puerto Madero, todo ese barrio supermoderno, est\u00e1 vac\u00edo.<\/p>\n<\/div>\n<div class=\"bbc-19j92fr ebmt73l0\" dir=\"ltr\">\n<p class=\"bbc-hhl7in e17g058b0\" dir=\"ltr\">Esas casas dir\u00edan, \u00bfpor qu\u00e9 hay gente durmiendo en la calle y yo ac\u00e1 vac\u00eda? Dir\u00edan: podr\u00edamos albergarlos a todos si nos dejaran.<\/p>\n<\/div>\n","protected":false},"excerpt":{"rendered":"<p>&nbsp; &nbsp; La casa habla, describe a quienes la habitan y recorren sus rincones, le acarician el paladar y le abren las ventanas para que&hellip;<\/p>\n","protected":false},"author":99,"featured_media":528080,"comment_status":"open","ping_status":"open","sticky":false,"template":"","format":"standard","meta":{"footnotes":""},"categories":[24],"tags":[],"class_list":["post-528079","post","type-post","status-publish","format-standard","has-post-thumbnail","hentry","category-mundo"],"_links":{"self":[{"href":"https:\/\/diarioelpopular.com\/index.php\/wp-json\/wp\/v2\/posts\/528079","targetHints":{"allow":["GET"]}}],"collection":[{"href":"https:\/\/diarioelpopular.com\/index.php\/wp-json\/wp\/v2\/posts"}],"about":[{"href":"https:\/\/diarioelpopular.com\/index.php\/wp-json\/wp\/v2\/types\/post"}],"author":[{"embeddable":true,"href":"https:\/\/diarioelpopular.com\/index.php\/wp-json\/wp\/v2\/users\/99"}],"replies":[{"embeddable":true,"href":"https:\/\/diarioelpopular.com\/index.php\/wp-json\/wp\/v2\/comments?post=528079"}],"version-history":[{"count":1,"href":"https:\/\/diarioelpopular.com\/index.php\/wp-json\/wp\/v2\/posts\/528079\/revisions"}],"predecessor-version":[{"id":528081,"href":"https:\/\/diarioelpopular.com\/index.php\/wp-json\/wp\/v2\/posts\/528079\/revisions\/528081"}],"wp:featuredmedia":[{"embeddable":true,"href":"https:\/\/diarioelpopular.com\/index.php\/wp-json\/wp\/v2\/media\/528080"}],"wp:attachment":[{"href":"https:\/\/diarioelpopular.com\/index.php\/wp-json\/wp\/v2\/media?parent=528079"}],"wp:term":[{"taxonomy":"category","embeddable":true,"href":"https:\/\/diarioelpopular.com\/index.php\/wp-json\/wp\/v2\/categories?post=528079"},{"taxonomy":"post_tag","embeddable":true,"href":"https:\/\/diarioelpopular.com\/index.php\/wp-json\/wp\/v2\/tags?post=528079"}],"curies":[{"name":"wp","href":"https:\/\/api.w.org\/{rel}","templated":true}]}}