{"id":528086,"date":"2025-02-01T11:27:32","date_gmt":"2025-02-01T15:27:32","guid":{"rendered":"https:\/\/diarioelpopular.com\/?p=528086"},"modified":"2025-02-01T11:27:32","modified_gmt":"2025-02-01T15:27:32","slug":"si-supieramos-que-dos-millones-de-familias-viven-de-reciclar-la-basura-lo-hariamos-mas","status":"publish","type":"post","link":"https:\/\/diarioelpopular.com\/index.php\/2025\/02\/01\/si-supieramos-que-dos-millones-de-familias-viven-de-reciclar-la-basura-lo-hariamos-mas\/","title":{"rendered":"Si supi\u00e9ramos que dos millones de familias viven de reciclar la basura, \u00bflo har\u00edamos m\u00e1s?"},"content":{"rendered":"<div id=\"attachment_528087\" style=\"width: 1210px\" class=\"wp-caption alignnone\"><img loading=\"lazy\" decoding=\"async\" aria-describedby=\"caption-attachment-528087\" class=\"wp-image-528087 size-custom-big-size\" src=\"https:\/\/diarioelpopular.com\/wp-content\/uploads\/2025\/02\/Screen-Shot-2025-02-01-at-10.26.48-AM-1200x773.png\" alt=\"\" width=\"1200\" height=\"773\" srcset=\"https:\/\/diarioelpopular.com\/wp-content\/uploads\/2025\/02\/Screen-Shot-2025-02-01-at-10.26.48-AM-1200x773.png 1200w, https:\/\/diarioelpopular.com\/wp-content\/uploads\/2025\/02\/Screen-Shot-2025-02-01-at-10.26.48-AM-300x193.png 300w, https:\/\/diarioelpopular.com\/wp-content\/uploads\/2025\/02\/Screen-Shot-2025-02-01-at-10.26.48-AM-768x495.png 768w, https:\/\/diarioelpopular.com\/wp-content\/uploads\/2025\/02\/Screen-Shot-2025-02-01-at-10.26.48-AM-85x55.png 85w, https:\/\/diarioelpopular.com\/wp-content\/uploads\/2025\/02\/Screen-Shot-2025-02-01-at-10.26.48-AM-636x410.png 636w, https:\/\/diarioelpopular.com\/wp-content\/uploads\/2025\/02\/Screen-Shot-2025-02-01-at-10.26.48-AM-113x73.png 113w, https:\/\/diarioelpopular.com\/wp-content\/uploads\/2025\/02\/Screen-Shot-2025-02-01-at-10.26.48-AM.png 1024w\" sizes=\"auto, (max-width: 1200px) 100vw, 1200px\" \/><p id=\"caption-attachment-528087\" class=\"wp-caption-text\">Una persona del proyecto &#8216;Atitl\u00e1n Recicla&#8217; recoge basura en Guatemala, en julio de 2024. Sandra Sebasti\u00e1n<\/p><\/div>\n<p>&nbsp;<\/p>\n<h4 class=\"a_st\"><em>&#8211; La lucha de los recicladores en Latinoam\u00e9rica no solo impacta en el medio ambiente, sino en la sociedad<\/em><\/h4>\n<p>&nbsp;<\/p>\n<p class=\"\">A pesar de todas las campa\u00f1as que nos bombardean sobre la separaci\u00f3n de los residuos en casa, a\u00fan no diferenciamos el papel del ba\u00f1o del frasco de yogur. Para las\u00a0<a href=\"https:\/\/elpais.com\/clima-y-medio-ambiente\/2025-01-13\/franklin-wallis-la-industria-de-los-residuos-no-nos-esta-diciendo-la-verdad-sobre-lo-que-pasa-con-nuestra-basura.html\" data-link-track-dtm=\"\" data-mrf-link=\"https:\/\/elpais.com\/clima-y-medio-ambiente\/2025-01-13\/franklin-wallis-la-industria-de-los-residuos-no-nos-esta-diciendo-la-verdad-sobre-lo-que-pasa-con-nuestra-basura.html\">empresas<\/a>, el uso de material reciclado sigue siendo costoso y perif\u00e9rico, una vez que se recicla\u00a0<a href=\"https:\/\/latitudr.org\/datos-cientificos-comprueban-el-impacto-positivo-del-reciclaje-inclusivo-en-el-clima\/\" target=\"_blank\" rel=\"noopener\" data-link-track-dtm=\"\" data-mrf-link=\"https:\/\/latitudr.org\/datos-cientificos-comprueban-el-impacto-positivo-del-reciclaje-inclusivo-en-el-clima\/\">solo el 5% de los m\u00e1s de 200 millones<\/a>\u00a0de toneladas de residuos anuales que se generan en Latinoam\u00e9rica. Y hoy, en la regi\u00f3n, tan solo el 2% de los municipios tienen un programa de reciclaje. Si el argumento ambiental no ha servido para convencernos de reciclar, ser\u00eda quiz\u00e1s un aliciente mayor saber que involucrarnos en el\u00a0<a href=\"https:\/\/elpais.com\/america-futura\/2025-01-03\/el-reciclaje-en-nueva-york-un-trabajo-mal-pagado-a-cargo-de-los-inmigrantes-indocumentados.html\" data-link-track-dtm=\"\" data-mrf-link=\"https:\/\/elpais.com\/america-futura\/2025-01-03\/el-reciclaje-en-nueva-york-un-trabajo-mal-pagado-a-cargo-de-los-inmigrantes-indocumentados.html\">reciclaje<\/a>\u00a0le dar\u00eda, de inmediato, reconocimiento y modo de sustento a\u00a0<a href=\"https:\/\/www.avina.net\/wp-content\/uploads\/2022\/05\/LATITUD-R-SE-FORTALECE-COMO-LA-PLATAFORMA-REGIONAL-PARA-ESCALAR-EL-RECICLAJE-INCLUSIVO-Y-LA-ECONOMIA-CIRCULAR.pdf\" target=\"_blank\" rel=\"noopener\" data-link-track-dtm=\"\" data-mrf-link=\"https:\/\/www.avina.net\/wp-content\/uploads\/2022\/05\/LATITUD-R-SE-FORTALECE-COMO-LA-PLATAFORMA-REGIONAL-PARA-ESCALAR-EL-RECICLAJE-INCLUSIVO-Y-LA-ECONOMIA-CIRCULAR.pdf\">m\u00e1s de dos millones de personas<\/a>\u00a0que viven de este lado del mundo recuperando los residuos. \u00bfTendr\u00eda este factor social una incidencia en los porcentajes de reciclaje?<\/p>\n<p class=\"\">\u201cEl solo hecho de tener que separar una botella del papel higi\u00e9nico, o de los espaguetis, hace que la actividad del reciclador sea de alto riesgo\u201d, asegura Silvio Ru\u00edz Grisales, representante legal de la Asociaci\u00f3n Colombiana de Recicladores y uno de los l\u00edderes regionales que por d\u00e9cadas ha luchado porque se reconozca el valor de estos trabajadores en\u00a0<a href=\"https:\/\/elpais.com\/america-futura\/2023-04-16\/como-reciclar-en-america-latina-sabes-donde-acaba-tu-basura.html\" data-link-track-dtm=\"\" data-mrf-link=\"https:\/\/elpais.com\/america-futura\/2023-04-16\/como-reciclar-en-america-latina-sabes-donde-acaba-tu-basura.html\">Latinoam\u00e9rica<\/a>. \u201cPero adem\u00e1s es un oficio mal visto porque el reciclador se impregna del olor de lo que recoge. Normalmente, los recicladores lo que reciben en lugar de un reconocimiento por su labor es un rechazo social, porque ese reciclador huele a org\u00e1nico, tiene un aspecto sucio porque est\u00e1 recogiendo la basura, pero nadie dice: \u00a1Esta es mi basura!\u201d. Si se separa desde la base, asegura Ruiz, los recicladores podr\u00edan obtener una materia prima m\u00e1s limpia y m\u00e1s tiempo que \u201cpodr\u00edan invertir yendo a recoger m\u00e1s residuos\u201d.<\/p>\n<p class=\"\">Ayudar a que los recicladores puedan hacer mejor su trabajo no deber\u00eda parecernos un asunto menor, considerando que en Latinoam\u00e9rica se recicla apenas el 10% de los residuos y en algunos pa\u00edses como Per\u00fa, apenas un 2%. \u201cPor las manos de los recicladores pasa m\u00e1s del 50% de lo que hoy en d\u00eda se recicla, pero ellos y ellas trabajan en condiciones muy duras: un 90% sin formalizaci\u00f3n de su labor\u201d, explica Luis Miguel Artieda, gerente program\u00e1tico de reciclaje inclusivo de Fundaci\u00f3n Avina, quien asegura que hay un nuevo consenso sobre ver el reciclaje como un modelo de triple impacto: ambiental, econ\u00f3mico y social.<\/p>\n<p class=\"\">Se trata entonces no solo de recoger m\u00e1s toneladas de residuos y recuperarlos, sino de darle otro estatus a la labor de quien hace ese trabajo. \u201cSi la labor del reciclaje beneficia a la sociedad en conjunto y no solo al que recupera el material, entonces se deber\u00eda remunerar esta labor al igual que lo hacemos con la limpieza p\u00fablica. \u00bfPor qu\u00e9 pagamos tranquilamente para que nos recojan la basura para enterrarla y no para reusarla y reinsertarla a la cadena?\u201d, increpa Artieda.<\/p>\n<p>&nbsp;<\/p>\n<figure class=\"a_m a_m-h \">\n<p><div style=\"width: 424px\" class=\"wp-caption alignnone\"><img loading=\"lazy\" decoding=\"async\" class=\"_re lazyload a_m-h\" src=\"https:\/\/imagenes.elpais.com\/resizer\/v2\/674C3ODHLRGOZMECBX3FQQRH3Y.jpg?auth=e4920d0b950dc7d64032936ce9fdaf5303bf8fda414c6449c87737a91e50d93e&amp;width=414\" sizes=\"auto, (min-width:1199px) 1155px,(min-width:1001px) calc(100vw - 44px),(min-width:768px) 767px, 100vw\" srcset=\"https:\/\/imagenes.elpais.com\/resizer\/v2\/674C3ODHLRGOZMECBX3FQQRH3Y.jpg?auth=e4920d0b950dc7d64032936ce9fdaf5303bf8fda414c6449c87737a91e50d93e&amp;width=414 414w,https:\/\/imagenes.elpais.com\/resizer\/v2\/674C3ODHLRGOZMECBX3FQQRH3Y.jpg?auth=e4920d0b950dc7d64032936ce9fdaf5303bf8fda414c6449c87737a91e50d93e&amp;width=828 640w,https:\/\/imagenes.elpais.com\/resizer\/v2\/674C3ODHLRGOZMECBX3FQQRH3Y.jpg?auth=e4920d0b950dc7d64032936ce9fdaf5303bf8fda414c6449c87737a91e50d93e&amp;width=980 1000w,https:\/\/imagenes.elpais.com\/resizer\/v2\/674C3ODHLRGOZMECBX3FQQRH3Y.jpg?auth=e4920d0b950dc7d64032936ce9fdaf5303bf8fda414c6449c87737a91e50d93e&amp;width=1960 1960w\" alt=\"Trabajadores acomodan costales con material reciclado en el Centro de Acopio de Reciclaje de Panajachel, Guatemala.\" width=\"414\" height=\"276\" \/><p class=\"wp-caption-text\">Trabajadores acomodan costales con material reciclado en el Centro de Acopio de Reciclaje de Panajachel, Guatemala.Sandra Sebasti\u00e1n<\/p><\/div><figcaption class=\"a_m_p\"><\/figcaption><\/figure>\n<p>&nbsp;<\/p>\n<p class=\"\">En el mundo hay un verdadero ej\u00e9rcito de personas trabajando con la basura: se estima que hay entre 34 y 20 millones de personas que viven de esta actividad (la informalidad de la actividad dificulta el conteo). En Latinoam\u00e9rica, las cifras hablan de dos millones y, en pa\u00edses como Colombia, se ha calculado que alrededor de 60.000 familias viven de los residuos que puedan recuperar y clasificar d\u00eda a d\u00eda de los botaderos.<\/p>\n<p class=\"\">A pesar de la alta poblaci\u00f3n implicada, el reciclaje sigue siendo algo perif\u00e9rico en nuestra sociedad. Seg\u00fan Artieda, hay por lo menos tres factores que han impedido que el reciclaje sea algo m\u00e1s sist\u00e9mico. \u201cEl baj\u00edsimo porcentaje de la separaci\u00f3n en la fuente, la falta de reconocimiento formal del oficio y un tercer elemento: la baja remuneraci\u00f3n del material que se recoge\u201d.<\/p>\n<h3 class=\"\">La lucha simb\u00f3lica por el reconocimiento del reciclador<\/h3>\n<p class=\"\">Para los recicladores, darle otro estatus al trabajo que hacen ha implicado una verdadera lucha narrativa. \u201cEn general, en todos los pa\u00edses \u00e9ramos llamados con desprecio\u201d, explica Silvio Ruiz, quien tambi\u00e9n es representante de la Red Latinoamericana y del Caribe de Recicladores (Red Lacre). \u201cEn Colombia, \u00e9ramos los basuriegos o los desechables. En otros pa\u00edses, los guajeros o los pepenadores, es decir, los que se mueven en la basura, pero que no tienen una categor\u00eda de trabajador, ni mucho menos de dignidad. Entonces, haber conquistado a fuerza de organizaci\u00f3n la categor\u00eda de reciclador en Latinoam\u00e9rica, o la categor\u00eda de catadores ya formalmente reconocidos en Brasil, nos da un estatus, no econ\u00f3mico, ni mucho menos, pero s\u00ed por lo menos un reconocimiento del oficio y de la profesi\u00f3n\u201d.<\/p>\n<p class=\"\">Aunque apenas nos empieza a parecer urgente que los recicladores est\u00e9n presentes, por ejemplo, en los grandes encuentros globales en donde se habla sobre cambio clim\u00e1tico o sobre el\u00a0<a href=\"https:\/\/elpais.com\/clima-y-medio-ambiente\/2024-12-01\/los-paises-no-logran-cerrar-el-tratado-contra-la-contaminacion-por-plastico.html\" data-link-track-dtm=\"\" data-mrf-link=\"https:\/\/elpais.com\/clima-y-medio-ambiente\/2024-12-01\/los-paises-no-logran-cerrar-el-tratado-contra-la-contaminacion-por-plastico.html\">destino de los pl\u00e1sticos,<\/a>\u00a0los recicladores de Latinoam\u00e9rica llevan d\u00e9cadas uni\u00e9ndose y agremi\u00e1ndose para resistir a la intenci\u00f3n de muchos gobiernos locales y nacionales de eliminarlos o de ver su actividad como ilegal.<\/p>\n<p>&nbsp;<\/p>\n<figure class=\"a_m a_m-h \">\n<p><div style=\"width: 424px\" class=\"wp-caption alignnone\"><img loading=\"lazy\" decoding=\"async\" class=\"_re lazyload a_m-h\" src=\"https:\/\/imagenes.elpais.com\/resizer\/v2\/3IOUT6C3ARGO7KQL3LMKRIPRPI.jpg?auth=3f24083edd03bd0a0ca04b69a13bf73da4da3a4bf19856820404e37f14f9b394&amp;width=414\" sizes=\"auto, (min-width:1199px) 1155px,(min-width:1001px) calc(100vw - 44px),(min-width:768px) 767px, 100vw\" srcset=\"https:\/\/imagenes.elpais.com\/resizer\/v2\/3IOUT6C3ARGO7KQL3LMKRIPRPI.jpg?auth=3f24083edd03bd0a0ca04b69a13bf73da4da3a4bf19856820404e37f14f9b394&amp;width=414 414w,https:\/\/imagenes.elpais.com\/resizer\/v2\/3IOUT6C3ARGO7KQL3LMKRIPRPI.jpg?auth=3f24083edd03bd0a0ca04b69a13bf73da4da3a4bf19856820404e37f14f9b394&amp;width=828 640w,https:\/\/imagenes.elpais.com\/resizer\/v2\/3IOUT6C3ARGO7KQL3LMKRIPRPI.jpg?auth=3f24083edd03bd0a0ca04b69a13bf73da4da3a4bf19856820404e37f14f9b394&amp;width=980 1000w,https:\/\/imagenes.elpais.com\/resizer\/v2\/3IOUT6C3ARGO7KQL3LMKRIPRPI.jpg?auth=3f24083edd03bd0a0ca04b69a13bf73da4da3a4bf19856820404e37f14f9b394&amp;width=1960 1960w\" alt=\"Una mujer recicladora en Bogot\u00e1. \" width=\"414\" height=\"276\" \/><p class=\"wp-caption-text\">Una mujer recicladora en Bogot\u00e1.ANDR\u00c9S GALEANO<\/p><\/div><figcaption class=\"a_m_p\"><\/figcaption><\/figure>\n<p>&nbsp;<\/p>\n<p class=\"\">El caso de\u00a0<a href=\"https:\/\/elpais.com\/america-colombia\/2022-11-05\/el-reciclaje-del-plastico-se-queda-corto-en-colombia.html\" data-link-track-dtm=\"\" data-mrf-link=\"https:\/\/elpais.com\/america-colombia\/2022-11-05\/el-reciclaje-del-plastico-se-queda-corto-en-colombia.html\">Colombia<\/a>\u00a0quiz\u00e1s es el que m\u00e1s lo evidencia. Andr\u00e9s Padilla, activista del reciclaje inclusivo de la organizaci\u00f3n Ecoworks, explica que es el pa\u00eds que m\u00e1s ha avanzado en Latinoam\u00e9rica en el reconocimiento de los recicladores dentro del esquema de aseo remunerado. \u201cEsto no es que lo viera el Estado, viene de una lucha gremial que ha buscado proteger su derecho al trabajo\u201d.<\/p>\n<p class=\"\">En 2016, la Corte Constitucional en Colombia reconoci\u00f3 a los recicladores como poblaci\u00f3n sujeta de especial protecci\u00f3n del Estado. \u201cEsto los puso al nivel de comunidades hist\u00f3ricamente vulneradas como los ind\u00edgenas o poblaciones afros, y permiti\u00f3 mejorar dos cosas: garantizar el acceso a los residuos, una vez que es su medio de sustento, y llam\u00f3 a instituciones nacionales para que hicieran acciones en esta medida de acuerdo a sus competencias\u201d, cuenta por su parte Jadira Vivanco, coordinadora de la Iniciativa Regional de Reciclaje Inclusivo de la Fundaci\u00f3n Avina.<\/p>\n<p class=\"\">Con este marco normativo, se logr\u00f3 remunerar al reciclador en la tarifa de aseo que pagan los ciudadanos en la factura de luz. En el componente de aseo, que aparece en el recibo, est\u00e1 el elemento de aprovechamiento de residuos. Esto, a su vez, da origen a las ECAS (Estaciones de clasificaci\u00f3n y aprovechamiento) que se crean como prestadores del servicio y que re\u00fanen el trabajo de grupos de recicladores.<\/p>\n<p class=\"\">En otros pa\u00edses, este marco tambi\u00e9n se est\u00e1 dando. En Brasil, por ejemplo, lo que se hizo fue medir de forma m\u00e1s contundente los beneficios ambientales y ya se reconoce a los catadores. Mientras, Chile camina hacia un andamiaje social de mayor reconocimiento.<\/p>\n<h3 class=\"\">El problema de la remuneraci\u00f3n de los residuos recuperados<\/h3>\n<p class=\"\">Otro de los factores con los que se enfrenta el reciclaje es el valor que se paga por los residuos. \u201cEl costo de recuperar los residuos mezclados, m\u00e1s los problemas log\u00edsticos, m\u00e1s el valor \u00ednfimo de un kilo de material que puede valer medio d\u00f3lar, \u00a1no compensa!\u201d, asegura Artieda.<\/p>\n<p>&nbsp;<\/p>\n<figure class=\"a_m a_m-h \">\n<p><div style=\"width: 424px\" class=\"wp-caption alignnone\"><img loading=\"lazy\" decoding=\"async\" class=\"_re lazyload a_m-h\" src=\"https:\/\/imagenes.elpais.com\/resizer\/v2\/ZQI26X6O7JGRXN5D5MUHKM26QI.jpg?auth=e9d93e3b4793f80513d648eec269120ea1a5b84b23621736c0812adbc6f5bdfa&amp;width=414\" sizes=\"auto, (min-width:1199px) 1155px,(min-width:1001px) calc(100vw - 44px),(min-width:768px) 767px, 100vw\" srcset=\"https:\/\/imagenes.elpais.com\/resizer\/v2\/ZQI26X6O7JGRXN5D5MUHKM26QI.jpg?auth=e9d93e3b4793f80513d648eec269120ea1a5b84b23621736c0812adbc6f5bdfa&amp;width=414 414w,https:\/\/imagenes.elpais.com\/resizer\/v2\/ZQI26X6O7JGRXN5D5MUHKM26QI.jpg?auth=e9d93e3b4793f80513d648eec269120ea1a5b84b23621736c0812adbc6f5bdfa&amp;width=828 640w,https:\/\/imagenes.elpais.com\/resizer\/v2\/ZQI26X6O7JGRXN5D5MUHKM26QI.jpg?auth=e9d93e3b4793f80513d648eec269120ea1a5b84b23621736c0812adbc6f5bdfa&amp;width=980 1000w,https:\/\/imagenes.elpais.com\/resizer\/v2\/ZQI26X6O7JGRXN5D5MUHKM26QI.jpg?auth=e9d93e3b4793f80513d648eec269120ea1a5b84b23621736c0812adbc6f5bdfa&amp;width=1960 1960w\" alt=\"Recicladores entregan materiales a un centro de acopio en Barranquilla, Colombia, el 7 de febrero de 2023.\" width=\"414\" height=\"276\" \/><p class=\"wp-caption-text\">Recicladores entregan materiales a un centro de acopio en Barranquilla, Colombia, el 7 de febrero de 2023.Carlos Parra<\/p><\/div><figcaption class=\"a_m_p\"><\/figcaption><\/figure>\n<p class=\"\">Padilla, de la organizaci\u00f3n Ecoworks, coincide en la urgencia de regular y revisar los precios que se pagan por el material que se recicla. Por ejemplo, seg\u00fan los c\u00e1lculos que maneja su organizaci\u00f3n, el kilo de vidrio en Colombia se paga a un centavo de d\u00f3lar, el de PET a 25 centavos de d\u00f3lar y una\u00a0<a href=\"https:\/\/elpais.com\/internacional\/2024-12-06\/video-mas-cerca-del-fin-de-la-era-del-plasticos.html\" data-link-track-dtm=\"\" data-mrf-link=\"https:\/\/elpais.com\/internacional\/2024-12-06\/video-mas-cerca-del-fin-de-la-era-del-plasticos.html\">tonelada de pl\u00e1stico<\/a>, que son aproximadamente 40.000 botellas, a 180 d\u00f3lares. \u201cSe calcula que el ingreso de un reciclador diario est\u00e1 entre tres y cuatro d\u00f3lares al d\u00eda. Es un ingreso muy bajo de por s\u00ed, pero el problema es que, si el reciclador se ganara lo justo, lo que se gana una persona del servicio dom\u00e9stico, por ejemplo, el reciclaje no ser\u00eda rentable para la industria\u201d, asegura. \u201cSi las grandes empresas embotelladoras de pl\u00e1stico quisieran cumplir sus metas de utilizar el 30% de pl\u00e1stico reciclado para sus envases, y pagaran lo que es justo, la botella les saldr\u00eda en un poco m\u00e1s de 25 centavos de d\u00f3lar y eso afectar\u00eda su rentabilidad. Los precios del mercado del reciclaje son bajos, son vol\u00e1tiles y los pone las leyes de la oferta y la demanda\u201d, a\u00f1ade.<\/p>\n<p class=\"\">Efectivamente, hoy lo que rige cu\u00e1nto recibir\u00e1 un reciclador son las l\u00f3gicas del mercado. Tanto as\u00ed que, a pesar de que hay materiales estrellas como el PET, altamente reciclable y que tienen cadenas de valor montadas, aun su precio sigue siendo m\u00e1s alto que comprar pl\u00e1stico virgen. La ecuaci\u00f3n no le sale a las empresas: pagar, por ejemplo, un d\u00f3lar por resina virgen sin importar el impacto ambiental o pagar 3,5 d\u00f3lares por resina reciclada y tener un mejor criterio ecol\u00f3gico.<b>\u00a0<\/b>Bajo estos t\u00e9rminos, si fuera solamente por el mercado, no se reciclar\u00eda nada.<\/p>\n<p class=\"\">\u201cTodav\u00eda la lucha en ese sentido contin\u00faa. Entre m\u00e1s barato el material reciclado, mucho mejor para las industrias, pero eso es no reconocer la cadena de valor que hay detr\u00e1s de \u00e9l. Entonces, mientras las empresas buscan conseguir sus metas de reciclaje, la mayor\u00eda de los recicladores en el mundo no superan a\u00fan las trampas de la pobreza estructural\u201d, concluye Silvio Ruiz, quien espera que las luchas de su gremio sean esenciales para entender los impactos sociales de esos residuos.<\/p>\n","protected":false},"excerpt":{"rendered":"<p>&nbsp; &#8211; La lucha de los recicladores en Latinoam\u00e9rica no solo impacta en el medio ambiente, sino en la sociedad &nbsp; A pesar de todas&hellip;<\/p>\n","protected":false},"author":99,"featured_media":528087,"comment_status":"open","ping_status":"open","sticky":false,"template":"","format":"standard","meta":{"footnotes":""},"categories":[23],"tags":[],"class_list":["post-528086","post","type-post","status-publish","format-standard","has-post-thumbnail","hentry","category-latinoamerica"],"_links":{"self":[{"href":"https:\/\/diarioelpopular.com\/index.php\/wp-json\/wp\/v2\/posts\/528086","targetHints":{"allow":["GET"]}}],"collection":[{"href":"https:\/\/diarioelpopular.com\/index.php\/wp-json\/wp\/v2\/posts"}],"about":[{"href":"https:\/\/diarioelpopular.com\/index.php\/wp-json\/wp\/v2\/types\/post"}],"author":[{"embeddable":true,"href":"https:\/\/diarioelpopular.com\/index.php\/wp-json\/wp\/v2\/users\/99"}],"replies":[{"embeddable":true,"href":"https:\/\/diarioelpopular.com\/index.php\/wp-json\/wp\/v2\/comments?post=528086"}],"version-history":[{"count":1,"href":"https:\/\/diarioelpopular.com\/index.php\/wp-json\/wp\/v2\/posts\/528086\/revisions"}],"predecessor-version":[{"id":528088,"href":"https:\/\/diarioelpopular.com\/index.php\/wp-json\/wp\/v2\/posts\/528086\/revisions\/528088"}],"wp:featuredmedia":[{"embeddable":true,"href":"https:\/\/diarioelpopular.com\/index.php\/wp-json\/wp\/v2\/media\/528087"}],"wp:attachment":[{"href":"https:\/\/diarioelpopular.com\/index.php\/wp-json\/wp\/v2\/media?parent=528086"}],"wp:term":[{"taxonomy":"category","embeddable":true,"href":"https:\/\/diarioelpopular.com\/index.php\/wp-json\/wp\/v2\/categories?post=528086"},{"taxonomy":"post_tag","embeddable":true,"href":"https:\/\/diarioelpopular.com\/index.php\/wp-json\/wp\/v2\/tags?post=528086"}],"curies":[{"name":"wp","href":"https:\/\/api.w.org\/{rel}","templated":true}]}}