{"id":528098,"date":"2025-02-02T11:37:33","date_gmt":"2025-02-02T15:37:33","guid":{"rendered":"https:\/\/diarioelpopular.com\/?p=528098"},"modified":"2025-02-02T11:37:33","modified_gmt":"2025-02-02T15:37:33","slug":"pareja-de-oshawa-acusados-en-la-investigacion-de-homicidio-en-annex","status":"publish","type":"post","link":"https:\/\/diarioelpopular.com\/index.php\/2025\/02\/02\/pareja-de-oshawa-acusados-en-la-investigacion-de-homicidio-en-annex\/","title":{"rendered":"Pareja de Oshawa acusados \u200b\u200ben la investigaci\u00f3n de homicidio en Annex"},"content":{"rendered":"<div id=\"attachment_528099\" style=\"width: 646px\" class=\"wp-caption alignnone\"><img loading=\"lazy\" decoding=\"async\" aria-describedby=\"caption-attachment-528099\" class=\"wp-image-528099 size-custom-full-size\" src=\"https:\/\/diarioelpopular.com\/wp-content\/uploads\/2025\/02\/Screen-Shot-2025-02-02-at-10.36.46-AM-636x382.png\" alt=\"\" width=\"636\" height=\"382\" srcset=\"https:\/\/diarioelpopular.com\/wp-content\/uploads\/2025\/02\/Screen-Shot-2025-02-02-at-10.36.46-AM-636x382.png 636w, https:\/\/diarioelpopular.com\/wp-content\/uploads\/2025\/02\/Screen-Shot-2025-02-02-at-10.36.46-AM-300x180.png 300w, https:\/\/diarioelpopular.com\/wp-content\/uploads\/2025\/02\/Screen-Shot-2025-02-02-at-10.36.46-AM-768x462.png 768w, https:\/\/diarioelpopular.com\/wp-content\/uploads\/2025\/02\/Screen-Shot-2025-02-02-at-10.36.46-AM-121x73.png 121w, https:\/\/diarioelpopular.com\/wp-content\/uploads\/2025\/02\/Screen-Shot-2025-02-02-at-10.36.46-AM.png 812w\" sizes=\"auto, (max-width: 636px) 100vw, 636px\" \/><p id=\"caption-attachment-528099\" class=\"wp-caption-text\">La veictima, Darapheakdey &#8220;Daral&#8221; Sovann, de 27 a\u00f1os, de Toronto. Polic\u00eda de Toronto.<\/p><\/div>\n<p>&nbsp;<\/p>\n<p><em><strong>Un hombre y una mujer de Oshawa han sido acusados \u200b\u200ben relaci\u00f3n con la muerte de un hombre de 27 a\u00f1os en el barrio Annex de Toronto el mes pasado.<\/strong><\/em><\/p>\n<p>&nbsp;<\/p>\n<p>&nbsp;<\/p>\n<p>La polic\u00eda respondi\u00f3 a una llamada poco despu\u00e9s de las 12:30 a.m. del 26 de enero sobre una &#8220;persona herida&#8221; en Bloor Street y Madison Avenue, cerca de la Universidad de Toronto.<\/p>\n<p>Al llegar, los oficiales localizaron a Darapheakdey &#8220;Daral&#8221; Sovann, de 27 a\u00f1os, con heridas graves. Se le administraron primeros auxilios en el lugar y\u00a0 fue trasladada a un hospital local donde m\u00e1s tarde muri\u00f3 a causa de sus heridas.<\/p>\n<p>Las fotos del lugar mostraron una gran zona acordonada con cinta policial y marcadores de evidencia en el suelo cerca del parque Paul Martel. Tambi\u00e9n hab\u00eda marcadores de evidencia en una escena secundaria cerca de Bloor y Spadina.<\/p>\n<p>Los investigadores no han indicado qu\u00e9 tipo de arma se utiliz\u00f3 para infligir las heridas al hombre.<\/p>\n<p>Luego de varias investigaciones, el s\u00e1bado, la polic\u00eda anunci\u00f3 el arresto de Brooklynn Walsh, de 24 a\u00f1os, y Cameron Brown, de 21 a\u00f1os, de Oshawa. Ambos enfrentan cargos de asesinato en segundo grado. No se dieron a conocer m\u00e1s detalles.<\/p>\n","protected":false},"excerpt":{"rendered":"<p>&nbsp; Un hombre y una mujer de Oshawa han sido acusados \u200b\u200ben relaci\u00f3n con la muerte de un hombre de 27 a\u00f1os en el barrio&hellip;<\/p>\n","protected":false},"author":99,"featured_media":528099,"comment_status":"open","ping_status":"open","sticky":false,"template":"","format":"standard","meta":{"footnotes":""},"categories":[11364],"tags":[],"class_list":["post-528098","post","type-post","status-publish","format-standard","has-post-thumbnail","hentry","category-toronto-gta"],"_links":{"self":[{"href":"https:\/\/diarioelpopular.com\/index.php\/wp-json\/wp\/v2\/posts\/528098","targetHints":{"allow":["GET"]}}],"collection":[{"href":"https:\/\/diarioelpopular.com\/index.php\/wp-json\/wp\/v2\/posts"}],"about":[{"href":"https:\/\/diarioelpopular.com\/index.php\/wp-json\/wp\/v2\/types\/post"}],"author":[{"embeddable":true,"href":"https:\/\/diarioelpopular.com\/index.php\/wp-json\/wp\/v2\/users\/99"}],"replies":[{"embeddable":true,"href":"https:\/\/diarioelpopular.com\/index.php\/wp-json\/wp\/v2\/comments?post=528098"}],"version-history":[{"count":1,"href":"https:\/\/diarioelpopular.com\/index.php\/wp-json\/wp\/v2\/posts\/528098\/revisions"}],"predecessor-version":[{"id":528100,"href":"https:\/\/diarioelpopular.com\/index.php\/wp-json\/wp\/v2\/posts\/528098\/revisions\/528100"}],"wp:featuredmedia":[{"embeddable":true,"href":"https:\/\/diarioelpopular.com\/index.php\/wp-json\/wp\/v2\/media\/528099"}],"wp:attachment":[{"href":"https:\/\/diarioelpopular.com\/index.php\/wp-json\/wp\/v2\/media?parent=528098"}],"wp:term":[{"taxonomy":"category","embeddable":true,"href":"https:\/\/diarioelpopular.com\/index.php\/wp-json\/wp\/v2\/categories?post=528098"},{"taxonomy":"post_tag","embeddable":true,"href":"https:\/\/diarioelpopular.com\/index.php\/wp-json\/wp\/v2\/tags?post=528098"}],"curies":[{"name":"wp","href":"https:\/\/api.w.org\/{rel}","templated":true}]}}