{"id":528110,"date":"2025-02-02T12:42:44","date_gmt":"2025-02-02T16:42:44","guid":{"rendered":"https:\/\/diarioelpopular.com\/?p=528110"},"modified":"2025-02-02T12:42:44","modified_gmt":"2025-02-02T16:42:44","slug":"canada-impone-aranceles-del-25-a-los-productos-de-estados-unidos","status":"publish","type":"post","link":"https:\/\/diarioelpopular.com\/index.php\/2025\/02\/02\/canada-impone-aranceles-del-25-a-los-productos-de-estados-unidos\/","title":{"rendered":"Canad\u00e1 impone aranceles del 25% a los productos de Estados Unidos"},"content":{"rendered":"<h2><img loading=\"lazy\" decoding=\"async\" class=\"alignnone size-custom-full-size wp-image-528111\" src=\"https:\/\/diarioelpopular.com\/wp-content\/uploads\/2025\/02\/Screen-Shot-2025-02-02-at-11.42.12-AM-636x302.png\" alt=\"\" width=\"636\" height=\"302\" srcset=\"https:\/\/diarioelpopular.com\/wp-content\/uploads\/2025\/02\/Screen-Shot-2025-02-02-at-11.42.12-AM-636x302.png 636w, https:\/\/diarioelpopular.com\/wp-content\/uploads\/2025\/02\/Screen-Shot-2025-02-02-at-11.42.12-AM-300x143.png 300w, https:\/\/diarioelpopular.com\/wp-content\/uploads\/2025\/02\/Screen-Shot-2025-02-02-at-11.42.12-AM-768x365.png 768w, https:\/\/diarioelpopular.com\/wp-content\/uploads\/2025\/02\/Screen-Shot-2025-02-02-at-11.42.12-AM-1200x570.png 1200w, https:\/\/diarioelpopular.com\/wp-content\/uploads\/2025\/02\/Screen-Shot-2025-02-02-at-11.42.12-AM-146x69.png 146w, https:\/\/diarioelpopular.com\/wp-content\/uploads\/2025\/02\/Screen-Shot-2025-02-02-at-11.42.12-AM.png 1024w\" sizes=\"auto, (max-width: 636px) 100vw, 636px\" \/><\/h2>\n<h2><\/h2>\n<h4 class=\"a_st\"><em>&#8211; El primer ministro, Justin Trudeau, advierte que no tolerar\u00e1 \u201cun ataque de un pa\u00eds que se supone aliado y amigo\u201d<\/em><\/h4>\n<p>&nbsp;<\/p>\n<p class=\"\">OTTAWA.- Canad\u00e1 confirm\u00f3 este s\u00e1bado sus temores:\u00a0<a href=\"https:\/\/elpais.com\/internacional\/2025-02-01\/trump-aprueba-los-aranceles-a-mexico-canada-y-china-y-amenaza-con-subirlos-si-hay-respuesta.html\" data-link-track-dtm=\"\" data-mrf-link=\"https:\/\/elpais.com\/internacional\/2025-02-01\/trump-aprueba-los-aranceles-a-mexico-canada-y-china-y-amenaza-con-subirlos-si-hay-respuesta.html\">Donald Trump impuso el 25% de aranceles a importaciones canadienses<\/a>\u00a0a partir del martes; el petr\u00f3leo y el gas natural recibir\u00e1n una carga del 10%. Justin Trudeau, anunci\u00f3 que Canad\u00e1 replicar\u00e1 con la misma receta: aranceles del 25% a una lista de productos del pa\u00eds vecino por valor que superan los 30.000 millones de d\u00f3lares estadounidenses, tambi\u00e9n desde el martes. Una segunda ola arancelaria sobre productos por valor de 125.000 millones se aplicar\u00e1 tres semanas despu\u00e9s. \u201cCanad\u00e1 no tolerar\u00e1 un ataque de un pa\u00eds que se supone que es aliado y amigo\u201d, se\u00f1al\u00f3.<\/p>\n<p class=\"\">Trudeau dijo que la decisi\u00f3n de Trump \u201cpone en peligro una relaci\u00f3n hist\u00f3rica\u201d y representa una violaci\u00f3n al tratado comercial que los une, junto con M\u00e9xico. El primer ministro pronunci\u00f3 posteriormente un mensaje a sus compatriotas, subrayando que recibir\u00e1n apoyo en estos tiempos turbulentos y que el pa\u00eds debe dar muestra de unidad y solidaridad. Invit\u00f3 adem\u00e1s a los consumidores a optar por productos y servicios canadienses, en la medida de lo posible. Recalc\u00f3 que los problemas exagerados e inexactos citados por Trump respecto al flujo de inmigrantes ilegales y de fentanilo son m\u00ednimos desde el lado canadiense de la frontera.<\/p>\n<p class=\"\">Justin Trudeau estuvo acompa\u00f1ado en Ottawa por M\u00e9lanie Joly, ministra de Asuntos Exteriores; Dominic LeBlanc, responsable de la cartera de Finanzas; y David McGuinty, ministro de Seguridad P\u00fablica. Durante la tarde, Trudeau sostuvo un encuentro virtual con los premier provinciales y\u00a0<a href=\"https:\/\/elpais.com\/mexico\/2025-02-02\/sheinbaum-responde-a-trump-con-medidas-arancelarias-y-no-arancelarias-contra-estados-unidos.html\" data-link-track-dtm=\"\" data-mrf-link=\"https:\/\/elpais.com\/mexico\/2025-02-02\/sheinbaum-responde-a-trump-con-medidas-arancelarias-y-no-arancelarias-contra-estados-unidos.html\">habl\u00f3 por tel\u00e9fono con la presidente mexicana, Claudia Sheinbaum.<\/a><\/p>\n<p class=\"\">La aprobaci\u00f3n en diciembre de un plan por unos 1.300 millones de d\u00f3lares canadienses por parte de Ottawa para reforzar la seguridad fronteriza no logr\u00f3 calmar los se\u00f1alamientos de Trump; tampoco la visita de Trudeau a la residencia del republicano en Mar-a-Lago (Florida) a finales de noviembre.<\/p>\n<p class=\"\">El decreto de Trump es un golpe considerable para la econom\u00eda canadiense, que env\u00eda el 76% de sus exportaciones a Estados Unidos. El Banco de Canad\u00e1 public\u00f3 esta semana que el impacto de los aranceles podr\u00eda reducir el PIB del pa\u00eds un 2,4% en el primer a\u00f1o de su entrada en vigor. La decisi\u00f3n de Trump de imponer \u00fanicamente el 10% de cargas arancelarias al petr\u00f3leo podr\u00eda explicarse debido a que Canad\u00e1 suministra el 62% del crudo que importan los estadounidenses.<\/p>\n<p class=\"\">Varios premier ya han reaccionado respecto al decreto firmado por el pol\u00edtico republicano. Doug Ford, premier de Ontario, expres\u00f3 que la decisi\u00f3n de Trump no es \u201cnada inteligente\u201d, ya que da\u00f1ar\u00e1 tanto a canadienses como a estadounidenses.<\/p>\n<p class=\"\">Tim Houston, premier de Nova Scotia, anunci\u00f3 que duplicar\u00e1 el costo de los peajes para todos los veh\u00edculos procedentes de Estados Unidos; tambi\u00e9n buscar\u00e1 la cancelaci\u00f3n de contratos existentes entre su Gobierno y firmas estadounidenses. La C\u00e1mara canadiense de comercio afirm\u00f3 que la decisi\u00f3n de Trump tendr\u00e1 como consecuencia el aumento del costo de la vida en ambos lados de la frontera. Asimismo, el Congreso del Trabajo de Canad\u00e1 sugiere al Gobierno federal suspender por completo la exportaci\u00f3n a Estados Unidos de petr\u00f3leo y gas.<\/p>\n<p class=\"\">Los dos principales candidatos para reemplazar a Trudeau como l\u00edder del Partido Liberal el pr\u00f3ximo 9 de marzo tambi\u00e9n se pronunciaron sobre los aranceles impuestos por Trump. Chrystia Freeland, ex mano derecha de Trudeau, se\u00f1al\u00f3 que deber\u00eda aplicarse como respuesta una carga arancelaria del 100% sobre los veh\u00edculos Tesla y las bebidas alcoh\u00f3licas procedentes de Estados Unidos. Mark Carney, amigo personal y asesor financiero de Trudeau, declar\u00f3 por su parte: \u201cEstoy listo para enfrentarme a Trump y defender nuestro pa\u00eds\u201d, pidiendo que Canad\u00e1 devuelva el golpe \u201cd\u00f3lar por d\u00f3lar\u201d. El decreto firmado por el presidente estadounidense incluye una cl\u00e1usula que permite a Washington aumentar los aranceles en caso de que Canad\u00e1 adopte represalias.<\/p>\n","protected":false},"excerpt":{"rendered":"<p>&#8211; El primer ministro, Justin Trudeau, advierte que no tolerar\u00e1 \u201cun ataque de un pa\u00eds que se supone aliado y amigo\u201d &nbsp; OTTAWA.- Canad\u00e1 confirm\u00f3&hellip;<\/p>\n","protected":false},"author":99,"featured_media":528111,"comment_status":"open","ping_status":"open","sticky":false,"template":"","format":"standard","meta":{"footnotes":""},"categories":[21,11365],"tags":[],"class_list":["post-528110","post","type-post","status-publish","format-standard","has-post-thumbnail","hentry","category-canada","category-economia"],"_links":{"self":[{"href":"https:\/\/diarioelpopular.com\/index.php\/wp-json\/wp\/v2\/posts\/528110","targetHints":{"allow":["GET"]}}],"collection":[{"href":"https:\/\/diarioelpopular.com\/index.php\/wp-json\/wp\/v2\/posts"}],"about":[{"href":"https:\/\/diarioelpopular.com\/index.php\/wp-json\/wp\/v2\/types\/post"}],"author":[{"embeddable":true,"href":"https:\/\/diarioelpopular.com\/index.php\/wp-json\/wp\/v2\/users\/99"}],"replies":[{"embeddable":true,"href":"https:\/\/diarioelpopular.com\/index.php\/wp-json\/wp\/v2\/comments?post=528110"}],"version-history":[{"count":1,"href":"https:\/\/diarioelpopular.com\/index.php\/wp-json\/wp\/v2\/posts\/528110\/revisions"}],"predecessor-version":[{"id":528112,"href":"https:\/\/diarioelpopular.com\/index.php\/wp-json\/wp\/v2\/posts\/528110\/revisions\/528112"}],"wp:featuredmedia":[{"embeddable":true,"href":"https:\/\/diarioelpopular.com\/index.php\/wp-json\/wp\/v2\/media\/528111"}],"wp:attachment":[{"href":"https:\/\/diarioelpopular.com\/index.php\/wp-json\/wp\/v2\/media?parent=528110"}],"wp:term":[{"taxonomy":"category","embeddable":true,"href":"https:\/\/diarioelpopular.com\/index.php\/wp-json\/wp\/v2\/categories?post=528110"},{"taxonomy":"post_tag","embeddable":true,"href":"https:\/\/diarioelpopular.com\/index.php\/wp-json\/wp\/v2\/tags?post=528110"}],"curies":[{"name":"wp","href":"https:\/\/api.w.org\/{rel}","templated":true}]}}