{"id":528114,"date":"2025-02-02T12:51:23","date_gmt":"2025-02-02T16:51:23","guid":{"rendered":"https:\/\/diarioelpopular.com\/?p=528114"},"modified":"2025-02-02T12:51:23","modified_gmt":"2025-02-02T16:51:23","slug":"la-motosierra-de-milei-que-inspira-a-musk","status":"publish","type":"post","link":"https:\/\/diarioelpopular.com\/index.php\/2025\/02\/02\/la-motosierra-de-milei-que-inspira-a-musk\/","title":{"rendered":"La motosierra de Milei que inspira a Musk"},"content":{"rendered":"<div id=\"attachment_528115\" style=\"width: 646px\" class=\"wp-caption alignnone\"><img loading=\"lazy\" decoding=\"async\" aria-describedby=\"caption-attachment-528115\" class=\"wp-image-528115 size-custom-full-size\" src=\"https:\/\/diarioelpopular.com\/wp-content\/uploads\/2025\/02\/Screen-Shot-2025-02-02-at-11.50.35-AM-636x423.png\" alt=\"\" width=\"636\" height=\"423\" srcset=\"https:\/\/diarioelpopular.com\/wp-content\/uploads\/2025\/02\/Screen-Shot-2025-02-02-at-11.50.35-AM-636x423.png 636w, https:\/\/diarioelpopular.com\/wp-content\/uploads\/2025\/02\/Screen-Shot-2025-02-02-at-11.50.35-AM-300x200.png 300w, https:\/\/diarioelpopular.com\/wp-content\/uploads\/2025\/02\/Screen-Shot-2025-02-02-at-11.50.35-AM-768x511.png 768w, https:\/\/diarioelpopular.com\/wp-content\/uploads\/2025\/02\/Screen-Shot-2025-02-02-at-11.50.35-AM-1200x799.png 1200w, https:\/\/diarioelpopular.com\/wp-content\/uploads\/2025\/02\/Screen-Shot-2025-02-02-at-11.50.35-AM-110x73.png 110w, https:\/\/diarioelpopular.com\/wp-content\/uploads\/2025\/02\/Screen-Shot-2025-02-02-at-11.50.35-AM.png 1024w\" sizes=\"auto, (max-width: 636px) 100vw, 636px\" \/><p id=\"caption-attachment-528115\" class=\"wp-caption-text\">El presidente argentino Javier Milei (c) posa junto al presidente electo de Estados Unidos, Donald Trump (2d); el empresario Elon Musk (2i); el canciller argentino, Gerardo Werthein (i), y la secretaria general de la Presidencia y hermana del presidente, Karina Milei, el 14 de noviembre, en Mar-a-Lago (Estados Unidos). Presidencia de Argentina (EFE)<\/p><\/div>\n<p>&nbsp;<\/p>\n<p>&nbsp;<\/p>\n<ul>\n<li><em><strong>El desguace del Estado argentino tiene ministerio propio. Funciona en un edificio\u00a0art dec\u00f3\u00a0de los a\u00f1os treinta con pisos y escaleras de m\u00e1rmol ornamentadas en bronce. Se construy\u00f3 en 1936 a pocas calles de la Casa Rosada, como sede de la petrolera Shell. <\/strong><\/em><\/li>\n<\/ul>\n<p>&nbsp;<\/p>\n<p class=\"\">Es una exhibici\u00f3n de la \u201cArgentina potencia\u201d que el presidente, Javier Milei, promete recuperar. Para el a\u00f1o de su construcci\u00f3n, sin embargo, el modelo agro exportador que hoy defiende Milei ya agonizaba. Y pronto llegar\u00eda el peronismo y todo lo que para Milei est\u00e1 mal: lo que llama la \u201cdecadencia populista\u201d y el \u201cEstado opresor\u201d. En ese mismo sitio, un centenar de funcionarios piensan d\u00eda a d\u00eda como achicar el Estado y eliminar la burocracia que impide \u201cel funcionamiento de las empresas\u201d. En poco m\u00e1s de un a\u00f1o, los equipos de Milei cerraron 250 direcciones nacionales, secretarias y subsecretar\u00edas, y dejaron en la calle a 40.000 empleados p\u00fablicos. Eliminaron adem\u00e1s cientos de leyes, decretos y ordenanzas. El nuevo presidente de Estados Unidos, Donald Trump, ha puesto los ojos sobre el trabajo del argentino. Inspirado o no en su amigo del sur, orden\u00f3 al multimillonario Elon Musk que encabece un Departamento de Eficiencia Gubernamental (DOGE, por sus siglas en ingl\u00e9s).<\/p>\n<p class=\"\">El DOGE tiene oficinas en la Casa Blanca y su objetivo es \u201cdesmantelar la burocracia, eliminar las regulaciones excesivas, recortar los gastos innecesarios y reestructurar las agencias federales\u201d. El modelo argentino promete tambi\u00e9n reducir el gasto. Al frente est\u00e1 Federico Sturzenegger, un acad\u00e9mico que tuvo un paso amargo por la direcci\u00f3n del Banco Central durante la presidencia de Mauricio Macri (2015-2019).<\/p>\n<p class=\"\">Milei lo considera un \u201ccoloso\u201d y cuando lleg\u00f3 al poder le pidi\u00f3 su ayuda, primero como asesor y luego como ministro. Su segundo en el cargo es Maximiliano Fari\u00f1a, un joven economista especializado en comercio internacional. \u201cHay intercambios\u201d, reconoce este cuando se le consulta sobre la \u201cinspiraci\u00f3n\u201d evidente que el DOGE encuentra en el ministerio argentino. \u201cEstados Unidos va a iniciar un camino de transformaci\u00f3n y Javier [Milei] es un representante internacional de ese mensaje. Pero no s\u00e9 si la palabra correcta es \u2018asesorar\u2019. Estamos dispuestos a compartir nuestra experiencia e ideas a cualquier ministerio o pa\u00eds que lo solicite\u201d, dice.<\/p>\n<p>&nbsp;<\/p>\n<figure class=\"a_m a_m-h \">\n<p><div style=\"width: 424px\" class=\"wp-caption alignnone\"><img loading=\"lazy\" decoding=\"async\" class=\"_re lazyload a_m-h\" src=\"https:\/\/imagenes.elpais.com\/resizer\/v2\/O73YV7NW7VGWDEOIXDIQ5L6TLQ.jpg?auth=542c4449a227f31a3277db100f03dbb5909361805d0e4fa2bc7eea49d263d8f5&amp;width=414\" sizes=\"auto, (min-width:1199px) 1155px,(min-width:1001px) calc(100vw - 44px),(min-width:768px) 767px, 100vw\" srcset=\"https:\/\/imagenes.elpais.com\/resizer\/v2\/O73YV7NW7VGWDEOIXDIQ5L6TLQ.jpg?auth=542c4449a227f31a3277db100f03dbb5909361805d0e4fa2bc7eea49d263d8f5&amp;width=414 414w,https:\/\/imagenes.elpais.com\/resizer\/v2\/O73YV7NW7VGWDEOIXDIQ5L6TLQ.jpg?auth=542c4449a227f31a3277db100f03dbb5909361805d0e4fa2bc7eea49d263d8f5&amp;width=828 640w,https:\/\/imagenes.elpais.com\/resizer\/v2\/O73YV7NW7VGWDEOIXDIQ5L6TLQ.jpg?auth=542c4449a227f31a3277db100f03dbb5909361805d0e4fa2bc7eea49d263d8f5&amp;width=980 1000w,https:\/\/imagenes.elpais.com\/resizer\/v2\/O73YV7NW7VGWDEOIXDIQ5L6TLQ.jpg?auth=542c4449a227f31a3277db100f03dbb5909361805d0e4fa2bc7eea49d263d8f5&amp;width=1960 1960w\" alt=\"El presidente electo Donald Trump y Elon Musk conversan en el Madison Square Garden de Nueva York, el pasado 16 de noviembre.\" width=\"414\" height=\"276\" \/><p class=\"wp-caption-text\">El presidente electo Donald Trump y Elon Musk conversan en el Madison Square Garden de Nueva York, el pasado 16 de noviembre.Chris Unger (Zuffa LLC)<\/p><\/div><figcaption class=\"a_m_p\"><\/figcaption><\/figure>\n<p>&nbsp;<\/p>\n<p class=\"\">Elon Musk ha dicho que su intenci\u00f3n de reducir el presupuesto federal en unos 2 billones de d\u00f3lares, cerca del 30% del gasto p\u00fablico. Para esto, ha anticipado medidas que pasan por cortar las subvenciones a \u201cgrupos progresistas\u201d como Planned Parenthood \u2015una organizaci\u00f3n que ofrece servicios de interrupci\u00f3n voluntaria del embarazo\u2015 y el despido de funcionarios encargados de aplicar las normas contra el cambio clim\u00e1tico. Trump, por su parte, considera al DOGE \u201cel Proyecto Manhattan de nuestro tiempo\u201d y, en su primer d\u00eda de Gobierno, implement\u00f3 por decreto una de las recomendaciones repetidas hasta el cansancio por Musk: exigirles presencialidad a los empleados p\u00fablicos con la expectativa de generar una \u201cola de renuncias\u201d.<\/p>\n<p class=\"\">El modelo argentino lleva m\u00e1s de un a\u00f1o en proceso y puede servir de espejo al estadounidense, aunque, hay que aclararlo, se est\u00e9 ante Estados no comparables. El economista Hern\u00e1n Letcher, director del Centro de Econom\u00eda Pol\u00edtica Argentina, dice que \u201clo que puede significar desregulaci\u00f3n en Estados Unidos es distinto que en Argentina, porque Milei y Trump no son lo mismo, no piensan en un Estado igual\u201d. El presidente estadounidense, dice Lechter, \u201cclaramente quiere defender la industria local, mientras que el presidente argentino no\u201d. \u201cLo que pretende hacer Trump es que las empresas norteamericanas ganen plata\u201d, insiste, y por ello suma regulaciones arancelarias y cierra fronteras.<\/p>\n<p class=\"\">El modelo de Milei es un Estado m\u00ednimo que libere recursos hacia el sector privado. El debate est\u00e1 en los l\u00edmites de ese recorte. Milei asegura que su objetivo final es \u201cacabar con el Estado desde dentro\u201d, aunque eso suponga afectar \u00e1reas como salud y educaci\u00f3n. Fari\u00f1a matiza la dimensi\u00f3n del ajuste. \u201cNo nos ponemos una meta sin conocer la realidad, no es reducir por reducir. Estamos en un proceso de revisi\u00f3n \u00e1rea por \u00e1rea, en un continuo que iniciamos hace unos meses. A medida que avanzamos, cerramos \u00e1reas y direcciones, y eso nos llevar\u00e1 tiempo. La motosierra tiene todav\u00eda mucho camino\u201d, dice el viceministro.<\/p>\n<p class=\"\">La motosierra ya dej\u00f3 en el camino miles de v\u00edctimas, sin que la sociedad parezca reparar mucho en ellas. El cambio de \u00e9poca es evidente: en el imaginario popular argentino se ha instalado que el empleado p\u00fablico cobra su salario sin trabajar y que el Estado es una loza sobre el desarrollo personal. \u201cEstamos trayendo lo que la sociedad pidi\u00f3 y quiere: un Estado m\u00e1s chico que no se entrometa en sus vidas\u201d, dice Fari\u00f1a.<\/p>\n<p class=\"\">El proceso de achique es m\u00e1s bien burocr\u00e1tico. \u201cLos primeros meses fueron de motosierra en las \u00e1reas que estaba claro que no ten\u00edan ning\u00fan sentido, o donde ibas y hab\u00eda 2.000 personas que no sab\u00edas d\u00f3nde estaban. Ahora empezamos lo que llamamos la motosierra profunda, en donde estamos yendo \u00e1rea por \u00e1rea a revisar su funcionamiento\u201d. Y pone como ejemplo las oficinas dedicadas a regular el turismo: \u201cTen\u00edamos una direcci\u00f3n de agencias de viajes, una agencia nacional de control de agencias de viajes y una de registro de agencias de viajes. Todo para una tarea que ahora hacen los privados\u201d.<\/p>\n<p>La eliminaci\u00f3n de normativas, en cambio, es m\u00e1s artesanal. \u201cEn la primera etapa creamos un correo electr\u00f3nico, el mismo que usa el ministro, y pedimos por redes que la gente nos escribiera contando las normas que impiden su trabajo. Hubo una gran respuesta\u201d, explica Fari\u00f1a. Cuando el correo del ministro fue evidentemente insuficiente, se cre\u00f3 una plataforma en la web. \u201cEn menos de 15 d\u00edas recibimos m\u00e1s de 8.000 denuncias. Un equipo de 40 personas, integrado por economistas y abogados, toma esos reclamos, los segmenta con inteligencia artificial y se junta con cada uno de los ministerios para ver c\u00f3mo eliminar esa barrera. Es un Gobierno chico donde todos tenemos la misma visi\u00f3n, entonces la capacidad de resoluci\u00f3n es r\u00e1pida. Hay cambios muy chiquitos, que se resuelven en 48 horas, y otros muy grandes, como el r\u00e9gimen de navegaci\u00f3n, que pueden llevar uno o dos meses\u201d, dice el viceministro.<\/p>\n<figure class=\"a_m a_m-h \"><\/figure>\n<p class=\"\">Si Musk tomar\u00e1 o no el modelo argentino, est\u00e1 por verse. Por el momento, el magnate y el presidente argentino no ocultan su amistad y admiraci\u00f3n mutua.\u00a0<a href=\"https:\/\/x.com\/elonmusk\/status\/1856502787930050927\" data-link-track-dtm=\"\" data-mrf-link=\"https:\/\/x.com\/elonmusk\/status\/1856502787930050927\">Musk fue anunciado por Trump como cabeza del DOGE<\/a>\u00a0el 12 de noviembre pasado, apenas una semana despu\u00e9s de su reelecci\u00f3n. Ese mismo d\u00eda, Milei confirmaba en Argentina que Musk manten\u00eda \u201dconversaciones con Federico Sturzenegger para ver c\u00f3mo desregular la econom\u00eda estadounidense\u201d. Sturzenegger, el ministro de Desregulaci\u00f3n, es tambi\u00e9n un admirador de Musk, a quien define como un \u201cpersonaje absolutamente extraordinario\u201d, y ha asegurado con orgullo que\u00a0<a href=\"https:\/\/www.youtube.com\/watch?v=cfPKT8memKg\" data-link-track-dtm=\"\" data-mrf-link=\"https:\/\/www.youtube.com\/watch?v=cfPKT8memKg\">Trump \u201cse inspir\u00f3\u201d en Javier Milei para crear el DOGE<\/a>.<\/p>\n<p class=\"\">Es un escenario donde todos parecen tener algo para ganar. Musk, fundador y director de Tesla, tiene inter\u00e9s en las grandes reservas de litio del pa\u00eds austral, un mineral usado para las bater\u00edas de sus autom\u00f3viles el\u00e9ctricos. \u201cMe llam\u00f3 Elon Musk, y est\u00e1 sumamente interesado en el litio. Y tambi\u00e9n est\u00e1 muy interesado el Gobierno de Estados Unidos\u201d, asegur\u00f3 Milei en diciembre. El presidente puso enseguida la lupa sobre las regulaciones que, hasta ahora, lastraban el desarrollo de la actividad minera en Argentina.<\/p>\n","protected":false},"excerpt":{"rendered":"<p>&nbsp; &nbsp; El desguace del Estado argentino tiene ministerio propio. Funciona en un edificio\u00a0art dec\u00f3\u00a0de los a\u00f1os treinta con pisos y escaleras de m\u00e1rmol ornamentadas&hellip;<\/p>\n","protected":false},"author":99,"featured_media":528115,"comment_status":"open","ping_status":"open","sticky":false,"template":"","format":"standard","meta":{"footnotes":""},"categories":[23],"tags":[],"class_list":["post-528114","post","type-post","status-publish","format-standard","has-post-thumbnail","hentry","category-latinoamerica"],"_links":{"self":[{"href":"https:\/\/diarioelpopular.com\/index.php\/wp-json\/wp\/v2\/posts\/528114","targetHints":{"allow":["GET"]}}],"collection":[{"href":"https:\/\/diarioelpopular.com\/index.php\/wp-json\/wp\/v2\/posts"}],"about":[{"href":"https:\/\/diarioelpopular.com\/index.php\/wp-json\/wp\/v2\/types\/post"}],"author":[{"embeddable":true,"href":"https:\/\/diarioelpopular.com\/index.php\/wp-json\/wp\/v2\/users\/99"}],"replies":[{"embeddable":true,"href":"https:\/\/diarioelpopular.com\/index.php\/wp-json\/wp\/v2\/comments?post=528114"}],"version-history":[{"count":1,"href":"https:\/\/diarioelpopular.com\/index.php\/wp-json\/wp\/v2\/posts\/528114\/revisions"}],"predecessor-version":[{"id":528116,"href":"https:\/\/diarioelpopular.com\/index.php\/wp-json\/wp\/v2\/posts\/528114\/revisions\/528116"}],"wp:featuredmedia":[{"embeddable":true,"href":"https:\/\/diarioelpopular.com\/index.php\/wp-json\/wp\/v2\/media\/528115"}],"wp:attachment":[{"href":"https:\/\/diarioelpopular.com\/index.php\/wp-json\/wp\/v2\/media?parent=528114"}],"wp:term":[{"taxonomy":"category","embeddable":true,"href":"https:\/\/diarioelpopular.com\/index.php\/wp-json\/wp\/v2\/categories?post=528114"},{"taxonomy":"post_tag","embeddable":true,"href":"https:\/\/diarioelpopular.com\/index.php\/wp-json\/wp\/v2\/tags?post=528114"}],"curies":[{"name":"wp","href":"https:\/\/api.w.org\/{rel}","templated":true}]}}