{"id":528122,"date":"2025-02-02T13:35:40","date_gmt":"2025-02-02T17:35:40","guid":{"rendered":"https:\/\/diarioelpopular.com\/?p=528122"},"modified":"2025-02-02T13:35:40","modified_gmt":"2025-02-02T17:35:40","slug":"la-cultura-como-resistencia-en-uno-de-los-barrios-mas-antiguos-de-america-latina","status":"publish","type":"post","link":"https:\/\/diarioelpopular.com\/index.php\/2025\/02\/02\/la-cultura-como-resistencia-en-uno-de-los-barrios-mas-antiguos-de-america-latina\/","title":{"rendered":"La cultura como resistencia en uno de los barrios m\u00e1s antiguos de Am\u00e9rica Latina"},"content":{"rendered":"<div id=\"attachment_528123\" style=\"width: 1210px\" class=\"wp-caption alignnone\"><img loading=\"lazy\" decoding=\"async\" aria-describedby=\"caption-attachment-528123\" class=\"wp-image-528123 size-custom-big-size\" src=\"https:\/\/diarioelpopular.com\/wp-content\/uploads\/2025\/02\/Screen-Shot-2025-02-02-at-12.34.55-PM-1200x808.png\" alt=\"\" width=\"1200\" height=\"808\" srcset=\"https:\/\/diarioelpopular.com\/wp-content\/uploads\/2025\/02\/Screen-Shot-2025-02-02-at-12.34.55-PM-1200x808.png 1200w, https:\/\/diarioelpopular.com\/wp-content\/uploads\/2025\/02\/Screen-Shot-2025-02-02-at-12.34.55-PM-300x202.png 300w, https:\/\/diarioelpopular.com\/wp-content\/uploads\/2025\/02\/Screen-Shot-2025-02-02-at-12.34.55-PM-768x517.png 768w, https:\/\/diarioelpopular.com\/wp-content\/uploads\/2025\/02\/Screen-Shot-2025-02-02-at-12.34.55-PM-636x428.png 636w, https:\/\/diarioelpopular.com\/wp-content\/uploads\/2025\/02\/Screen-Shot-2025-02-02-at-12.34.55-PM-80x55.png 80w, https:\/\/diarioelpopular.com\/wp-content\/uploads\/2025\/02\/Screen-Shot-2025-02-02-at-12.34.55-PM-108x73.png 108w, https:\/\/diarioelpopular.com\/wp-content\/uploads\/2025\/02\/Screen-Shot-2025-02-02-at-12.34.55-PM.png 1024w\" sizes=\"auto, (max-width: 1200px) 100vw, 1200px\" \/><p id=\"caption-attachment-528123\" class=\"wp-caption-text\">Mural en una calle de la Chacarita inspirado en una canci\u00f3n de Jos\u00e9 Asunci\u00f3n Flores, en Asunci\u00f3n (Paraguay) Paula L\u00f3pez Barba<\/p><\/div>\n<p>&nbsp;<\/p>\n<p>&nbsp;<\/p>\n<h4 class=\"a_st\"><em><strong>&#8211; La Chacarita, en Asunci\u00f3n, es cuna de expresiones art\u00edsticas como la guarania, g\u00e9nero musical creado hace cien a\u00f1os y que la UNESCO acaba de declarar Patrimonio de la Humanidad<\/strong><\/em><\/h4>\n<p>&nbsp;<\/p>\n<p class=\"\">Jos\u00e9 Asunci\u00f3n Flores naci\u00f3 el 27 de agosto de 1904 en La Chacarita, uno de los vecindarios m\u00e1s tradicionales y c\u00e9ntricos de Asunci\u00f3n, cerca de la Catedral Metropolitana y de la estaci\u00f3n de ferrocarril,\u00a0<a href=\"https:\/\/elpais.com\/elpais\/2018\/10\/27\/planeta_futuro\/1540600189_307714.html\" data-link-track-dtm=\"\" data-mrf-link=\"https:\/\/elpais.com\/elpais\/2018\/10\/27\/planeta_futuro\/1540600189_307714.html\">con mucha vivienda informal y problemas estructurales<\/a>. Su madre, Magdalena Flores, trabajaba de lavandera y lo crio sola. El padre ausente fue guitarrista, pero aquel ni\u00f1o se dedic\u00f3 a la m\u00fasica a partir de robar un pedazo de pan con once a\u00f1os, acabar en comisar\u00eda y que all\u00ed hubiera una orquesta. Una d\u00e9cada despu\u00e9s, en 1925, el aprendiz de la banda de la Polic\u00eda invent\u00f3 la guarania, el g\u00e9nero musical m\u00e1s representativo de Paraguay y que desde diciembre de 2024 la UNESCO reconoce como\u00a0<a href=\"https:\/\/ich.unesco.org\/es\/RL\/guarania-sonido-del-alma-paraguaya-02128\" target=\"_blank\" rel=\"noopener\" data-link-track-dtm=\"\" data-mrf-link=\"https:\/\/ich.unesco.org\/es\/RL\/guarania-sonido-del-alma-paraguaya-02128\">Patrimonio Cultural Inmaterial de la Humanidad<\/a>.<\/p>\n<p class=\"\">\u201cLa guarania es de mi pueblo, escrita para y por mi pueblo\u201d, dec\u00eda Flores. Sus letras incluyen palabras en guaran\u00ed, idioma originario de la regi\u00f3n, y sus composiciones para orquestas sinf\u00f3nicas consiguen transmitir los sentimientos del pueblo paraguayo. El arpa y la guitarra emiten sonidos lentos, melanc\u00f3licos y profundos, que retratan un territorio vapuleado, que perdi\u00f3 culturas nativas y la guerra de la Triple Alianza (1864-1870), la m\u00e1s sangrienta de Am\u00e9rica Latina. Brasil, Argentina y Uruguay arrasaron entonces con Paraguay, que se qued\u00f3 sin la mayor\u00eda de la poblaci\u00f3n y un tercio de sus dominios. Durante el siglo XX, continuaron los conflictos en Paraguay. Se enfrent\u00f3 a Bolivia en la guerra del Chaco (1932-35) y, aunque gan\u00f3 la mayor\u00eda del territorio en disputa, perdi\u00f3 m\u00e1s personas y recursos econ\u00f3micos. En 1940, el militar Higinio Mor\u00ednigo suspendi\u00f3 la Constituci\u00f3n y acab\u00f3 con los partidos pol\u00edticos, y en 1947 su bando gan\u00f3 la guerra civil. Flores ya era un compositor reconocido, pero tuvo que exiliarse por sus ideas comunistas. Durante la dictadura militar de Alfredo Stroessner (1954-1989), una de las m\u00e1s largas de Am\u00e9rica, ni \u00e9l ni su m\u00fasica eran bienvenidos en Paraguay. Sus obras se colaban gracias a emisiones de radio clandestinas, pero el chacarite\u00f1o nunca volvi\u00f3 a su pa\u00eds. Muri\u00f3 en 1972 en Buenos Aires por el\u00a0<a href=\"https:\/\/elpais.com\/america-futura\/2024-04-14\/el-cambio-climatico-y-la-migracion-llevan-la-enfermedad-del-chagas-a-estados-unidos.htmlhttps:\/\/elpais.com\/america-futura\/2024-04-14\/el-cambio-climatico-y-la-migracion-llevan-la-enfermedad-del-chagas-a-estados-unidos.htmlhttps:\/\/elpais.com\/america-futura\/2024-04-14\/el-cambio-climatico-y-la-migracion-llevan-la-enfermedad-del-chagas-a-estados-unidos.html\" target=\"_blank\" rel=\"noopener\" data-link-track-dtm=\"\" data-mrf-link=\"https:\/\/elpais.com\/america-futura\/2024-04-14\/el-cambio-climatico-y-la-migracion-llevan-la-enfermedad-del-chagas-a-estados-unidos.htmlhttps:\/\/elpais.com\/america-futura\/2024-04-14\/el-cambio-climatico-y-la-migracion-llevan-la-enfermedad-del-chagas-a-estados-unidos.htmlhttps:\/\/elpais.com\/america-futura\/2024-04-14\/el-cambio-climatico-y-la-migracion-llevan-la-enfermedad-del-chagas-a-estados-unidos.html\">mal de Chagas<\/a>. Algunas figuras de la cultura latinoamericana lo valoraban especialmente, como su amigo Pablo Neruda, Mercedes Sosa o Mario Benedetti.<\/p>\n<h3 class=\"\">Chacatours, turismo comunitario en La Chacarita<\/h3>\n<p class=\"\">La casa donde creci\u00f3 Jos\u00e9 Asunci\u00f3n Flores est\u00e1 en Punta Karap\u00e3, una zona alta de la Chacarita con vistas magn\u00edficas de la bah\u00eda de Asunci\u00f3n. La construcci\u00f3n sencilla de fachada m\u00ednima es ahora un museo. En la plaza al frente, un grupo internacional escucha atento a Christian Nu\u00f1ez, responsable de\u00a0<a href=\"https:\/\/www.instagram.com\/chacatours\/?hl=es\" target=\"_blank\" rel=\"noopener\" data-link-track-dtm=\"\" data-mrf-link=\"https:\/\/www.instagram.com\/chacatours\/?hl=es\">Chacatours<\/a>. \u201cLa guarania es uno de los s\u00edmbolos m\u00e1s potentes de la Chacarita, cuna de muchos artistas\u201d, explica el gu\u00eda ante el mural de mosaico que representa a su creador. Este fue el primero de las decenas que hay diseminados por el barrio.<\/p>\n<p>&nbsp;<\/p>\n<figure class=\"a_m a_m-h \">\n<p><div style=\"width: 424px\" class=\"wp-caption alignnone\"><img loading=\"lazy\" decoding=\"async\" class=\"_re lazyload a_m-h\" src=\"https:\/\/imagenes.elpais.com\/resizer\/v2\/MUBR3LYX25GZBNM5SPG4PJNHJ4.JPG?auth=9cb1a2db679b6cccdc01843ee87b07bb8a890b6c9cfeaf91c92df44567d94638&amp;width=414\" sizes=\"auto, (min-width:1199px) 1155px,(min-width:1001px) calc(100vw - 44px),(min-width:768px) 767px, 100vw\" srcset=\"https:\/\/imagenes.elpais.com\/resizer\/v2\/MUBR3LYX25GZBNM5SPG4PJNHJ4.JPG?auth=9cb1a2db679b6cccdc01843ee87b07bb8a890b6c9cfeaf91c92df44567d94638&amp;width=414 414w,https:\/\/imagenes.elpais.com\/resizer\/v2\/MUBR3LYX25GZBNM5SPG4PJNHJ4.JPG?auth=9cb1a2db679b6cccdc01843ee87b07bb8a890b6c9cfeaf91c92df44567d94638&amp;width=828 640w,https:\/\/imagenes.elpais.com\/resizer\/v2\/MUBR3LYX25GZBNM5SPG4PJNHJ4.JPG?auth=9cb1a2db679b6cccdc01843ee87b07bb8a890b6c9cfeaf91c92df44567d94638&amp;width=980 1000w,https:\/\/imagenes.elpais.com\/resizer\/v2\/MUBR3LYX25GZBNM5SPG4PJNHJ4.JPG?auth=9cb1a2db679b6cccdc01843ee87b07bb8a890b6c9cfeaf91c92df44567d94638&amp;width=1960 1960w\" alt=\"NO USAR-  SOLO PARA EL TEXTO:Cultura como resistencia en el barrio la Chacarita de Asunci\u00f3n\" width=\"414\" height=\"277\" \/><p class=\"wp-caption-text\">Christian Nu\u00f1ez muestra el barrio a un grupo de visitantes durante un paseo Chacatours de turismo comunitario.Paula L\u00f3pez Barba<\/p><\/div><figcaption class=\"a_m_p\"><\/figcaption><\/figure>\n<p>&nbsp;<\/p>\n<p class=\"\">El grupo contin\u00faa su recorrido por las calles coloridas. \u201cChacarita viene de chacra, tierra cultivada en quechua, porque aqu\u00ed hab\u00eda huertos\u201d, dice N\u00fa\u00f1ez delante de un plano de la zona pintado en la pared. Aunque desde 1920 el nombre oficial del barrio es Ricardo Brugada, en honor al periodista conocido como \u2018abogado de los pobres\u2019, a\u00fan se usa el que recuerda su pasado agr\u00edcola. Durante el siglo XX, las laderas de cultivos se fueron cubriendo de casas hasta convertirse en uno de los barrios m\u00e1s poblados de la ciudad. Hoy, en sus 150 hect\u00e1reas viven 13.153 personas, seg\u00fan el Censo 2022.<\/p>\n<p class=\"\">Para contar historias del populoso vecindario desde dentro, surgi\u00f3 Chacatours hace una d\u00e9cada. \u201cQuer\u00edamos acabar con la percepci\u00f3n negativa de la comunidad, estigmatizada y criminalizada\u201d, argumenta N\u00fa\u00f1ez mientras se adentra en ella. Muchos asuncenos no se atreven. La Chacarita es intrincada y precaria, creci\u00f3 de manera informal y faltan servicios b\u00e1sicos como redes de saneamiento, transporte p\u00fablico o recogida de basura, que acaba amontonada o en los r\u00edos. Pasan delante del mural en homenaje al tren que circulaba cerca antes de que la red ferroviaria de Paraguay se desmantelara y llegan a una calle principal con peque\u00f1os comercios y el campo del Resistencia, el equipo de f\u00fatbol m\u00e1s exitoso del barrio. De aqu\u00ed para abajo es\u00a0<a href=\"https:\/\/elpais.com\/america-futura\/2023-09-29\/los-banados-de-asuncion-los-paraguayos-obligados-a-abandonar-su-casa-cada-vez-que-crece-el-rio.html\" data-link-track-dtm=\"\" data-mrf-link=\"https:\/\/elpais.com\/america-futura\/2023-09-29\/los-banados-de-asuncion-los-paraguayos-obligados-a-abandonar-su-casa-cada-vez-que-crece-el-rio.html\">zona inundable<\/a>, hay que abandonar las casas cuando el r\u00edo Paraguay se desborda. Sorprende que esto pase peri\u00f3dicamente\u00a0<a href=\"https:\/\/elpais.com\/elpais\/2017\/05\/04\/planeta_futuro\/1493850313_650217.html\" data-link-track-dtm=\"\" data-mrf-link=\"https:\/\/elpais.com\/elpais\/2017\/05\/04\/planeta_futuro\/1493850313_650217.html\">a poca distancia del Palacio de L\u00f3pez<\/a>, sede de un Gobierno que desde hace d\u00e9cadas promete soluciones. Consciente de los problemas estructurales, N\u00fa\u00f1ez, nacido en otra zona humilde de Asunci\u00f3n, se proclama chacarite\u00f1o adoptado con alegr\u00eda. Vive aqu\u00ed desde hace 14 a\u00f1os y ama su barrio, aunque reconoce que la primera vez que vino pas\u00f3 miedo: \u201cHacia el a\u00f1o 2000 hice un recorrido nocturno con mi cu\u00f1ado. En esa \u00e9poca, el ambiente era m\u00e1s tenso y hasta me temblaban las rodillas\u201d.<\/p>\n<p class=\"\">Como en\u00a0<a href=\"https:\/\/elpais.com\/america-futura\/2022-10-03\/una-generacion-sin-hogar-el-dificil-sueno-de-una-casa-propia-para-los-jovenes-latinoamericanos.html\" data-link-track-dtm=\"\" data-mrf-link=\"https:\/\/elpais.com\/america-futura\/2022-10-03\/una-generacion-sin-hogar-el-dificil-sueno-de-una-casa-propia-para-los-jovenes-latinoamericanos.html\">tantos vecindarios empobrecidos de Am\u00e9rica<\/a>, en la Chacarita se trapichea con droga y eso genera violencia. Pero sigui\u00f3 viniendo, form\u00f3 una familia y se instal\u00f3 definitivamente. Entonces quiso mejorar su entorno: \u201cEmpec\u00e9 con el proyecto Chacarita Digital para ense\u00f1ar oficios audiovisuales a la juventud. A ra\u00edz de eso decid\u00ed organizar visitas guiadas. Con el turismo comunitario, el arte mural y la creaci\u00f3n de oficios, quer\u00eda recuperar la memoria y la identidad de un lugar que es la g\u00e9nesis de Paraguay\u201d, afirma. El de hoy es el tour hist\u00f3rico, y se habla de todo un poco. Desde los payagu\u00e1s y guaran\u00edes que habitaban la zona antes de la colonia espa\u00f1ola, hasta las galoperas, mujeres que danzan con un c\u00e1ntaro sobre la cabeza. Hay otros paseos m\u00e1s especializados, como el \u2018chacatour extremo\u2019 para asomarse a la realidad m\u00e1s cruda: \u201cTratamos temas sociales de actualidad y hablamos con j\u00f3venes que cuentan vivencias como su paso por prisi\u00f3n o sus adicciones\u201d. Y desde 2024 ofrecen el \u2018chacatour guarania\u2019, organizado junto a la consultora\u00a0<a href=\"https:\/\/www.mentu.com.py\/\" target=\"_blank\" rel=\"noopener\" data-link-track-dtm=\"\" data-mrf-link=\"https:\/\/www.mentu.com.py\/\">Mentu<\/a>\u00a0y financiado por la\u00a0<a href=\"https:\/\/www.fundacionitau.com.py\/\" target=\"_blank\" rel=\"noopener\" data-link-track-dtm=\"\" data-mrf-link=\"https:\/\/www.fundacionitau.com.py\/\">Fundaci\u00f3n Ita\u00fa<\/a>. Les gustar\u00eda adaptar m\u00e1s recorridos para personas con necesidades especiales. \u201cQueremos crear la galer\u00eda de arte urbano inclusiva m\u00e1s grande de Am\u00e9rica Latina\u201d, sue\u00f1a N\u00fa\u00f1ez.<\/p>\n<p>&nbsp;<\/p>\n<figure class=\"a_m a_m-h \">\n<p><div style=\"width: 424px\" class=\"wp-caption alignnone\"><img loading=\"lazy\" decoding=\"async\" class=\"_re lazyload a_m-h\" src=\"https:\/\/imagenes.elpais.com\/resizer\/v2\/RPCUI55IE5BOZL3FM5V5PLNXIQ.JPG?auth=3493163d936dcb62e7271463fffdc9ed4d3d3d53e298082458d3d2b6c5878a9e&amp;width=414\" sizes=\"auto, (min-width:1199px) 1155px,(min-width:1001px) calc(100vw - 44px),(min-width:768px) 767px, 100vw\" srcset=\"https:\/\/imagenes.elpais.com\/resizer\/v2\/RPCUI55IE5BOZL3FM5V5PLNXIQ.JPG?auth=3493163d936dcb62e7271463fffdc9ed4d3d3d53e298082458d3d2b6c5878a9e&amp;width=414 414w,https:\/\/imagenes.elpais.com\/resizer\/v2\/RPCUI55IE5BOZL3FM5V5PLNXIQ.JPG?auth=3493163d936dcb62e7271463fffdc9ed4d3d3d53e298082458d3d2b6c5878a9e&amp;width=828 640w,https:\/\/imagenes.elpais.com\/resizer\/v2\/RPCUI55IE5BOZL3FM5V5PLNXIQ.JPG?auth=3493163d936dcb62e7271463fffdc9ed4d3d3d53e298082458d3d2b6c5878a9e&amp;width=980 1000w,https:\/\/imagenes.elpais.com\/resizer\/v2\/RPCUI55IE5BOZL3FM5V5PLNXIQ.JPG?auth=3493163d936dcb62e7271463fffdc9ed4d3d3d53e298082458d3d2b6c5878a9e&amp;width=1960 1960w\" alt=\"NO USAR-  SOLO PARA EL TEXTO:Cultura como resistencia en el barrio la Chacarita de Asunci\u00f3n\" width=\"414\" height=\"277\" \/><p class=\"wp-caption-text\">El barrio de la Chacarita en el centro hist\u00f3rico de Asunci\u00f3n.\u00a0 \u00a0 Paula L\u00f3pez Barba<\/p><\/div><figcaption class=\"a_m_p\"><\/figcaption><\/figure>\n<p>&nbsp;<\/p>\n<p class=\"\">Una de las iniciativas que dio un empuj\u00f3n a sus sue\u00f1os y situ\u00f3 al barrio en el mapa fue la\u00a0<a href=\"https:\/\/www.bienalesdearquitectura.es\/index.php\/es\/inicio-biau\" target=\"_blank\" rel=\"noopener\" data-link-track-dtm=\"\" data-mrf-link=\"https:\/\/www.bienalesdearquitectura.es\/index.php\/es\/inicio-biau\">XI Bienal de Arquitectura Iberoamericana<\/a>\u00a0de 2019, impulsada por el Gobierno de Espa\u00f1a. Joseto Cubilla es el arquitecto local que la dirigi\u00f3 junto a su colega espa\u00f1ol Arturo Franco. \u201cConectamos el centro hist\u00f3rico de Asunci\u00f3n, vac\u00edo y abandonado, con la Chacarita, un lugar que asusta, pero que tiene espacios dignos y con sorpresas como la guarania o las vistas\u201d, afirma Cubilla en su despacho.<\/p>\n<p class=\"\">La bienal fue la semilla de varias intervenciones en la Chacarita. Se hicieron trabajos comunitarios en espacio p\u00fablico con equipos de arquitectos. El evento dur\u00f3 una semana, pero algunos proyectos continuaron. Uno de los que Cubilla recuerda con cari\u00f1o es la casa de Jos\u00e9 Asunci\u00f3n Flores en Punta Karap\u00e3: \u201cEstaba totalmente abandonada y parte de ella se transform\u00f3 en museo. Hacer p\u00fablico algo privado en desuso es el mayor de los gestos\u201d. Actualmente, el museo est\u00e1 apuntalado. \u201cEst\u00e1 deteriorado, abandonado por los gobiernos municipal y nacional, con serio riesgo de desplome\u201d, denunciaba Mar\u00eda Olga Vysokol\u00e1n, presidenta de la Asociaci\u00f3n de Escritores y Artistas de Paraguar\u00ed en la Gala de la Literatura Paraguaya.<\/p>\n<p class=\"\">Cubilla destaca tambi\u00e9n intervenciones para mejorar la seguridad del espacio p\u00fablico: \u201cEn uno de los lugares m\u00e1s peligrosos del barrio, punto de venta de droga con varias v\u00edas de escape; instalamos internet, bancos y un mural de vidrio con c\u00f3digos QR, que era una biblioteca virtual. Se llenaba de gente y dej\u00f3 de ser peligroso\u201d. De hecho, visitar algunas zonas de la Chacarita es mucho m\u00e1s seguro de lo que parece, las calles rebosan cotidianidad y la mayor\u00eda del vecindario recibe amablemente a los visitantes. Hay algunos peligros, pero sobre todo, muchos prejuicios, piensan Severiana Ayala de Mosqueira (80) y Jos\u00e9 Mosqueira Salas (83) en el sal\u00f3n de su casa, repleto de fotos familiares. Conocen bien el vecindario donde viven desde ni\u00f1os. En su calle hay un mural con la cara de su nieto Elias Benja,\u00a0<i>El Princi,<\/i>\u00a0un artista de m\u00fasica urbana que triunfa con temas como\u00a0<a href=\"https:\/\/www.youtube.com\/watch?v=hYJ16kEmpQg\" target=\"_blank\" rel=\"noopener\" data-link-track-dtm=\"\" data-mrf-link=\"https:\/\/www.youtube.com\/watch?v=hYJ16kEmpQg\"><i>Soy de Barrio<\/i><\/a><i>.<\/i><\/p>\n<p>&nbsp;<\/p>\n<figure class=\"a_m a_m-h \">\n<p><div style=\"width: 424px\" class=\"wp-caption alignnone\"><img loading=\"lazy\" decoding=\"async\" class=\"_re lazyload a_m-h\" src=\"https:\/\/imagenes.elpais.com\/resizer\/v2\/NFD35AAWQNAZBH2Y5OZJHS3X5Q.JPG?auth=a0d8d1a7b5f1ac4edf4f215d51fedda9f9ca025f065f859570c8838af7737505&amp;width=414\" sizes=\"auto, (min-width:1199px) 1155px,(min-width:1001px) calc(100vw - 44px),(min-width:768px) 767px, 100vw\" srcset=\"https:\/\/imagenes.elpais.com\/resizer\/v2\/NFD35AAWQNAZBH2Y5OZJHS3X5Q.JPG?auth=a0d8d1a7b5f1ac4edf4f215d51fedda9f9ca025f065f859570c8838af7737505&amp;width=414 414w,https:\/\/imagenes.elpais.com\/resizer\/v2\/NFD35AAWQNAZBH2Y5OZJHS3X5Q.JPG?auth=a0d8d1a7b5f1ac4edf4f215d51fedda9f9ca025f065f859570c8838af7737505&amp;width=828 640w,https:\/\/imagenes.elpais.com\/resizer\/v2\/NFD35AAWQNAZBH2Y5OZJHS3X5Q.JPG?auth=a0d8d1a7b5f1ac4edf4f215d51fedda9f9ca025f065f859570c8838af7737505&amp;width=980 1000w,https:\/\/imagenes.elpais.com\/resizer\/v2\/NFD35AAWQNAZBH2Y5OZJHS3X5Q.JPG?auth=a0d8d1a7b5f1ac4edf4f215d51fedda9f9ca025f065f859570c8838af7737505&amp;width=1960 1960w\" alt=\"NO USAR-  SOLO PARA EL TEXTO:Cultura como resistencia en el barrio la Chacarita de Asunci\u00f3n\" width=\"414\" height=\"276\" \/><p class=\"wp-caption-text\">Fiesta popular en la Chacarita, con actuaciones de la banda de la Polic\u00eda y de las galoperas.Paula L\u00f3pez Barba<\/p><\/div><figcaption class=\"a_m_p\"><\/figcaption><\/figure>\n<p>&nbsp;<\/p>\n<p class=\"\">El t\u00edtulo recuerda a la canci\u00f3n\u00a0<i>Soy de la Chacarit<\/i>a del conocido m\u00fasico paraguayo Maneco Galeano, que muestra la parte m\u00e1s amable del barrio donde naci\u00f3 la guarania: \u201cQuiere escuchar mi historia, se\u00f1or, soy de la Chacarita; con permiso del camalotal, con adobe alc\u00e9 mi casita. No hay paisaje m\u00e1s bello, se\u00f1or, que el de nuestra bah\u00eda, ni el pincel del m\u00e1s bueno y m\u00e1s noble pintor, pint\u00f3 cosa m\u00e1s linda\u201d. A pesar de los problemas, la Chacarita es uno de los lugares m\u00e1s interesantes y diversos de Asunci\u00f3n, que rezuma cultura y que vale la pena conocer de cerca.<\/p>\n","protected":false},"excerpt":{"rendered":"<p>&nbsp; &nbsp; &#8211; La Chacarita, en Asunci\u00f3n, es cuna de expresiones art\u00edsticas como la guarania, g\u00e9nero musical creado hace cien a\u00f1os y que la UNESCO&hellip;<\/p>\n","protected":false},"author":99,"featured_media":528123,"comment_status":"open","ping_status":"open","sticky":false,"template":"","format":"standard","meta":{"footnotes":""},"categories":[23],"tags":[],"class_list":["post-528122","post","type-post","status-publish","format-standard","has-post-thumbnail","hentry","category-latinoamerica"],"_links":{"self":[{"href":"https:\/\/diarioelpopular.com\/index.php\/wp-json\/wp\/v2\/posts\/528122","targetHints":{"allow":["GET"]}}],"collection":[{"href":"https:\/\/diarioelpopular.com\/index.php\/wp-json\/wp\/v2\/posts"}],"about":[{"href":"https:\/\/diarioelpopular.com\/index.php\/wp-json\/wp\/v2\/types\/post"}],"author":[{"embeddable":true,"href":"https:\/\/diarioelpopular.com\/index.php\/wp-json\/wp\/v2\/users\/99"}],"replies":[{"embeddable":true,"href":"https:\/\/diarioelpopular.com\/index.php\/wp-json\/wp\/v2\/comments?post=528122"}],"version-history":[{"count":1,"href":"https:\/\/diarioelpopular.com\/index.php\/wp-json\/wp\/v2\/posts\/528122\/revisions"}],"predecessor-version":[{"id":528124,"href":"https:\/\/diarioelpopular.com\/index.php\/wp-json\/wp\/v2\/posts\/528122\/revisions\/528124"}],"wp:featuredmedia":[{"embeddable":true,"href":"https:\/\/diarioelpopular.com\/index.php\/wp-json\/wp\/v2\/media\/528123"}],"wp:attachment":[{"href":"https:\/\/diarioelpopular.com\/index.php\/wp-json\/wp\/v2\/media?parent=528122"}],"wp:term":[{"taxonomy":"category","embeddable":true,"href":"https:\/\/diarioelpopular.com\/index.php\/wp-json\/wp\/v2\/categories?post=528122"},{"taxonomy":"post_tag","embeddable":true,"href":"https:\/\/diarioelpopular.com\/index.php\/wp-json\/wp\/v2\/tags?post=528122"}],"curies":[{"name":"wp","href":"https:\/\/api.w.org\/{rel}","templated":true}]}}