{"id":528129,"date":"2025-02-03T09:24:45","date_gmt":"2025-02-03T13:24:45","guid":{"rendered":"https:\/\/diarioelpopular.com\/?p=528129"},"modified":"2025-02-03T09:24:45","modified_gmt":"2025-02-03T13:24:45","slug":"comienza-el-juicio-de-las-dos-adolescentes-acusadas-de-haber-matado-un-hombre-sin-hogar-en-toronto","status":"publish","type":"post","link":"https:\/\/diarioelpopular.com\/index.php\/2025\/02\/03\/comienza-el-juicio-de-las-dos-adolescentes-acusadas-de-haber-matado-un-hombre-sin-hogar-en-toronto\/","title":{"rendered":"Comienza el juicio de las dos adolescentes acusadas de haber matado un hombre sin hogar en Toronto"},"content":{"rendered":"<p><img loading=\"lazy\" decoding=\"async\" class=\"alignnone size-custom-full-size wp-image-528130\" src=\"https:\/\/diarioelpopular.com\/wp-content\/uploads\/2025\/02\/Screen-Shot-2025-02-03-at-8.24.22-AM-636x383.png\" alt=\"\" width=\"636\" height=\"383\" srcset=\"https:\/\/diarioelpopular.com\/wp-content\/uploads\/2025\/02\/Screen-Shot-2025-02-03-at-8.24.22-AM-636x383.png 636w, https:\/\/diarioelpopular.com\/wp-content\/uploads\/2025\/02\/Screen-Shot-2025-02-03-at-8.24.22-AM-300x181.png 300w, https:\/\/diarioelpopular.com\/wp-content\/uploads\/2025\/02\/Screen-Shot-2025-02-03-at-8.24.22-AM-768x463.png 768w, https:\/\/diarioelpopular.com\/wp-content\/uploads\/2025\/02\/Screen-Shot-2025-02-03-at-8.24.22-AM-121x73.png 121w, https:\/\/diarioelpopular.com\/wp-content\/uploads\/2025\/02\/Screen-Shot-2025-02-03-at-8.24.22-AM.png 880w\" sizes=\"auto, (max-width: 636px) 100vw, 636px\" \/><\/p>\n<p>&nbsp;<\/p>\n<ul>\n<li><em><strong>El juicio por asesinato en grupo a un hombre sin hogar que protagonizaron las acusadasda comienzo en Toronto.<\/strong><\/em><\/li>\n<\/ul>\n<p>&nbsp;<\/p>\n<p>Las dos adolescentes, que se encuentran entre las ocho acusadas de la muerte a mansalva de Kenneth Lee, est\u00e1n acusadas de asesinato en segundo grado y han elegido un juicio solo ante el juez.<\/p>\n<p>La polic\u00eda alega que Lee, de 59 a\u00f1os, muri\u00f3 en diciembre de 2022 despu\u00e9s de que un grupo de chicas lo asaltara y apu\u00f1alara en el centro de Toronto.<\/p>\n<p>Ocho adolescentes de entre 13 y 16 a\u00f1os fueron arrestadas poco despu\u00e9s.<\/p>\n<p>Desde entonces, tres ya se han declarado culpables de homicidio y una de agresi\u00f3n con arma y agresi\u00f3n con da\u00f1o corporal. Las cuatro han sido condenadas a libertad condicional sin m\u00e1s tiempo de prisi\u00f3n.<\/p>\n<p>Se ha programado un juicio con jurado en mayo para las dos restantes, una por asesinato en segundo grado y la otra por homicidio.<\/p>\n<p>Ninguna de las adolescentes puede ser identificado porque eran menores de edad en el momento del ataque.<\/p>\n","protected":false},"excerpt":{"rendered":"<p>&nbsp; El juicio por asesinato en grupo a un hombre sin hogar que protagonizaron las acusadasda comienzo en Toronto. &nbsp; Las dos adolescentes, que se&hellip;<\/p>\n","protected":false},"author":99,"featured_media":528130,"comment_status":"open","ping_status":"open","sticky":false,"template":"","format":"standard","meta":{"footnotes":""},"categories":[11364],"tags":[],"class_list":["post-528129","post","type-post","status-publish","format-standard","has-post-thumbnail","hentry","category-toronto-gta"],"_links":{"self":[{"href":"https:\/\/diarioelpopular.com\/index.php\/wp-json\/wp\/v2\/posts\/528129","targetHints":{"allow":["GET"]}}],"collection":[{"href":"https:\/\/diarioelpopular.com\/index.php\/wp-json\/wp\/v2\/posts"}],"about":[{"href":"https:\/\/diarioelpopular.com\/index.php\/wp-json\/wp\/v2\/types\/post"}],"author":[{"embeddable":true,"href":"https:\/\/diarioelpopular.com\/index.php\/wp-json\/wp\/v2\/users\/99"}],"replies":[{"embeddable":true,"href":"https:\/\/diarioelpopular.com\/index.php\/wp-json\/wp\/v2\/comments?post=528129"}],"version-history":[{"count":1,"href":"https:\/\/diarioelpopular.com\/index.php\/wp-json\/wp\/v2\/posts\/528129\/revisions"}],"predecessor-version":[{"id":528131,"href":"https:\/\/diarioelpopular.com\/index.php\/wp-json\/wp\/v2\/posts\/528129\/revisions\/528131"}],"wp:featuredmedia":[{"embeddable":true,"href":"https:\/\/diarioelpopular.com\/index.php\/wp-json\/wp\/v2\/media\/528130"}],"wp:attachment":[{"href":"https:\/\/diarioelpopular.com\/index.php\/wp-json\/wp\/v2\/media?parent=528129"}],"wp:term":[{"taxonomy":"category","embeddable":true,"href":"https:\/\/diarioelpopular.com\/index.php\/wp-json\/wp\/v2\/categories?post=528129"},{"taxonomy":"post_tag","embeddable":true,"href":"https:\/\/diarioelpopular.com\/index.php\/wp-json\/wp\/v2\/tags?post=528129"}],"curies":[{"name":"wp","href":"https:\/\/api.w.org\/{rel}","templated":true}]}}