{"id":528140,"date":"2025-02-03T10:09:01","date_gmt":"2025-02-03T14:09:01","guid":{"rendered":"https:\/\/diarioelpopular.com\/?p=528140"},"modified":"2025-02-03T10:09:01","modified_gmt":"2025-02-03T14:09:01","slug":"como-puede-afectar-a-la-economia-de-mexico-que-trump-haya-impuesto-un-arancel-del-25-a-todos-sus-productos","status":"publish","type":"post","link":"https:\/\/diarioelpopular.com\/index.php\/2025\/02\/03\/como-puede-afectar-a-la-economia-de-mexico-que-trump-haya-impuesto-un-arancel-del-25-a-todos-sus-productos\/","title":{"rendered":"C\u00f3mo puede afectar a la econom\u00eda de M\u00e9xico que Trump haya impuesto un arancel del 25% a todos sus productos"},"content":{"rendered":"<div id=\"attachment_528141\" style=\"width: 646px\" class=\"wp-caption alignnone\"><img loading=\"lazy\" decoding=\"async\" aria-describedby=\"caption-attachment-528141\" class=\"wp-image-528141 size-custom-full-size\" src=\"https:\/\/diarioelpopular.com\/wp-content\/uploads\/2025\/02\/Screen-Shot-2025-02-03-at-9.08.24-AM-636x357.png\" alt=\"\" width=\"636\" height=\"357\" srcset=\"https:\/\/diarioelpopular.com\/wp-content\/uploads\/2025\/02\/Screen-Shot-2025-02-03-at-9.08.24-AM-636x357.png 636w, https:\/\/diarioelpopular.com\/wp-content\/uploads\/2025\/02\/Screen-Shot-2025-02-03-at-9.08.24-AM-300x169.png 300w, https:\/\/diarioelpopular.com\/wp-content\/uploads\/2025\/02\/Screen-Shot-2025-02-03-at-9.08.24-AM-768x431.png 768w, https:\/\/diarioelpopular.com\/wp-content\/uploads\/2025\/02\/Screen-Shot-2025-02-03-at-9.08.24-AM-130x73.png 130w, https:\/\/diarioelpopular.com\/wp-content\/uploads\/2025\/02\/Screen-Shot-2025-02-03-at-9.08.24-AM.png 1024w\" sizes=\"auto, (max-width: 636px) 100vw, 636px\" \/><p id=\"caption-attachment-528141\" class=\"wp-caption-text\">El gobierno de Trump impuso aranceles a sus mayores socios comerciales.<\/p><\/div>\n<p>&nbsp;<\/p>\n<div class=\"bbc-19j92fr ebmt73l0\" dir=\"ltr\">\n<ul>\n<li class=\"bbc-hhl7in e17g058b0\" dir=\"ltr\"><em><b>Despu\u00e9s de muchas amenazas, finalmente lleg\u00f3 el d\u00eda.<\/b><\/em><\/li>\n<\/ul>\n<\/div>\n<div class=\"bbc-19j92fr ebmt73l0\" dir=\"ltr\">\n<p dir=\"ltr\">\n<p class=\"bbc-hhl7in e17g058b0\" dir=\"ltr\">El presidente de Estados Unidos, Donald Trump, orden\u00f3 establecer aranceles generales del 25% a M\u00e9xico y Canad\u00e1 y del 10% a China este s\u00e1bado a trav\u00e9s de una orden ejecutiva.<\/p>\n<\/div>\n<div class=\"bbc-19j92fr ebmt73l0\" dir=\"ltr\">\n<p class=\"bbc-hhl7in e17g058b0\" dir=\"ltr\">Un arancel universal, es decir, a todos los productos de un pa\u00eds, es considerado por los expertos en comercio internacional como una medida muy dura, especialmente cuando est\u00e1 dirigida a sus mayores socios comerciales.<\/p>\n<\/div>\n<div class=\"bbc-19j92fr ebmt73l0\" dir=\"ltr\">\n<p class=\"bbc-hhl7in e17g058b0\" dir=\"ltr\">Los \u00fanicos productos que quedaron sujetos a un arancel reducido del 10% fueron las importaciones energ\u00e9ticas provenientes de Canad\u00e1.<\/p>\n<\/div>\n<div class=\"bbc-19j92fr ebmt73l0\" dir=\"ltr\">\n<p class=\"bbc-hhl7in e17g058b0\" dir=\"ltr\">&#8220;Este arancel permanecer\u00e1 vigente hasta que las drogas, en particular el fentanilo, y todos los inmigrantes ilegales detengan esta invasi\u00f3n de nuestro pa\u00eds&#8221;, inform\u00f3 la Casa Blanca en un comunicado.<\/p>\n<\/div>\n<div class=\"bbc-19j92fr ebmt73l0\" dir=\"ltr\">\n<p class=\"bbc-hhl7in e17g058b0\" dir=\"ltr\">A las pocas horas, la presidente de M\u00e9xico, Claudia Sheinbaum, anunci\u00f3 que implementar\u00e1 medidas arancelarias y no arancelarias, en defensa de los intereses de su pa\u00eds, aunque no ha entregado los detalles.<\/p>\n<\/div>\n<div class=\"bbc-19j92fr ebmt73l0\" dir=\"ltr\">\n<p class=\"bbc-hhl7in e17g058b0\" dir=\"ltr\">Y el primer ministro Justin Trudeau, inform\u00f3 que Canad\u00e1 impondr\u00e1 aranceles del 25% sobre productos estadounidenses por un valor de 155.000 millones de d\u00f3lares canadienses (unos US$100.000 millones), en represalia a los introducidos por Donald Trump.<\/p>\n<p dir=\"ltr\">\n<\/div>\n<figure class=\"bbc-1qn0xuy\">\n<div class=\"bbc-18ywsw9\">\n<div style=\"width: 1019px\" class=\"wp-caption alignnone\"><img loading=\"lazy\" decoding=\"async\" class=\"bbc-139onq\" src=\"https:\/\/ichef.bbci.co.uk\/ace\/ws\/640\/cpsprodpb\/6265\/live\/2cc38410-e10d-11ef-b35b-f385b43e8a7f.jpg.webp\" alt=\"Donald Trump\" width=\"1009\" height=\"568\" \/><p class=\"wp-caption-text\">Fuente de la imagen,Getty Images.\u00a0\u00a0Donald Trump dice que impuso los aranceles por el flujo de migrantes y drogas desde M\u00e9xico y en menor escala Canad\u00e1.<\/p><\/div>\n<p class=\"bbc-by8ykd\" role=\"text\">\n<\/div>\n<\/figure>\n<div class=\"bbc-19j92fr ebmt73l0\" dir=\"ltr\">\n<h2 id=\"C\u00f3mo-puede-afectar-a-M\u00e9xico\" class=\"bbc-1lgzob2 eglt09e0\" tabindex=\"-1\">\u00bfC\u00f3mo puede afectar a M\u00e9xico?<\/h2>\n<\/div>\n<div class=\"bbc-19j92fr ebmt73l0\" dir=\"ltr\">\n<p class=\"bbc-hhl7in e17g058b0\" dir=\"ltr\">En los d\u00edas previos al anuncio, en M\u00e9xico hab\u00eda cierto escepticismo sobre la aplicaci\u00f3n de un arancel del 25% sobre todos los productos.<\/p>\n<\/div>\n<div class=\"bbc-19j92fr ebmt73l0\" dir=\"ltr\">\n<p class=\"bbc-hhl7in e17g058b0\" dir=\"ltr\">Parec\u00eda m\u00e1s factible que el gobierno de Estados Unidos escogiera algunos productos espec\u00edficos, en vez de imponer un arancel universal.<\/p>\n<\/div>\n<div class=\"bbc-19j92fr ebmt73l0\" dir=\"ltr\">\n<p class=\"bbc-hhl7in e17g058b0\" dir=\"ltr\">Pero no fue as\u00ed.<\/p>\n<\/div>\n<div class=\"bbc-19j92fr ebmt73l0\" dir=\"ltr\">\n<p class=\"bbc-hhl7in e17g058b0\" dir=\"ltr\">&#8220;Esto va a provocar una recesi\u00f3n en M\u00e9xico&#8221;, dijo Valeria Moy, directora general del Centro de Investigaci\u00f3n en Pol\u00edtica P\u00fablica, IMCO, en M\u00e9xico.<\/p>\n<p dir=\"ltr\">\n<\/div>\n<figure class=\"bbc-1qn0xuy\">\n<div class=\"bbc-18ywsw9\"><img loading=\"lazy\" decoding=\"async\" class=\"bbc-139onq\" src=\"https:\/\/ichef.bbci.co.uk\/ace\/ws\/640\/cpsprodpb\/d0c5\/live\/b10995e0-e10b-11ef-bb9b-91bb559a9cad.jpg.webp\" sizes=\"auto, (min-width: 1008px) 760px, 100vw\" srcset=\"https:\/\/ichef.bbci.co.uk\/ace\/ws\/240\/cpsprodpb\/d0c5\/live\/b10995e0-e10b-11ef-bb9b-91bb559a9cad.jpg.webp 240w, https:\/\/ichef.bbci.co.uk\/ace\/ws\/320\/cpsprodpb\/d0c5\/live\/b10995e0-e10b-11ef-bb9b-91bb559a9cad.jpg.webp 320w, https:\/\/ichef.bbci.co.uk\/ace\/ws\/480\/cpsprodpb\/d0c5\/live\/b10995e0-e10b-11ef-bb9b-91bb559a9cad.jpg.webp 480w, https:\/\/ichef.bbci.co.uk\/ace\/ws\/624\/cpsprodpb\/d0c5\/live\/b10995e0-e10b-11ef-bb9b-91bb559a9cad.jpg.webp 624w, https:\/\/ichef.bbci.co.uk\/ace\/ws\/800\/cpsprodpb\/d0c5\/live\/b10995e0-e10b-11ef-bb9b-91bb559a9cad.jpg.webp 800w\" alt=\"La presidenta de M\u00e9xico, Claudia Sheinbaum\" width=\"979\" height=\"551\" \/><\/p>\n<p class=\"bbc-by8ykd\" role=\"text\"><span class=\"bbc-m04vo2\">Fuente de la imagen,<\/span><span lang=\"en-GB\">Getty Images<\/span><span class=\"bbc-m04vo2\">.\u00a0\u00a0<\/span><span data-testid=\"caption-paragraph\">La presidente de M\u00e9xico, Claudia Sheinbaum, anunci\u00f3 que responder\u00e1 con medidas arancelarias.<\/span><\/p>\n<\/div>\n<\/figure>\n<div class=\"bbc-19j92fr ebmt73l0\" dir=\"ltr\">\n<p dir=\"ltr\">\n<p class=\"bbc-hhl7in e17g058b0\" dir=\"ltr\">&#8220;Suena absurdo, suena como una locura&#8221;, agreg\u00f3, refiri\u00e9ndose a que el mandatario estar\u00eda dispuesto a quitar los aranceles solo cuando se resuelvan los problemas de migraci\u00f3n y drogas.<\/p>\n<\/div>\n<div class=\"bbc-19j92fr ebmt73l0\" dir=\"ltr\">\n<p class=\"bbc-hhl7in e17g058b0\" dir=\"ltr\">M\u00e9xico, el principal socio comercial de EE.UU., env\u00eda m\u00e1s del 80% de sus exportaciones al mercado estadounidense.<\/p>\n<\/div>\n<div class=\"bbc-19j92fr ebmt73l0\" dir=\"ltr\">\n<p class=\"bbc-hhl7in e17g058b0\" dir=\"ltr\">Es por eso que un 25% de aranceles parece ser un golpe duro para una econom\u00eda que le vende a su vecino desde autos y semiconductores, hasta petr\u00f3leo y aguacates.<\/p>\n<\/div>\n<div class=\"bbc-19j92fr ebmt73l0\" dir=\"ltr\">\n<p class=\"bbc-hhl7in e17g058b0\" dir=\"ltr\">Analistas y empresarios han advertido que un arancel universal no solo afectar\u00e1 las exportaciones, sino tambi\u00e9n, el crecimiento econ\u00f3mico, el empleo, las inversiones, las remesas y el peso mexicano.<\/p>\n<p dir=\"ltr\">\n<\/div>\n<p><iframe loading=\"lazy\" id=\"flourish-id-83f4ea1e\" class=\"bbc-axsk9o\" title=\"Interactive or visual content\" src=\"https:\/\/flo.uri.sh\/visualisation\/21442913\/embed?auto=1\" width=\"700\" height=\"575\" frameborder=\"0\" scrolling=\"no\" data-mce-fragment=\"1\"><\/iframe><\/p>\n<div class=\"bbc-19j92fr ebmt73l0\" dir=\"ltr\">\n<p dir=\"ltr\">\n<p class=\"bbc-hhl7in e17g058b0\" dir=\"ltr\">\u00bfC\u00f3mo funcionan los aranceles? Los aranceles no son otra cosa m\u00e1s que un impuesto a los productos importados. Los paga el importador del pa\u00eds que aplica el arancel, en este caso, el importador estadounidense, cuando llega el producto extranjero a la aduana.<\/p>\n<\/div>\n<div class=\"bbc-19j92fr ebmt73l0\" dir=\"ltr\">\n<p class=\"bbc-hhl7in e17g058b0\" dir=\"ltr\">Como el importador tiene que pagar un precio m\u00e1s alto, habitualmente traspasa una parte de ese costo extra, o todo el costo adicional, a los consumidores estadounidenses.<\/p>\n<\/div>\n<div class=\"bbc-19j92fr ebmt73l0\" dir=\"ltr\">\n<p class=\"bbc-hhl7in e17g058b0\" dir=\"ltr\">Pero Trump sostiene exactamente lo contrario, cuando argumenta que los aranceles van a &#8220;enriquecer a los estadounidenses&#8221; porque van a generar ingresos adicionales para el gobierno y van a aumentar la capacidad manufacturera del pa\u00eds, creando nuevos empleos y crecimiento econ\u00f3mico.<\/p>\n<\/div>\n<div class=\"bbc-19j92fr ebmt73l0\" dir=\"ltr\">\n<p class=\"bbc-hhl7in e17g058b0\" dir=\"ltr\">La mayor parte de los economistas aseguran que los aranceles afectar\u00e1n a los pa\u00edses a los que se les impone el gravamen, pero tambi\u00e9n a EE.UU.<\/p>\n<p dir=\"ltr\">\n<\/div>\n<figure class=\"bbc-1qn0xuy\">\n<div class=\"bbc-18ywsw9\">\n<div style=\"width: 829px\" class=\"wp-caption alignnone\"><img loading=\"lazy\" decoding=\"async\" class=\"bbc-139onq\" src=\"https:\/\/ichef.bbci.co.uk\/ace\/ws\/640\/cpsprodpb\/559a\/live\/8f774ec0-e10d-11ef-b35b-f385b43e8a7f.jpg.webp\" alt=\"Cami\u00f3n mexicano\" width=\"819\" height=\"461\" \/><p class=\"wp-caption-text\">Fuente de la imagen,Getty Images.\u00a0\u00a0M\u00e1s del 80% de las exportaciones de M\u00e9xico van a EE.UU.<\/p><\/div>\n<p class=\"bbc-by8ykd\" role=\"text\">\n<\/div>\n<\/figure>\n<div class=\"bbc-19j92fr ebmt73l0\" dir=\"ltr\">\n<p dir=\"ltr\">\n<p class=\"bbc-hhl7in e17g058b0\" dir=\"ltr\">&#8220;Creo que es muy absurdo poner aranceles a tus tres mayores socios comerciales, especialmente a Canad\u00e1 y M\u00e9xico&#8221;, coment\u00f3 Kimberly Clausing, investigadora senior del Instituto Peterson de Econom\u00eda Internacional y profesora de Derecho y Pol\u00edtica Tributaria en la Universidad de California, Los \u00c1ngeles.<\/p>\n<\/div>\n<div class=\"bbc-19j92fr ebmt73l0\" dir=\"ltr\">\n<p class=\"bbc-hhl7in e17g058b0\" dir=\"ltr\">&#8220;No solo est\u00e1s da\u00f1ando a los consumidores, sino tambi\u00e9n a los trabajadores y a los productores estadounidenses&#8221;, le dijo a BBC Mundo.<\/p>\n<\/div>\n<div class=\"bbc-19j92fr ebmt73l0\" dir=\"ltr\">\n<h2 id=\"Los-productos-m\u00e1s-golpeados\" class=\"bbc-1lgzob2 eglt09e0\" tabindex=\"-1\">Los productos m\u00e1s golpeados<\/h2>\n<\/div>\n<div class=\"bbc-19j92fr ebmt73l0\" dir=\"ltr\">\n<p class=\"bbc-hhl7in e17g058b0\" dir=\"ltr\">La manufactura automotriz y la electr\u00f3nica ocupan los primeros lugares en las exportaciones con mayor valor comercial que hizo M\u00e9xico a Estados Unidos en 2023, seg\u00fan cifras de la Secretar\u00eda de Econom\u00eda de M\u00e9xico (SE).<\/p>\n<p dir=\"ltr\">\n<\/div>\n<figure class=\"bbc-1qn0xuy\">\n<div class=\"bbc-18ywsw9\">\n<div style=\"width: 1016px\" class=\"wp-caption alignnone\"><img loading=\"lazy\" decoding=\"async\" class=\"bbc-139onq\" src=\"https:\/\/ichef.bbci.co.uk\/ace\/ws\/640\/cpsprodpb\/8699\/live\/c7808300-e10c-11ef-b35b-f385b43e8a7f.jpg.webp\" alt=\"Fronera M\u00e9xico y EE.UU.\" width=\"1006\" height=\"565\" \/><p class=\"wp-caption-text\">Fuente de la imagen,Getty Images.\u00a0La industria automotriz y la electr\u00f3nica ocupan gran parte de las exportaciones.<\/p><\/div>\n<p class=\"bbc-by8ykd\" role=\"text\">\n<\/div>\n<\/figure>\n<div class=\"bbc-19j92fr ebmt73l0\" dir=\"ltr\">\n<p dir=\"ltr\">\n<p class=\"bbc-hhl7in e17g058b0\" dir=\"ltr\">El monto de esas exportaciones llega a unos US$200.000 millones. Eso es casi la mitad (46%) del valor de todo lo que vendi\u00f3 M\u00e9xico a Estados Unidos.<\/p>\n<\/div>\n<div class=\"bbc-19j92fr ebmt73l0\" dir=\"ltr\">\n<p class=\"bbc-hhl7in e17g058b0\" dir=\"ltr\">Partes de veh\u00edculos, autos, camiones, pantallas,, equipos m\u00e9dicos, computadores, refrigeradores, y una infinidad de bienes manufacturados que viajan constantemente hacia el pa\u00eds vecino, se ver\u00e1n profundamente afectados.<\/p>\n<\/div>\n<div class=\"bbc-19j92fr ebmt73l0\" dir=\"ltr\">\n<p class=\"bbc-hhl7in e17g058b0\" dir=\"ltr\">Tambi\u00e9n recibir\u00e1n un duro golpe el sector energ\u00e9tico, el acero y el aluminio, los semiconductores y los productos farmac\u00e9uticos, as\u00ed como las frutas y verduras, los muebles, los productos de la industria panificadora o la cerveza y el tequila.<\/p>\n<\/div>\n<div class=\"bbc-19j92fr ebmt73l0\" dir=\"ltr\">\n<p class=\"bbc-hhl7in e17g058b0\" dir=\"ltr\">&#8220;Las empresas y los consumidores de las tres econom\u00edas sufriremos consecuencias de no revertirse esta medida&#8221;, dijo Pedro Casas, vicepresidente y director general de la American Chamber of Commerce Mexico, AmCham.<\/p>\n<\/div>\n<div class=\"bbc-19j92fr ebmt73l0\" dir=\"ltr\">\n<p class=\"bbc-hhl7in e17g058b0\" dir=\"ltr\">Entre ellas, explic\u00f3, est\u00e1 el aumento de los costos para los productores y exportadores, la p\u00e9rdida de empleo, inflaci\u00f3n y &#8220;menor poder adquisitivo de nuestras familias&#8221;.<\/p>\n<\/div>\n<div class=\"bbc-19j92fr ebmt73l0\" dir=\"ltr\">\n<p class=\"bbc-hhl7in e17g058b0\" dir=\"ltr\">Un an\u00e1lisis de la consultora internacional Standard and Poor&#8217;s no ve un panorama muy optimista.<\/p>\n<\/div>\n<div class=\"bbc-19j92fr ebmt73l0\" dir=\"ltr\">\n<p class=\"bbc-hhl7in e17g058b0\" dir=\"ltr\">La aplicaci\u00f3n de aranceles del 25%, &#8220;empujar\u00eda a la econom\u00eda mexicana a una recesi\u00f3n&#8221;, se\u00f1al\u00f3 esta semana en un informe.<\/p>\n<\/div>\n<div class=\"bbc-19j92fr ebmt73l0\" dir=\"ltr\">\n<h2 id=\"Un-gran-desaf\u00edo-para-M\u00e9xico\" class=\"bbc-1lgzob2 eglt09e0\" tabindex=\"-1\">Un gran desaf\u00edo para M\u00e9xico<\/h2>\n<\/div>\n<div class=\"bbc-19j92fr ebmt73l0\" dir=\"ltr\">\n<p class=\"bbc-hhl7in e17g058b0\" dir=\"ltr\">Los aranceles ponen en juego un sistema de libre comercio de 30 a\u00f1os que ha construido una econom\u00eda entre los tres pa\u00edses norteamericanos altamente integrada, con autopartes que a veces cruzan las fronteras varias veces antes del ensamblaje final.<\/p>\n<\/div>\n<div class=\"bbc-19j92fr ebmt73l0\" dir=\"ltr\">\n<p class=\"bbc-hhl7in e17g058b0\" dir=\"ltr\">Si cada producto que forma parte de la manufactura de un bien final es gravado con un arancel cada vez que cruza la aduana, la cadena de suministro se encarece demasiado, poniendo en riesgo el futuro de muchas f\u00e1bricas a los dos lados de la frontera.<\/p>\n<\/div>\n<div class=\"bbc-19j92fr ebmt73l0\" dir=\"ltr\">\n<p class=\"bbc-hhl7in e17g058b0\" dir=\"ltr\">Las inversiones estadounidenses en el sector manufacturero mexicano han crecido notablemente desde el primer mandato de Trump, benefici\u00e1ndose de una mano de obra m\u00e1s barata y del Tratado entre Estados Unidos, M\u00e9xico y Canad\u00e1, T-MEC, que entr\u00f3 en vigor en julio de 2020 y reemplaz\u00f3 al Tratado de Libre Comercio de Am\u00e9rica del Norte (Tlcan).<\/p>\n<p dir=\"ltr\">\n<\/div>\n<figure class=\"bbc-1qn0xuy\">\n<div class=\"bbc-18ywsw9\">\n<div style=\"width: 1034px\" class=\"wp-caption alignnone\"><img loading=\"lazy\" decoding=\"async\" class=\"bbc-139onq\" src=\"https:\/\/ichef.bbci.co.uk\/ace\/ws\/640\/cpsprodpb\/3855\/live\/d9474070-e10b-11ef-a319-fb4e7360c4ec.jpg.webp\" alt=\"Aguacates\" width=\"1024\" height=\"680\" \/><p class=\"wp-caption-text\">Fuente de la imagen,Getty Images.\u00a0\u00a0Los aguacates son una de las mayores exportaciones en el sector de frutas y verduras.<\/p><\/div>\n<p class=\"bbc-by8ykd\" role=\"text\">\n<\/div>\n<\/figure>\n<div class=\"bbc-19j92fr ebmt73l0\" dir=\"ltr\">\n<p class=\"bbc-hhl7in e17g058b0\" dir=\"ltr\">Estos aranceles, dicen los expertos, pueden poner en juego la continuidad de ese tratado mientras no se resuelvan las diferencias.<\/p>\n<\/div>\n<div class=\"bbc-19j92fr ebmt73l0\" dir=\"ltr\">\n<p class=\"bbc-hhl7in e17g058b0\" dir=\"ltr\">El verdadero impacto en las tres econom\u00edas de Am\u00e9rica del Norte ser\u00e1 m\u00e1s posible de ponderar, en la medida que avance el tiempo.<\/p>\n<\/div>\n<div class=\"bbc-19j92fr ebmt73l0\" dir=\"ltr\">\n<p class=\"bbc-hhl7in e17g058b0\" dir=\"ltr\">Si los aranceles se imponen durante unas semanas y luego Trump decide suspenderlos, se configura un escenario muy diferente al que se dar\u00e1 si persisten durante un a\u00f1o completo.<\/p>\n<\/div>\n<div class=\"bbc-19j92fr ebmt73l0\" dir=\"ltr\">\n<p class=\"bbc-hhl7in e17g058b0\" dir=\"ltr\">De todos modos, incluso aunque estuvieran vigentes por unos meses, existen empresas a los dos lados de la frontera que dif\u00edcilmente podr\u00edan resistirlos.<\/p>\n<\/div>\n<div class=\"bbc-19j92fr ebmt73l0\" dir=\"ltr\">\n<p class=\"bbc-hhl7in e17g058b0\" dir=\"ltr\">Y, por otro lado, la suspensi\u00f3n de inversiones en M\u00e9xico por temor a la incertidumbre, tambi\u00e9n podr\u00eda dejar una herida bastante dolorosa.<\/p>\n<\/div>\n<div class=\"bbc-19j92fr ebmt73l0\" dir=\"ltr\">\n<p class=\"bbc-hhl7in e17g058b0\" dir=\"ltr\">El nuevo escenario comercial significa un desaf\u00edo para el Plan M\u00e9xico, presentado por la presidente Claudia Sheinbaum con la idea de fortalecer la industria nacional y atraer inversiones en el largo plazo.<\/p>\n<\/div>\n","protected":false},"excerpt":{"rendered":"<p>&nbsp; Despu\u00e9s de muchas amenazas, finalmente lleg\u00f3 el d\u00eda. El presidente de Estados Unidos, Donald Trump, orden\u00f3 establecer aranceles generales del 25% a M\u00e9xico y&hellip;<\/p>\n","protected":false},"author":99,"featured_media":528141,"comment_status":"open","ping_status":"open","sticky":false,"template":"","format":"standard","meta":{"footnotes":""},"categories":[23],"tags":[],"class_list":["post-528140","post","type-post","status-publish","format-standard","has-post-thumbnail","hentry","category-latinoamerica"],"_links":{"self":[{"href":"https:\/\/diarioelpopular.com\/index.php\/wp-json\/wp\/v2\/posts\/528140","targetHints":{"allow":["GET"]}}],"collection":[{"href":"https:\/\/diarioelpopular.com\/index.php\/wp-json\/wp\/v2\/posts"}],"about":[{"href":"https:\/\/diarioelpopular.com\/index.php\/wp-json\/wp\/v2\/types\/post"}],"author":[{"embeddable":true,"href":"https:\/\/diarioelpopular.com\/index.php\/wp-json\/wp\/v2\/users\/99"}],"replies":[{"embeddable":true,"href":"https:\/\/diarioelpopular.com\/index.php\/wp-json\/wp\/v2\/comments?post=528140"}],"version-history":[{"count":1,"href":"https:\/\/diarioelpopular.com\/index.php\/wp-json\/wp\/v2\/posts\/528140\/revisions"}],"predecessor-version":[{"id":528142,"href":"https:\/\/diarioelpopular.com\/index.php\/wp-json\/wp\/v2\/posts\/528140\/revisions\/528142"}],"wp:featuredmedia":[{"embeddable":true,"href":"https:\/\/diarioelpopular.com\/index.php\/wp-json\/wp\/v2\/media\/528141"}],"wp:attachment":[{"href":"https:\/\/diarioelpopular.com\/index.php\/wp-json\/wp\/v2\/media?parent=528140"}],"wp:term":[{"taxonomy":"category","embeddable":true,"href":"https:\/\/diarioelpopular.com\/index.php\/wp-json\/wp\/v2\/categories?post=528140"},{"taxonomy":"post_tag","embeddable":true,"href":"https:\/\/diarioelpopular.com\/index.php\/wp-json\/wp\/v2\/tags?post=528140"}],"curies":[{"name":"wp","href":"https:\/\/api.w.org\/{rel}","templated":true}]}}