{"id":528144,"date":"2025-02-03T10:14:17","date_gmt":"2025-02-03T14:14:17","guid":{"rendered":"https:\/\/diarioelpopular.com\/?p=528144"},"modified":"2025-02-03T10:14:17","modified_gmt":"2025-02-03T14:14:17","slug":"marco-rubio-advierte-a-panama-que-ee-uu-tomara-las-medidas-necesarias-si-no-reduce-de-forma-inmediata-la-supuesta-influencia-de-china-en-el-canal","status":"publish","type":"post","link":"https:\/\/diarioelpopular.com\/index.php\/2025\/02\/03\/marco-rubio-advierte-a-panama-que-ee-uu-tomara-las-medidas-necesarias-si-no-reduce-de-forma-inmediata-la-supuesta-influencia-de-china-en-el-canal\/","title":{"rendered":"Marco Rubio advierte a Panam\u00e1 que EE.UU. &#8220;tomar\u00e1 las medidas necesarias&#8221; si no reduce de forma inmediata la supuesta influencia de China en el Canal"},"content":{"rendered":"<div id=\"attachment_528145\" style=\"width: 646px\" class=\"wp-caption alignnone\"><img loading=\"lazy\" decoding=\"async\" aria-describedby=\"caption-attachment-528145\" class=\"wp-image-528145 size-custom-full-size\" src=\"https:\/\/diarioelpopular.com\/wp-content\/uploads\/2025\/02\/Screen-Shot-2025-02-03-at-9.13.42-AM-636x353.png\" alt=\"\" width=\"636\" height=\"353\" srcset=\"https:\/\/diarioelpopular.com\/wp-content\/uploads\/2025\/02\/Screen-Shot-2025-02-03-at-9.13.42-AM-636x353.png 636w, https:\/\/diarioelpopular.com\/wp-content\/uploads\/2025\/02\/Screen-Shot-2025-02-03-at-9.13.42-AM-300x167.png 300w, https:\/\/diarioelpopular.com\/wp-content\/uploads\/2025\/02\/Screen-Shot-2025-02-03-at-9.13.42-AM-768x427.png 768w, https:\/\/diarioelpopular.com\/wp-content\/uploads\/2025\/02\/Screen-Shot-2025-02-03-at-9.13.42-AM-131x73.png 131w, https:\/\/diarioelpopular.com\/wp-content\/uploads\/2025\/02\/Screen-Shot-2025-02-03-at-9.13.42-AM.png 1024w\" sizes=\"auto, (max-width: 636px) 100vw, 636px\" \/><p id=\"caption-attachment-528145\" class=\"wp-caption-text\">La reuni\u00f3n entre el presidente de Panam\u00e1, Jos\u00e9 Ra\u00fal Mulino, y el secretario de Estado de Estados Unidos, Marco Rubio, se llev\u00f3 a cabo en el palacio presidencial en Ciudad de Panam\u00e1.<\/p><\/div>\n<p>&nbsp;<\/p>\n<p>&nbsp;<\/p>\n<div class=\"bbc-19j92fr ebmt73l0\" dir=\"ltr\">\n<ul>\n<li class=\"bbc-hhl7in e17g058b0\" dir=\"ltr\"><em><b>El secretario de Estado de EE.UU., Marco Rubio, advirti\u00f3 este domingo que el pa\u00eds norteamericano tomar\u00e1 medidas contra Panam\u00e1 si no reduce la sigilosa influencia de China en el Canal<\/b>.<\/em><\/li>\n<\/ul>\n<\/div>\n<div class=\"bbc-19j92fr ebmt73l0\" dir=\"ltr\">\n<p dir=\"ltr\">\n<p class=\"bbc-hhl7in e17g058b0\" dir=\"ltr\">Las expresiones surgen luego de que el m\u00e1ximo representante de la diplomacia estadounidense se reuniera con el presidente paname\u00f1o Jos\u00e9 Ra\u00fal Mulino en lo que supone su primera gira oficial.<\/p>\n<\/div>\n<div class=\"bbc-19j92fr ebmt73l0\" dir=\"ltr\">\n<p class=\"bbc-hhl7in e17g058b0\" dir=\"ltr\">De acuerdo con la agencia de noticias AFP, Rubio inform\u00f3 en el encuentro que el presidente estadounidense Donald Trump hab\u00eda determinado que Panam\u00e1 viol\u00f3 los t\u00e9rminos del tratado que le devolvi\u00f3 el canal en 1999.<\/p>\n<\/div>\n<div class=\"bbc-19j92fr ebmt73l0\" dir=\"ltr\">\n<p class=\"bbc-hhl7in e17g058b0\" dir=\"ltr\">En la reuni\u00f3n, &#8220;dej\u00f3 claro que este statu quo es inaceptable y que, en ausencia de cambios inmediatos, ser\u00eda necesario que EE.UU. tomara las medidas necesarias para proteger sus derechos en virtud del tratado&#8221;, dijo la portavoz del Departamento de Estado, Tammy Bruce.<\/p>\n<\/div>\n<div class=\"bbc-19j92fr ebmt73l0\" dir=\"ltr\">\n<p class=\"bbc-hhl7in e17g058b0\" dir=\"ltr\">Por su parte, Mulino reiter\u00f3 que la soberan\u00eda del canal no est\u00e1 en discusi\u00f3n.<\/p>\n<\/div>\n<div class=\"bbc-19j92fr ebmt73l0\" dir=\"ltr\">\n<p class=\"bbc-hhl7in e17g058b0\" dir=\"ltr\">&#8220;La soberan\u00eda de Panam\u00e1 no est\u00e1 en cuesti\u00f3n, eso es muy importante y se lo expliqu\u00e9 en detalle (a Rubio)&#8221;, sostuvo el l\u00edder paname\u00f1o en una conferencia de prensa posterior al encuentro. Y agreg\u00f3: &#8220;El canal es operado por nuestro pa\u00eds y as\u00ed seguir\u00e1 siendo&#8221;.<\/p>\n<\/div>\n<div class=\"bbc-19j92fr ebmt73l0\" dir=\"ltr\">\n<p class=\"bbc-hhl7in e17g058b0\" dir=\"ltr\">El Departamento de Estado de EE.UU. no aclar\u00f3 qu\u00e9 medidas estar\u00eda tomando contra Panam\u00e1. Mulino dijo a los medios que no ve una amenaza de alguna acci\u00f3n militar ni tampoco que el tratado est\u00e9 en riesgo.<\/p>\n<\/div>\n<div class=\"bbc-19j92fr ebmt73l0\" dir=\"ltr\">\n<p class=\"bbc-hhl7in e17g058b0\" dir=\"ltr\">Si bien el canal es de Panam\u00e1, el gobierno estadounidense argumentan que China ha ganado tanto poder en torno a la infraestructura circundante que podr\u00eda cerrarla en un posible conflicto, con consecuencias catastr\u00f3ficas para EE.UU.<\/p>\n<\/div>\n<div class=\"bbc-19j92fr ebmt73l0\" dir=\"ltr\">\n<p class=\"bbc-hhl7in e17g058b0\" dir=\"ltr\">En la noche de este domingo, Trump abord\u00f3 precisamente ese punto con la prensa, asegurando que &#8220;China est\u00e1 gestionando el canal, el que nunca fue dado a los chinos, sino dado tontamente a los paname\u00f1os&#8221;.<\/p>\n<\/div>\n<div class=\"bbc-19j92fr ebmt73l0\" dir=\"ltr\">\n<p class=\"bbc-hhl7in e17g058b0\" dir=\"ltr\">Seg\u00fan AFP, agreg\u00f3 que vamos &#8220;recuperar el Canal de Panam\u00e1, o algo muy poderoso va a pasar&#8221;.<\/p>\n<\/div>\n<div class=\"bbc-19j92fr ebmt73l0\" dir=\"ltr\">\n<p class=\"bbc-hhl7in e17g058b0\" dir=\"ltr\">En ese contexto, Panam\u00e1 hizo un gesto a la Casa Blanca. Tras la reuni\u00f3n de Marco Rubio con el administrador del canal, Ricaurte V\u00e1squez, se inform\u00f3 v\u00eda comunicado que se buscar\u00edan nuevas formas para optimizar la prioridad en el tr\u00e1nsito de los buques estadounidenses por la v\u00eda interoce\u00e1nica.<\/p>\n<\/div>\n<div class=\"bbc-19j92fr ebmt73l0\" dir=\"ltr\">\n<p class=\"bbc-hhl7in e17g058b0\" dir=\"ltr\">En la reuni\u00f3n de Rubio y Mulino tambi\u00e9n se discutieron temas de migraci\u00f3n y crimen organizado.<\/p>\n<\/div>\n<div class=\"bbc-19j92fr ebmt73l0\" dir=\"ltr\">\n<p class=\"bbc-hhl7in e17g058b0\" dir=\"ltr\">Panam\u00e1 se ofreci\u00f3 a recibir desde suelo estadounidense a migrantes de otras naciones, siempre y cuando los gastos de las repatriaciones de no paname\u00f1os sean cubiertos por el gobierno norteamericano.<\/p>\n<\/div>\n<div class=\"bbc-19j92fr ebmt73l0\" dir=\"ltr\">\n<p class=\"bbc-hhl7in e17g058b0\" dir=\"ltr\">&#8220;Vamos a explorar la posibilidad de ampliar el memorando de entendimiento que firmamos el 1 de julio con Homeland Security para poder articular m\u00e1s el tema de repatriados desde el Dari\u00e9n&#8221;, coment\u00f3 el mandatario.<\/p>\n<\/div>\n<div class=\"bbc-19j92fr ebmt73l0\" dir=\"ltr\">\n<p class=\"bbc-hhl7in e17g058b0\" dir=\"ltr\">El gobierno de Mulino tambi\u00e9n anunci\u00f3 que no renovar\u00e1 el acuerdo de Panam\u00e1 y China sobre la ruta de la seda.<\/p>\n<p dir=\"ltr\">\n<\/div>\n<figure class=\"bbc-1qn0xuy\">\n<div class=\"bbc-18ywsw9\">\n<div style=\"width: 4226px\" class=\"wp-caption alignnone\"><img loading=\"lazy\" decoding=\"async\" class=\"bbc-139onq\" src=\"https:\/\/ichef.bbci.co.uk\/ace\/ws\/640\/cpsprodpb\/8f24\/live\/3d68c250-e1c4-11ef-8823-ebb3dee37301.jpg.webp\" alt=\"Marco Rubio saluda a Ricaurte Vasquez, director de la Administraci\u00f3n del Canal de Panam\u00e1. \" width=\"4216\" height=\"2372\" \/><p class=\"wp-caption-text\">Fuente de la imagen,Reuters<\/p><\/div>\n<p class=\"bbc-by8ykd\" role=\"text\">\n<\/div>\n<\/figure>\n<div class=\"bbc-19j92fr ebmt73l0\" dir=\"ltr\">\n<h2 id=\"El-viaje-de-Marco-Rubio-\" class=\"bbc-1lgzob2 eglt09e0\" tabindex=\"-1\">El viaje de Marco Rubio<\/h2>\n<\/div>\n<div class=\"bbc-19j92fr ebmt73l0\" dir=\"ltr\">\n<p class=\"bbc-hhl7in e17g058b0\" dir=\"ltr\">Bajo el alero del lema America First, el descendiente cubano y jefe de la diplomacia estadounidense recorrer\u00e1 la regi\u00f3n con escalas tambi\u00e9n en El Salvador, Guatemala, Costa Rica, adem\u00e1s de la Rep\u00fablica Dominicana.<\/p>\n<\/div>\n<div class=\"bbc-19j92fr ebmt73l0\" dir=\"ltr\">\n<p class=\"bbc-hhl7in e17g058b0\" dir=\"ltr\">Su agenda estar\u00e1 enfocada principalmente en dos de las preocupaciones fundamentales de este segundo mandato del republicano: el control de la migraci\u00f3n irregular y la lucha contra el crimen organizado.<\/p>\n<\/div>\n<div class=\"bbc-19j92fr ebmt73l0\" dir=\"ltr\">\n<p class=\"bbc-hhl7in e17g058b0\" dir=\"ltr\">Pero con Panam\u00e1 los intereses de EE.UU. iban m\u00e1s all\u00e1.<\/p>\n<\/div>\n<div class=\"bbc-19j92fr ebmt73l0\" dir=\"ltr\">\n<p class=\"bbc-hhl7in e17g058b0\" dir=\"ltr\">Antes de asumir en la Casa Blanca el pasado 20 de enero, Trump ya hab\u00eda sido expl\u00edcito con la intenci\u00f3n de tener control sobre el canal, abriendo una disputa por la soberan\u00eda de la v\u00eda interoce\u00e1nica que fue devuelta al pa\u00eds centroamericano en 1999.<\/p>\n<\/div>\n<div class=\"bbc-19j92fr ebmt73l0\" dir=\"ltr\">\n<p class=\"bbc-hhl7in e17g058b0\" dir=\"ltr\">&#8220;Nos est\u00e1n estafando en el Canal de Panam\u00e1&#8221;, dijo el republicano a d\u00edas de que se cumplieran los 25 a\u00f1os desde que EE.UU. renunci\u00f3 al control de la v\u00eda, haciendo alusi\u00f3n a las tarifas que se les cobran a los barcos estadounidenses.<\/p>\n<\/div>\n<div class=\"bbc-19j92fr ebmt73l0\" dir=\"ltr\">\n<p class=\"bbc-hhl7in e17g058b0\" dir=\"ltr\">Si eso no cambia, amenaz\u00f3 Trump, &#8220;exigiremos que el Canal de Panam\u00e1 sea devuelto a EE.UU. en su totalidad, r\u00e1pidamente y sin hacer preguntas&#8221;.<\/p>\n<\/div>\n<div class=\"bbc-19j92fr ebmt73l0\" dir=\"ltr\">\n<p class=\"bbc-hhl7in e17g058b0\" dir=\"ltr\">Y Trump pareciera no haberse movido ni un \u00e1pice de esa posici\u00f3n. En su primer discurso tras tomar posesi\u00f3n de su cargo, reiter\u00f3 sus aspiraciones y agreg\u00f3 que &#8220;maravillosos soldados de China&#8221; est\u00e1n &#8220;operando amorosa, pero ilegalmente, el Canal de Panam\u00e1&#8221;.<\/p>\n<\/div>\n<div class=\"bbc-19j92fr ebmt73l0\" dir=\"ltr\">\n<p class=\"bbc-hhl7in e17g058b0\" dir=\"ltr\">Y aunque inexactas, sus declaraciones apuntaban a las empresas chinas que tienen una presencia significativa en el Canal de Panam\u00e1, tanto por el volumen de carga que transita en la v\u00eda, el que lo convierte en el segundo mayor usuario despu\u00e9s de EE.UU., como por sus inversiones significativas en puertos y terminales adyacentes al canal como los de Balboa y Crist\u00f3bal.<\/p>\n<\/div>\n<div class=\"bbc-19j92fr ebmt73l0\" dir=\"ltr\">\n<p class=\"bbc-hhl7in e17g058b0\" dir=\"ltr\">Horas antes de subirse al avi\u00f3n que lo traslad\u00f3 a a la Ciudad de Panam\u00e1, Rubio reiter\u00f3 que &#8220;el presidente Trump est\u00e1 bastante claro en que quiere administrar el Canal nuevamente&#8221;.<\/p>\n<\/div>\n<div class=\"bbc-19j92fr ebmt73l0\" dir=\"ltr\">\n<p class=\"bbc-hhl7in e17g058b0\" dir=\"ltr\">Mulino, por su parte, ha recalcado que la soberan\u00eda del Canal de Panam\u00e1 es y seguir\u00e1 siendo de los paname\u00f1os.<\/p>\n<\/div>\n<div class=\"bbc-19j92fr ebmt73l0\" dir=\"ltr\">\n<p class=\"bbc-hhl7in e17g058b0\" dir=\"ltr\">&#8220;No puedo negociar y mucho menos abrir una negociaci\u00f3n sobre el canal&#8221;, dijo Mulino el jueves. &#8220;Est\u00e1 sellado. El canal pertenece a Panam\u00e1&#8221;, recalc\u00f3.<\/p>\n<\/div>\n<div class=\"bbc-19j92fr ebmt73l0\" dir=\"ltr\">\n<p class=\"bbc-hhl7in e17g058b0\" dir=\"ltr\">La disputa abierta por Trump pone en entredicho la vigencia del tratado Torrijos-Carter, firmado en 1977 y que puso fin al control estadounidense del estrat\u00e9gico canal.<\/p>\n<p dir=\"ltr\">\n<\/div>\n<figure class=\"bbc-1qn0xuy\">\n<div class=\"bbc-18ywsw9\">\n<div style=\"width: 986px\" class=\"wp-caption alignnone\"><img loading=\"lazy\" decoding=\"async\" class=\"bbc-139onq\" src=\"https:\/\/ichef.bbci.co.uk\/ace\/ws\/640\/cpsprodpb\/95e4\/live\/a25d5a40-e18d-11ef-a819-277e390a7a08.jpg.webp\" alt=\"El presidente de Panam\u00e1, Jos\u00e9 Mulino, le estrecha la mano al secretario de Estado de Estados Unidos, Marco Rubio\" width=\"976\" height=\"650\" \/><p class=\"wp-caption-text\">Fuente de la imagen,Gobierno de Panam\u00e1\/EPA<\/p><\/div>\n<p class=\"bbc-by8ykd\" role=\"text\">\n<\/div>\n<\/figure>\n<figure class=\"bbc-1qn0xuy\">\n<div class=\"bbc-18ywsw9\">\n<div style=\"width: 986px\" class=\"wp-caption alignnone\"><img loading=\"lazy\" decoding=\"async\" class=\"bbc-139onq\" src=\"https:\/\/ichef.bbci.co.uk\/ace\/ws\/640\/cpsprodpb\/7476\/live\/813eee20-e190-11ef-a319-fb4e7360c4ec.jpg.webp\" alt=\"Un hombre con la bandera de Panam\u00e1 en la espalda le echa agua a una bandera de EE.UU. en llamas\" width=\"976\" height=\"650\" \/><p class=\"wp-caption-text\">Fuente de la imagen,BIENVENIDO VELASCO\/EPA.\u00a0\u00a0Este fin de semana, se realizaron protestas en Ciudad de Panam\u00e1 contra la visita de Rubio.<\/p><\/div>\n<p class=\"bbc-by8ykd\" role=\"text\">\n<\/div>\n<\/figure>\n<figure class=\"bbc-1qn0xuy\">\n<div class=\"bbc-18ywsw9\">\n<div style=\"width: 986px\" class=\"wp-caption alignnone\"><img loading=\"lazy\" decoding=\"async\" class=\"bbc-139onq\" src=\"https:\/\/ichef.bbci.co.uk\/ace\/ws\/640\/cpsprodpb\/b384\/live\/474d98f0-e191-11ef-bd1b-d536627785f2.jpg.webp\" alt=\"Manifestantes con banderas de Panan\u00e1 y una pancarta que dice: &quot;En defensa de la soberan\u00eda. Esta patria no se vende&quot;\" width=\"976\" height=\"650\" \/><p class=\"wp-caption-text\">Fuente de la imagen,MARTIN BERNETTI\/AFP via Getty Images<\/p><\/div>\n<p class=\"bbc-by8ykd\" role=\"text\">\n<\/div>\n<\/figure>\n<div class=\"bbc-19j92fr ebmt73l0\" dir=\"ltr\">\n<h2 id=\"El-control-de-Estados-Unidos-y-la-devoluci\u00f3n\" class=\"bbc-1lgzob2 eglt09e0\" tabindex=\"-1\">El control de Estados Unidos y la devoluci\u00f3n<\/h2>\n<\/div>\n<div class=\"bbc-19j92fr ebmt73l0\" dir=\"ltr\">\n<p class=\"bbc-hhl7in e17g058b0\" dir=\"ltr\">EE.UU. construy\u00f3 el Canal de Panam\u00e1 a inicios del siglo pasado y hasta 1999 control\u00f3 su funcionamiento.<\/p>\n<\/div>\n<div class=\"bbc-19j92fr ebmt73l0\" dir=\"ltr\">\n<p class=\"bbc-hhl7in e17g058b0\" dir=\"ltr\">Esto ocurri\u00f3 luego de que Panam\u00e1 se independizara de Colombia, con el apoyo de EE.UU., por -entre otras cosas- no estar de acuerdo con el rechazo del congreso colombiano a la concesi\u00f3n de la construcci\u00f3n del canal, por la que los estadounidenses hab\u00edan ofrecido US$40 millones.<\/p>\n<\/div>\n<div class=\"bbc-19j92fr ebmt73l0\" dir=\"ltr\">\n<p class=\"bbc-hhl7in e17g058b0\" dir=\"ltr\">Panam\u00e1 declar\u00f3 el 3 de noviembre de 1903 su independencia para luego firmar el tratado Hay-Bunau Varilla con EE.UU.<\/p>\n<\/div>\n<div class=\"bbc-19j92fr ebmt73l0\" dir=\"ltr\">\n<p class=\"bbc-hhl7in e17g058b0\" dir=\"ltr\">En ese acuerdo, los estadounidenses se compromet\u00edan a preservar la independencia de Panam\u00e1, mientras ese pa\u00eds le otorgara la concesi\u00f3n a perpetuidad del canal, adem\u00e1s del domino de la que se denomin\u00f3 la Zona del Canal. Y as\u00ed se pact\u00f3.<\/p>\n<p dir=\"ltr\">\n<\/div>\n<figure class=\"bbc-1qn0xuy\">\n<div class=\"bbc-18ywsw9\">\n<div style=\"width: 1034px\" class=\"wp-caption alignnone\"><img loading=\"lazy\" decoding=\"async\" class=\"bbc-139onq\" src=\"https:\/\/ichef.bbci.co.uk\/ace\/ws\/640\/cpsprodpb\/732e\/live\/e4f14110-e164-11ef-bd1b-d536627785f2.jpg.webp\" alt=\"Canal de Panam\u00e1\" width=\"1024\" height=\"681\" \/><p class=\"wp-caption-text\">Fuente de la imagen,Getty Images.\u00a0\u00a0El Canal de Panam\u00e1 revolucion\u00f3 el comercio regional y mundial.<\/p><\/div>\n<\/div>\n<\/figure>\n<figure class=\"bbc-1qn0xuy\">\n<div class=\"bbc-18ywsw9\">\n<div style=\"width: 2404px\" class=\"wp-caption alignnone\"><img loading=\"lazy\" decoding=\"async\" class=\"bbc-139onq\" src=\"https:\/\/ichef.bbci.co.uk\/ace\/ws\/640\/cpsprodpb\/d545\/live\/b65ff100-e157-11ef-89a0-e1209f4cd08e.jpg.webp\" alt=\"Marco Rubio \" width=\"2394\" height=\"1347\" \/><p class=\"wp-caption-text\">Fuente de la imagen,Reuters<\/p><\/div>\n<p class=\"bbc-by8ykd\" role=\"text\">\n<\/div>\n<\/figure>\n<div class=\"bbc-19j92fr ebmt73l0\" dir=\"ltr\">\n<p class=\"bbc-hhl7in e17g058b0\" dir=\"ltr\">Pero la tensiones entre ambos pa\u00edses no tardar\u00edan en aparecer. En la pr\u00e1ctica, Panam\u00e1 qued\u00f3 dividido: los estadounidenses y sus familias viv\u00edan en una zona separada, regida por sus propias leyes, mientras trabajaban en la obra, inaugurada en 1914.<\/p>\n<\/div>\n<div class=\"bbc-19j92fr ebmt73l0\" dir=\"ltr\">\n<p class=\"bbc-hhl7in e17g058b0\" dir=\"ltr\">Esta zona era inaccesible para los paname\u00f1os sin un permiso especial, lo que aliment\u00f3 el resentimiento de la poblaci\u00f3n local hacia los privilegios de los &#8220;zone\u00edtas&#8221;.<\/p>\n<\/div>\n<div class=\"bbc-19j92fr ebmt73l0\" dir=\"ltr\">\n<p class=\"bbc-hhl7in e17g058b0\" dir=\"ltr\">Con el tiempo, este malestar se tradujo en protestas por la recuperaci\u00f3n del control del canal.<\/p>\n<\/div>\n<div class=\"bbc-19j92fr ebmt73l0\" dir=\"ltr\">\n<p class=\"bbc-hhl7in e17g058b0\" dir=\"ltr\">La situaci\u00f3n estall\u00f3 el 9 de enero de 1964 cuando estudiantes paname\u00f1os intentaron izar su bandera en una escuela de la zona, pero fueron detenidos por la polic\u00eda estadounidense, lo que result\u00f3 en la humillaci\u00f3n de la bandera y una violenta represi\u00f3n.<\/p>\n<\/div>\n<div class=\"bbc-19j92fr ebmt73l0\" dir=\"ltr\">\n<p class=\"bbc-hhl7in e17g058b0\" dir=\"ltr\">Este incidente, conocido como el &#8220;D\u00eda de los M\u00e1rtires&#8221;, fue el catalizador para que, m\u00e1s de tres d\u00e9cadas despu\u00e9s, el Canal de Panam\u00e1 fuera finalmente transferido a Panam\u00e1.<\/p>\n<\/div>\n<div class=\"bbc-19j92fr ebmt73l0\" dir=\"ltr\">\n<p class=\"bbc-hhl7in e17g058b0\" dir=\"ltr\">Tras las largas negociaciones, el 7 de septiembre de 1977, con la firma del presidente estadounidense Jimmy Carter y y el l\u00edder paname\u00f1o, general Omar Torrijos, ambas partes firmaron el acuerdo.<\/p>\n<\/div>\n<div class=\"bbc-19j92fr ebmt73l0\" dir=\"ltr\">\n<p class=\"bbc-hhl7in e17g058b0\" dir=\"ltr\">Ah\u00ed se estableci\u00f3 que la soberan\u00eda de la Zona del Canal quedar\u00eda bajo la legislaci\u00f3n de Panam\u00e1 y se determin\u00f3 que el traspaso del control del canal al pa\u00eds centroamericano ocurrir\u00eda el 31 de diciembre de 1999.<\/p>\n<\/div>\n","protected":false},"excerpt":{"rendered":"<p>&nbsp; &nbsp; El secretario de Estado de EE.UU., Marco Rubio, advirti\u00f3 este domingo que el pa\u00eds norteamericano tomar\u00e1 medidas contra Panam\u00e1 si no reduce la&hellip;<\/p>\n","protected":false},"author":99,"featured_media":528145,"comment_status":"open","ping_status":"open","sticky":false,"template":"","format":"standard","meta":{"footnotes":""},"categories":[23],"tags":[],"class_list":["post-528144","post","type-post","status-publish","format-standard","has-post-thumbnail","hentry","category-latinoamerica"],"_links":{"self":[{"href":"https:\/\/diarioelpopular.com\/index.php\/wp-json\/wp\/v2\/posts\/528144","targetHints":{"allow":["GET"]}}],"collection":[{"href":"https:\/\/diarioelpopular.com\/index.php\/wp-json\/wp\/v2\/posts"}],"about":[{"href":"https:\/\/diarioelpopular.com\/index.php\/wp-json\/wp\/v2\/types\/post"}],"author":[{"embeddable":true,"href":"https:\/\/diarioelpopular.com\/index.php\/wp-json\/wp\/v2\/users\/99"}],"replies":[{"embeddable":true,"href":"https:\/\/diarioelpopular.com\/index.php\/wp-json\/wp\/v2\/comments?post=528144"}],"version-history":[{"count":1,"href":"https:\/\/diarioelpopular.com\/index.php\/wp-json\/wp\/v2\/posts\/528144\/revisions"}],"predecessor-version":[{"id":528146,"href":"https:\/\/diarioelpopular.com\/index.php\/wp-json\/wp\/v2\/posts\/528144\/revisions\/528146"}],"wp:featuredmedia":[{"embeddable":true,"href":"https:\/\/diarioelpopular.com\/index.php\/wp-json\/wp\/v2\/media\/528145"}],"wp:attachment":[{"href":"https:\/\/diarioelpopular.com\/index.php\/wp-json\/wp\/v2\/media?parent=528144"}],"wp:term":[{"taxonomy":"category","embeddable":true,"href":"https:\/\/diarioelpopular.com\/index.php\/wp-json\/wp\/v2\/categories?post=528144"},{"taxonomy":"post_tag","embeddable":true,"href":"https:\/\/diarioelpopular.com\/index.php\/wp-json\/wp\/v2\/tags?post=528144"}],"curies":[{"name":"wp","href":"https:\/\/api.w.org\/{rel}","templated":true}]}}