{"id":528174,"date":"2025-02-04T10:36:57","date_gmt":"2025-02-04T14:36:57","guid":{"rendered":"https:\/\/diarioelpopular.com\/?p=528174"},"modified":"2025-02-04T10:36:57","modified_gmt":"2025-02-04T14:36:57","slug":"bukele-ofrece-a-trump-su-megacarcel-para-criminales-capturados-en-estados-unidos","status":"publish","type":"post","link":"https:\/\/diarioelpopular.com\/index.php\/2025\/02\/04\/bukele-ofrece-a-trump-su-megacarcel-para-criminales-capturados-en-estados-unidos\/","title":{"rendered":"Bukele ofrece a Trump su megac\u00e1rcel para criminales capturados en Estados Unidos"},"content":{"rendered":"<div id=\"attachment_528175\" style=\"width: 1210px\" class=\"wp-caption alignnone\"><img loading=\"lazy\" decoding=\"async\" aria-describedby=\"caption-attachment-528175\" class=\"wp-image-528175 size-custom-big-size\" src=\"https:\/\/diarioelpopular.com\/wp-content\/uploads\/2025\/02\/Screen-Shot-2025-02-04-at-9.36.12-AM-1200x558.png\" alt=\"\" width=\"1200\" height=\"558\" srcset=\"https:\/\/diarioelpopular.com\/wp-content\/uploads\/2025\/02\/Screen-Shot-2025-02-04-at-9.36.12-AM-1200x558.png 1200w, https:\/\/diarioelpopular.com\/wp-content\/uploads\/2025\/02\/Screen-Shot-2025-02-04-at-9.36.12-AM-300x139.png 300w, https:\/\/diarioelpopular.com\/wp-content\/uploads\/2025\/02\/Screen-Shot-2025-02-04-at-9.36.12-AM-768x357.png 768w, https:\/\/diarioelpopular.com\/wp-content\/uploads\/2025\/02\/Screen-Shot-2025-02-04-at-9.36.12-AM-636x296.png 636w, https:\/\/diarioelpopular.com\/wp-content\/uploads\/2025\/02\/Screen-Shot-2025-02-04-at-9.36.12-AM-146x68.png 146w, https:\/\/diarioelpopular.com\/wp-content\/uploads\/2025\/02\/Screen-Shot-2025-02-04-at-9.36.12-AM.png 1024w\" sizes=\"auto, (max-width: 1200px) 100vw, 1200px\" \/><p id=\"caption-attachment-528175\" class=\"wp-caption-text\">Fotograf\u00eda cedida por el Gobierno de El Salvador, donde se observa al presidente de El Salvador, Nayib Bukele (en primer t\u00e9rmino), junto al secretario de Estado de Estados Unidos, Marco Rubio. Foto: Gobierno de El Salvador (EFE) | V\u00eddeo: EPV<\/p><\/div>\n<p>&nbsp;<\/p>\n<p>&nbsp;<\/p>\n<h4 class=\"a_st\"><em>&#8211; Durante la visita de Marco Rubio, el Gobierno salvadore\u00f1o tambi\u00e9n anunci\u00f3 que impulsar\u00e1 un proyecto de energ\u00eda nuclear con Washington<\/em><\/h4>\n<p>&nbsp;<\/p>\n<p class=\"\">Los gobiernos de Estados Unidos y El Salvador firmaron este lunes dos acuerdos con implicaciones de impacto para toda la regi\u00f3n: por un lado, el pa\u00eds centroamericano se comprometi\u00f3, sin condiciones, a recibir en sus c\u00e1rceles a criminales capturados en Estados Unidos, incluyendo a ciudadanos estadounidenses. Y por el otro, Washington se comprometi\u00f3 a impulsar a El Salvador en el desarrollo de energ\u00eda nuclear.<\/p>\n<p class=\"\">\u201cHemos ofrecido a los Estados Unidos de Am\u00e9rica la oportunidad de externalizar parte de su sistema penitenciario\u201d, escribi\u00f3 el presidente\u00a0<a href=\"https:\/\/elpais.com\/noticias\/nayib-armando-bukele-ortez\/\" target=\"_self\" data-link-track-dtm=\"\" data-mrf-link=\"https:\/\/elpais.com\/noticias\/nayib-armando-bukele-ortez\/\">Nayib Bukele<\/a>\u00a0en su cuenta de X. \u201cEstamos dispuestos a admitir \u00fanicamente a criminales convictos (incluidos ciudadanos estadounidenses convictos) en nuestra mega prisi\u00f3n (CECOT) a cambio de una tarifa. La tarifa ser\u00eda relativamente baja para Estados Unidos, pero significativa para nosotros y har\u00eda sostenible todo nuestro sistema penitenciario\u201d.<\/p>\n<p class=\"\">Los acuerdos se dieron en el marco de la<a href=\"https:\/\/eur01.safelinks.protection.outlook.com\/?url=https%3A%2F%2Felpais.com%2Famerica-colombia%2F2025-02-03%2Fpanama-envia-un-vuelo-con-colombianos-deportados-bajo-la-mirada-de-marco-rubio.html&amp;data=05%7C02%7Clarroyo%40elpais.es%7Cca79b4cf417d4956596f08dd44d154c7%7Cc4fd49f3e15a44d882e2c909735d2e45%7C0%7C0%7C638742388056401493%7CUnknown%7CTWFpbGZsb3d8eyJFbXB0eU1hcGkiOnRydWUsIlYiOiIwLjAuMDAwMCIsIlAiOiJXaW4zMiIsIkFOIjoiTWFpbCIsIldUIjoyfQ%3D%3D%7C0%7C%7C%7C&amp;sdata=FQ%2BM5RQG%2FHhJNOVTWxMbH5BJ%2B4oSSs9rpGVALqLPvlU%3D&amp;reserved=0\" data-link-track-dtm=\"\" data-mrf-link=\"https:\/\/eur01.safelinks.protection.outlook.com\/?url=https%3A%2F%2Felpais.com%2Famerica-colombia%2F2025-02-03%2Fpanama-envia-un-vuelo-con-colombianos-deportados-bajo-la-mirada-de-marco-rubio.html&amp;data=05%7C02%7Clarroyo%40elpais.es%7Cca79b4cf417d4956596f08dd44d154c7%7Cc4fd49f3e15a44d882e2c909735d2e45%7C0%7C0%7C638742388056401493%7CUnknown%7CTWFpbGZsb3d8eyJFbXB0eU1hcGkiOnRydWUsIlYiOiIwLjAuMDAwMCIsIlAiOiJXaW4zMiIsIkFOIjoiTWFpbCIsIldUIjoyfQ%3D%3D%7C0%7C%7C%7C&amp;sdata=FQ%2BM5RQG%2FHhJNOVTWxMbH5BJ%2B4oSSs9rpGVALqLPvlU%3D&amp;reserved=0\">\u00a0visita del secretario de Estado de Estados Unidos, Marco Rubio,<\/a>\u00a0al pa\u00eds centroamericano como parte de su primera gira por la regi\u00f3n. Bukele calific\u00f3 el acuerdo como algo \u201csin precedentes\u201d, mientras que Rubio destac\u00f3 al presidente salvadore\u00f1o como un l\u00edder \u201cconsecuente\u201d con los intereses del pa\u00eds norteamericano.<\/p>\n<p class=\"\">El Salvador cuenta con la c\u00e1rcel m\u00e1s grande de Am\u00e9rica Latina, el\u00a0<a href=\"https:\/\/elpais.com\/america\/2024-02-07\/un-recorrido-fotografico-por-el-centro-de-confinamiento-del-terrorismo-el-alcatraz-de-bukele.html\" data-link-track-dtm=\"\" data-mrf-link=\"https:\/\/elpais.com\/america\/2024-02-07\/un-recorrido-fotografico-por-el-centro-de-confinamiento-del-terrorismo-el-alcatraz-de-bukele.html\">Centro de Confinamiento para el Terrorismo (CECOT)<\/a>, donde guardan prisi\u00f3n m\u00e1s de 20.000 temibles pandilleros de la Mara Salvatrucha 13 y el Barrio 18, las dos pandillas m\u00e1s poderosas y asesinas de la regi\u00f3n que fueron desarticuladas por Bukele. Seg\u00fan informaci\u00f3n proporcionada por Bukele, el recinto tiene capacidad para 40.000 reos. Hasta la fecha, no se sabe con exactitud cu\u00e1ntos cupos quedan disponibles.<\/p>\n<p class=\"\">De acuerdo con el sitio especializado World Prision Brief, El Salvador es el pa\u00eds con mayor tasa de encarcelamiento del mundo, con 1.659 personas presas por cada 100.000 habitantes. Esta cifra duplica con creces al segundo lugar, Cuba, que actualmente tiene 794 prisioneros por cada 100.000 habitantes.<\/p>\n<p class=\"\">Hasta el momento, el Gobierno no ha explicado su estrategia para recibir a delincuentes de estructuras criminales ajenas ni qu\u00e9 medidas tomar\u00e1 para reforzar la seguridad de la megaprisi\u00f3n.<\/p>\n<p class=\"\">Desde 2022, el presidente Bukele dispar\u00f3 su popularidad tras impulsar un brutal r\u00e9gimen de excepci\u00f3n, por el que captur\u00f3 a m\u00e1s de 80.000 personas sin darles oportunidad de una defensa justa. Organismos de defensa de derechos humanos han denunciado m\u00e1s de 3.000 detenciones injustificadas y m\u00e1s de 300 muertes de reos sin juzgar dentro de los centros penitenciarios desde que inici\u00f3 la medida.<\/p>\n<p class=\"\">Esta ha obtenido la aprobaci\u00f3n de la poblaci\u00f3n salvadore\u00f1a en medio de muchas cr\u00edticas, pero adem\u00e1s de otros mandatarios de la regi\u00f3n. Rubio destac\u00f3 la reducci\u00f3n de la violencia durante su encuentro con Bukele en su residencia ubicada en el lago de Coatepeque, una de las zonas m\u00e1s exclusivas de El Salvador.<\/p>\n<figure class=\"a_m\">\n<div class=\"videoTop videoTop-v\">\n<div id=\"video_20250204133638492\" class=\" core_player_container \">\n<div id=\"player_alfa_inner\" class=\"core_inner\">\n<div class=\"core_cover_container\">\n<div id=\"alfa_player_image_cover\" class=\"core_cover\"><\/div>\n<div class=\"core_cover\">\n<div id=\"ph_video_20250204133638492\" class=\"videoTop videoTop-ph\">\n<div class=\"posicionador\" role=\"button\" aria-label=\"Reproducir v\u00eddeo\" data-link-track-dtm=\"\">\n<div style=\"width: 424px\" class=\"wp-caption alignnone\"><img loading=\"lazy\" decoding=\"async\" class=\"_re lazyload a_m-h\" src=\"https:\/\/imagenes.elpais.com\/resizer\/v2\/YNFNWYI4IBCZ5KM77J5QHTT3MQ.jpg?auth=85dcec5c3fea1de7d2b9e43d06665e07d32f1a92bde0677d0899c55b72c4d635&amp;width=1200&amp;height=675&amp;smart=true\" alt=\"\" width=\"414\" height=\"233\" \/><p class=\"wp-caption-text\">Bukele: &#8220;EE UU es nuestro socio m\u00e1s importante&#8221; Marco Rubio se re\u00fane con Bukele en busca de un acuerdo migratorio con El SalvadorFoto:\u00a0Gobierno de El Salvador (EFE)\u00a0|\u00a0V\u00eddeo:\u00a0EPV<\/p><\/div>\n<div class=\"_pa _df ph-v_b ph-v_b-lg\">\n<div class=\"_df ph-v_c\"><\/div>\n<\/div>\n<\/div>\n<\/div>\n<\/div>\n<\/div>\n<\/div>\n<\/div>\n<\/div><figcaption class=\"a_m_p\"><\/figcaption><\/figure>\n<h3><\/h3>\n<h3 class=\"\">Un acuerdo sobre energ\u00eda nuclear<\/h3>\n<p class=\"\">Por otra parte, Rubio se refiri\u00f3 al pacto de cooperaci\u00f3n para impulsar la energ\u00eda nuclear en El Salvador como su primer acuerdo firmado como secretario de Estado, y dijo que, con \u00e9l, Estados Unidos busca que el pa\u00eds centroamericano sea un lugar \u201cdonde todas las tecnolog\u00edas, todas las industrias, todas las promesas de este nuevo siglo puedan encontrarse\u201d.<\/p>\n<p class=\"\">El acuerdo, nombrado Memorando de Entendimiento sobre Cooperaci\u00f3n Nuclear Civil Estrat\u00e9gica (NCMOU), fue firmado por la contraparte salvadore\u00f1a, la canciller Alexandra Hill Tinoco, quien dijo que se trata de \u201cuna estrategia m\u00e1s\u201d del presidente Bukele para \u201cdar energ\u00eda las 24 horas al d\u00eda a un precio competitivo sin depender de la geopol\u00edtica ni de los precios del petr\u00f3leo\u201d.<\/p>\n<p class=\"\">Las autoridades tampoco dieron mayores explicaciones sobre este nuevo acuerdo. En el \u00faltimo mes, la poblaci\u00f3n salvadore\u00f1a ha rechazado el retorno de la miner\u00eda met\u00e1lica despu\u00e9s de siete a\u00f1os de prohibici\u00f3n por sus implicaciones negativas en el medio ambiente.<\/p>\n<p class=\"\">Bukele, por su parte, ha hecho o\u00eddos sordos ante las protestas que incluyen pronunciamientos de la Iglesia cat\u00f3lica, respaldados en estudios cient\u00edficos generados por el mismo Gobierno. El mandatario ha asegurado que, con el dinero que perciban de la miner\u00eda met\u00e1lica, limpiar\u00e1n los r\u00edos que sean contaminados.<\/p>\n<p class=\"\">La visita de Rubio a El Salvador era la segunda parada del secretario de Estado en su primer viaje oficial, que tambi\u00e9n le ha llevado a Panam\u00e1. El martes, a las 7.15 de la ma\u00f1ana, tiene previsto volar a Costa Rica y de all\u00ed ir\u00e1 a Guatemala y Rep\u00fablica Dominicana.<\/p>\n","protected":false},"excerpt":{"rendered":"<p>&nbsp; &nbsp; &#8211; Durante la visita de Marco Rubio, el Gobierno salvadore\u00f1o tambi\u00e9n anunci\u00f3 que impulsar\u00e1 un proyecto de energ\u00eda nuclear con Washington &nbsp; Los&hellip;<\/p>\n","protected":false},"author":99,"featured_media":528175,"comment_status":"open","ping_status":"open","sticky":false,"template":"","format":"standard","meta":{"footnotes":""},"categories":[23],"tags":[],"class_list":["post-528174","post","type-post","status-publish","format-standard","has-post-thumbnail","hentry","category-latinoamerica"],"_links":{"self":[{"href":"https:\/\/diarioelpopular.com\/index.php\/wp-json\/wp\/v2\/posts\/528174","targetHints":{"allow":["GET"]}}],"collection":[{"href":"https:\/\/diarioelpopular.com\/index.php\/wp-json\/wp\/v2\/posts"}],"about":[{"href":"https:\/\/diarioelpopular.com\/index.php\/wp-json\/wp\/v2\/types\/post"}],"author":[{"embeddable":true,"href":"https:\/\/diarioelpopular.com\/index.php\/wp-json\/wp\/v2\/users\/99"}],"replies":[{"embeddable":true,"href":"https:\/\/diarioelpopular.com\/index.php\/wp-json\/wp\/v2\/comments?post=528174"}],"version-history":[{"count":1,"href":"https:\/\/diarioelpopular.com\/index.php\/wp-json\/wp\/v2\/posts\/528174\/revisions"}],"predecessor-version":[{"id":528176,"href":"https:\/\/diarioelpopular.com\/index.php\/wp-json\/wp\/v2\/posts\/528174\/revisions\/528176"}],"wp:featuredmedia":[{"embeddable":true,"href":"https:\/\/diarioelpopular.com\/index.php\/wp-json\/wp\/v2\/media\/528175"}],"wp:attachment":[{"href":"https:\/\/diarioelpopular.com\/index.php\/wp-json\/wp\/v2\/media?parent=528174"}],"wp:term":[{"taxonomy":"category","embeddable":true,"href":"https:\/\/diarioelpopular.com\/index.php\/wp-json\/wp\/v2\/categories?post=528174"},{"taxonomy":"post_tag","embeddable":true,"href":"https:\/\/diarioelpopular.com\/index.php\/wp-json\/wp\/v2\/tags?post=528174"}],"curies":[{"name":"wp","href":"https:\/\/api.w.org\/{rel}","templated":true}]}}