{"id":528221,"date":"2025-02-05T10:51:58","date_gmt":"2025-02-05T14:51:58","guid":{"rendered":"https:\/\/diarioelpopular.com\/?p=528221"},"modified":"2025-02-05T10:51:58","modified_gmt":"2025-02-05T14:51:58","slug":"puede-realmente-ee-uu-enviar-a-sus-ciudadanos-convictos-a-la-megacarcel-de-bukele-en-el-salvador","status":"publish","type":"post","link":"https:\/\/diarioelpopular.com\/index.php\/2025\/02\/05\/puede-realmente-ee-uu-enviar-a-sus-ciudadanos-convictos-a-la-megacarcel-de-bukele-en-el-salvador\/","title":{"rendered":"\u00bfPuede realmente EE.UU. enviar a sus ciudadanos convictos a la megac\u00e1rcel de Bukele en El Salvador?"},"content":{"rendered":"<div id=\"attachment_528222\" style=\"width: 646px\" class=\"wp-caption alignnone\"><img loading=\"lazy\" decoding=\"async\" aria-describedby=\"caption-attachment-528222\" class=\"wp-image-528222 size-custom-full-size\" src=\"https:\/\/diarioelpopular.com\/wp-content\/uploads\/2025\/02\/Screen-Shot-2025-02-05-at-9.51.18-AM-636x363.png\" alt=\"\" width=\"636\" height=\"363\" srcset=\"https:\/\/diarioelpopular.com\/wp-content\/uploads\/2025\/02\/Screen-Shot-2025-02-05-at-9.51.18-AM-636x363.png 636w, https:\/\/diarioelpopular.com\/wp-content\/uploads\/2025\/02\/Screen-Shot-2025-02-05-at-9.51.18-AM-300x171.png 300w, https:\/\/diarioelpopular.com\/wp-content\/uploads\/2025\/02\/Screen-Shot-2025-02-05-at-9.51.18-AM-768x438.png 768w, https:\/\/diarioelpopular.com\/wp-content\/uploads\/2025\/02\/Screen-Shot-2025-02-05-at-9.51.18-AM-128x73.png 128w, https:\/\/diarioelpopular.com\/wp-content\/uploads\/2025\/02\/Screen-Shot-2025-02-05-at-9.51.18-AM.png 1024w\" sizes=\"auto, (max-width: 636px) 100vw, 636px\" \/><p id=\"caption-attachment-528222\" class=\"wp-caption-text\">Bukele aceptar\u00eda encerrar criminales estadounidenses en la enorme c\u00e1rcel que mand\u00f3 construir.<\/p><\/div>\n<p>&nbsp;<\/p>\n<p>&nbsp;<\/p>\n<div class=\"bbc-19j92fr ebmt73l0\" dir=\"ltr\">\n<ul>\n<li class=\"bbc-hhl7in e17g058b0\" dir=\"ltr\"><em><b>Al presidente de Estados Unidos, Donald Trump, le gusta la idea planteada por el presidente de El Salvador, Nayib Bukele, de recluir en su pa\u00eds a criminales estadounidenses a cambio de dinero.<\/b><\/em><\/li>\n<\/ul>\n<\/div>\n<div class=\"bbc-19j92fr ebmt73l0\" dir=\"ltr\">\n<p dir=\"ltr\">\n<p class=\"bbc-hhl7in e17g058b0\" dir=\"ltr\">Trump confirm\u00f3 que su gobierno estudia la posibilidad de enviar a los condenados en &#8220;los casos m\u00e1s graves&#8221; a pasar su tiempo en prisi\u00f3n en pa\u00edses extranjeros, despu\u00e9s de que Bukele ofreciera el suyo para recibir tanto a los inmigrantes irregulares a los que Trump quiere deportar como a convictos, incluidos ciudadanos estadounidenses.<\/p>\n<\/div>\n<div class=\"bbc-19j92fr ebmt73l0\" dir=\"ltr\">\n<p class=\"bbc-hhl7in e17g058b0\" dir=\"ltr\">La oferta de Bukele se produjo durante una visita este lunes a su pa\u00eds del secretario de Estado de EE.UU., Marco Rubio, que la describi\u00f3 como &#8220;el m\u00e1s extraordinario y sin precedentes acuerdo migratorio en todo el mundo&#8221;.<\/p>\n<\/div>\n<div class=\"bbc-19j92fr ebmt73l0\" dir=\"ltr\">\n<p class=\"bbc-hhl7in e17g058b0\" dir=\"ltr\">Pero el env\u00edo de ciudadanos estadounidenses a cumplir su condena fuera de Estados Unidos plantea dudas legales, como reconoci\u00f3 impl\u00edcitamente el propio Trump.<\/p>\n<\/div>\n<section class=\"bbc-geybui\" role=\"region\" aria-label=\"Publicidad 2\" aria-hidden=\"true\" data-e2e=\"advertisement\"><\/section>\n<div class=\"bbc-19j92fr ebmt73l0\" dir=\"ltr\">\n<p class=\"bbc-hhl7in e17g058b0\" dir=\"ltr\">&#8220;Solo digo que si tenemos derecho a hacerlo, lo har\u00eda en un instante&#8221;, dijo el mandatario antes de admitir: &#8220;No s\u00e9 si lo tenemos o no; lo estamos estudiando ahora mismo, pero podr\u00edamos llegar a acuerdos para sacar a esos animales de Estados Unidos&#8221;.<\/p>\n<p dir=\"ltr\">\n<\/div>\n<figure class=\"bbc-1qn0xuy\">\n<div class=\"bbc-18ywsw9\">\n<div style=\"width: 1034px\" class=\"wp-caption alignnone\"><img loading=\"lazy\" decoding=\"async\" class=\"bbc-139onq\" src=\"https:\/\/ichef.bbci.co.uk\/ace\/ws\/640\/cpsprodpb\/a583\/live\/4647ec00-e342-11ef-a319-fb4e7360c4ec.jpg.webp\" alt=\"Donald Trump, en el Despacho Oval. \" width=\"1024\" height=\"683\" \/><p class=\"wp-caption-text\">Fuente de la imagen,Getty Images.\u00a0\u00a0Trump dijo que estudia la posibilidad de enviar convictos estadounidenses a El Salvador.<\/p><\/div>\n<\/div>\n<\/figure>\n<div class=\"bbc-19j92fr ebmt73l0\" dir=\"ltr\">\n<p dir=\"ltr\">\n<p class=\"bbc-hhl7in e17g058b0\" dir=\"ltr\">Ya durante la visita de Rubio a El Salvador qued\u00f3 claro la buena acogida del gobierno de Trump a la oferta. &#8220;Podemos enviarlos y ellos los meten en sus c\u00e1rceles&#8221;, dijo Rubio, satisfecho, en referencia a los inmigrantes clandestinos.<\/p>\n<\/div>\n<div class=\"bbc-19j92fr ebmt73l0\" dir=\"ltr\">\n<p class=\"bbc-hhl7in e17g058b0\" dir=\"ltr\">Pero la sorpresa lleg\u00f3 cuando Rubio explic\u00f3 que Bukele &#8220;tambi\u00e9n se ha ofrecido a hacer lo mismo con criminales peligrosos actualmente detenidos y cumpliendo sus condenas en Estados Unidos, aunque sean ciudadanos estadounidenses o residentes legales&#8221;.<\/p>\n<\/div>\n<div class=\"bbc-19j92fr ebmt73l0\" dir=\"ltr\">\n<p class=\"bbc-hhl7in e17g058b0\" dir=\"ltr\">El l\u00edder salvadore\u00f1o confirm\u00f3 que hab\u00eda &#8220;ofrecido a los Estados Unidos de Am\u00e9rica la oportunidad de subcontratar parte de su sistema penitenciario&#8221;.<\/p>\n<\/div>\n<div class=\"bbc-19j92fr ebmt73l0\" dir=\"ltr\">\n<p class=\"bbc-hhl7in e17g058b0\" dir=\"ltr\">Aclar\u00f3 que El Salvador estar\u00eda &#8220;dispuesto a acoger s\u00f3lo a delincuentes condenados&#8221; y que su gobierno lo har\u00eda &#8220;a cambio de una tarifa&#8221;.<\/p>\n<\/div>\n<div class=\"bbc-19j92fr ebmt73l0\" dir=\"ltr\">\n<p class=\"bbc-hhl7in e17g058b0\" dir=\"ltr\">Bukele tambi\u00e9n revel\u00f3 d\u00f3nde albergar\u00eda a los deportados de Estados Unidos: &#8220;nuestra megaprisi\u00f3n&#8221;.<\/p>\n<\/div>\n<div class=\"bbc-19j92fr ebmt73l0\" dir=\"ltr\">\n<p class=\"bbc-hhl7in e17g058b0\" dir=\"ltr\">La megac\u00e1rcel, tambi\u00e9n conocida como Cecot (abreviatura de Centro de Confinamiento del Terrorismo), se ha convertido en la bandera que Bukele enarbola como s\u00edmbolo del \u00e9xito de su pol\u00edtica de mano dura contra la delincuencia.<\/p>\n<\/div>\n<div class=\"bbc-19j92fr ebmt73l0\" dir=\"ltr\">\n<p class=\"bbc-hhl7in e17g058b0\" dir=\"ltr\">La prisi\u00f3n de m\u00e1xima seguridad, una de las m\u00e1s grandes de Am\u00e9rica Latina, abri\u00f3 sus puertas en enero de 2023 y puede albergar a 40.000 reclusos, seg\u00fan cifras del gobierno salvadore\u00f1o. Hasta el momento tiene 20.000.<\/p>\n<p dir=\"ltr\">\n<\/div>\n<figure class=\"bbc-1qn0xuy\">\n<div class=\"bbc-18ywsw9\">\n<div style=\"width: 1546px\" class=\"wp-caption alignnone\"><img loading=\"lazy\" decoding=\"async\" class=\"bbc-139onq\" src=\"https:\/\/ichef.bbci.co.uk\/ace\/ws\/640\/cpsprodpb\/722f\/live\/63f29150-e343-11ef-a319-fb4e7360c4ec.jpg.webp\" alt=\"Decenas de presos con las manos tras la nuca y el torso desnudo en la megac\u00e1rcel de El Salvador. \" width=\"1536\" height=\"864\" \/><p class=\"wp-caption-text\">Fuente de la imagen,Getty Images.\u00a0\u00a0No est\u00e1 claro cu\u00e1ntos presos hay ahora en la gran c\u00e1rcel de El Salvador.<\/p><\/div>\n<p class=\"bbc-by8ykd\" role=\"text\">\n<\/div>\n<\/figure>\n<div class=\"bbc-19j92fr ebmt73l0\" dir=\"ltr\">\n<p class=\"bbc-hhl7in e17g058b0\" dir=\"ltr\">All\u00ed, los reclusos est\u00e1n confinados en celdas sin ventanas, duermen en literas de metal y son vigilados constantemente por guardias armados.<\/p>\n<\/div>\n<div class=\"bbc-19j92fr ebmt73l0\" dir=\"ltr\">\n<p class=\"bbc-hhl7in e17g058b0\" dir=\"ltr\">La periodista Leire Ventas, a quien\u00a0<a class=\"focusIndicatorReducedWidth bbc-n8oauk e1p3sufg0\" href=\"https:\/\/www.bbc.com\/mundo\/resources\/idt-051ab38e-b7d2-44ce-b40f-80d5b51f7db2\">se le permiti\u00f3 realizar un recorrido oficial por las instalaciones el a\u00f1o pasado<\/a>\u00a0despu\u00e9s de que solicitara acceso repetidamente, describi\u00f3 c\u00f3mo las temperaturas en las celdas alcanzaban los 35\u00b0C.<\/p>\n<\/div>\n<div class=\"bbc-19j92fr ebmt73l0\" dir=\"ltr\">\n<p class=\"bbc-hhl7in e17g058b0\" dir=\"ltr\">El acceso a la prisi\u00f3n es muy restringido y los periodistas solo han podido entrar en visitas organizadas y cuidadas al mil\u00edmetro por las autoridades.<\/p>\n<\/div>\n<div class=\"bbc-19j92fr ebmt73l0\" dir=\"ltr\">\n<p class=\"bbc-hhl7in e17g058b0\" dir=\"ltr\">No est\u00e1 claro el n\u00famero de reclusos por celda. Algunos grupos de derechos humanos cifran la cifra en 80 prisioneros, mientras que otros dicen que puede llegar a m\u00e1s de 150.<\/p>\n<\/div>\n<div class=\"bbc-19j92fr ebmt73l0\" dir=\"ltr\">\n<p class=\"bbc-hhl7in e17g058b0\" dir=\"ltr\">Cuando la periodista le pregunt\u00f3 cu\u00e1l era la capacidad m\u00e1xima, el director de la prisi\u00f3n respondi\u00f3 &#8220;donde caben 10 personas, caben 20&#8221;.<\/p>\n<\/div>\n<div class=\"bbc-19j92fr ebmt73l0\" dir=\"ltr\">\n<p class=\"bbc-hhl7in e17g058b0\" dir=\"ltr\">Los prisioneros est\u00e1n encerrados dentro de sus celdas las 24 horas del d\u00eda. Solo pueden salir durante 30 minutos a un pasillo sin ventanas para sesiones de ejercicio en grupo.<\/p>\n<\/div>\n<div class=\"bbc-19j92fr ebmt73l0\" dir=\"ltr\">\n<p class=\"bbc-hhl7in e17g058b0\" dir=\"ltr\">El dise\u00f1o de la c\u00e1rcel no es casual.<\/p>\n<\/div>\n<div class=\"bbc-19j92fr ebmt73l0\" dir=\"ltr\">\n<p class=\"bbc-hhl7in e17g058b0\" dir=\"ltr\">Despu\u00e9s de un fin de semana particularmente sangriento en 2022 en el que m\u00e1s de 70 personas inocentes murieron en las calles de El Salvador, el presidente Bukele escribi\u00f3 en las redes sociales: &#8220;Mensaje para las pandillas: por sus acciones, sus chicos no podr\u00e1n ver un rayo de sol&#8221;.<\/p>\n<\/div>\n<div class=\"bbc-19j92fr ebmt73l0\" dir=\"ltr\">\n<p class=\"bbc-hhl7in e17g058b0\" dir=\"ltr\">Poco tiempo despu\u00e9s se inici\u00f3 la construcci\u00f3n de la megac\u00e1rcel.<\/p>\n<p dir=\"ltr\">\n<\/div>\n<figure class=\"bbc-1qn0xuy\">\n<div class=\"bbc-18ywsw9\">\n<div style=\"width: 1546px\" class=\"wp-caption alignnone\"><img loading=\"lazy\" decoding=\"async\" class=\"bbc-139onq\" src=\"https:\/\/ichef.bbci.co.uk\/ace\/ws\/640\/cpsprodpb\/745b\/live\/852d3b30-e344-11ef-bd1b-d536627785f2.jpg.webp\" alt=\"Guardia en vigilancia del Cecot. \" width=\"1536\" height=\"864\" \/><p class=\"wp-caption-text\">Fuente de la imagen,Getty Images.\u00a0\u00a0La megac\u00e1rcel de El Salvador empez\u00f3 a recibir criminales en 2023.<\/p><\/div>\n<\/div>\n<\/figure>\n<div class=\"bbc-19j92fr ebmt73l0\" dir=\"ltr\">\n<p dir=\"ltr\">\n<p class=\"bbc-hhl7in e17g058b0\" dir=\"ltr\">Las condiciones en la c\u00e1rcel y el trato a los reclusos han sido objeto de duras cr\u00edticas por parte de grupos de derechos humanos, pero en ning\u00fan momento mencionan ni defienden los derechos de las v\u00edctimas ni los de sus familias.<\/p>\n<\/div>\n<div class=\"bbc-19j92fr ebmt73l0\" dir=\"ltr\">\n<p class=\"bbc-hhl7in e17g058b0\" dir=\"ltr\">Miguel Sarre, ex miembro del Subcomit\u00e9 de las Naciones Unidas para la Prevenci\u00f3n de la Tortura, la ha descrito como un &#8220;pozo de hormig\u00f3n y acero&#8221;.<\/p>\n<\/div>\n<div class=\"bbc-19j92fr ebmt73l0\" dir=\"ltr\">\n<p class=\"bbc-hhl7in e17g058b0\" dir=\"ltr\">Entonces, \u00bfpodr\u00eda la administraci\u00f3n Trump enviar ciudadanos estadounidenses all\u00ed?<\/p>\n<p dir=\"ltr\">\n<\/div>\n<figure class=\"bbc-1qn0xuy\">\n<div class=\"bbc-18ywsw9\">\n<div style=\"width: 1546px\" class=\"wp-caption alignnone\"><img loading=\"lazy\" decoding=\"async\" class=\"bbc-139onq\" src=\"https:\/\/ichef.bbci.co.uk\/ace\/ws\/640\/cpsprodpb\/875d\/live\/080e2cd0-e345-11ef-a319-fb4e7360c4ec.jpg.webp\" alt=\"Un preso cubierto de tatuajes, con las manos tras la nuca en la gran c\u00e1rcel de El Salvador. \" width=\"1536\" height=\"864\" \/><p class=\"wp-caption-text\">Fuente de la imagen,Presidencia de El Salvador.\u00a0\u00a0La presidencia de El Salvador publica a menudo fotograf\u00edas de reclusos tatuados del Cecot.<\/p><\/div>\n<p class=\"bbc-by8ykd\" role=\"text\">\n<\/div>\n<\/figure>\n<div class=\"bbc-19j92fr ebmt73l0\" dir=\"ltr\">\n<h2 id=\"Protecciones-legales\" class=\"bbc-1lgzob2 eglt09e0\" tabindex=\"-1\">Protecciones legales<\/h2>\n<\/div>\n<div class=\"bbc-19j92fr ebmt73l0\" dir=\"ltr\">\n<p class=\"bbc-hhl7in e17g058b0\" dir=\"ltr\">Cualquier intento de deportar a ciudadanos estadounidenses o a personas que residen legalmente en EE.UU. a una c\u00e1rcel extranjera parece abocado a ser impugnado ante los tribunales.<\/p>\n<\/div>\n<div class=\"bbc-19j92fr ebmt73l0\" dir=\"ltr\">\n<p class=\"bbc-hhl7in e17g058b0\" dir=\"ltr\">Los ciudadanos estadounidenses nacidos en ese pa\u00eds gozan de protecci\u00f3n legal contra la deportaci\u00f3n.<\/p>\n<\/div>\n<div class=\"bbc-19j92fr ebmt73l0\" dir=\"ltr\">\n<p class=\"bbc-hhl7in e17g058b0\" dir=\"ltr\">Sin embargo, hay algunos casos en los que los ciudadanos naturalizados, aquellos que no nacieron en el pa\u00eds y obtuvieron la ciudadan\u00eda estadounidense a trav\u00e9s de un proceso legal, pueden perderla.<\/p>\n<\/div>\n<div class=\"bbc-19j92fr ebmt73l0\" dir=\"ltr\">\n<p class=\"bbc-hhl7in e17g058b0\" dir=\"ltr\">Suele suceder cuando se demuestra que la persona en cuesti\u00f3n cometi\u00f3 fraude para obtener la ciudadan\u00eda.<\/p>\n<\/div>\n<div class=\"bbc-19j92fr ebmt73l0\" dir=\"ltr\">\n<p class=\"bbc-hhl7in e17g058b0\" dir=\"ltr\">Alex Cuic, abogado de inmigraci\u00f3n y profesor en la Universidad Case Western Reserve en Ohio, dijo que los ciudadanos estadounidenses naturalizados sospechosos de tener v\u00ednculos con pandillas criminales u organizaciones catalogadas como terroristas por el gobierno de Estados Unidos, como el Tren de Aragua o la Mara Salvatrucha, conocida como MS-13, tambi\u00e9n podr\u00edan, en teor\u00eda, perder la ciudadan\u00eda.<\/p>\n<\/div>\n<div class=\"bbc-19j92fr ebmt73l0\" dir=\"ltr\">\n<p class=\"bbc-hhl7in e17g058b0\" dir=\"ltr\">&#8220;Si usted ten\u00eda v\u00ednculos con pandillas y nunca los revel\u00f3, podr\u00edan usar eso como una raz\u00f3n para desnaturalizarlo&#8221;.<\/p>\n<\/div>\n<div class=\"bbc-19j92fr ebmt73l0\" dir=\"ltr\">\n<p class=\"bbc-hhl7in e17g058b0\" dir=\"ltr\">Una vez que una persona ha sido &#8220;desnaturalizada&#8221;, corre el riesgo de ser deportada.<\/p>\n<\/div>\n<div class=\"bbc-19j92fr ebmt73l0\" dir=\"ltr\">\n<p class=\"bbc-hhl7in e17g058b0\" dir=\"ltr\">Cuic se\u00f1al\u00f3 que &#8220;la ciudadan\u00eda no es algo que sea definitivamente para siempre si usted es naturalizado&#8221;, pero cualquier medida de este tipo tendr\u00eda que estar precedida por un &#8220;proceso judicial formal&#8221; en un tribunal federal.<\/p>\n<\/div>\n<div class=\"bbc-19j92fr ebmt73l0\" dir=\"ltr\">\n<p class=\"bbc-hhl7in e17g058b0\" dir=\"ltr\">Sin embargo, enfatiz\u00f3 que &#8220;nunca hab\u00eda o\u00eddo&#8221; hablar de casos de ciudadanos estadounidenses nativos enviados al extranjero para cumplir penas de prisi\u00f3n por delitos cometidos y procesados en EE.UU.<\/p>\n<\/div>\n<div class=\"bbc-19j92fr ebmt73l0\" dir=\"ltr\">\n<p class=\"bbc-hhl7in e17g058b0\" dir=\"ltr\">Shev Dalal-Dheini, directora de relaciones gubernamentales de la Asociaci\u00f3n Estadounidense de Abogados de Inmigraci\u00f3n, dijo que &#8220;nunca hab\u00eda o\u00eddo hablar de tal idea&#8221;.<\/p>\n<\/div>\n<div class=\"bbc-19j92fr ebmt73l0\" dir=\"ltr\">\n<p class=\"bbc-hhl7in e17g058b0\" dir=\"ltr\">Si bien reconoci\u00f3 que hab\u00eda varios escenarios en los que los ciudadanos estadounidenses naturalizados podr\u00edan perder su ciudadan\u00eda, dijo que &#8220;no se puede desnaturalizar a un ciudadano nacido en Estados Unidos&#8221;.<\/p>\n<p dir=\"ltr\">\n<\/div>\n<figure class=\"bbc-1qn0xuy\">\n<div class=\"bbc-18ywsw9\">\n<div style=\"width: 1546px\" class=\"wp-caption alignnone\"><img loading=\"lazy\" decoding=\"async\" class=\"bbc-139onq\" src=\"https:\/\/ichef.bbci.co.uk\/ace\/ws\/640\/cpsprodpb\/90fc\/live\/33abfce0-e346-11ef-bd1b-d536627785f2.jpg.webp\" alt=\"Marco Rubio y Nayi Bukele, en un balc\u00f3n junto al mar durante la visita del primero a El Salvador. \" width=\"1536\" height=\"864\" \/><p class=\"wp-caption-text\">Fuente de la imagen,Getty Images.\u00a0\u00a0Marco Rubio se mostr\u00f3 muy agradecido por la oferta de Bukele, pero hay dudas sobre su legalidad.<\/p><\/div>\n<\/div>\n<\/figure>\n<div class=\"bbc-19j92fr ebmt73l0\" dir=\"ltr\">\n<p dir=\"ltr\">\n<p class=\"bbc-hhl7in e17g058b0\" dir=\"ltr\">La situaci\u00f3n de los residentes permanentes legales en Estados Unidos es m\u00e1s precaria que la de los ciudadanos estadounidenses.<\/p>\n<\/div>\n<div class=\"bbc-19j92fr ebmt73l0\" dir=\"ltr\">\n<p class=\"bbc-hhl7in e17g058b0\" dir=\"ltr\">Pueden ser deportados si violan ciertas disposiciones de la Ley de Inmigraci\u00f3n y Nacionalidad, que incluyen cometer delitos relacionados con drogas, delitos violentos o delitos como robo, fraude o agresi\u00f3n.<\/p>\n<\/div>\n<div class=\"bbc-19j92fr ebmt73l0\" dir=\"ltr\">\n<p class=\"bbc-hhl7in e17g058b0\" dir=\"ltr\">Al igual que los ciudadanos naturalizados, tambi\u00e9n pueden ser deportados si obtuvieron su residencia mediante fraude.<\/p>\n<\/div>\n<div class=\"bbc-19j92fr ebmt73l0\" dir=\"ltr\">\n<p class=\"bbc-hhl7in e17g058b0\" dir=\"ltr\">Los residentes permanentes legales que est\u00e9n involucrados en terrorismo, espionaje o cualquier actividad que amenace el inter\u00e9s nacional de Estados Unidos tambi\u00e9n podr\u00edan correr riesgo de deportaci\u00f3n.<\/p>\n<\/div>\n<div class=\"bbc-19j92fr ebmt73l0\" dir=\"ltr\">\n<p class=\"bbc-hhl7in e17g058b0\" dir=\"ltr\">Este \u00faltimo punto cobra importancia a la luz de la orden ejecutiva que el presidente Trump emiti\u00f3 el d\u00eda de su toma de posesi\u00f3n en la que design\u00f3 a los carteles de la droga como &#8220;organizaciones terroristas extranjeras&#8221;.<\/p>\n<\/div>\n<div class=\"bbc-19j92fr ebmt73l0\" dir=\"ltr\">\n<p class=\"bbc-hhl7in e17g058b0\" dir=\"ltr\">Dos organizaciones criminales nombradas en la orden ejecutiva, Tren de Aragua y MS-13, tambi\u00e9n fueron mencionadas la semana pasada por el enviado especial de Trump para Am\u00e9rica Latina, Mauricio Claver-Carone.<\/p>\n<p dir=\"ltr\">\n<\/div>\n<figure class=\"bbc-1qn0xuy\">\n<div class=\"bbc-18ywsw9\">\n<div style=\"width: 1546px\" class=\"wp-caption alignnone\"><img loading=\"lazy\" decoding=\"async\" class=\"bbc-139onq\" src=\"https:\/\/ichef.bbci.co.uk\/ace\/ws\/640\/cpsprodpb\/ec41\/live\/c0a88460-e346-11ef-a819-277e390a7a08.jpg.webp\" alt=\"Vista a\u00e9rea de la c\u00e1rcel Cecot. \" width=\"1536\" height=\"864\" \/><p class=\"wp-caption-text\">Pie de foto,La vista a\u00e9rea muestra las enormes dimensiones de la c\u00e1rcel que Bukele hizo construir en El Salvador.<\/p><\/div>\n<\/div><figcaption class=\"bbc-15f1ujd\" dir=\"ltr\"><\/figcaption><\/figure>\n<div class=\"bbc-19j92fr ebmt73l0\" dir=\"ltr\">\n<p dir=\"ltr\">\n<p class=\"bbc-hhl7in e17g058b0\" dir=\"ltr\">En una comparecencia sobre el viaje de Marco Rubio a El Salvador, Claver-Carone elogi\u00f3 c\u00f3mo Bukele hab\u00eda hecho frente a la MS-13 -una pandilla profundamente arraigada en El Salvador y que durante mucho tiempo ha aterrorizado y asesinado a sus ciudadanos,-y dijo que el presidente salvadore\u00f1o podr\u00eda ofrecer respuestas sobre c\u00f3mo lidiar con el Tren de Aragua, banda criminal con origen en Venezuela.<\/p>\n<\/div>\n<div class=\"bbc-19j92fr ebmt73l0\" dir=\"ltr\">\n<p class=\"bbc-hhl7in e17g058b0\" dir=\"ltr\">Claver-Carone tambi\u00e9n insinu\u00f3 que los pandilleros venezolanos preferir\u00edan regresar a su pa\u00eds antes que ser internados en una c\u00e1rcel salvadore\u00f1a.<\/p>\n<\/div>\n<div class=\"bbc-19j92fr ebmt73l0\" dir=\"ltr\">\n<p class=\"bbc-hhl7in e17g058b0\" dir=\"ltr\">&#8220;Apuesto a que querr\u00e1n volver a Venezuela en lugar de lidiar con las c\u00e1rceles de las Mara en El Salvador&#8221;, dijo sobre los miembros delTren de Aragua.<\/p>\n<\/div>\n<div class=\"bbc-19j92fr ebmt73l0\" dir=\"ltr\">\n<p class=\"bbc-hhl7in e17g058b0\" dir=\"ltr\">Marco Rubio tambi\u00e9n pareci\u00f3 enfatizar que el gobierno de Trump querr\u00eda enviar ante todo a miembros de estas dos notorias pandillas a El Salvador.<\/p>\n<\/div>\n<div class=\"bbc-19j92fr ebmt73l0\" dir=\"ltr\">\n<p class=\"bbc-hhl7in e17g058b0\" dir=\"ltr\">Sin embargo, no est\u00e1 claro qui\u00e9n, ni siquiera si alguien, ser\u00e1 enviado desde Estados Unidos a la megaprisi\u00f3n de El Salvador.<\/p>\n<\/div>\n<div class=\"bbc-19j92fr ebmt73l0\" dir=\"ltr\">\n<p class=\"bbc-hhl7in e17g058b0\" dir=\"ltr\">Lo que s\u00ed es seguro es que, con su &#8220;oferta de amistad sin precedentes&#8221;, Bukele se ha ganado el favor de Trump en un momento en que las relaciones entre Estados Unidos y sus vecinos se ven sacudidas por las amenazas del presidente estadounidense de imponer aranceles a sus productos.<\/p>\n<\/div>\n","protected":false},"excerpt":{"rendered":"<p>&nbsp; &nbsp; Al presidente de Estados Unidos, Donald Trump, le gusta la idea planteada por el presidente de El Salvador, Nayib Bukele, de recluir en&hellip;<\/p>\n","protected":false},"author":99,"featured_media":528222,"comment_status":"open","ping_status":"open","sticky":false,"template":"","format":"standard","meta":{"footnotes":""},"categories":[23],"tags":[],"class_list":["post-528221","post","type-post","status-publish","format-standard","has-post-thumbnail","hentry","category-latinoamerica"],"_links":{"self":[{"href":"https:\/\/diarioelpopular.com\/index.php\/wp-json\/wp\/v2\/posts\/528221","targetHints":{"allow":["GET"]}}],"collection":[{"href":"https:\/\/diarioelpopular.com\/index.php\/wp-json\/wp\/v2\/posts"}],"about":[{"href":"https:\/\/diarioelpopular.com\/index.php\/wp-json\/wp\/v2\/types\/post"}],"author":[{"embeddable":true,"href":"https:\/\/diarioelpopular.com\/index.php\/wp-json\/wp\/v2\/users\/99"}],"replies":[{"embeddable":true,"href":"https:\/\/diarioelpopular.com\/index.php\/wp-json\/wp\/v2\/comments?post=528221"}],"version-history":[{"count":1,"href":"https:\/\/diarioelpopular.com\/index.php\/wp-json\/wp\/v2\/posts\/528221\/revisions"}],"predecessor-version":[{"id":528223,"href":"https:\/\/diarioelpopular.com\/index.php\/wp-json\/wp\/v2\/posts\/528221\/revisions\/528223"}],"wp:featuredmedia":[{"embeddable":true,"href":"https:\/\/diarioelpopular.com\/index.php\/wp-json\/wp\/v2\/media\/528222"}],"wp:attachment":[{"href":"https:\/\/diarioelpopular.com\/index.php\/wp-json\/wp\/v2\/media?parent=528221"}],"wp:term":[{"taxonomy":"category","embeddable":true,"href":"https:\/\/diarioelpopular.com\/index.php\/wp-json\/wp\/v2\/categories?post=528221"},{"taxonomy":"post_tag","embeddable":true,"href":"https:\/\/diarioelpopular.com\/index.php\/wp-json\/wp\/v2\/tags?post=528221"}],"curies":[{"name":"wp","href":"https:\/\/api.w.org\/{rel}","templated":true}]}}