{"id":528228,"date":"2025-02-05T11:00:52","date_gmt":"2025-02-05T15:00:52","guid":{"rendered":"https:\/\/diarioelpopular.com\/?p=528228"},"modified":"2025-02-05T11:00:52","modified_gmt":"2025-02-05T15:00:52","slug":"pese-al-aumento-de-desastres-america-latina-y-el-caribe-invierten-menos-del-2-de-su-presupuesto-en-prevencion","status":"publish","type":"post","link":"https:\/\/diarioelpopular.com\/index.php\/2025\/02\/05\/pese-al-aumento-de-desastres-america-latina-y-el-caribe-invierten-menos-del-2-de-su-presupuesto-en-prevencion\/","title":{"rendered":"Pese al aumento de desastres, Am\u00e9rica Latina y el Caribe invierten menos del 2% de su presupuesto en prevenci\u00f3n"},"content":{"rendered":"<div id=\"attachment_528229\" style=\"width: 1210px\" class=\"wp-caption alignnone\"><img loading=\"lazy\" decoding=\"async\" aria-describedby=\"caption-attachment-528229\" class=\"wp-image-528229 size-custom-big-size\" src=\"https:\/\/diarioelpopular.com\/wp-content\/uploads\/2025\/02\/Screen-Shot-2025-02-05-at-9.59.50-AM-1200x800.png\" alt=\"\" width=\"1200\" height=\"800\" srcset=\"https:\/\/diarioelpopular.com\/wp-content\/uploads\/2025\/02\/Screen-Shot-2025-02-05-at-9.59.50-AM-1200x800.png 1200w, https:\/\/diarioelpopular.com\/wp-content\/uploads\/2025\/02\/Screen-Shot-2025-02-05-at-9.59.50-AM-300x200.png 300w, https:\/\/diarioelpopular.com\/wp-content\/uploads\/2025\/02\/Screen-Shot-2025-02-05-at-9.59.50-AM-768x512.png 768w, https:\/\/diarioelpopular.com\/wp-content\/uploads\/2025\/02\/Screen-Shot-2025-02-05-at-9.59.50-AM-636x424.png 636w, https:\/\/diarioelpopular.com\/wp-content\/uploads\/2025\/02\/Screen-Shot-2025-02-05-at-9.59.50-AM-109x73.png 109w, https:\/\/diarioelpopular.com\/wp-content\/uploads\/2025\/02\/Screen-Shot-2025-02-05-at-9.59.50-AM.png 1024w\" sizes=\"auto, (max-width: 1200px) 100vw, 1200px\" \/><p id=\"caption-attachment-528229\" class=\"wp-caption-text\">Una mujer camina en medio de una zona afectada por las inundaciones, en la ciudad de Porto Alegre, en Rio Grande do Sul (Brasil). En mayo 2024. Daniel Marenco (EFE)<\/p><\/div>\n<p>&nbsp;<\/p>\n<h4 class=\"a_st\"><em>&#8211; Naciones Unidas presenta su \u00faltimo Informe de Evaluaci\u00f3n Regional sobre el Riesgo de Desastres para la regi\u00f3n<\/em><\/h4>\n<p>&nbsp;<\/p>\n<p class=\"\">Inundaciones\u00a0<a href=\"https:\/\/elpais.com\/america\/2024-05-09\/las-inundaciones-en-el-sur-de-brasil-dejan-un-reguero-de-destruccion-y-caos.html\" target=\"_blank\" rel=\"noopener\" data-link-track-dtm=\"\" data-mrf-link=\"https:\/\/elpais.com\/america\/2024-05-09\/las-inundaciones-en-el-sur-de-brasil-dejan-un-reguero-de-destruccion-y-caos.html\">en el sur de Brasil<\/a>\u00a0que dejaron m\u00e1s de 100 fallecidos;\u00a0<a href=\"https:\/\/elpais.com\/america-futura\/2024-02-10\/cambio-climatico-plantaciones-forestales-y-mala-evacuacion-el-coctel-del-tragico-incendio-de-chile.html\" target=\"_blank\" rel=\"noopener\" data-link-track-dtm=\"\" data-mrf-link=\"https:\/\/elpais.com\/america-futura\/2024-02-10\/cambio-climatico-plantaciones-forestales-y-mala-evacuacion-el-coctel-del-tragico-incendio-de-chile.html\">incendios en Chile<\/a>\u00a0con una cifra similar de muertos y m\u00e1s de 12.000 casas convertidas en cenizas; huracanes\u00a0<a href=\"https:\/\/elpais.com\/america-futura\/2024-10-09\/tras-el-mortal-helene-llega-milton-si-el-cambio-climatico-esta-cambiando-la-dinamica-de-los-huracanes.html\" target=\"_blank\" rel=\"noopener\" data-link-track-dtm=\"\" data-mrf-link=\"https:\/\/elpais.com\/america-futura\/2024-10-09\/tras-el-mortal-helene-llega-milton-si-el-cambio-climatico-esta-cambiando-la-dinamica-de-los-huracanes.html\">como Milton y Helene,<\/a>\u00a0que hasta quiebran la voz de meteor\u00f3logos al ver las im\u00e1genes de lo que sucede en vivo.<\/p>\n<p class=\"\">Am\u00e9rica Latina y el Caribe cada vez est\u00e1 m\u00e1s expuesta a los desastres, muchos de estos potenciados por el cambio clim\u00e1tico. Sin embargo, y a pesar de ser la segunda regi\u00f3n del mundo m\u00e1s propensa a ellos y perder, en promedio, 58.000 millones de d\u00f3lares anuales solo en infraestructura, sus pa\u00edses invierten muy poco en las capacidades para reducirlos, enfrentarlos y evitarlos. Lo poco que destinan, adem\u00e1s, se va a reparar los da\u00f1os que ya causaron las tragedias, y no a prevenirlas.<\/p>\n<p class=\"\">Este es el inquietante panorama que describe el \u00faltimo\u00a0<a href=\"https:\/\/www.undrr.org\/es\/RAR24ALC\" target=\"_blank\" rel=\"noopener\" data-link-track-dtm=\"\" data-mrf-link=\"https:\/\/www.undrr.org\/es\/RAR24ALC\">informe<\/a>\u00a0realizado por la Oficina de Naciones Unidas para la Reducci\u00f3n de Riegos de Desastres (UNDRR) sobre la regi\u00f3n, en el que se advierte que mientras los desastres crecen, tanto en impacto como en ocurrencia, los recursos para manejarlos no van en la misma v\u00eda. \u201cEntre los a\u00f1os 2000 y 2022, aproximadamente 190 millones de personas fueron afectadas por 1.534 desastres\u201d, dice el documento. \u201cY seg\u00fan datos de cinco pa\u00edses estudiados [Brasil, Guatemala, Jamaica, M\u00e9xico y Per\u00fa], solo entre el 0,1% y el 2,5% de su presupuesto se destina a este fin\u201d, se\u00f1ala Nahuel Arenas, jefe de la Oficina Regional para las Am\u00e9ricas y el Caribe de UNDRR.<\/p>\n<p>&nbsp;<\/p>\n<figure class=\"a_m a_m-h \">\n<p><div style=\"width: 424px\" class=\"wp-caption alignnone\"><img loading=\"lazy\" decoding=\"async\" class=\"_re lazyload a_m-h\" src=\"https:\/\/imagenes.elpais.com\/resizer\/v2\/SBKFCE62JRGUFKYQGD4SYMAD6Y.jpg?auth=c3a4c5c6ac11bdcd2bc5f337dd93e90276eef08e114783f1eb5aa013ad0e0c73&amp;width=414\" sizes=\"auto, (min-width:1199px) 1155px,(min-width:1001px) calc(100vw - 44px),(min-width:768px) 767px, 100vw\" srcset=\"https:\/\/imagenes.elpais.com\/resizer\/v2\/SBKFCE62JRGUFKYQGD4SYMAD6Y.jpg?auth=c3a4c5c6ac11bdcd2bc5f337dd93e90276eef08e114783f1eb5aa013ad0e0c73&amp;width=414 414w,https:\/\/imagenes.elpais.com\/resizer\/v2\/SBKFCE62JRGUFKYQGD4SYMAD6Y.jpg?auth=c3a4c5c6ac11bdcd2bc5f337dd93e90276eef08e114783f1eb5aa013ad0e0c73&amp;width=828 640w,https:\/\/imagenes.elpais.com\/resizer\/v2\/SBKFCE62JRGUFKYQGD4SYMAD6Y.jpg?auth=c3a4c5c6ac11bdcd2bc5f337dd93e90276eef08e114783f1eb5aa013ad0e0c73&amp;width=980 1000w,https:\/\/imagenes.elpais.com\/resizer\/v2\/SBKFCE62JRGUFKYQGD4SYMAD6Y.jpg?auth=c3a4c5c6ac11bdcd2bc5f337dd93e90276eef08e114783f1eb5aa013ad0e0c73&amp;width=1960 1960w\" alt=\"Incendios Vi\u00f1a del Mar 2024\" width=\"414\" height=\"265\" \/><p class=\"wp-caption-text\">Vista de la villa El Olivar despu\u00e9s de los incendios forestales en Vi\u00f1a del Mar, Chile, en febrero de 2024\u00a0 \u00a0 \u00a0 \u00a0 \u00a0 \u00a0 \u00a0 \u00a0 \u00a0 \u00a0 \u00a0 \u00a0 \u00a0 \u00a0 \u00a0 \u00a0 \u00a0 \u00a0 \u00a0Claudio Santana (Getty Images)<\/p><\/div><figcaption class=\"a_m_p\"><\/figcaption><\/figure>\n<p>&nbsp;<\/p>\n<p class=\"\">Mientras en\u00a0<a href=\"https:\/\/elpais.com\/noticias\/guatemala\/\" target=\"_blank\" rel=\"noopener\" data-link-track-dtm=\"\" data-mrf-link=\"https:\/\/elpais.com\/noticias\/guatemala\/\">Guatemala\u00a0<\/a>el gasto destinado a riesgos fue 2,32% de su presupuesto entre 2014 y 2023, en Per\u00fa apenas alcanz\u00f3 el 1,28%, seguido de Jamaica (0,7%), M\u00e9xico (0,29%) y Brasil (0,06%). \u201cElegimos estos pa\u00edses porque, por lo menos, hay que destacar que hicieron la tarea de etiquetar qu\u00e9 en sus presupuestos se va a la reducci\u00f3n de riesgos, as\u00ed que no hay que se\u00f1alar si algunos son peores que otros\u201d, agrega Arenas.<\/p>\n<p class=\"\">Pero no solo es que el presupuesto sea escaso, sino que, el que hay, se destina en su mayor\u00eda a acciones reactivas, no preventivas. En el mundo del manejo de desastres, las acciones y pol\u00edticas se categorizan en tres grupos. Las prospectivas, que buscan reducir el riesgo que puede darse a futuro; las correctivas, que minimizan el riesgo existente; y las compensatorias, que es c\u00f3mo se reacciona una vez ya sucedi\u00f3 el fen\u00f3meno. En la regi\u00f3n, pese a las m\u00faltiples alertas, \u201cel 78% de la inversi\u00f3n se va a responder tras el desastre\u201d, dice el experto, cuando \u201cse estima que es entre cuatro y siete veces m\u00e1s caro reaccionar que prevenir\u201d.<\/p>\n<p class=\"\">Los n\u00fameros tampoco cuadran para lo recibido a trav\u00e9s de la<a href=\"https:\/\/elpais.com\/internacional\/2025-02-03\/el-futuro-de-usaid-la-mayor-agencia-de-cooperacion-al-desarrollo-del-mundo-en-el-aire.html\" target=\"_blank\" rel=\"noopener\" data-link-track-dtm=\"\" data-mrf-link=\"https:\/\/elpais.com\/internacional\/2025-02-03\/el-futuro-de-usaid-la-mayor-agencia-de-cooperacion-al-desarrollo-del-mundo-en-el-aire.html\">\u00a0cooperaci\u00f3n para el desarrollo:<\/a>\u00a0en el periodo entre 2005 y 2021, menos del 1% de estos recursos se destinaron a acciones que evitan o reducen el riesgo. \u201cEs un dato importante a tener en cuenta ahora que la inversi\u00f3n y la\u00a0<a href=\"https:\/\/elpais.com\/us\/2025-01-31\/incertidumbre-y-miedo-en-la-cooperacion-al-desarrollo-ante-la-congelacion-de-los-fondos-de-usaid-es-una-medida-racista.html\" target=\"_blank\" rel=\"noopener\" data-link-track-dtm=\"\" data-mrf-link=\"https:\/\/elpais.com\/us\/2025-01-31\/incertidumbre-y-miedo-en-la-cooperacion-al-desarrollo-ante-la-congelacion-de-los-fondos-de-usaid-es-una-medida-racista.html\">cooperaci\u00f3n para el desarrollo\u00a0<\/a>est\u00e1n siendo reevaluadas\u201d, explica Arenas. Y agrega, adem\u00e1s, que hoy m\u00e1s que nunca \u201cse precisa m\u00e1s y no menos acci\u00f3n clim\u00e1tica\u201d, ya que \u201cel 75% de los desastres tienen un origen clim\u00e1tico\u201d.<\/p>\n<p>&nbsp;<\/p>\n<figure class=\"a_m a_m-h \">\n<p><div style=\"width: 424px\" class=\"wp-caption alignnone\"><img loading=\"lazy\" decoding=\"async\" class=\"_re lazyload a_m-h\" src=\"https:\/\/imagenes.elpais.com\/resizer\/v2\/DUYHBUKS7VDC3E6WUHRDG5GMKY.jpg?auth=8efd556d70dce8d9d19187da27844359a26a7b479d3ca2f84f031cf4ab4b287b&amp;width=414\" sizes=\"auto, (min-width:1199px) 1155px,(min-width:1001px) calc(100vw - 44px),(min-width:768px) 767px, 100vw\" srcset=\"https:\/\/imagenes.elpais.com\/resizer\/v2\/DUYHBUKS7VDC3E6WUHRDG5GMKY.jpg?auth=8efd556d70dce8d9d19187da27844359a26a7b479d3ca2f84f031cf4ab4b287b&amp;width=414 414w,https:\/\/imagenes.elpais.com\/resizer\/v2\/DUYHBUKS7VDC3E6WUHRDG5GMKY.jpg?auth=8efd556d70dce8d9d19187da27844359a26a7b479d3ca2f84f031cf4ab4b287b&amp;width=828 640w,https:\/\/imagenes.elpais.com\/resizer\/v2\/DUYHBUKS7VDC3E6WUHRDG5GMKY.jpg?auth=8efd556d70dce8d9d19187da27844359a26a7b479d3ca2f84f031cf4ab4b287b&amp;width=980 1000w,https:\/\/imagenes.elpais.com\/resizer\/v2\/DUYHBUKS7VDC3E6WUHRDG5GMKY.jpg?auth=8efd556d70dce8d9d19187da27844359a26a7b479d3ca2f84f031cf4ab4b287b&amp;width=1960 1960w\" alt=\"Jes\u00fas Hern\u00e1ndez con su nieta Angelina en una calle inundada tras el paso del hurac\u00e1n Helene en Batabano, provincia de Mayabeque, Cuba, el 26 de septiembre del 2024\" width=\"414\" height=\"276\" \/><p class=\"wp-caption-text\">Jes\u00fas Hern\u00e1ndez con su nieta Angelina en una calle inundada tras el paso del hurac\u00e1n Helene en Batabano, Cuba, en septiembre de 2024. Ramon Espinosa (AP)<\/p><\/div><figcaption class=\"a_m_p\"><\/figcaption><\/figure>\n<p>&nbsp;<\/p>\n<p class=\"\">En pocas palabras, la regi\u00f3n no est\u00e1 invirtiendo para lo que tendr\u00e1 que enfrentar. Ni siquiera para lo que ya enfrenta. El costo para recuperarse del golpe que dej\u00f3 el hurac\u00e1n Mar\u00eda en la isla Dominica, por ejemplo, fue mayor que su propio PIB, y a lo largo del Caribe se repiten las historias de pa\u00edses que, a\u00fan endeudados y poniendo las primeras piedras para recuperarse, vuelven a vivir un hurac\u00e1n, una inundaci\u00f3n, un desastre.<\/p>\n<p class=\"\">Las inversiones, entonces, deben ser m\u00e1s inteligentes. Claro, tanto los pa\u00edses como la cooperaci\u00f3n deben asignar m\u00e1s plata para el manejo de desastres, sobre todo en acciones preventivas. Pero como dice Arenas, cada una de las inversiones p\u00fablicas que se hagan a partir de hoy en Am\u00e9rica Latina y el Caribe, una regi\u00f3n en la primera l\u00ednea de la crisis clim\u00e1tica, deben estar informadas frente al riesgo. Un hospital que se construya sin pensar en esto, ser\u00e1 un hospital que se tendr\u00e1 que reconstruir una y mil veces: aumentando los costos y perjudicando a las personas.<\/p>\n<p class=\"\">Tambi\u00e9n, recomienda el informe, se deben potenciar dos cosas. Primero, los sistemas de alerta temprana multiamenazas que \u201cpueden reducir el impacto econ\u00f3mico en un 30% y disminuir por ocho la mortalidad\u201d. Y, segundo, fortalecer la resiliencia de las finanzas p\u00fablicas con herramientas como los seguros. Mientras los pa\u00edses a los que se les llama en desarrollo solo tienen seguros sobre el 5% de las p\u00e9rdidas por desastre, en los pa\u00edses desarrollados la cifra llega a 40%.<\/p>\n<p class=\"\">Y es que no importa qui\u00e9n sea el presidente de un pa\u00eds o el l\u00edder de una regi\u00f3n. \u201cAs\u00ed digas que el cambio clim\u00e1tico es antropog\u00e9nico o no, el desastre, cuando llega, llega\u201d, recuerda Arenas. Para ese momento, precisamente, es que no parece estar preparada la regi\u00f3n.<\/p>\n","protected":false},"excerpt":{"rendered":"<p>&nbsp; &#8211; Naciones Unidas presenta su \u00faltimo Informe de Evaluaci\u00f3n Regional sobre el Riesgo de Desastres para la regi\u00f3n &nbsp; Inundaciones\u00a0en el sur de Brasil\u00a0que&hellip;<\/p>\n","protected":false},"author":99,"featured_media":528229,"comment_status":"open","ping_status":"open","sticky":false,"template":"","format":"standard","meta":{"footnotes":""},"categories":[23],"tags":[],"class_list":["post-528228","post","type-post","status-publish","format-standard","has-post-thumbnail","hentry","category-latinoamerica"],"_links":{"self":[{"href":"https:\/\/diarioelpopular.com\/index.php\/wp-json\/wp\/v2\/posts\/528228","targetHints":{"allow":["GET"]}}],"collection":[{"href":"https:\/\/diarioelpopular.com\/index.php\/wp-json\/wp\/v2\/posts"}],"about":[{"href":"https:\/\/diarioelpopular.com\/index.php\/wp-json\/wp\/v2\/types\/post"}],"author":[{"embeddable":true,"href":"https:\/\/diarioelpopular.com\/index.php\/wp-json\/wp\/v2\/users\/99"}],"replies":[{"embeddable":true,"href":"https:\/\/diarioelpopular.com\/index.php\/wp-json\/wp\/v2\/comments?post=528228"}],"version-history":[{"count":1,"href":"https:\/\/diarioelpopular.com\/index.php\/wp-json\/wp\/v2\/posts\/528228\/revisions"}],"predecessor-version":[{"id":528230,"href":"https:\/\/diarioelpopular.com\/index.php\/wp-json\/wp\/v2\/posts\/528228\/revisions\/528230"}],"wp:featuredmedia":[{"embeddable":true,"href":"https:\/\/diarioelpopular.com\/index.php\/wp-json\/wp\/v2\/media\/528229"}],"wp:attachment":[{"href":"https:\/\/diarioelpopular.com\/index.php\/wp-json\/wp\/v2\/media?parent=528228"}],"wp:term":[{"taxonomy":"category","embeddable":true,"href":"https:\/\/diarioelpopular.com\/index.php\/wp-json\/wp\/v2\/categories?post=528228"},{"taxonomy":"post_tag","embeddable":true,"href":"https:\/\/diarioelpopular.com\/index.php\/wp-json\/wp\/v2\/tags?post=528228"}],"curies":[{"name":"wp","href":"https:\/\/api.w.org\/{rel}","templated":true}]}}