{"id":528262,"date":"2025-02-06T10:47:27","date_gmt":"2025-02-06T14:47:27","guid":{"rendered":"https:\/\/diarioelpopular.com\/?p=528262"},"modified":"2025-02-06T10:47:27","modified_gmt":"2025-02-06T14:47:27","slug":"debe-la-bandera-mexicana-ondear-en-las-protestas-contra-trump","status":"publish","type":"post","link":"https:\/\/diarioelpopular.com\/index.php\/2025\/02\/06\/debe-la-bandera-mexicana-ondear-en-las-protestas-contra-trump\/","title":{"rendered":"\u00bfDebe la bandera mexicana ondear en las protestas contra Trump?"},"content":{"rendered":"<div id=\"attachment_528263\" style=\"width: 1210px\" class=\"wp-caption alignnone\"><img loading=\"lazy\" decoding=\"async\" aria-describedby=\"caption-attachment-528263\" class=\"wp-image-528263 size-custom-big-size\" src=\"https:\/\/diarioelpopular.com\/wp-content\/uploads\/2025\/02\/Screen-Shot-2025-02-06-at-9.46.32-AM-1200x803.png\" alt=\"\" width=\"1200\" height=\"803\" srcset=\"https:\/\/diarioelpopular.com\/wp-content\/uploads\/2025\/02\/Screen-Shot-2025-02-06-at-9.46.32-AM-1200x803.png 1200w, https:\/\/diarioelpopular.com\/wp-content\/uploads\/2025\/02\/Screen-Shot-2025-02-06-at-9.46.32-AM-300x201.png 300w, https:\/\/diarioelpopular.com\/wp-content\/uploads\/2025\/02\/Screen-Shot-2025-02-06-at-9.46.32-AM-768x514.png 768w, https:\/\/diarioelpopular.com\/wp-content\/uploads\/2025\/02\/Screen-Shot-2025-02-06-at-9.46.32-AM-636x426.png 636w, https:\/\/diarioelpopular.com\/wp-content\/uploads\/2025\/02\/Screen-Shot-2025-02-06-at-9.46.32-AM-80x55.png 80w, https:\/\/diarioelpopular.com\/wp-content\/uploads\/2025\/02\/Screen-Shot-2025-02-06-at-9.46.32-AM-109x73.png 109w, https:\/\/diarioelpopular.com\/wp-content\/uploads\/2025\/02\/Screen-Shot-2025-02-06-at-9.46.32-AM.png 1024w\" sizes=\"auto, (max-width: 1200px) 100vw, 1200px\" \/><p id=\"caption-attachment-528263\" class=\"wp-caption-text\">Un par de manifestantes ondean sus banderas en una protesta en Los \u00c1ngeles, California, el pasado 3 de febrero.\u00a0 \u00a0 \u00a0 \u00a0 \u00a0 \u00a0 \u00a0 \u00a0 \u00a0 \u00a0 \u00a0Daniel Cole (REUTERS)<\/p><\/div>\n<p>&nbsp;<\/p>\n<p>&nbsp;<\/p>\n<h4 class=\"a_st\"><em>&#8211; Una nueva generaci\u00f3n de activistas debate en las redes sobre si la presencia del s\u00edmbolo beneficia o no en la lucha contra las medidas del republicano<\/em><\/h4>\n<p>&nbsp;<\/p>\n<p class=\"\">Cuarto d\u00eda consecutivo de protestas en Estados Unidos. Cientos de personas han marchado este mi\u00e9rcoles en las calles de Phoenix, Denver, Washington D.C. y Los \u00c1ngeles, entre otras ciudades, en\u00a0<a href=\"https:\/\/elpais.com\/us\/2025-02-04\/la-ofensiva-de-trump-contra-los-migrantes-calienta-las-calles-de-estados-unidos.html\" target=\"_blank\" rel=\"noopener\" data-link-track-dtm=\"\" data-mrf-link=\"https:\/\/elpais.com\/us\/2025-02-04\/la-ofensiva-de-trump-contra-los-migrantes-calienta-las-calles-de-estados-unidos.html\">repudio a las pol\u00edticas de Donald Trump<\/a>. Entre las pancartas contra el republicano y las consignas que se gritan, hay una presencia invariable en las manifestaciones: la bandera de M\u00e9xico. Ondeando en varias de las principales ciudades del pa\u00eds, la insignia ha recuperado un viejo debate en los nuevos tiempos de miedo y xenofobia promovidos por la Casa Blanca. \u00bfEs esta ben\u00e9fica o contraproducente para quienes se manifiestan contra el trumpismo?<\/p>\n<p class=\"\">Los principales ataques han llegado de la prensa aliada de Trump. \u201cLa polic\u00eda de Los \u00c1ngeles entrega las calles a los manifestantes con banderas mexicanas\u201d, dec\u00eda Breitbart esta semana en una historia en la que mostraba su decepci\u00f3n ante la pasividad de las autoridades locales ante las protestas.<\/p>\n<p class=\"\">Otro medio radical,<i>\u00a0The Washington Examiner<\/i>, calific\u00f3 las marchas de \u201cproinmigraci\u00f3n ilegal\u201d. \u201cEvidentemente, la mejor forma que se les ha ocurrido para convencer a la gente de que los inmigrantes ilegales deben ser estadounidenses porque hacen mejor este pa\u00eds es ondear una bandera de una naci\u00f3n extranjera\u00a0<a href=\"https:\/\/elpais.com\/mexico\/2025-01-09\/fentanilo-la-clave-de-la-guerra-y-de-la-paz-entre-estados-unidos-y-mexico.html\" target=\"_blank\" rel=\"noopener\" data-link-track-dtm=\"\" data-mrf-link=\"https:\/\/elpais.com\/mexico\/2025-01-09\/fentanilo-la-clave-de-la-guerra-y-de-la-paz-entre-estados-unidos-y-mexico.html\">que est\u00e1 exportando fentanilo<\/a>\u00a0y narcotraficantes a trav\u00e9s de la frontera\u201d, se\u00f1alaba uno de sus analistas.<\/p>\n<p class=\"\">El columnista, Zachary Faria, obviaba el hecho de que muchos de los manifestantes que est\u00e1n saliendo a las calles son ciudadanos estadounidenses. Las convocatorias a las marchas, difundidas y viralizadas en las redes sociales, piden a los sin papeles quedarse en casa para no exponerse a ser detenidos en una redada masiva. Las protestas tienen nutridos grupos de inmigrantes de segunda o tercera generaci\u00f3n.<\/p>\n<p class=\"\">No solo la derecha radical ha subrayado la presencia de las banderas. \u201c\u00bfEn serio crees que ondeando miles de banderas de M\u00e9xico, Honduras, Guatemala, El Salvador o Venezuela en medio de ciudades de Estados Unidos va a cambiar la opini\u00f3n p\u00fablica a favor de nuestra gente?\u201c, preguntaba recientemente el\u00a0<i>influencer<\/i>\u00a0Carlos Eduardo Espina a sus 12 millones de seguidores en TikTok. \u201dVa a generar opini\u00f3n negativa. La persona promedio en este pa\u00eds va a pensar qu\u00e9 carajos est\u00e1 pasando&#8221;, asegur\u00f3\u00a0<a href=\"https:\/\/www.tiktok.com\/t\/ZP8YMwqb7\/\" target=\"_blank\" rel=\"noopener\" data-link-track-dtm=\"\" data-mrf-link=\"https:\/\/www.tiktok.com\/t\/ZP8YMwqb7\/\">en un video con m\u00e1s de 100.000 likes<\/a>\u00a0y 13.000 comentarios.<\/p>\n<p class=\"\">Los dichos de Espina, un activista por los derechos de los inmigrantes radicado en Texas, impulsaron una discusi\u00f3n. \u201cLa gente ha salido con sus banderas es porque sienten que su cultura ha sido atacada&#8230; Estos j\u00f3venes, hijos de padres mexicanos, est\u00e1n respondiendo porque Trump y la supremac\u00eda blanca los quiere deportar, quiere eliminar esas culturas de este pa\u00eds\u201d, respondi\u00f3 Danny D\u00edaz, un mexicoamericano que vive en la frontera de Texas con M\u00e9xico.<\/p>\n<p>&nbsp;<\/p>\n<figure class=\"a_m a_m-h \">\n<p><div style=\"width: 424px\" class=\"wp-caption alignnone\"><img loading=\"lazy\" decoding=\"async\" class=\"_re lazyload a_m-h\" src=\"https:\/\/imagenes.elpais.com\/resizer\/v2\/YIG63356TWTLSXVAO76SW7UFTA.jpg?auth=7cd2039904b85f8ac28d0c88dde1cbfdbe2a31b948bc19043c2c98e5144b9307&amp;width=414\" sizes=\"auto, (min-width:1199px) 1155px,(min-width:1001px) calc(100vw - 44px),(min-width:768px) 767px, 100vw\" srcset=\"https:\/\/imagenes.elpais.com\/resizer\/v2\/YIG63356TWTLSXVAO76SW7UFTA.jpg?auth=7cd2039904b85f8ac28d0c88dde1cbfdbe2a31b948bc19043c2c98e5144b9307&amp;width=414 414w,https:\/\/imagenes.elpais.com\/resizer\/v2\/YIG63356TWTLSXVAO76SW7UFTA.jpg?auth=7cd2039904b85f8ac28d0c88dde1cbfdbe2a31b948bc19043c2c98e5144b9307&amp;width=828 640w,https:\/\/imagenes.elpais.com\/resizer\/v2\/YIG63356TWTLSXVAO76SW7UFTA.jpg?auth=7cd2039904b85f8ac28d0c88dde1cbfdbe2a31b948bc19043c2c98e5144b9307&amp;width=980 1000w,https:\/\/imagenes.elpais.com\/resizer\/v2\/YIG63356TWTLSXVAO76SW7UFTA.jpg?auth=7cd2039904b85f8ac28d0c88dde1cbfdbe2a31b948bc19043c2c98e5144b9307&amp;width=1960 1960w\" alt=\"Manifestantes caminan en una de las autopistas de Los \u00c1ngeles, el domingo 2 de febrero. \" width=\"414\" height=\"277\" \/><p class=\"wp-caption-text\">Manifestantes caminan en una de las autopistas de Los \u00c1ngeles, el domingo 2 de febrero.Joel Angel Juarez (REUTERS)<\/p><\/div><figcaption class=\"a_m_p\"><\/figcaption><\/figure>\n<p>&nbsp;<\/p>\n<p class=\"\">Al menos en el sur de Estados Unidos, la bandera mexicana guarda un simbolismo hist\u00f3rico. David Correia, un profesor de Estudios Americanos de la Universidad de Nuevo M\u00e9xico, la considera un s\u00edmbolo de resistencia desde finales del siglo XIX. En 1848, M\u00e9xico perdi\u00f3 una tercera parte de su territorio en la guerra contra Estados Unidos. El tratado resultante del conflicto, el Guadalupe Hidalgo, contemplaba que los mexicanos de Nuevo M\u00e9xico, Arizona y California ser\u00edan reconocidos como ciudadanos estadounidenses. La promesa no fue cumplida. Muchos fueron v\u00edctimas de expropiaciones ilegales de tierra y de discriminaci\u00f3n.<\/p>\n<p class=\"\">Los grupos de nuevos activistas, m\u00e1s j\u00f3venes, se han enfrentado al mismo dilema que defensores de derechos humanos tuvieron por d\u00e9cadas, el uso de la bandera en un clima cultural antiinmigrante y antimexicano. Con 37, 2 millones, los mexicanos son el grupo m\u00e1s grande entre los hispanos que radican en Estados Unidos. Tan solo en el condado de Los \u00c1ngeles viven unos 3,2 millones de mexicoamericanos.<\/p>\n<p class=\"\">Uno de estos, Fernando Ayala, originario del Estado de Michoac\u00e1n, vend\u00eda este mi\u00e9rcoles banderas frente al Ayuntamiento de Los \u00c1ngeles, la zona que se ha convertido en el epicentro de las protestas contra Trump en la ciudad californiana. \u201cTodos somos seres humanos y necesitamos igualdad y respeto\u201d, asegur\u00f3 el vendedor callejero, quien dejaba sus banderas a mitad de precio a los estudiantes. Ped\u00eda por ellas entre 5 y 40 d\u00f3lares, dependiendo el tama\u00f1o. Otro vendedor, Cristian, guatemalteco, ofrec\u00eda su bandera m\u00e1s grande hasta en los 100 d\u00f3lares. En su carrito llevaba insignias de Guatemala, El Salvador y Estados Unidos.<\/p>\n<h2 class=\"\">Orgullo por la identidad<\/h2>\n<p class=\"\">El diplom\u00e1tico Carlos Gonz\u00e1lez Guti\u00e9rrez, el c\u00f3nsul de M\u00e9xico en Los \u00c1ngeles, cree que es un error abordar el problema en si los manifestantes muestran alianza o no a Estados Unidos con el uso de otras banderas. \u201cEs un s\u00edmbolo de la cultura que les da identidad y de las ra\u00edces de donde provienen, pero ellos son, en lo fundamental, ciudadanos estadounidenses que han vivido toda su vida en este pa\u00eds y que no tienen ninguna necesidad de irse nunca de su pa\u00eds. Cargan con esas banderas por hacer expl\u00edcito el orgullo por su identidad\u201d, se\u00f1ala.<\/p>\n<p class=\"\">Las banderas mexicanas tambi\u00e9n ondearon a manera de protesta en la primera presidencia de Trump. Pero hay que remontarse\u00a0<a href=\"https:\/\/elpais.com\/us\/2024-10-17\/el-despertar-politico-de-los-latinos-en-california-cumple-30-anos.html\" target=\"_blank\" rel=\"noopener\" data-link-track-dtm=\"\" data-mrf-link=\"https:\/\/elpais.com\/us\/2024-10-17\/el-despertar-politico-de-los-latinos-en-california-cumple-30-anos.html\">a 1994 para encontrar otro momento de gran peso pol\u00edtico<\/a>. El 16 de octubre, miles de personas sacaron la insignia tricolor a las calles de Los \u00c1ngeles para repudiar la Proposici\u00f3n 187, promovida por el gobernador Pete Wilson. Esta negaba a los indocumentados y a sus hijos el acceso a los servicios p\u00fablicos de salud y educaci\u00f3n, entre otros muy importantes, como las licencias para conducir. La medida fue aprobada en las urnas por los californianos, pero fue derribada por los tribunales.<\/p>\n<p class=\"\">D\u00e9cadas despu\u00e9s, aquella serie de movilizaciones son consideradas el despertar pol\u00edtico de los latinos en California. Los \u00c1ngeles es hoy, junto a otras muchas ciudades, un oasis en la protecci\u00f3n a los indocumentados. Pero su pasado de persecuci\u00f3n a las minor\u00edas es largo.<\/p>\n<p class=\"\">Durante la Segunda Guerra Mundial, las juventudes latinas que vest\u00edan los llamados trajes\u00a0<i>zoot<\/i>, ropas holgadas tomadas de las comunidades negras, eran mal vistas por los blancos. Para ellos, vestir as\u00ed era un exceso y un s\u00edmbolo antipatri\u00f3tico. Las tensiones\u00a0<a href=\"https:\/\/elpais.com\/eps\/2023-07-22\/los-pachucos-los-ultimos-dandis-de-mexico.html\" target=\"_blank\" rel=\"noopener\" data-link-track-dtm=\"\" data-mrf-link=\"https:\/\/elpais.com\/eps\/2023-07-22\/los-pachucos-los-ultimos-dandis-de-mexico.html\">entre los grupos hispanos, conocidos como pachucos<\/a>, y los angelinos blancos, especialmente quienes hac\u00edan su servicio militar, hizo ebullici\u00f3n en el verano de 1943.<\/p>\n<p class=\"\">Se registraron entonces varios ataques a j\u00f3venes chicanos, quienes eran golpeados e insultados por sus ropas. La polic\u00eda toleraba muchas de estas golpizas. Cuando interven\u00eda, era para detener a las v\u00edctimas. Al episodio se le conoce en la historia local como los disturbios de los\u00a0<i>Zoot Suits<\/i>. Ochenta a\u00f1os m\u00e1s tarde, la ropa ya no provoca pol\u00e9mica. Las banderas s\u00ed.<\/p>\n","protected":false},"excerpt":{"rendered":"<p>&nbsp; &nbsp; &#8211; Una nueva generaci\u00f3n de activistas debate en las redes sobre si la presencia del s\u00edmbolo beneficia o no en la lucha contra&hellip;<\/p>\n","protected":false},"author":99,"featured_media":528263,"comment_status":"open","ping_status":"open","sticky":false,"template":"","format":"standard","meta":{"footnotes":""},"categories":[23],"tags":[],"class_list":["post-528262","post","type-post","status-publish","format-standard","has-post-thumbnail","hentry","category-latinoamerica"],"_links":{"self":[{"href":"https:\/\/diarioelpopular.com\/index.php\/wp-json\/wp\/v2\/posts\/528262","targetHints":{"allow":["GET"]}}],"collection":[{"href":"https:\/\/diarioelpopular.com\/index.php\/wp-json\/wp\/v2\/posts"}],"about":[{"href":"https:\/\/diarioelpopular.com\/index.php\/wp-json\/wp\/v2\/types\/post"}],"author":[{"embeddable":true,"href":"https:\/\/diarioelpopular.com\/index.php\/wp-json\/wp\/v2\/users\/99"}],"replies":[{"embeddable":true,"href":"https:\/\/diarioelpopular.com\/index.php\/wp-json\/wp\/v2\/comments?post=528262"}],"version-history":[{"count":1,"href":"https:\/\/diarioelpopular.com\/index.php\/wp-json\/wp\/v2\/posts\/528262\/revisions"}],"predecessor-version":[{"id":528264,"href":"https:\/\/diarioelpopular.com\/index.php\/wp-json\/wp\/v2\/posts\/528262\/revisions\/528264"}],"wp:featuredmedia":[{"embeddable":true,"href":"https:\/\/diarioelpopular.com\/index.php\/wp-json\/wp\/v2\/media\/528263"}],"wp:attachment":[{"href":"https:\/\/diarioelpopular.com\/index.php\/wp-json\/wp\/v2\/media?parent=528262"}],"wp:term":[{"taxonomy":"category","embeddable":true,"href":"https:\/\/diarioelpopular.com\/index.php\/wp-json\/wp\/v2\/categories?post=528262"},{"taxonomy":"post_tag","embeddable":true,"href":"https:\/\/diarioelpopular.com\/index.php\/wp-json\/wp\/v2\/tags?post=528262"}],"curies":[{"name":"wp","href":"https:\/\/api.w.org\/{rel}","templated":true}]}}