{"id":528266,"date":"2025-02-06T10:55:23","date_gmt":"2025-02-06T14:55:23","guid":{"rendered":"https:\/\/diarioelpopular.com\/?p=528266"},"modified":"2025-02-06T10:55:23","modified_gmt":"2025-02-06T14:55:23","slug":"dina-boluarte-renueva-el-gabinete-de-peru-por-septima-vez-en-dos-anos","status":"publish","type":"post","link":"https:\/\/diarioelpopular.com\/index.php\/2025\/02\/06\/dina-boluarte-renueva-el-gabinete-de-peru-por-septima-vez-en-dos-anos\/","title":{"rendered":"Dina Boluarte renueva el gabinete de Per\u00fa por s\u00e9ptima vez en dos a\u00f1os"},"content":{"rendered":"<div id=\"attachment_528267\" style=\"width: 1210px\" class=\"wp-caption alignnone\"><img loading=\"lazy\" decoding=\"async\" aria-describedby=\"caption-attachment-528267\" class=\"wp-image-528267 size-custom-big-size\" src=\"https:\/\/diarioelpopular.com\/wp-content\/uploads\/2025\/02\/Screen-Shot-2025-02-06-at-9.54.45-AM-1200x805.png\" alt=\"\" width=\"1200\" height=\"805\" srcset=\"https:\/\/diarioelpopular.com\/wp-content\/uploads\/2025\/02\/Screen-Shot-2025-02-06-at-9.54.45-AM-1200x805.png 1200w, https:\/\/diarioelpopular.com\/wp-content\/uploads\/2025\/02\/Screen-Shot-2025-02-06-at-9.54.45-AM-300x201.png 300w, https:\/\/diarioelpopular.com\/wp-content\/uploads\/2025\/02\/Screen-Shot-2025-02-06-at-9.54.45-AM-768x515.png 768w, https:\/\/diarioelpopular.com\/wp-content\/uploads\/2025\/02\/Screen-Shot-2025-02-06-at-9.54.45-AM-636x427.png 636w, https:\/\/diarioelpopular.com\/wp-content\/uploads\/2025\/02\/Screen-Shot-2025-02-06-at-9.54.45-AM-80x55.png 80w, https:\/\/diarioelpopular.com\/wp-content\/uploads\/2025\/02\/Screen-Shot-2025-02-06-at-9.54.45-AM-109x73.png 109w, https:\/\/diarioelpopular.com\/wp-content\/uploads\/2025\/02\/Screen-Shot-2025-02-06-at-9.54.45-AM.png 1024w\" sizes=\"auto, (max-width: 1200px) 100vw, 1200px\" \/><p id=\"caption-attachment-528267\" class=\"wp-caption-text\">Dina Boluarte en el Palacio de Gobierno en Lima (Per\u00fa, el 29 de enero. John Reyes Mej\u00eda (EFE)<\/p><\/div>\n<p>&nbsp;<\/p>\n<p>&nbsp;<\/p>\n<h4 class=\"a_st\"><em>En su af\u00e1n de mejorar su p\u00e9sima imagen, la presidente nombra a nuevos titulares en las carteras de Econom\u00eda, Desarrollo e Inclusi\u00f3n Social y Mujer<\/em><\/h4>\n<p>&nbsp;<\/p>\n<p class=\"\">La jefa de Estado, Dina Boluarte,\u00a0<a href=\"https:\/\/www.infobae.com\/peru\/2025\/02\/01\/ministros-gozan-de-la-confianza-de-la-dina-boluarte-adrianzen-ratifica-confianza-pero-la-presidencia-anuncia-cambios-en-el-gabinete\/\" target=\"_blank\" rel=\"noopener\" data-link-track-dtm=\"\" data-mrf-link=\"https:\/\/www.infobae.com\/peru\/2025\/02\/01\/ministros-gozan-de-la-confianza-de-la-dina-boluarte-adrianzen-ratifica-confianza-pero-la-presidencia-anuncia-cambios-en-el-gabinete\/\">dej\u00f3 en fuera de juego a su primer ministro<\/a>, Gustavo Adrianz\u00e9n. El \u00faltimo viernes, abogado afirm\u00f3 que no habr\u00eda cambios ministeriales, pero tan solo algunas horas despu\u00e9s, la sucesora de Pedro Castillo convoc\u00f3 a la prensa a Palacio de Gobierno para anunciar a tres nuevas piezas en el gabinete.<\/p>\n<p class=\"\">Se trata de los ingresos de Jos\u00e9 Antonio Salardi Rodr\u00edguez (Econom\u00eda y Finanzas), Fanny Esther Montellanos Carbajal (Mujer y Poblaciones Vulnerables) y el retorno de la exministra de Cultura Leslie Urteaga Pe\u00f1a (Ministerio de Desarrollo e Inclusi\u00f3n Social).<\/p>\n<p class=\"\">Si bien no es una novedad para la inestable pol\u00edtica peruana, se trata del s\u00e9ptimo cambio de ministros desde que Boluarte asumi\u00f3 el poder en diciembre de 2022. Si el destape de<a href=\"https:\/\/elpais.com\/america\/2024-04-28\/rolexgate-el-caso-contra-dina-boluarte-por-posesion-de-relojes-y-joyas-que-hace-tambalear-a-peru.html\" data-link-track-dtm=\"\" data-mrf-link=\"https:\/\/elpais.com\/america\/2024-04-28\/rolexgate-el-caso-contra-dina-boluarte-por-posesion-de-relojes-y-joyas-que-hace-tambalear-a-peru.html\">\u00a0sus relojes de alta gama<\/a>\u00a0signific\u00f3 la remoci\u00f3n de seis ministros en abril del a\u00f1o pasado, esta vez la presidente afronta el esc\u00e1ndalo de las conservas de caballo del programa social Qali Warma con tres movimientos en su tablero. Como se recuerda, la Unidad de Investigaci\u00f3n de Latina Noticias revel\u00f3 una presunta red de corrupci\u00f3n detr\u00e1s de la intoxicaci\u00f3n masiva de ni\u00f1os de bajos recursos que reciben un desayuno gratuito del Estado.<\/p>\n<p class=\"\">Aquella red involucra al portavoz de la presidente: Fredy Hern\u00e1n Hinojosa Angulo. Seg\u00fan las pesquisas fiscales y las investigaciones period\u00edsticas, los negociados que favorecieron a la empresa Frigoinca sucedieron cuando Hinojosa era el director de Qali Warma \u2014hoy rebautizado como Wasi Mikuna\u2014 y Boluarte se encontraba al frente del Midis, el ministerio del que depende dicho programa social.<\/p>\n<p class=\"\">El caso se agrav\u00f3 no solo cuando se obtuvo evidencia de que varios lotes de conservas que se les repartieron a los ni\u00f1os m\u00e1s pobres del Per\u00fa conten\u00edan carne de caballo o carne de pollo y res en mal estado, sino cuando el principal cabecilla fue hallado sin vida en un cuarto de hotel.<\/p>\n<p class=\"\">El 25 de diciembre, Nilo Burga Malca, el presidente del directorio de Frigoinca, yac\u00eda sobre una cama, desangrado, con profundos en el cuello, el t\u00f3rax y la mano izquierda. En un inicio, su abogado dijo que hab\u00eda sido un suicidio, pero su teor\u00eda fue desestimada por antrop\u00f3logos forenses quienes indicaron que sobraban elementos en la escena del crimen para afirmar que hab\u00eda sido un asesinato.<\/p>\n<p class=\"\">Hace poco, Julio Demartini, todav\u00eda ministro de Desarrollo e Inclusi\u00f3n Social, a quien se le abri\u00f3 una investigaci\u00f3n fiscal por las conservas adulteradas, hizo una solicitud al Ministerio del Interior para que se reforzara su seguridad personal. El motivo: en un reportaje del programa televisivo Cuarto Poder se dieron a conocer unos audios donde un presunto emisario de Dina Boluarte dej\u00f3 entrever que la mandataria quer\u00eda atentar contra su vida. \u201cLa t\u00eda quiere reestructurar todo, limpiar todo. Desaparecer a Demartini\u201d, se escucha en un fragmento. Se trataba de un caso ins\u00f3lito: un ministro ped\u00eda garant\u00edas al Estado para protegerse de su presidente.<\/p>\n<p class=\"\">La continuidad de Demartini ten\u00eda las horas contadas. Y en efecto, fue uno de los ministros salientes. A las diez de la noche, mientras comenzaba la ceremonia de toma de juramento en Palacio, Demartini se despidi\u00f3 de su cargo en sus redes sociales. \u201cConvers\u00e9 con la se\u00f1ora presidente Dina Boluarte y coincidimos en un cambio en la conducci\u00f3n del sector. Me retiro con la frente en alto, con la convicci\u00f3n de haber trabajado por los m\u00e1s vulnerables y combatiendo con determinaci\u00f3n la corrupci\u00f3n\u201d, dijo, dando a entender que su salida se hab\u00eda por mutuo acuerdo y en los mejores t\u00e9rminos.<\/p>\n<p class=\"\">Sobre el enga\u00f1o de las conservas en mal estado, ni una palabra. M\u00e1s bien tuvo palabras de autobombo y se refiri\u00f3 al programa social bajo su nuevo nombre, estrategia que utiliz\u00f3 para dejar atr\u00e1s el desprestigio y la ola de cr\u00edticas. \u201cTransformamos el programa de alimentaci\u00f3n escolar con la creaci\u00f3n de Wasi Mikuna, que marcar\u00e1 un antes y un despu\u00e9s en una buena alimentaci\u00f3n de m\u00e1s de 4 millones de ni\u00f1as y ni\u00f1os en el pa\u00eds\u201d.<\/p>\n<p class=\"\">El s\u00e9ptimo cambio de ministros confirma que la presidente Boluarte tiene en una alta estima a Juan Jos\u00e9 Santiv\u00e1\u00f1ez, el cuestionado ministro del Interior. El abogado no solo no ha podido contener la alt\u00edsima tasa de criminalidad, sino que en el \u00faltimo tiempo ha presentado como extorsionadores a ciudadanos inocentes. Uno de ellos, Juan Antonio Garc\u00eda Flores, incluso era un agraviado. Otro es un sereno de la Municipalidad de Lima. Ambos le han enviado cartas notariales al ministro para que se rectifique p\u00fablicamente.<\/p>\n<p class=\"\"><a href=\"https:\/\/elpais.com\/america\/2025-01-17\/la-fiscalia-exige-a-boluarte-el-parte-medico-que-justifique-su-ausencia-del-cargo-por-la-rinoplastia.html\" data-link-track-dtm=\"\" data-mrf-link=\"https:\/\/elpais.com\/america\/2025-01-17\/la-fiscalia-exige-a-boluarte-el-parte-medico-que-justifique-su-ausencia-del-cargo-por-la-rinoplastia.html\">La presidente Dina Boluarte<\/a>\u00a0pretende capear el temporal con tres nuevos ministros. \u00daltimamente ha sido muy criticada por sus declaraciones en el Foro Econ\u00f3mico Mundial en Suiza, donde sostuvo que \u201cel Per\u00fa ahora es un pa\u00eds que ha recuperado su tranquilidad pol\u00edtica, econ\u00f3mica y social\u201d, y tambi\u00e9n por c\u00f3mo se ha defendido de la operaci\u00f3n a la nariz que se practic\u00f3 en secreto: \u201cVengo sufriendo a\u00f1os de rinitis cr\u00f3nica [\u2026] Utilic\u00e9 mis horas de sue\u00f1o, como cualquier mortal\u201d.<\/p>\n","protected":false},"excerpt":{"rendered":"<p>&nbsp; &nbsp; En su af\u00e1n de mejorar su p\u00e9sima imagen, la presidente nombra a nuevos titulares en las carteras de Econom\u00eda, Desarrollo e Inclusi\u00f3n Social&hellip;<\/p>\n","protected":false},"author":99,"featured_media":528267,"comment_status":"open","ping_status":"open","sticky":false,"template":"","format":"standard","meta":{"footnotes":""},"categories":[23],"tags":[],"class_list":["post-528266","post","type-post","status-publish","format-standard","has-post-thumbnail","hentry","category-latinoamerica"],"_links":{"self":[{"href":"https:\/\/diarioelpopular.com\/index.php\/wp-json\/wp\/v2\/posts\/528266","targetHints":{"allow":["GET"]}}],"collection":[{"href":"https:\/\/diarioelpopular.com\/index.php\/wp-json\/wp\/v2\/posts"}],"about":[{"href":"https:\/\/diarioelpopular.com\/index.php\/wp-json\/wp\/v2\/types\/post"}],"author":[{"embeddable":true,"href":"https:\/\/diarioelpopular.com\/index.php\/wp-json\/wp\/v2\/users\/99"}],"replies":[{"embeddable":true,"href":"https:\/\/diarioelpopular.com\/index.php\/wp-json\/wp\/v2\/comments?post=528266"}],"version-history":[{"count":1,"href":"https:\/\/diarioelpopular.com\/index.php\/wp-json\/wp\/v2\/posts\/528266\/revisions"}],"predecessor-version":[{"id":528268,"href":"https:\/\/diarioelpopular.com\/index.php\/wp-json\/wp\/v2\/posts\/528266\/revisions\/528268"}],"wp:featuredmedia":[{"embeddable":true,"href":"https:\/\/diarioelpopular.com\/index.php\/wp-json\/wp\/v2\/media\/528267"}],"wp:attachment":[{"href":"https:\/\/diarioelpopular.com\/index.php\/wp-json\/wp\/v2\/media?parent=528266"}],"wp:term":[{"taxonomy":"category","embeddable":true,"href":"https:\/\/diarioelpopular.com\/index.php\/wp-json\/wp\/v2\/categories?post=528266"},{"taxonomy":"post_tag","embeddable":true,"href":"https:\/\/diarioelpopular.com\/index.php\/wp-json\/wp\/v2\/tags?post=528266"}],"curies":[{"name":"wp","href":"https:\/\/api.w.org\/{rel}","templated":true}]}}